{"id":6238,"date":"2013-09-13T15:30:28","date_gmt":"2013-09-13T13:30:28","guid":{"rendered":"http:\/\/alqueriaamarillanaranja.wordpress.com\/?p=6238"},"modified":"2014-02-24T12:55:09","modified_gmt":"2014-02-24T12:55:09","slug":"una-casita-reciclada","status":"publish","type":"post","link":"https:\/\/www.alqueria.es\/blogs\/alqueriaamarillanaranja\/2013\/09\/13\/una-casita-reciclada\/","title":{"rendered":"Una casita reciclada"},"content":{"rendered":"<p><span style=\"color:#993366\">Hoy en la clase amarilla hemos descubierto que con una simple caja de cart\u00f3n se pueden hacer muchas cosas&#8230;..<\/span><\/p>\n<p><span style=\"color:#993366\">Con la caja de cart\u00f3n de nuestra cocinita nueva, que es muy GRANDE&#8230;, nos hemos fabricado una casita para jugar en clase. Le hemos recortado una puerta y unas grandes ventanas, y al final la hemos pintado de colores con ceras. \u00a1Ha quedado preciosa!, ya la ver\u00e9is esta tarde.<\/span><\/p>\n<p><span style=\"color:#0000ff\">En la asamblea, hoy reparte la fruta Alejandro y despu\u00e9s&#8230;&#8230;salimos al patio a jugar un ratito al aire libre.<\/span><\/p>\n<p><span style=\"color:#0000ff\">Hoy me despido de vosotros hasta el lunes. Espero que disfrut\u00e9is del fin de semana con vuestros peque\u00f1@s y la semana que viene empecemos con buen pie.<\/span><\/p>\n<p><span style=\"color:#0000ff\">P.D. Os recuerdo que ten\u00e9is que traer la foto de familia y dos fotos tama\u00f1o carn\u00e9.<\/span><\/p>\n<p style=\"text-align:center\"><a href=\"https:\/\/cloud.alqueria.es\/wp-content\/uploads\/sites\/9\/2013\/09\/imagescai5upje1.jpg\"><img decoding=\"async\" data-attachment-id=\"6239\" data-permalink=\"https:\/\/www.alqueria.es\/blogs\/alqueriaamarillanaranja\/imagescai5upje\/\" data-orig-file=\"https:\/\/www.alqueria.es\/blogs\/alqueriaamarillanaranja\/wp-content\/uploads\/sites\/9\/2013\/09\/imagescai5upje.jpg\" data-orig-size=\"235,215\" data-comments-opened=\"1\" data-image-meta=\"{&quot;aperture&quot;:&quot;0&quot;,&quot;credit&quot;:&quot;&quot;,&quot;camera&quot;:&quot;&quot;,&quot;caption&quot;:&quot;&quot;,&quot;created_timestamp&quot;:&quot;0&quot;,&quot;copyright&quot;:&quot;&quot;,&quot;focal_length&quot;:&quot;0&quot;,&quot;iso&quot;:&quot;0&quot;,&quot;shutter_speed&quot;:&quot;0&quot;,&quot;title&quot;:&quot;&quot;}\" data-image-title=\"imagesCAI5UPJE\" data-image-description=\"\" data-image-caption=\"\" data-large-file=\"https:\/\/www.alqueria.es\/blogs\/alqueriaamarillanaranja\/wp-content\/uploads\/sites\/9\/2013\/09\/imagescai5upje.jpg\" class=\"size-full wp-image-6239 aligncenter\" alt=\"imagesCAI5UPJE\" src=\"https:\/\/cloud.alqueria.es\/wp-content\/uploads\/sites\/9\/2013\/09\/imagescai5upje1.jpg\" width=\"235\" height=\"215\" \/><\/a><\/p>\n","protected":false},"excerpt":{"rendered":"<p>Hoy en la clase amarilla hemos descubierto que con una simple caja de cart\u00f3n se pueden hacer muchas cosas&#8230;.. Con la caja de cart\u00f3n de nuestra cocinita nueva, que es muy GRANDE&#8230;, nos hemos fabricado una casita para jugar en clase. Le hemos recortado una puerta y unas grandes ventanas, y al final la hemos &hellip; <a href=\"https:\/\/www.alqueria.es\/blogs\/alqueriaamarillanaranja\/2013\/09\/13\/una-casita-reciclada\/\" class=\"more-link\">Seguir leyendo <span class=\"screen-reader-text\">Una casita reciclada<\/span> <span class=\"meta-nav\">&rarr;<\/span><\/a><\/p>\n","protected":false},"author":23,"featured_media":0,"comment_status":"open","ping_status":"open","sticky":false,"template":"","format":"standard","meta":{"jetpack_post_was_ever_published":false,"_jetpack_newsletter_access":"","_jetpack_dont_email_post_to_subs":false,"_jetpack_newsletter_tier_id":0,"_jetpack_memberships_contains_paywalled_content":false,"_jetpack_memberships_contains_paid_content":false,"footnotes":"","jetpack_publicize_message":"","jetpack_publicize_feature_enabled":true,"jetpack_social_post_already_shared":true,"jetpack_social_options":{"image_generator_settings":{"template":"highway","default_image_id":0,"font":"","enabled":false},"version":2}},"categories":[6,9],"tags":[26],"class_list":["post-6238","post","type-post","status-publish","format-standard","hentry","category-clase-amarilla","category-diario-clase-amarilla","tag-adaptaptacion"],"jetpack_publicize_connections":[],"jetpack_featured_media_url":"","jetpack_sharing_enabled":true,"jetpack_shortlink":"https:\/\/wp.me\/p4lG08-1CC","jetpack-related-posts":[],"_links":{"self":[{"href":"https:\/\/www.alqueria.es\/blogs\/alqueriaamarillanaranja\/wp-json\/wp\/v2\/posts\/6238","targetHints":{"allow":["GET"]}}],"collection":[{"href":"https:\/\/www.alqueria.es\/blogs\/alqueriaamarillanaranja\/wp-json\/wp\/v2\/posts"}],"about":[{"href":"https:\/\/www.alqueria.es\/blogs\/alqueriaamarillanaranja\/wp-json\/wp\/v2\/types\/post"}],"author":[{"embeddable":true,"href":"https:\/\/www.alqueria.es\/blogs\/alqueriaamarillanaranja\/wp-json\/wp\/v2\/users\/23"}],"replies":[{"embeddable":true,"href":"https:\/\/www.alqueria.es\/blogs\/alqueriaamarillanaranja\/wp-json\/wp\/v2\/comments?post=6238"}],"version-history":[{"count":0,"href":"https:\/\/www.alqueria.es\/blogs\/alqueriaamarillanaranja\/wp-json\/wp\/v2\/posts\/6238\/revisions"}],"wp:attachment":[{"href":"https:\/\/www.alqueria.es\/blogs\/alqueriaamarillanaranja\/wp-json\/wp\/v2\/media?parent=6238"}],"wp:term":[{"taxonomy":"category","embeddable":true,"href":"https:\/\/www.alqueria.es\/blogs\/alqueriaamarillanaranja\/wp-json\/wp\/v2\/categories?post=6238"},{"taxonomy":"post_tag","embeddable":true,"href":"https:\/\/www.alqueria.es\/blogs\/alqueriaamarillanaranja\/wp-json\/wp\/v2\/tags?post=6238"}],"curies":[{"name":"wp","href":"https:\/\/api.w.org\/{rel}","templated":true}]}}