{"id":62613,"date":"2023-03-29T17:09:27","date_gmt":"2023-03-29T15:09:27","guid":{"rendered":"https:\/\/www.alqueria.es\/blogs\/alqueriaamarillanaranja\/?p=62613"},"modified":"2023-03-29T17:09:27","modified_gmt":"2023-03-29T15:09:27","slug":"taller-creativo-la-primavera","status":"publish","type":"post","link":"https:\/\/www.alqueria.es\/blogs\/alqueriaamarillanaranja\/2023\/03\/29\/taller-creativo-la-primavera\/","title":{"rendered":"TALLER CREATIVO: LA PRIMAVERA"},"content":{"rendered":"<p>Hola familias,<\/p>\n<p>Comenzamos la ma\u00f1ana con juego mot\u00f3rico con los aros y practicamos con B\u00e1rbara lo colores en ingl\u00e9s. Se nota que estos amarillitos est\u00e1n creciendo, son capaces de esperar el turno y mantener la calma hasta que les toca participar: Aprendemos jugando<\/p>\n<div class=\"tiled-gallery type-rectangular tiled-gallery-unresized\" data-original-width=\"474\" data-carousel-extra='{&quot;blog_id&quot;:9,&quot;permalink&quot;:&quot;https:\\\/\\\/www.alqueria.es\\\/blogs\\\/alqueriaamarillanaranja\\\/2023\\\/03\\\/29\\\/taller-creativo-la-primavera\\\/&quot;,&quot;likes_blog_id&quot;:64271688}' itemscope itemtype=\"http:\/\/schema.org\/ImageGallery\" > <div class=\"gallery-row\" style=\"width: 474px; height: 119px;\" data-original-width=\"474\" data-original-height=\"119\" > <div class=\"gallery-group images-1\" style=\"width: 215px; height: 119px;\" data-original-width=\"215\" data-original-height=\"119\" > <div class=\"tiled-gallery-item tiled-gallery-item-small\" itemprop=\"associatedMedia\" itemscope itemtype=\"http:\/\/schema.org\/ImageObject\"> <a href=\"https:\/\/www.alqueria.es\/blogs\/alqueriaamarillanaranja\/2023\/03\/29\/taller-creativo-la-primavera\/20230329_094923\/\" border=\"0\" itemprop=\"url\"> <meta itemprop=\"width\" content=\"211\"> <meta itemprop=\"height\" content=\"115\"> <img decoding=\"async\" class=\"\" data-attachment-id=\"62618\" data-orig-file=\"https:\/\/cloud.alqueria.es\/wp-content\/uploads\/sites\/9\/2023\/03\/20230329_094923.jpg\" data-orig-size=\"1322,720\" data-comments-opened=\"1\" data-image-meta=\"{&quot;aperture&quot;:&quot;2&quot;,&quot;credit&quot;:&quot;&quot;,&quot;camera&quot;:&quot;SM-A127F&quot;,&quot;caption&quot;:&quot;&quot;,&quot;created_timestamp&quot;:&quot;1680083363&quot;,&quot;copyright&quot;:&quot;&quot;,&quot;focal_length&quot;:&quot;4.6&quot;,&quot;iso&quot;:&quot;50&quot;,&quot;shutter_speed&quot;:&quot;0.02&quot;,&quot;title&quot;:&quot;&quot;,&quot;orientation&quot;:&quot;1&quot;}\" data-image-title=\"20230329_094923\" data-image-description=\"\" data-medium-file=\"https:\/\/cloud.alqueria.es\/wp-content\/uploads\/sites\/9\/2023\/03\/20230329_094923-300x163.jpg\" data-large-file=\"https:\/\/cloud.alqueria.es\/wp-content\/uploads\/sites\/9\/2023\/03\/20230329_094923-1024x558.jpg\" src=\"https:\/\/i0.wp.com\/cloud.alqueria.es\/wp-content\/uploads\/sites\/9\/2023\/03\/20230329_094923.jpg?w=211&#038;h=115&#038;ssl=1\" srcset=\"https:\/\/cloud.alqueria.es\/wp-content\/uploads\/sites\/9\/2023\/03\/20230329_094923.jpg 1322w, https:\/\/cloud.alqueria.es\/wp-content\/uploads\/sites\/9\/2023\/03\/20230329_094923-300x163.jpg 300w, https:\/\/cloud.alqueria.es\/wp-content\/uploads\/sites\/9\/2023\/03\/20230329_094923-1024x558.jpg 1024w, https:\/\/cloud.alqueria.es\/wp-content\/uploads\/sites\/9\/2023\/03\/20230329_094923-768x418.jpg 768w\" width=\"211\" height=\"115\" loading=\"lazy\" data-original-width=\"211\" data-original-height=\"115\" itemprop=\"http:\/\/schema.org\/image\" title=\"20230329_094923\" alt=\"20230329_094923\" style=\"width: 211px; height: 115px;\" \/> <\/a> <\/div> <\/div> <!-- close group --> <div class=\"gallery-group images-1\" style=\"width: 259px; height: 119px;\" data-original-width=\"259\" data-original-height=\"119\" > <div class=\"tiled-gallery-item tiled-gallery-item-large\" itemprop=\"associatedMedia\" itemscope itemtype=\"http:\/\/schema.org\/ImageObject\"> <a href=\"https:\/\/www.alqueria.es\/blogs\/alqueriaamarillanaranja\/2023\/03\/29\/taller-creativo-la-primavera\/20230329_095105\/\" border=\"0\" itemprop=\"url\"> <meta itemprop=\"width\" content=\"255\"> <meta itemprop=\"height\" content=\"115\"> <img decoding=\"async\" class=\"\" data-attachment-id=\"62617\" data-orig-file=\"https:\/\/cloud.alqueria.es\/wp-content\/uploads\/sites\/9\/2023\/03\/20230329_095105.jpg\" data-orig-size=\"1600,720\" data-comments-opened=\"1\" data-image-meta=\"{&quot;aperture&quot;:&quot;2&quot;,&quot;credit&quot;:&quot;&quot;,&quot;camera&quot;:&quot;SM-A127F&quot;,&quot;caption&quot;:&quot;&quot;,&quot;created_timestamp&quot;:&quot;1680083465&quot;,&quot;copyright&quot;:&quot;&quot;,&quot;focal_length&quot;:&quot;4.6&quot;,&quot;iso&quot;:&quot;64&quot;,&quot;shutter_speed&quot;:&quot;0.02&quot;,&quot;title&quot;:&quot;&quot;,&quot;orientation&quot;:&quot;1&quot;}\" data-image-title=\"20230329_095105\" data-image-description=\"\" data-medium-file=\"https:\/\/cloud.alqueria.es\/wp-content\/uploads\/sites\/9\/2023\/03\/20230329_095105-300x135.jpg\" data-large-file=\"https:\/\/cloud.alqueria.es\/wp-content\/uploads\/sites\/9\/2023\/03\/20230329_095105-1024x461.jpg\" src=\"https:\/\/i0.wp.com\/cloud.alqueria.es\/wp-content\/uploads\/sites\/9\/2023\/03\/20230329_095105.jpg?w=255&#038;h=115&#038;ssl=1\" srcset=\"https:\/\/cloud.alqueria.es\/wp-content\/uploads\/sites\/9\/2023\/03\/20230329_095105.jpg 1600w, https:\/\/cloud.alqueria.es\/wp-content\/uploads\/sites\/9\/2023\/03\/20230329_095105-300x135.jpg 300w, https:\/\/cloud.alqueria.es\/wp-content\/uploads\/sites\/9\/2023\/03\/20230329_095105-1024x461.jpg 1024w, https:\/\/cloud.alqueria.es\/wp-content\/uploads\/sites\/9\/2023\/03\/20230329_095105-768x346.jpg 768w, https:\/\/cloud.alqueria.es\/wp-content\/uploads\/sites\/9\/2023\/03\/20230329_095105-1536x691.jpg 1536w\" width=\"255\" height=\"115\" loading=\"lazy\" data-original-width=\"255\" data-original-height=\"115\" itemprop=\"http:\/\/schema.org\/image\" title=\"20230329_095105\" alt=\"20230329_095105\" style=\"width: 255px; height: 115px;\" \/> <\/a> <\/div> <\/div> <!-- close group --> <\/div> <!-- close row --> <\/div>\n<p style=\"text-align: center\"><strong><span style=\"color: #ff00ff\">TALLER CREATIVO<\/span><\/strong><\/p>\n<p><img decoding=\"async\" data-attachment-id=\"62615\" data-permalink=\"https:\/\/www.alqueria.es\/blogs\/alqueriaamarillanaranja\/2023\/03\/29\/taller-creativo-la-primavera\/20230329_101602\/\" data-orig-file=\"https:\/\/cloud.alqueria.es\/wp-content\/uploads\/sites\/9\/2023\/03\/20230329_101602.jpg\" data-orig-size=\"1275,720\" data-comments-opened=\"1\" data-image-meta=\"{&quot;aperture&quot;:&quot;2&quot;,&quot;credit&quot;:&quot;&quot;,&quot;camera&quot;:&quot;SM-A127F&quot;,&quot;caption&quot;:&quot;&quot;,&quot;created_timestamp&quot;:&quot;1680084963&quot;,&quot;copyright&quot;:&quot;&quot;,&quot;focal_length&quot;:&quot;4.6&quot;,&quot;iso&quot;:&quot;32&quot;,&quot;shutter_speed&quot;:&quot;0.01&quot;,&quot;title&quot;:&quot;&quot;,&quot;orientation&quot;:&quot;1&quot;}\" data-image-title=\"20230329_101602\" data-image-description=\"\" data-image-caption=\"\" data-large-file=\"https:\/\/cloud.alqueria.es\/wp-content\/uploads\/sites\/9\/2023\/03\/20230329_101602-1024x578.jpg\" class=\"alignleft size-medium wp-image-62615\" src=\"https:\/\/cloud.alqueria.es\/wp-content\/uploads\/sites\/9\/2023\/03\/20230329_101602-300x169.jpg\" alt=\"\" width=\"300\" height=\"169\" srcset=\"https:\/\/cloud.alqueria.es\/wp-content\/uploads\/sites\/9\/2023\/03\/20230329_101602-300x169.jpg 300w, https:\/\/cloud.alqueria.es\/wp-content\/uploads\/sites\/9\/2023\/03\/20230329_101602-1024x578.jpg 1024w, https:\/\/cloud.alqueria.es\/wp-content\/uploads\/sites\/9\/2023\/03\/20230329_101602-768x434.jpg 768w, https:\/\/cloud.alqueria.es\/wp-content\/uploads\/sites\/9\/2023\/03\/20230329_101602.jpg 1275w\" sizes=\"(max-width: 300px) 100vw, 300px\" \/>Hoy les propongo una actividad creativa en la que el tema de la primavera est\u00e1 presente. Hacemos flores estampando las manos, con un pincel hacemos el tallo y tambi\u00e9n a\u00f1adimos algunos animales de esta estaci\u00f3n: caracoles, abejas y mariposas.<\/p>\n<p>Lo vamos haciendo de dos en dos, mientras el resto juegan a las carreteras y coches con varios circuitos que tenemos en el aula o se acercan a observar como los compa\u00f1eros y compa\u00f1eras realizan la actividad: aprendemos unos de otras,<\/p>\n<p>Mientras hacemos el taller, hablamos de la primavera en la que se abren las flores ( que son nuestras manos), salen los insectos y otros animales con el buen tiempo. Situamos espacialmente por donde andan los caracoles y por donde vuelan las mariposas y abejas.<\/p>\n<p class=\"jetpack-slideshow-noscript robots-nocontent\">El pase de diapositivas requiere JavaScript.<\/p><div id=\"gallery-62613-1-slideshow\" class=\"jetpack-slideshow-window jetpack-slideshow jetpack-slideshow-black\" data-trans=\"fade\" data-autostart=\"1\" data-gallery=\"[{&quot;src&quot;:&quot;https:\\\/\\\/cloud.alqueria.es\\\/wp-content\\\/uploads\\\/sites\\\/9\\\/2023\\\/03\\\/20230329_105102.jpg&quot;,&quot;id&quot;:&quot;62625&quot;,&quot;title&quot;:&quot;20230329_105102&quot;,&quot;alt&quot;:&quot;&quot;,&quot;caption&quot;:&quot;&quot;,&quot;itemprop&quot;:&quot;image&quot;},{&quot;src&quot;:&quot;https:\\\/\\\/cloud.alqueria.es\\\/wp-content\\\/uploads\\\/sites\\\/9\\\/2023\\\/03\\\/20230329_104308.jpg&quot;,&quot;id&quot;:&quot;62624&quot;,&quot;title&quot;:&quot;20230329_104308&quot;,&quot;alt&quot;:&quot;&quot;,&quot;caption&quot;:&quot;&quot;,&quot;itemprop&quot;:&quot;image&quot;},{&quot;src&quot;:&quot;https:\\\/\\\/cloud.alqueria.es\\\/wp-content\\\/uploads\\\/sites\\\/9\\\/2023\\\/03\\\/20230329_103744.jpg&quot;,&quot;id&quot;:&quot;62623&quot;,&quot;title&quot;:&quot;20230329_103744&quot;,&quot;alt&quot;:&quot;&quot;,&quot;caption&quot;:&quot;&quot;,&quot;itemprop&quot;:&quot;image&quot;},{&quot;src&quot;:&quot;https:\\\/\\\/cloud.alqueria.es\\\/wp-content\\\/uploads\\\/sites\\\/9\\\/2023\\\/03\\\/20230329_103316.jpg&quot;,&quot;id&quot;:&quot;62622&quot;,&quot;title&quot;:&quot;20230329_103316&quot;,&quot;alt&quot;:&quot;&quot;,&quot;caption&quot;:&quot;&quot;,&quot;itemprop&quot;:&quot;image&quot;},{&quot;src&quot;:&quot;https:\\\/\\\/cloud.alqueria.es\\\/wp-content\\\/uploads\\\/sites\\\/9\\\/2023\\\/03\\\/20230329_103214.jpg&quot;,&quot;id&quot;:&quot;62621&quot;,&quot;title&quot;:&quot;20230329_103214&quot;,&quot;alt&quot;:&quot;&quot;,&quot;caption&quot;:&quot;&quot;,&quot;itemprop&quot;:&quot;image&quot;},{&quot;src&quot;:&quot;https:\\\/\\\/cloud.alqueria.es\\\/wp-content\\\/uploads\\\/sites\\\/9\\\/2023\\\/03\\\/20230329_102608.jpg&quot;,&quot;id&quot;:&quot;62620&quot;,&quot;title&quot;:&quot;20230329_102608&quot;,&quot;alt&quot;:&quot;&quot;,&quot;caption&quot;:&quot;&quot;,&quot;itemprop&quot;:&quot;image&quot;},{&quot;src&quot;:&quot;https:\\\/\\\/cloud.alqueria.es\\\/wp-content\\\/uploads\\\/sites\\\/9\\\/2023\\\/03\\\/20230329_102427.jpg&quot;,&quot;id&quot;:&quot;62619&quot;,&quot;title&quot;:&quot;20230329_102427&quot;,&quot;alt&quot;:&quot;&quot;,&quot;caption&quot;:&quot;&quot;,&quot;itemprop&quot;:&quot;image&quot;},{&quot;src&quot;:&quot;https:\\\/\\\/cloud.alqueria.es\\\/wp-content\\\/uploads\\\/sites\\\/9\\\/2023\\\/03\\\/20230329_100947.jpg&quot;,&quot;id&quot;:&quot;62616&quot;,&quot;title&quot;:&quot;20230329_100947&quot;,&quot;alt&quot;:&quot;&quot;,&quot;caption&quot;:&quot;&quot;,&quot;itemprop&quot;:&quot;image&quot;},{&quot;src&quot;:&quot;https:\\\/\\\/cloud.alqueria.es\\\/wp-content\\\/uploads\\\/sites\\\/9\\\/2023\\\/03\\\/20230329_102055.jpg&quot;,&quot;id&quot;:&quot;62614&quot;,&quot;title&quot;:&quot;20230329_102055&quot;,&quot;alt&quot;:&quot;&quot;,&quot;caption&quot;:&quot;&quot;,&quot;itemprop&quot;:&quot;image&quot;}]\" itemscope itemtype=\"https:\/\/schema.org\/ImageGallery\"><\/div>\n<p>Una vez terminado el taller, recogemos todo y hacemos la <span style=\"color: #ff00ff\">Asamblea<\/span> de la fruta donde reparte <strong><span style=\"color: #ff00ff\">DAVID<\/span><\/strong> como s\u00faper y nos preparamos para bajar al Parque. Disfrutamos del espacio del 3-6 a\u00f1os porque nos encanta sentirnos mayores y al mismo tiempo nos estamos familiarizando para el paso a la clase naranja.<\/p>\n<p><strong><span style=\"color: #0000ff\">NOTA: ma\u00f1ana tenemos taller de cocina, as\u00ed que si ten\u00e9is en casa delantales para los peques, pod\u00e9is traerlos.<\/span><\/strong><\/p>\n<p>Que disfrut\u00e9is de la tarde<\/p>\n<p>Carmen<\/p>\n<p>&nbsp;<\/p>\n","protected":false},"excerpt":{"rendered":"<p>Hola familias, Comenzamos la ma\u00f1ana con juego mot\u00f3rico con los aros y practicamos con B\u00e1rbara lo colores en ingl\u00e9s. Se nota que estos amarillitos est\u00e1n creciendo, son capaces de esperar el turno y mantener la calma hasta que les toca participar: Aprendemos jugando TALLER CREATIVO Hoy les propongo una actividad creativa en la que el &hellip; <a href=\"https:\/\/www.alqueria.es\/blogs\/alqueriaamarillanaranja\/2023\/03\/29\/taller-creativo-la-primavera\/\" class=\"more-link\">Seguir leyendo <span class=\"screen-reader-text\">TALLER CREATIVO: LA PRIMAVERA<\/span> <span class=\"meta-nav\">&rarr;<\/span><\/a><\/p>\n","protected":false},"author":23,"featured_media":0,"comment_status":"open","ping_status":"open","sticky":false,"template":"","format":"standard","meta":{"jetpack_post_was_ever_published":false,"_jetpack_newsletter_access":"","_jetpack_dont_email_post_to_subs":false,"_jetpack_newsletter_tier_id":0,"_jetpack_memberships_contains_paywalled_content":false,"_jetpack_memberships_contains_paid_content":false,"footnotes":"","jetpack_publicize_message":"","jetpack_publicize_feature_enabled":true,"jetpack_social_post_already_shared":true,"jetpack_social_options":{"image_generator_settings":{"template":"highway","default_image_id":0,"font":"","enabled":false},"version":2}},"categories":[6,9,18],"tags":[332,918,620],"class_list":["post-62613","post","type-post","status-publish","format-standard","hentry","category-clase-amarilla","category-diario-clase-amarilla","category-talleres","tag-cuadros-primaverales","tag-flores-con-las-manos","tag-taller-creativo-la-primavera"],"jetpack_publicize_connections":[],"jetpack_featured_media_url":"","jetpack_sharing_enabled":true,"jetpack_shortlink":"https:\/\/wp.me\/p4lG08-ghT","jetpack-related-posts":[],"_links":{"self":[{"href":"https:\/\/www.alqueria.es\/blogs\/alqueriaamarillanaranja\/wp-json\/wp\/v2\/posts\/62613","targetHints":{"allow":["GET"]}}],"collection":[{"href":"https:\/\/www.alqueria.es\/blogs\/alqueriaamarillanaranja\/wp-json\/wp\/v2\/posts"}],"about":[{"href":"https:\/\/www.alqueria.es\/blogs\/alqueriaamarillanaranja\/wp-json\/wp\/v2\/types\/post"}],"author":[{"embeddable":true,"href":"https:\/\/www.alqueria.es\/blogs\/alqueriaamarillanaranja\/wp-json\/wp\/v2\/users\/23"}],"replies":[{"embeddable":true,"href":"https:\/\/www.alqueria.es\/blogs\/alqueriaamarillanaranja\/wp-json\/wp\/v2\/comments?post=62613"}],"version-history":[{"count":4,"href":"https:\/\/www.alqueria.es\/blogs\/alqueriaamarillanaranja\/wp-json\/wp\/v2\/posts\/62613\/revisions"}],"predecessor-version":[{"id":62659,"href":"https:\/\/www.alqueria.es\/blogs\/alqueriaamarillanaranja\/wp-json\/wp\/v2\/posts\/62613\/revisions\/62659"}],"wp:attachment":[{"href":"https:\/\/www.alqueria.es\/blogs\/alqueriaamarillanaranja\/wp-json\/wp\/v2\/media?parent=62613"}],"wp:term":[{"taxonomy":"category","embeddable":true,"href":"https:\/\/www.alqueria.es\/blogs\/alqueriaamarillanaranja\/wp-json\/wp\/v2\/categories?post=62613"},{"taxonomy":"post_tag","embeddable":true,"href":"https:\/\/www.alqueria.es\/blogs\/alqueriaamarillanaranja\/wp-json\/wp\/v2\/tags?post=62613"}],"curies":[{"name":"wp","href":"https:\/\/api.w.org\/{rel}","templated":true}]}}