{"id":6326,"date":"2013-09-24T11:09:02","date_gmt":"2013-09-24T09:09:02","guid":{"rendered":"http:\/\/alqueriaamarillanaranja.wordpress.com\/?p=6326"},"modified":"2013-09-24T11:09:02","modified_gmt":"2013-09-24T09:09:02","slug":"un-lunes-muy-completo","status":"publish","type":"post","link":"https:\/\/www.alqueria.es\/blogs\/alqueriaamarillanaranja\/2013\/09\/24\/un-lunes-muy-completo\/","title":{"rendered":"UN LUNES MUY COMPLETO"},"content":{"rendered":"<p>Comenzamos la ma\u00f1ana\u00a0con nuestra <span style=\"color:#ff0000\">asamblea<\/span> y me cuentan todo lo que han hecho el fin de semana ( al parque, de cumplea\u00f1os, a los columpios&#8230;.) Pasamos lista y hoy vemos que han faltado algunos <a href=\"mailto:compa\u00f1er@s\">compa\u00f1er@s<\/a>. Colocamos el calendario en el Lunes y les anuncio que ya ha llegado el Oto\u00f1o ( tienen muchas ideas previas de esta \u00e9poca del a\u00f1o). Trabajaremos esta estaci\u00f3n a lo largo de este trimestre.<\/p>\n<p>En el juego surgen las propuestas de <span style=\"color:#ff0000\">los animales y los beb\u00e9s<\/span>, el ambiente ha sido muy relajado y se ha dado un juego m\u00e1s en paralelo.<\/p>\n<p>Hoy comenzamos con la propuesta de <span style=\"color:#000080\">LA FAMILIA<span style=\"color:#000000\">, y para ello realizamos un <span style=\"color:#ff0000\">taller creativo<\/span> con acuarelas, donde les pido que pinten a los miembros de su familia. El taller lo hemos ido realizando de manera individualizada y de dos en dos. Ha sido una actividad muy motivante para <a href=\"mailto:ell@s\">ell@s<\/a>, tanto por el material utilizado como por el tema que ten\u00edan que representar.<\/span><\/span><\/p>\n<p>Y antes de bajar al patio, celebramos el <span style=\"color:#000080\">CUMPLEA\u00d1OS DE CARMEN<span style=\"color:#000000\">, que hoy cumple tres. Hacemos el ritual de estos d\u00edas especiales para ellos: \u00abllamamos al duende de los cumplea\u00f1os, le cantamos y ella sopla las vela\u00bb. <strong>\u00a1\u00a1FELICIDADES CARMEN!!<\/strong>.\u00a0Nos reparte un rico bizcocho casero hecho por su madre y\u00a0 ponemos m\u00fasica para animar un ratito la ma\u00f1ana.<\/span><\/span><\/p>\n<p><span style=\"color:#000000\">Por la tarde despu\u00e9s de asearnos tras el momento de patio, nos sentamos y le hacemos un bonito dibujo\u00a0a la compa\u00f1era que se lo llevar\u00e1 como recuerdo de sus compa\u00f1er@s.<\/span><\/p>\n<p><span style=\"color:#000000\">Hoy no despido yo al grupo, as\u00ed que me despido hasta ma\u00f1ana con estas fotillos:<\/span><\/p>\n<p class=\"jetpack-slideshow-noscript robots-nocontent\">El pase de diapositivas requiere JavaScript.<\/p><div id=\"gallery-6326-1-slideshow\" class=\"jetpack-slideshow-window jetpack-slideshow jetpack-slideshow-black\" data-trans=\"fade\" data-autostart=\"1\" data-gallery=\"[{&quot;src&quot;:&quot;https:\\\/\\\/www.alqueria.es\\\/blogs\\\/alqueriaamarillanaranja\\\/wp-content\\\/uploads\\\/sites\\\/9\\\/2013\\\/09\\\/foto2938.jpg&quot;,&quot;id&quot;:&quot;6332&quot;,&quot;title&quot;:&quot;Foto2938&quot;,&quot;alt&quot;:&quot;&quot;,&quot;caption&quot;:&quot;&quot;,&quot;itemprop&quot;:&quot;image&quot;},{&quot;src&quot;:&quot;https:\\\/\\\/www.alqueria.es\\\/blogs\\\/alqueriaamarillanaranja\\\/wp-content\\\/uploads\\\/sites\\\/9\\\/2013\\\/09\\\/foto2939.jpg&quot;,&quot;id&quot;:&quot;6333&quot;,&quot;title&quot;:&quot;Foto2939&quot;,&quot;alt&quot;:&quot;&quot;,&quot;caption&quot;:&quot;&quot;,&quot;itemprop&quot;:&quot;image&quot;},{&quot;src&quot;:&quot;https:\\\/\\\/www.alqueria.es\\\/blogs\\\/alqueriaamarillanaranja\\\/wp-content\\\/uploads\\\/sites\\\/9\\\/2013\\\/09\\\/foto2940.jpg&quot;,&quot;id&quot;:&quot;6334&quot;,&quot;title&quot;:&quot;Foto2940&quot;,&quot;alt&quot;:&quot;&quot;,&quot;caption&quot;:&quot;&quot;,&quot;itemprop&quot;:&quot;image&quot;},{&quot;src&quot;:&quot;https:\\\/\\\/www.alqueria.es\\\/blogs\\\/alqueriaamarillanaranja\\\/wp-content\\\/uploads\\\/sites\\\/9\\\/2013\\\/09\\\/foto2941.jpg&quot;,&quot;id&quot;:&quot;6335&quot;,&quot;title&quot;:&quot;Foto2941&quot;,&quot;alt&quot;:&quot;&quot;,&quot;caption&quot;:&quot;&quot;,&quot;itemprop&quot;:&quot;image&quot;},{&quot;src&quot;:&quot;https:\\\/\\\/www.alqueria.es\\\/blogs\\\/alqueriaamarillanaranja\\\/wp-content\\\/uploads\\\/sites\\\/9\\\/2013\\\/09\\\/foto2942.jpg&quot;,&quot;id&quot;:&quot;6336&quot;,&quot;title&quot;:&quot;Foto2942&quot;,&quot;alt&quot;:&quot;&quot;,&quot;caption&quot;:&quot;&quot;,&quot;itemprop&quot;:&quot;image&quot;},{&quot;src&quot;:&quot;https:\\\/\\\/www.alqueria.es\\\/blogs\\\/alqueriaamarillanaranja\\\/wp-content\\\/uploads\\\/sites\\\/9\\\/2013\\\/09\\\/foto2943.jpg&quot;,&quot;id&quot;:&quot;6337&quot;,&quot;title&quot;:&quot;Foto2943&quot;,&quot;alt&quot;:&quot;&quot;,&quot;caption&quot;:&quot;&quot;,&quot;itemprop&quot;:&quot;image&quot;},{&quot;src&quot;:&quot;https:\\\/\\\/www.alqueria.es\\\/blogs\\\/alqueriaamarillanaranja\\\/wp-content\\\/uploads\\\/sites\\\/9\\\/2013\\\/09\\\/foto2944.jpg&quot;,&quot;id&quot;:&quot;6338&quot;,&quot;title&quot;:&quot;Foto2944&quot;,&quot;alt&quot;:&quot;&quot;,&quot;caption&quot;:&quot;&quot;,&quot;itemprop&quot;:&quot;image&quot;},{&quot;src&quot;:&quot;https:\\\/\\\/www.alqueria.es\\\/blogs\\\/alqueriaamarillanaranja\\\/wp-content\\\/uploads\\\/sites\\\/9\\\/2013\\\/09\\\/foto2946.jpg&quot;,&quot;id&quot;:&quot;6339&quot;,&quot;title&quot;:&quot;Foto2946&quot;,&quot;alt&quot;:&quot;&quot;,&quot;caption&quot;:&quot;&quot;,&quot;itemprop&quot;:&quot;image&quot;}]\" itemscope itemtype=\"https:\/\/schema.org\/ImageGallery\"><\/div>\n","protected":false},"excerpt":{"rendered":"<p>Comenzamos la ma\u00f1ana\u00a0con nuestra asamblea y me cuentan todo lo que han hecho el fin de semana ( al parque, de cumplea\u00f1os, a los columpios&#8230;.) Pasamos lista y hoy vemos que han faltado algunos compa\u00f1er@s. Colocamos el calendario en el Lunes y les anuncio que ya ha llegado el Oto\u00f1o ( tienen muchas ideas previas &hellip; <a href=\"https:\/\/www.alqueria.es\/blogs\/alqueriaamarillanaranja\/2013\/09\/24\/un-lunes-muy-completo\/\" class=\"more-link\">Seguir leyendo <span class=\"screen-reader-text\">UN LUNES MUY COMPLETO<\/span> <span class=\"meta-nav\">&rarr;<\/span><\/a><\/p>\n","protected":false},"author":23,"featured_media":0,"comment_status":"open","ping_status":"open","sticky":false,"template":"","format":"standard","meta":{"jetpack_post_was_ever_published":false,"_jetpack_newsletter_access":"","_jetpack_dont_email_post_to_subs":false,"_jetpack_newsletter_tier_id":0,"_jetpack_memberships_contains_paywalled_content":false,"_jetpack_memberships_contains_paid_content":false,"footnotes":"","jetpack_publicize_message":"","jetpack_publicize_feature_enabled":true,"jetpack_social_post_already_shared":true,"jetpack_social_options":{"image_generator_settings":{"template":"highway","default_image_id":0,"font":"","enabled":false},"version":2}},"categories":[7,8],"tags":[116],"class_list":["post-6326","post","type-post","status-publish","format-standard","hentry","category-clase-naranja","category-diario","tag-taller-creativo"],"jetpack_publicize_connections":[],"jetpack_featured_media_url":"","jetpack_sharing_enabled":true,"jetpack_shortlink":"https:\/\/wp.me\/p4lG08-1E2","jetpack-related-posts":[],"_links":{"self":[{"href":"https:\/\/www.alqueria.es\/blogs\/alqueriaamarillanaranja\/wp-json\/wp\/v2\/posts\/6326","targetHints":{"allow":["GET"]}}],"collection":[{"href":"https:\/\/www.alqueria.es\/blogs\/alqueriaamarillanaranja\/wp-json\/wp\/v2\/posts"}],"about":[{"href":"https:\/\/www.alqueria.es\/blogs\/alqueriaamarillanaranja\/wp-json\/wp\/v2\/types\/post"}],"author":[{"embeddable":true,"href":"https:\/\/www.alqueria.es\/blogs\/alqueriaamarillanaranja\/wp-json\/wp\/v2\/users\/23"}],"replies":[{"embeddable":true,"href":"https:\/\/www.alqueria.es\/blogs\/alqueriaamarillanaranja\/wp-json\/wp\/v2\/comments?post=6326"}],"version-history":[{"count":0,"href":"https:\/\/www.alqueria.es\/blogs\/alqueriaamarillanaranja\/wp-json\/wp\/v2\/posts\/6326\/revisions"}],"wp:attachment":[{"href":"https:\/\/www.alqueria.es\/blogs\/alqueriaamarillanaranja\/wp-json\/wp\/v2\/media?parent=6326"}],"wp:term":[{"taxonomy":"category","embeddable":true,"href":"https:\/\/www.alqueria.es\/blogs\/alqueriaamarillanaranja\/wp-json\/wp\/v2\/categories?post=6326"},{"taxonomy":"post_tag","embeddable":true,"href":"https:\/\/www.alqueria.es\/blogs\/alqueriaamarillanaranja\/wp-json\/wp\/v2\/tags?post=6326"}],"curies":[{"name":"wp","href":"https:\/\/api.w.org\/{rel}","templated":true}]}}