{"id":6328,"date":"2013-09-23T15:35:46","date_gmt":"2013-09-23T13:35:46","guid":{"rendered":"http:\/\/alqueriaamarillanaranja.wordpress.com\/?p=6328"},"modified":"2014-02-24T12:48:06","modified_gmt":"2014-02-24T12:48:06","slug":"otono-llego-2","status":"publish","type":"post","link":"https:\/\/www.alqueria.es\/blogs\/alqueriaamarillanaranja\/2013\/09\/23\/otono-llego-2\/","title":{"rendered":"Oto\u00f1o lleg\u00f3&#8230;&#8230;"},"content":{"rendered":"<p><em><strong><span style=\"color:#ff6600\">Este fin de semana, aunque parezca mentira&#8230;, ha entrado el oto\u00f1o. En nuestra asamblea hemos hecho menci\u00f3n a el paso de las estaciones y hemos cantado nuestras canciones del oto\u00f1o (esta semana las incluir\u00e9 en el cancionero de la clase para que las teng\u00e1is tambi\u00e9n en casa).<\/span><\/strong><\/em><\/p>\n<p><strong><em><span style=\"color:#808000\"><a href=\"http:\/\/alqueriaamarillanaranja.files.wordpress.com\/2013\/09\/colores-hojas-clima1.jpg\"><img decoding=\"async\" data-attachment-id=\"6329\" data-permalink=\"https:\/\/www.alqueria.es\/blogs\/alqueriaamarillanaranja\/colores-hojas-clima1-2\/\" data-orig-file=\"https:\/\/www.alqueria.es\/blogs\/alqueriaamarillanaranja\/wp-content\/uploads\/sites\/9\/2013\/09\/colores-hojas-clima1.jpg\" data-orig-size=\"500,355\" data-comments-opened=\"1\" data-image-meta=\"{&quot;aperture&quot;:&quot;0&quot;,&quot;credit&quot;:&quot;&quot;,&quot;camera&quot;:&quot;&quot;,&quot;caption&quot;:&quot;&quot;,&quot;created_timestamp&quot;:&quot;0&quot;,&quot;copyright&quot;:&quot;&quot;,&quot;focal_length&quot;:&quot;0&quot;,&quot;iso&quot;:&quot;0&quot;,&quot;shutter_speed&quot;:&quot;0&quot;,&quot;title&quot;:&quot;&quot;}\" data-image-title=\"colores-hojas-clima[1]\" data-image-description=\"\" data-image-caption=\"\" data-large-file=\"https:\/\/www.alqueria.es\/blogs\/alqueriaamarillanaranja\/wp-content\/uploads\/sites\/9\/2013\/09\/colores-hojas-clima1.jpg\" class=\"alignleft size-medium wp-image-6329\" alt=\"colores-hojas-clima[1]\" src=\"https:\/\/cloud.alqueria.es\/wp-content\/uploads\/sites\/9\/2013\/09\/colores-hojas-clima11.jpg\" width=\"300\" height=\"213\" \/><\/a>Nuestra compa\u00f1era Martina ha tra\u00eddo a clase algunas acerolas (fruto t\u00edpico de esta estaci\u00f3n) que nos ha contado que hab\u00eda recogido con su abuela. Las hemos probado, aunque no a todos les han gustado&#8230;..porque tienen un sabor muy particular. \u00a1Muchas gracias!<\/span><\/em><\/strong><\/p>\n<p><strong><em><span style=\"color:#993300\">Hoy adem\u00e1s hemos dado la bienvenida a un nuevo compa\u00f1ero, Juanjo, que va a formar parte de nuestro grupo y con el que vamos a compartir muchas experiencias este a\u00f1o. \u00a1Bienvenido!<\/span><\/em><\/strong><\/p>\n","protected":false},"excerpt":{"rendered":"<p>Este fin de semana, aunque parezca mentira&#8230;, ha entrado el oto\u00f1o. En nuestra asamblea hemos hecho menci\u00f3n a el paso de las estaciones y hemos cantado nuestras canciones del oto\u00f1o (esta semana las incluir\u00e9 en el cancionero de la clase para que las teng\u00e1is tambi\u00e9n en casa). Nuestra compa\u00f1era Martina ha tra\u00eddo a clase algunas &hellip; <a href=\"https:\/\/www.alqueria.es\/blogs\/alqueriaamarillanaranja\/2013\/09\/23\/otono-llego-2\/\" class=\"more-link\">Seguir leyendo <span class=\"screen-reader-text\">Oto\u00f1o lleg\u00f3&#8230;&#8230;<\/span> <span class=\"meta-nav\">&rarr;<\/span><\/a><\/p>\n","protected":false},"author":23,"featured_media":0,"comment_status":"open","ping_status":"open","sticky":false,"template":"","format":"standard","meta":{"jetpack_post_was_ever_published":false,"_jetpack_newsletter_access":"","_jetpack_dont_email_post_to_subs":false,"_jetpack_newsletter_tier_id":0,"_jetpack_memberships_contains_paywalled_content":false,"_jetpack_memberships_contains_paid_content":false,"footnotes":"","jetpack_publicize_message":"","jetpack_publicize_feature_enabled":true,"jetpack_social_post_already_shared":true,"jetpack_social_options":{"image_generator_settings":{"template":"highway","default_image_id":0,"font":"","enabled":false},"version":2}},"categories":[6,9],"tags":[25,98],"class_list":["post-6328","post","type-post","status-publish","format-standard","hentry","category-clase-amarilla","category-diario-clase-amarilla","tag-adaptacion","tag-otono"],"jetpack_publicize_connections":[],"jetpack_featured_media_url":"","jetpack_sharing_enabled":true,"jetpack_shortlink":"https:\/\/wp.me\/p4lG08-1E4","jetpack-related-posts":[],"_links":{"self":[{"href":"https:\/\/www.alqueria.es\/blogs\/alqueriaamarillanaranja\/wp-json\/wp\/v2\/posts\/6328","targetHints":{"allow":["GET"]}}],"collection":[{"href":"https:\/\/www.alqueria.es\/blogs\/alqueriaamarillanaranja\/wp-json\/wp\/v2\/posts"}],"about":[{"href":"https:\/\/www.alqueria.es\/blogs\/alqueriaamarillanaranja\/wp-json\/wp\/v2\/types\/post"}],"author":[{"embeddable":true,"href":"https:\/\/www.alqueria.es\/blogs\/alqueriaamarillanaranja\/wp-json\/wp\/v2\/users\/23"}],"replies":[{"embeddable":true,"href":"https:\/\/www.alqueria.es\/blogs\/alqueriaamarillanaranja\/wp-json\/wp\/v2\/comments?post=6328"}],"version-history":[{"count":0,"href":"https:\/\/www.alqueria.es\/blogs\/alqueriaamarillanaranja\/wp-json\/wp\/v2\/posts\/6328\/revisions"}],"wp:attachment":[{"href":"https:\/\/www.alqueria.es\/blogs\/alqueriaamarillanaranja\/wp-json\/wp\/v2\/media?parent=6328"}],"wp:term":[{"taxonomy":"category","embeddable":true,"href":"https:\/\/www.alqueria.es\/blogs\/alqueriaamarillanaranja\/wp-json\/wp\/v2\/categories?post=6328"},{"taxonomy":"post_tag","embeddable":true,"href":"https:\/\/www.alqueria.es\/blogs\/alqueriaamarillanaranja\/wp-json\/wp\/v2\/tags?post=6328"}],"curies":[{"name":"wp","href":"https:\/\/api.w.org\/{rel}","templated":true}]}}