{"id":6370,"date":"2013-09-26T15:34:38","date_gmt":"2013-09-26T13:34:38","guid":{"rendered":"http:\/\/alqueriaamarillanaranja.wordpress.com\/?p=6370"},"modified":"2014-02-24T12:48:04","modified_gmt":"2014-02-24T12:48:04","slug":"conocemos-a-nuestras-cocineras","status":"publish","type":"post","link":"https:\/\/www.alqueria.es\/blogs\/alqueriaamarillanaranja\/2013\/09\/26\/conocemos-a-nuestras-cocineras\/","title":{"rendered":"Conocemos a nuestras cocineras"},"content":{"rendered":"<p><em><span style=\"color:#000080\">Hoy pasamos una ma\u00f1ana muy tranquila jugando en el aula.<\/span><\/em><\/p>\n<p><em><span style=\"color:#000080\">Tras la recogida, como cada d\u00eda hemos hecho nuestra habitual asamblea en la que Laura nos ha repartido un rico pl\u00e1tano. En este momento en el que todos estamos relajados es cuando yo aprovecho para cantar, para contar alg\u00fan cuento o para contarles algo de inter\u00e9s para el grupo<\/span><\/em><span style=\"color:#000080\">.\u00a0<em>Hemos cantado la canci\u00f3n de los animales y la del lobo, que les encanta.<\/em><\/span><\/p>\n<p><a href=\"https:\/\/cloud.alqueria.es\/wp-content\/uploads\/sites\/9\/2013\/09\/cocineras0431.jpg\"><img decoding=\"async\" data-attachment-id=\"6373\" data-permalink=\"https:\/\/www.alqueria.es\/blogs\/alqueriaamarillanaranja\/cocineras043\/\" data-orig-file=\"https:\/\/www.alqueria.es\/blogs\/alqueriaamarillanaranja\/wp-content\/uploads\/sites\/9\/2013\/09\/cocineras043.jpg\" data-orig-size=\"194,150\" data-comments-opened=\"1\" data-image-meta=\"{&quot;aperture&quot;:&quot;0&quot;,&quot;credit&quot;:&quot;&quot;,&quot;camera&quot;:&quot;&quot;,&quot;caption&quot;:&quot;&quot;,&quot;created_timestamp&quot;:&quot;0&quot;,&quot;copyright&quot;:&quot;&quot;,&quot;focal_length&quot;:&quot;0&quot;,&quot;iso&quot;:&quot;0&quot;,&quot;shutter_speed&quot;:&quot;0&quot;,&quot;title&quot;:&quot;&quot;}\" data-image-title=\"Cocineras043\" data-image-description=\"\" data-image-caption=\"\" data-large-file=\"https:\/\/www.alqueria.es\/blogs\/alqueriaamarillanaranja\/wp-content\/uploads\/sites\/9\/2013\/09\/cocineras043.jpg\" class=\"aligncenter size-full wp-image-6373\" alt=\"Cocineras043\" src=\"https:\/\/cloud.alqueria.es\/wp-content\/uploads\/sites\/9\/2013\/09\/cocineras0431.jpg\" width=\"194\" height=\"150\" \/><\/a><\/p>\n<p><span style=\"color:#000080\"><em>Cuando bajamos al patio, nuestras cocineras se han asomado a la ventana de la cocina para vernos pasar, as\u00ed que hemos decidido entrar al comedor de los mayores para presentarnos y hacerles una visita. Hemos conocido a Charo, Loli y M\u00aa Carmen (porque a Ana Mari ya la conocemos porque nos sube todos los d\u00edas la comida a la clase&#8230;.).<\/em><\/span><\/p>\n<p><em><span style=\"color:#000080\">Les hemos preguntado el men\u00fa de hoy y les hemos prometido que otro d\u00eda volveremos a saludarlas. \u00a1Qu\u00e9 mayores somos!<\/span><\/em><\/p>\n","protected":false},"excerpt":{"rendered":"<p>Hoy pasamos una ma\u00f1ana muy tranquila jugando en el aula. Tras la recogida, como cada d\u00eda hemos hecho nuestra habitual asamblea en la que Laura nos ha repartido un rico pl\u00e1tano. En este momento en el que todos estamos relajados es cuando yo aprovecho para cantar, para contar alg\u00fan cuento o para contarles algo de &hellip; <a href=\"https:\/\/www.alqueria.es\/blogs\/alqueriaamarillanaranja\/2013\/09\/26\/conocemos-a-nuestras-cocineras\/\" class=\"more-link\">Seguir leyendo <span class=\"screen-reader-text\">Conocemos a nuestras cocineras<\/span> <span class=\"meta-nav\">&rarr;<\/span><\/a><\/p>\n","protected":false},"author":23,"featured_media":0,"comment_status":"open","ping_status":"open","sticky":false,"template":"","format":"standard","meta":{"jetpack_post_was_ever_published":false,"_jetpack_newsletter_access":"","_jetpack_dont_email_post_to_subs":false,"_jetpack_newsletter_tier_id":0,"_jetpack_memberships_contains_paywalled_content":false,"_jetpack_memberships_contains_paid_content":false,"footnotes":"","jetpack_publicize_message":"","jetpack_publicize_feature_enabled":true,"jetpack_social_post_already_shared":true,"jetpack_social_options":{"image_generator_settings":{"template":"highway","default_image_id":0,"font":"","enabled":false},"version":2}},"categories":[6,9],"tags":[25],"class_list":["post-6370","post","type-post","status-publish","format-standard","hentry","category-clase-amarilla","category-diario-clase-amarilla","tag-adaptacion"],"jetpack_publicize_connections":[],"jetpack_featured_media_url":"","jetpack_sharing_enabled":true,"jetpack_shortlink":"https:\/\/wp.me\/p4lG08-1EK","jetpack-related-posts":[],"_links":{"self":[{"href":"https:\/\/www.alqueria.es\/blogs\/alqueriaamarillanaranja\/wp-json\/wp\/v2\/posts\/6370","targetHints":{"allow":["GET"]}}],"collection":[{"href":"https:\/\/www.alqueria.es\/blogs\/alqueriaamarillanaranja\/wp-json\/wp\/v2\/posts"}],"about":[{"href":"https:\/\/www.alqueria.es\/blogs\/alqueriaamarillanaranja\/wp-json\/wp\/v2\/types\/post"}],"author":[{"embeddable":true,"href":"https:\/\/www.alqueria.es\/blogs\/alqueriaamarillanaranja\/wp-json\/wp\/v2\/users\/23"}],"replies":[{"embeddable":true,"href":"https:\/\/www.alqueria.es\/blogs\/alqueriaamarillanaranja\/wp-json\/wp\/v2\/comments?post=6370"}],"version-history":[{"count":0,"href":"https:\/\/www.alqueria.es\/blogs\/alqueriaamarillanaranja\/wp-json\/wp\/v2\/posts\/6370\/revisions"}],"wp:attachment":[{"href":"https:\/\/www.alqueria.es\/blogs\/alqueriaamarillanaranja\/wp-json\/wp\/v2\/media?parent=6370"}],"wp:term":[{"taxonomy":"category","embeddable":true,"href":"https:\/\/www.alqueria.es\/blogs\/alqueriaamarillanaranja\/wp-json\/wp\/v2\/categories?post=6370"},{"taxonomy":"post_tag","embeddable":true,"href":"https:\/\/www.alqueria.es\/blogs\/alqueriaamarillanaranja\/wp-json\/wp\/v2\/tags?post=6370"}],"curies":[{"name":"wp","href":"https:\/\/api.w.org\/{rel}","templated":true}]}}