{"id":6381,"date":"2013-09-30T15:35:00","date_gmt":"2013-09-30T13:35:00","guid":{"rendered":"http:\/\/alqueriaamarillanaranja.wordpress.com\/?p=6381"},"modified":"2014-02-24T12:46:52","modified_gmt":"2014-02-24T12:46:52","slug":"lunes-de-otono","status":"publish","type":"post","link":"https:\/\/www.alqueria.es\/blogs\/alqueriaamarillanaranja\/2013\/09\/30\/lunes-de-otono\/","title":{"rendered":"Lunes de oto\u00f1o"},"content":{"rendered":"<p><em><strong><span style=\"color:#993300\">Hoy ha amanecido un d\u00eda t\u00edpicamente oto\u00f1al&#8230;&#8230;aunque ya se han incorporado todos los compa\u00f1eros que la semana pasada estaban malitos. \u00a1Hoy al completo!<\/span><\/strong><\/em><\/p>\n<p><strong><em><span style=\"color:#993300\">Pasamos la ma\u00f1ana, como es habitual, enfrascados en nuestros juegos y propuestas. Hoy las m\u00e1s interesantes han sido la cocinita, los tel\u00e9fonos y las construcciones.<\/span><\/em><\/strong><\/p>\n<p><em><strong><span style=\"color:#993300\">En la asamblea aprovechamos para cantar nuestras canciones de oto\u00f1o&#8230;&#8230;que poco a poco iremos aprendiendo. Ahora mismo lo que m\u00e1s les gusta es soplar como el viento de oto\u00f1o. Sssshhhhhhhh&#8230;&#8230;&#8230;..<\/span><\/strong><\/em><\/p>\n<p><a href=\"http:\/\/alqueriaamarillanaranja.files.wordpress.com\/2013\/09\/51f5742448b4b4c9500c04cc13c3dbe11.png\"><img decoding=\"async\" data-attachment-id=\"6383\" data-permalink=\"https:\/\/www.alqueria.es\/blogs\/alqueriaamarillanaranja\/51f5742448b4b4c9500c04cc13c3dbe11-2\/\" data-orig-file=\"https:\/\/www.alqueria.es\/blogs\/alqueriaamarillanaranja\/wp-content\/uploads\/sites\/9\/2013\/09\/51f5742448b4b4c9500c04cc13c3dbe11.png\" data-orig-size=\"505,470\" data-comments-opened=\"1\" data-image-meta=\"{&quot;aperture&quot;:&quot;0&quot;,&quot;credit&quot;:&quot;&quot;,&quot;camera&quot;:&quot;&quot;,&quot;caption&quot;:&quot;&quot;,&quot;created_timestamp&quot;:&quot;0&quot;,&quot;copyright&quot;:&quot;&quot;,&quot;focal_length&quot;:&quot;0&quot;,&quot;iso&quot;:&quot;0&quot;,&quot;shutter_speed&quot;:&quot;0&quot;,&quot;title&quot;:&quot;&quot;}\" data-image-title=\"51f5742448b4b4c9500c04cc13c3dbe1[1]\" data-image-description=\"\" data-image-caption=\"\" data-large-file=\"https:\/\/www.alqueria.es\/blogs\/alqueriaamarillanaranja\/wp-content\/uploads\/sites\/9\/2013\/09\/51f5742448b4b4c9500c04cc13c3dbe11.png\" class=\"aligncenter size-medium wp-image-6383\" alt=\"51f5742448b4b4c9500c04cc13c3dbe1[1]\" src=\"https:\/\/cloud.alqueria.es\/wp-content\/uploads\/sites\/9\/2013\/09\/51f5742448b4b4c9500c04cc13c3dbe111.png\" width=\"300\" height=\"279\" \/><\/a><\/p>\n<p><em><strong><span style=\"color:#993300\">Estaba nublado, pero no hac\u00eda fr\u00edo as\u00ed que hemos salido un ratito al patio a jugar. Hoy hemos acortado los tiempos y en el patio hemos estado un poco menos.<\/span><\/strong><\/em><\/p>\n<p><em><strong><span style=\"color:#993300\">Por la tarde hemos tenido taller de modelado de plastilina. Las producciones est\u00e1n sobre el poyete de la clase para que pod\u00e1is ver en qu\u00e9 han invertido su tiempo y creatividad.<\/span><\/strong><\/em><\/p>\n<p><strong><em><span style=\"color:#ff0000\">IMPORTANTE: <\/span><span style=\"color:#0000ff\">Ma\u00f1ana tenemos nuestra REUNI\u00d3N DE PRESENTACI\u00d3N DE PROGRAMA. Ser\u00e1<span style=\"text-decoration:underline\"> en nuestra clase a las 16:00h<\/span>. <span style=\"color:#ff0000\">Os espero a todos.<\/span><\/span><\/em><\/strong><\/p>\n","protected":false},"excerpt":{"rendered":"<p>Hoy ha amanecido un d\u00eda t\u00edpicamente oto\u00f1al&#8230;&#8230;aunque ya se han incorporado todos los compa\u00f1eros que la semana pasada estaban malitos. \u00a1Hoy al completo! Pasamos la ma\u00f1ana, como es habitual, enfrascados en nuestros juegos y propuestas. Hoy las m\u00e1s interesantes han sido la cocinita, los tel\u00e9fonos y las construcciones. En la asamblea aprovechamos para cantar nuestras &hellip; <a href=\"https:\/\/www.alqueria.es\/blogs\/alqueriaamarillanaranja\/2013\/09\/30\/lunes-de-otono\/\" class=\"more-link\">Seguir leyendo <span class=\"screen-reader-text\">Lunes de oto\u00f1o<\/span> <span class=\"meta-nav\">&rarr;<\/span><\/a><\/p>\n","protected":false},"author":23,"featured_media":0,"comment_status":"open","ping_status":"open","sticky":false,"template":"","format":"standard","meta":{"jetpack_post_was_ever_published":false,"_jetpack_newsletter_access":"","_jetpack_dont_email_post_to_subs":false,"_jetpack_newsletter_tier_id":0,"_jetpack_memberships_contains_paywalled_content":false,"_jetpack_memberships_contains_paid_content":false,"footnotes":"","jetpack_publicize_message":"","jetpack_publicize_feature_enabled":true,"jetpack_social_post_already_shared":true,"jetpack_social_options":{"image_generator_settings":{"template":"highway","default_image_id":0,"font":"","enabled":false},"version":2}},"categories":[6,9],"tags":[25],"class_list":["post-6381","post","type-post","status-publish","format-standard","hentry","category-clase-amarilla","category-diario-clase-amarilla","tag-adaptacion"],"jetpack_publicize_connections":[],"jetpack_featured_media_url":"","jetpack_sharing_enabled":true,"jetpack_shortlink":"https:\/\/wp.me\/p4lG08-1EV","jetpack-related-posts":[],"_links":{"self":[{"href":"https:\/\/www.alqueria.es\/blogs\/alqueriaamarillanaranja\/wp-json\/wp\/v2\/posts\/6381","targetHints":{"allow":["GET"]}}],"collection":[{"href":"https:\/\/www.alqueria.es\/blogs\/alqueriaamarillanaranja\/wp-json\/wp\/v2\/posts"}],"about":[{"href":"https:\/\/www.alqueria.es\/blogs\/alqueriaamarillanaranja\/wp-json\/wp\/v2\/types\/post"}],"author":[{"embeddable":true,"href":"https:\/\/www.alqueria.es\/blogs\/alqueriaamarillanaranja\/wp-json\/wp\/v2\/users\/23"}],"replies":[{"embeddable":true,"href":"https:\/\/www.alqueria.es\/blogs\/alqueriaamarillanaranja\/wp-json\/wp\/v2\/comments?post=6381"}],"version-history":[{"count":0,"href":"https:\/\/www.alqueria.es\/blogs\/alqueriaamarillanaranja\/wp-json\/wp\/v2\/posts\/6381\/revisions"}],"wp:attachment":[{"href":"https:\/\/www.alqueria.es\/blogs\/alqueriaamarillanaranja\/wp-json\/wp\/v2\/media?parent=6381"}],"wp:term":[{"taxonomy":"category","embeddable":true,"href":"https:\/\/www.alqueria.es\/blogs\/alqueriaamarillanaranja\/wp-json\/wp\/v2\/categories?post=6381"},{"taxonomy":"post_tag","embeddable":true,"href":"https:\/\/www.alqueria.es\/blogs\/alqueriaamarillanaranja\/wp-json\/wp\/v2\/tags?post=6381"}],"curies":[{"name":"wp","href":"https:\/\/api.w.org\/{rel}","templated":true}]}}