{"id":63962,"date":"2023-05-12T19:39:30","date_gmt":"2023-05-12T17:39:30","guid":{"rendered":"https:\/\/www.alqueria.es\/blogs\/alqueriaamarillanaranja\/?p=63962"},"modified":"2023-05-12T19:39:30","modified_gmt":"2023-05-12T17:39:30","slug":"recordamos-el-dia-de-ayer","status":"publish","type":"post","link":"https:\/\/www.alqueria.es\/blogs\/alqueriaamarillanaranja\/2023\/05\/12\/recordamos-el-dia-de-ayer\/","title":{"rendered":"RECORDAMOS EL D\u00cdA DE AYER."},"content":{"rendered":"<p>Buenas tardes familias,<\/p>\n<p>Hoy a todos nos ha costado un poquito madrugar y en la cara se notaba un poquito nuestro cansancio despu\u00e9s del d\u00eda tan emocionante de ayer.<\/p>\n<p><img decoding=\"async\" data-attachment-id=\"63963\" data-permalink=\"https:\/\/www.alqueria.es\/blogs\/alqueriaamarillanaranja\/2023\/05\/12\/recordamos-el-dia-de-ayer\/photo-2023-05-12-19-18-59\/\" data-orig-file=\"https:\/\/cloud.alqueria.es\/wp-content\/uploads\/sites\/9\/2023\/05\/PHOTO-2023-05-12-19-18-59.jpg\" data-orig-size=\"1024,768\" data-comments-opened=\"1\" data-image-meta=\"{&quot;aperture&quot;:&quot;0&quot;,&quot;credit&quot;:&quot;&quot;,&quot;camera&quot;:&quot;&quot;,&quot;caption&quot;:&quot;&quot;,&quot;created_timestamp&quot;:&quot;0&quot;,&quot;copyright&quot;:&quot;&quot;,&quot;focal_length&quot;:&quot;0&quot;,&quot;iso&quot;:&quot;0&quot;,&quot;shutter_speed&quot;:&quot;0&quot;,&quot;title&quot;:&quot;&quot;,&quot;orientation&quot;:&quot;0&quot;}\" data-image-title=\"PHOTO-2023-05-12-19-18-59\" data-image-description=\"\" data-image-caption=\"\" data-large-file=\"https:\/\/cloud.alqueria.es\/wp-content\/uploads\/sites\/9\/2023\/05\/PHOTO-2023-05-12-19-18-59.jpg\" class=\"aligncenter size-full wp-image-63963\" src=\"https:\/\/cloud.alqueria.es\/wp-content\/uploads\/sites\/9\/2023\/05\/PHOTO-2023-05-12-19-18-59.jpg\" alt=\"\" width=\"1024\" height=\"768\" srcset=\"https:\/\/cloud.alqueria.es\/wp-content\/uploads\/sites\/9\/2023\/05\/PHOTO-2023-05-12-19-18-59.jpg 1024w, https:\/\/cloud.alqueria.es\/wp-content\/uploads\/sites\/9\/2023\/05\/PHOTO-2023-05-12-19-18-59-300x225.jpg 300w, https:\/\/cloud.alqueria.es\/wp-content\/uploads\/sites\/9\/2023\/05\/PHOTO-2023-05-12-19-18-59-768x576.jpg 768w\" sizes=\"(max-width: 1024px) 100vw, 1024px\" \/><\/p>\n<p>Durante la asamblea hablamos acerca de aquello que m\u00e1s nos gust\u00f3 de nuestra <span style=\"color: #ff6600\"><strong>Salida a Huerto Alegre<\/strong><\/span>:<\/p>\n<ul>\n<li>Claudia: Tocar al conejo.<\/li>\n<li>Megan: Dar de comer al caballo.<\/li>\n<li>Elena: Todo.<\/li>\n<li>Diego: Dar de comer al burro Lino.<\/li>\n<li>Sebastian: El caballo.<\/li>\n<li>R\u00edo: El caballo y el burro.<\/li>\n<li>Mart\u00edn: Coger al conejo y todo me gust\u00f3. \u00bfCu\u00e1ndo vamos otra vez?<\/li>\n<li>Fabiola: El caballo y todo.<\/li>\n<li>Charly: La vaca.<\/li>\n<li>Catalina: Las ocas.<\/li>\n<li>Marco: Tocar el conejo<\/li>\n<li>Daniela: La gallina.<\/li>\n<\/ul>\n<p>Con esto damos finalizado nuestro <span style=\"color: #ff6600\"><strong>Proyecto de la Granja<\/strong><\/span>, hoy adem\u00e1s nos llevamos la <strong>mermelada<\/strong> que realizamos ayer en el taller, y que espero la degust\u00e9is en un rico desayuno en familia, porque estaba hecha con un ingrediente secreto: \u00abmucho amor\u00bb.<\/p>\n<div class=\"tiled-gallery type-rectangular tiled-gallery-unresized\" data-original-width=\"474\" data-carousel-extra='{&quot;blog_id&quot;:9,&quot;permalink&quot;:&quot;https:\\\/\\\/www.alqueria.es\\\/blogs\\\/alqueriaamarillanaranja\\\/2023\\\/05\\\/12\\\/recordamos-el-dia-de-ayer\\\/&quot;,&quot;likes_blog_id&quot;:64271688}' itemscope itemtype=\"http:\/\/schema.org\/ImageGallery\" > <div class=\"gallery-row\" style=\"width: 474px; height: 631px;\" data-original-width=\"474\" data-original-height=\"631\" > <div class=\"gallery-group images-1\" style=\"width: 474px; height: 631px;\" data-original-width=\"474\" data-original-height=\"631\" > <div class=\"tiled-gallery-item tiled-gallery-item-large\" itemprop=\"associatedMedia\" itemscope itemtype=\"http:\/\/schema.org\/ImageObject\"> <a href=\"https:\/\/www.alqueria.es\/blogs\/alqueriaamarillanaranja\/2023\/05\/12\/recordamos-el-dia-de-ayer\/photo-2023-05-12-19-24-36\/\" border=\"0\" itemprop=\"url\"> <meta itemprop=\"width\" content=\"470\"> <meta itemprop=\"height\" content=\"627\"> <img decoding=\"async\" class=\"\" data-attachment-id=\"63964\" data-orig-file=\"https:\/\/cloud.alqueria.es\/wp-content\/uploads\/sites\/9\/2023\/05\/PHOTO-2023-05-12-19-24-36.jpg\" data-orig-size=\"768,1024\" data-comments-opened=\"1\" data-image-meta=\"{&quot;aperture&quot;:&quot;0&quot;,&quot;credit&quot;:&quot;&quot;,&quot;camera&quot;:&quot;&quot;,&quot;caption&quot;:&quot;&quot;,&quot;created_timestamp&quot;:&quot;0&quot;,&quot;copyright&quot;:&quot;&quot;,&quot;focal_length&quot;:&quot;0&quot;,&quot;iso&quot;:&quot;0&quot;,&quot;shutter_speed&quot;:&quot;0&quot;,&quot;title&quot;:&quot;&quot;,&quot;orientation&quot;:&quot;0&quot;}\" data-image-title=\"PHOTO-2023-05-12-19-24-36\" data-image-description=\"\" data-medium-file=\"https:\/\/cloud.alqueria.es\/wp-content\/uploads\/sites\/9\/2023\/05\/PHOTO-2023-05-12-19-24-36-225x300.jpg\" data-large-file=\"https:\/\/cloud.alqueria.es\/wp-content\/uploads\/sites\/9\/2023\/05\/PHOTO-2023-05-12-19-24-36.jpg\" src=\"https:\/\/i0.wp.com\/cloud.alqueria.es\/wp-content\/uploads\/sites\/9\/2023\/05\/PHOTO-2023-05-12-19-24-36.jpg?w=470&#038;h=627&#038;ssl=1\" srcset=\"https:\/\/cloud.alqueria.es\/wp-content\/uploads\/sites\/9\/2023\/05\/PHOTO-2023-05-12-19-24-36.jpg 768w, https:\/\/cloud.alqueria.es\/wp-content\/uploads\/sites\/9\/2023\/05\/PHOTO-2023-05-12-19-24-36-225x300.jpg 225w\" width=\"470\" height=\"627\" loading=\"lazy\" data-original-width=\"470\" data-original-height=\"627\" itemprop=\"http:\/\/schema.org\/image\" title=\"PHOTO-2023-05-12-19-24-36\" alt=\"PHOTO-2023-05-12-19-24-36\" style=\"width: 470px; height: 627px;\" \/> <\/a> <\/div> <\/div> <!-- close group --> <\/div> <!-- close row --> <\/div>\n<p>Y mientras Daniela realiza sus tareas de s\u00faper-ayudante, nos llevamos una agradable sorpresa. Nuestros gusanos han comenzado su capullo de seda. <strong>\u00a1Bien!<\/strong> Para \u00abconstruir\u00bb el <strong>capullo<\/strong>, el gusano va segregando el <strong>hilo de seda<\/strong> y envolvi\u00e9ndose en \u00e9l hasta que queda dentro transformado en <strong>cris\u00e1lida<\/strong>. Dentro del capullo tiene tambi\u00e9n lugar la <strong>metamorfosis de la cris\u00e1lida en mariposa. <\/strong>\u00a0Seguimos alimentando al resto con hojas de\u00a0morena del patio.<strong> \u00a1Cu\u00e1nto comen estos gusanos!<\/strong><\/p>\n<p><img decoding=\"async\" data-attachment-id=\"63965\" data-permalink=\"https:\/\/www.alqueria.es\/blogs\/alqueriaamarillanaranja\/2023\/05\/12\/recordamos-el-dia-de-ayer\/photo-2023-05-12-19-18-59-2\/\" data-orig-file=\"https:\/\/cloud.alqueria.es\/wp-content\/uploads\/sites\/9\/2023\/05\/PHOTO-2023-05-12-19-18-59-2.jpg\" data-orig-size=\"768,1024\" data-comments-opened=\"1\" data-image-meta=\"{&quot;aperture&quot;:&quot;0&quot;,&quot;credit&quot;:&quot;&quot;,&quot;camera&quot;:&quot;&quot;,&quot;caption&quot;:&quot;&quot;,&quot;created_timestamp&quot;:&quot;0&quot;,&quot;copyright&quot;:&quot;&quot;,&quot;focal_length&quot;:&quot;0&quot;,&quot;iso&quot;:&quot;0&quot;,&quot;shutter_speed&quot;:&quot;0&quot;,&quot;title&quot;:&quot;&quot;,&quot;orientation&quot;:&quot;0&quot;}\" data-image-title=\"PHOTO-2023-05-12-19-18-59 2\" data-image-description=\"\" data-image-caption=\"\" data-large-file=\"https:\/\/cloud.alqueria.es\/wp-content\/uploads\/sites\/9\/2023\/05\/PHOTO-2023-05-12-19-18-59-2.jpg\" class=\"aligncenter wp-image-63965 size-medium\" src=\"https:\/\/cloud.alqueria.es\/wp-content\/uploads\/sites\/9\/2023\/05\/PHOTO-2023-05-12-19-18-59-2-225x300.jpg\" alt=\"\" width=\"225\" height=\"300\" srcset=\"https:\/\/cloud.alqueria.es\/wp-content\/uploads\/sites\/9\/2023\/05\/PHOTO-2023-05-12-19-18-59-2-225x300.jpg 225w, https:\/\/cloud.alqueria.es\/wp-content\/uploads\/sites\/9\/2023\/05\/PHOTO-2023-05-12-19-18-59-2.jpg 768w\" sizes=\"(max-width: 225px) 100vw, 225px\" \/><\/p>\n<p>Seguidamente disfrutamos de nuestra sesi\u00f3n de M\u00fasica con Elena y Jaume, y de Educaci\u00f3n F\u00edsica con Alberto.<\/p>\n<p>En nuestra <span style=\"color: #ff6600\"><strong>Tarde Cooperativa<\/strong><\/span>, reunidos en el \u00e1rbol reuni\u00f3n, los grupos rojo y naranja, \u00a0contamos a los mayores del ciclo (clase verde) todo lo que aprendimos ayer en la granja-escuela, ya que ellos tendr\u00e1n su salida en las pr\u00f3ximas semanas. Merendamos un rico yogur y bizcocho casero y damos lectura al cuento: <strong>\u00abDormir sin miedo\u00bb<\/strong>.<\/p>\n<p><img decoding=\"async\" data-attachment-id=\"63966\" data-permalink=\"https:\/\/www.alqueria.es\/blogs\/alqueriaamarillanaranja\/2023\/05\/12\/recordamos-el-dia-de-ayer\/916fgmzoe9l\/\" data-orig-file=\"https:\/\/cloud.alqueria.es\/wp-content\/uploads\/sites\/9\/2023\/05\/916fGmZOe9L.jpg\" data-orig-size=\"2545,2560\" data-comments-opened=\"1\" data-image-meta=\"{&quot;aperture&quot;:&quot;0&quot;,&quot;credit&quot;:&quot;&quot;,&quot;camera&quot;:&quot;&quot;,&quot;caption&quot;:&quot;&quot;,&quot;created_timestamp&quot;:&quot;0&quot;,&quot;copyright&quot;:&quot;&quot;,&quot;focal_length&quot;:&quot;0&quot;,&quot;iso&quot;:&quot;0&quot;,&quot;shutter_speed&quot;:&quot;0&quot;,&quot;title&quot;:&quot;&quot;,&quot;orientation&quot;:&quot;0&quot;}\" data-image-title=\"916fGmZOe9L\" data-image-description=\"\" data-image-caption=\"\" data-large-file=\"https:\/\/cloud.alqueria.es\/wp-content\/uploads\/sites\/9\/2023\/05\/916fGmZOe9L-1018x1024.jpg\" class=\"aligncenter wp-image-63966 size-medium\" src=\"https:\/\/cloud.alqueria.es\/wp-content\/uploads\/sites\/9\/2023\/05\/916fGmZOe9L-298x300.jpg\" alt=\"\" width=\"298\" height=\"300\" srcset=\"https:\/\/cloud.alqueria.es\/wp-content\/uploads\/sites\/9\/2023\/05\/916fGmZOe9L-298x300.jpg 298w, https:\/\/cloud.alqueria.es\/wp-content\/uploads\/sites\/9\/2023\/05\/916fGmZOe9L-1018x1024.jpg 1018w, https:\/\/cloud.alqueria.es\/wp-content\/uploads\/sites\/9\/2023\/05\/916fGmZOe9L-150x150.jpg 150w, https:\/\/cloud.alqueria.es\/wp-content\/uploads\/sites\/9\/2023\/05\/916fGmZOe9L-768x773.jpg 768w, https:\/\/cloud.alqueria.es\/wp-content\/uploads\/sites\/9\/2023\/05\/916fGmZOe9L-1527x1536.jpg 1527w, https:\/\/cloud.alqueria.es\/wp-content\/uploads\/sites\/9\/2023\/05\/916fGmZOe9L-2036x2048.jpg 2036w\" sizes=\"(max-width: 298px) 100vw, 298px\" \/><\/p>\n<p>Os deseo un estupendo fin de semana.<\/p>\n<p><strong>NOTA: El lunes espero todos los libros para el Proyecto de Lectura.\u00a0<\/strong><\/p>\n<p>Eva.<\/p>\n<p>&nbsp;<\/p>\n","protected":false},"excerpt":{"rendered":"<p>Buenas tardes familias, Hoy a todos nos ha costado un poquito madrugar y en la cara se notaba un poquito nuestro cansancio despu\u00e9s del d\u00eda tan emocionante de ayer. Durante la asamblea hablamos acerca de aquello que m\u00e1s nos gust\u00f3 de nuestra Salida a Huerto Alegre: Claudia: Tocar al conejo. Megan: Dar de comer al &hellip; <a href=\"https:\/\/www.alqueria.es\/blogs\/alqueriaamarillanaranja\/2023\/05\/12\/recordamos-el-dia-de-ayer\/\" class=\"more-link\">Seguir leyendo <span class=\"screen-reader-text\">RECORDAMOS EL D\u00cdA DE AYER.<\/span> <span class=\"meta-nav\">&rarr;<\/span><\/a><\/p>\n","protected":false},"author":23,"featured_media":0,"comment_status":"open","ping_status":"open","sticky":false,"template":"","format":"standard","meta":{"jetpack_post_was_ever_published":false,"_jetpack_newsletter_access":"","_jetpack_dont_email_post_to_subs":false,"_jetpack_newsletter_tier_id":0,"_jetpack_memberships_contains_paywalled_content":false,"_jetpack_memberships_contains_paid_content":false,"footnotes":"","jetpack_publicize_message":"","jetpack_publicize_feature_enabled":true,"jetpack_social_post_already_shared":true,"jetpack_social_options":{"image_generator_settings":{"template":"highway","default_image_id":0,"font":"","enabled":false},"version":2}},"categories":[7,8,10,12,694,21,860],"tags":[],"class_list":["post-63962","post","type-post","status-publish","format-standard","hentry","category-clase-naranja","category-diario","category-especialistas","category-experimentos","category-salidas-clase-naranja","category-talleres-medioambientales","category-tardes-cooperativas"],"jetpack_publicize_connections":[],"jetpack_featured_media_url":"","jetpack_sharing_enabled":true,"jetpack_shortlink":"https:\/\/wp.me\/p4lG08-gDE","jetpack-related-posts":[],"_links":{"self":[{"href":"https:\/\/www.alqueria.es\/blogs\/alqueriaamarillanaranja\/wp-json\/wp\/v2\/posts\/63962","targetHints":{"allow":["GET"]}}],"collection":[{"href":"https:\/\/www.alqueria.es\/blogs\/alqueriaamarillanaranja\/wp-json\/wp\/v2\/posts"}],"about":[{"href":"https:\/\/www.alqueria.es\/blogs\/alqueriaamarillanaranja\/wp-json\/wp\/v2\/types\/post"}],"author":[{"embeddable":true,"href":"https:\/\/www.alqueria.es\/blogs\/alqueriaamarillanaranja\/wp-json\/wp\/v2\/users\/23"}],"replies":[{"embeddable":true,"href":"https:\/\/www.alqueria.es\/blogs\/alqueriaamarillanaranja\/wp-json\/wp\/v2\/comments?post=63962"}],"version-history":[{"count":1,"href":"https:\/\/www.alqueria.es\/blogs\/alqueriaamarillanaranja\/wp-json\/wp\/v2\/posts\/63962\/revisions"}],"predecessor-version":[{"id":63967,"href":"https:\/\/www.alqueria.es\/blogs\/alqueriaamarillanaranja\/wp-json\/wp\/v2\/posts\/63962\/revisions\/63967"}],"wp:attachment":[{"href":"https:\/\/www.alqueria.es\/blogs\/alqueriaamarillanaranja\/wp-json\/wp\/v2\/media?parent=63962"}],"wp:term":[{"taxonomy":"category","embeddable":true,"href":"https:\/\/www.alqueria.es\/blogs\/alqueriaamarillanaranja\/wp-json\/wp\/v2\/categories?post=63962"},{"taxonomy":"post_tag","embeddable":true,"href":"https:\/\/www.alqueria.es\/blogs\/alqueriaamarillanaranja\/wp-json\/wp\/v2\/tags?post=63962"}],"curies":[{"name":"wp","href":"https:\/\/api.w.org\/{rel}","templated":true}]}}