{"id":6401,"date":"2013-10-03T15:29:48","date_gmt":"2013-10-03T13:29:48","guid":{"rendered":"http:\/\/alqueriaamarillanaranja.wordpress.com\/?p=6401"},"modified":"2014-02-24T12:50:55","modified_gmt":"2014-02-24T12:50:55","slug":"el-otono-ya-ha-llegado-2","status":"publish","type":"post","link":"https:\/\/www.alqueria.es\/blogs\/alqueriaamarillanaranja\/2013\/10\/03\/el-otono-ya-ha-llegado-2\/","title":{"rendered":"El oto\u00f1o ya ha llegado"},"content":{"rendered":"<p><span style=\"color:#333399\"><em><a href=\"http:\/\/alqueriaamarillanaranja.files.wordpress.com\/2013\/10\/arco-iris.jpg\"><img decoding=\"async\" data-attachment-id=\"6403\" data-permalink=\"https:\/\/www.alqueria.es\/blogs\/alqueriaamarillanaranja\/arco-iris\/\" data-orig-file=\"https:\/\/www.alqueria.es\/blogs\/alqueriaamarillanaranja\/wp-content\/uploads\/sites\/9\/2013\/10\/arco-iris.jpg\" data-orig-size=\"1024,886\" data-comments-opened=\"1\" data-image-meta=\"{&quot;aperture&quot;:&quot;0&quot;,&quot;credit&quot;:&quot;Picasa 3.0&quot;,&quot;camera&quot;:&quot;&quot;,&quot;caption&quot;:&quot;&quot;,&quot;created_timestamp&quot;:&quot;0&quot;,&quot;copyright&quot;:&quot;&quot;,&quot;focal_length&quot;:&quot;0&quot;,&quot;iso&quot;:&quot;0&quot;,&quot;shutter_speed&quot;:&quot;0&quot;,&quot;title&quot;:&quot;&quot;}\" data-image-title=\"ARCO IRIS\" data-image-description=\"\" data-image-caption=\"\" data-large-file=\"https:\/\/www.alqueria.es\/blogs\/alqueriaamarillanaranja\/wp-content\/uploads\/sites\/9\/2013\/10\/arco-iris-1024x886.jpg\" class=\"alignleft size-thumbnail wp-image-6403\" alt=\"ARCO IRIS\" src=\"https:\/\/cloud.alqueria.es\/wp-content\/uploads\/sites\/9\/2013\/10\/arco-iris1.jpg\" width=\"150\" height=\"129\" \/><\/a>Hoy nos hemos levantado con un d\u00eda t\u00edpicamente oto\u00f1al. Algunos ni\u00f1os y ni\u00f1as ven\u00edan encantados esta ma\u00f1ana contando que hab\u00eda visto el arcoiris mientras ven\u00edan al cole. \u00a1Qu\u00e9 bonito!<\/em><\/span><a href=\"http:\/\/alqueriaamarillanaranja.files.wordpress.com\/2013\/10\/arco-iris.jpg\"><br \/>\n<\/a><\/p>\n<p><em><span style=\"color:#333399\">Esta ma\u00f1ana ha llegado a clase nuestra compa\u00f1era Laura con una mu\u00f1eca con \u00abcoletas\u00bb. Esto nos ha dado pie a preguntar a los ni\u00f1@s si estaban de acuerdo en que jug\u00e1semos a la peluquer\u00eda, y la respuesta ha sido un\u00e1nime: \u00abSiiiiiiiiiiiiiiii\u00bb.<\/span><\/em><\/p>\n<p><span style=\"color:#333399\"><em>Y eso hemos hecho&#8230;.Hemos sacado nuestro malet\u00edn de peluquer\u00eda y nos hemos convertido en peluqueros y peluqueras. Delante del espejo se han peinado, se han cepillado, se han secado con el secador (que es lo que m\u00e1s les ha gustado), \u00a1hasta se han puesto rulos! Estaban gracios\u00edsimos.<\/em><\/span><\/p>\n<p><a href=\"http:\/\/alqueriaamarillanaranja.files.wordpress.com\/2013\/10\/toca-hair-salon-2.jpg\"><img decoding=\"async\" data-attachment-id=\"6405\" data-permalink=\"https:\/\/www.alqueria.es\/blogs\/alqueriaamarillanaranja\/toca-hair-salon-2\/\" data-orig-file=\"https:\/\/www.alqueria.es\/blogs\/alqueriaamarillanaranja\/wp-content\/uploads\/sites\/9\/2013\/10\/toca-hair-salon-2.jpg\" data-orig-size=\"600,293\" data-comments-opened=\"1\" data-image-meta=\"{&quot;aperture&quot;:&quot;0&quot;,&quot;credit&quot;:&quot;&quot;,&quot;camera&quot;:&quot;&quot;,&quot;caption&quot;:&quot;&quot;,&quot;created_timestamp&quot;:&quot;0&quot;,&quot;copyright&quot;:&quot;&quot;,&quot;focal_length&quot;:&quot;0&quot;,&quot;iso&quot;:&quot;0&quot;,&quot;shutter_speed&quot;:&quot;0&quot;,&quot;title&quot;:&quot;&quot;}\" data-image-title=\"Toca-Hair-Salon-2\" data-image-description=\"\" data-image-caption=\"\" data-large-file=\"https:\/\/www.alqueria.es\/blogs\/alqueriaamarillanaranja\/wp-content\/uploads\/sites\/9\/2013\/10\/toca-hair-salon-2.jpg\" class=\"aligncenter size-medium wp-image-6405\" alt=\"Toca-Hair-Salon-2\" src=\"https:\/\/cloud.alqueria.es\/wp-content\/uploads\/sites\/9\/2013\/10\/toca-hair-salon-21.jpg\" width=\"300\" height=\"146\" \/><\/a><\/p>\n<p>&nbsp;<\/p>\n<p><em><span style=\"color:#333399\">En nuestra asamblea hoy nos sorprende gratamente Alicia, que ha tra\u00eddo algunas nueces para ense\u00f1arnos c\u00f3mo es este fruto de Oto\u00f1o. Hemos aprendido su nombre, que \u00absalen\u00bb de un \u00e1rbol que se llama Nogal; que su c\u00e1scara est\u00e1 dura (aunque la tiremos al suelo no se rompe) y que el fruto est\u00e1 dentro. Lo hemos probado, solo un trocito chiquitito y mastic\u00e1ndolo muy bien.<a href=\"http:\/\/alqueriaamarillanaranja.files.wordpress.com\/2013\/10\/images.jpg\"><img decoding=\"async\" data-attachment-id=\"6406\" data-permalink=\"https:\/\/www.alqueria.es\/blogs\/alqueriaamarillanaranja\/images-25\/\" data-orig-file=\"https:\/\/www.alqueria.es\/blogs\/alqueriaamarillanaranja\/wp-content\/uploads\/sites\/9\/2013\/10\/images.jpg\" data-orig-size=\"300,168\" data-comments-opened=\"1\" data-image-meta=\"{&quot;aperture&quot;:&quot;0&quot;,&quot;credit&quot;:&quot;&quot;,&quot;camera&quot;:&quot;&quot;,&quot;caption&quot;:&quot;&quot;,&quot;created_timestamp&quot;:&quot;0&quot;,&quot;copyright&quot;:&quot;&quot;,&quot;focal_length&quot;:&quot;0&quot;,&quot;iso&quot;:&quot;0&quot;,&quot;shutter_speed&quot;:&quot;0&quot;,&quot;title&quot;:&quot;&quot;}\" data-image-title=\"images\" data-image-description=\"\" data-image-caption=\"\" data-large-file=\"https:\/\/www.alqueria.es\/blogs\/alqueriaamarillanaranja\/wp-content\/uploads\/sites\/9\/2013\/10\/images.jpg\" class=\"alignright size-thumbnail wp-image-6406\" alt=\"images\" src=\"https:\/\/cloud.alqueria.es\/wp-content\/uploads\/sites\/9\/2013\/10\/images2.jpg\" width=\"150\" height=\"84\" \/><\/a><\/span><\/em><\/p>\n<p><em><span style=\"color:#333399\">Os animo a que los ni\u00f1os vayan trayendo diferentes frutos de Oto\u00f1o para formar una cesta en clase; iremos aprendiendo un poquito de cada uno de ellos.<\/span><\/em><\/p>\n<p><em><span style=\"color:#333399\">Hasta ma\u00f1ana.<\/span><\/em><\/p>\n<p style=\"text-align:right\"><em><span style=\"color:#333399\">Loli G\u00e1lvez<\/span><\/em><\/p>\n<p>&nbsp;<\/p>\n","protected":false},"excerpt":{"rendered":"<p>Hoy nos hemos levantado con un d\u00eda t\u00edpicamente oto\u00f1al. Algunos ni\u00f1os y ni\u00f1as ven\u00edan encantados esta ma\u00f1ana contando que hab\u00eda visto el arcoiris mientras ven\u00edan al cole. \u00a1Qu\u00e9 bonito! Esta ma\u00f1ana ha llegado a clase nuestra compa\u00f1era Laura con una mu\u00f1eca con \u00abcoletas\u00bb. Esto nos ha dado pie a preguntar a los ni\u00f1@s si estaban &hellip; <a href=\"https:\/\/www.alqueria.es\/blogs\/alqueriaamarillanaranja\/2013\/10\/03\/el-otono-ya-ha-llegado-2\/\" class=\"more-link\">Seguir leyendo <span class=\"screen-reader-text\">El oto\u00f1o ya ha llegado<\/span> <span class=\"meta-nav\">&rarr;<\/span><\/a><\/p>\n","protected":false},"author":23,"featured_media":0,"comment_status":"open","ping_status":"open","sticky":false,"template":"","format":"standard","meta":{"jetpack_post_was_ever_published":false,"_jetpack_newsletter_access":"","_jetpack_dont_email_post_to_subs":false,"_jetpack_newsletter_tier_id":0,"_jetpack_memberships_contains_paywalled_content":false,"_jetpack_memberships_contains_paid_content":false,"footnotes":"","jetpack_publicize_message":"","jetpack_publicize_feature_enabled":true,"jetpack_social_post_already_shared":true,"jetpack_social_options":{"image_generator_settings":{"template":"highway","default_image_id":0,"font":"","enabled":false},"version":2}},"categories":[6,9],"tags":[25,98],"class_list":["post-6401","post","type-post","status-publish","format-standard","hentry","category-clase-amarilla","category-diario-clase-amarilla","tag-adaptacion","tag-otono"],"jetpack_publicize_connections":[],"jetpack_featured_media_url":"","jetpack_sharing_enabled":true,"jetpack_shortlink":"https:\/\/wp.me\/p4lG08-1Ff","jetpack-related-posts":[],"_links":{"self":[{"href":"https:\/\/www.alqueria.es\/blogs\/alqueriaamarillanaranja\/wp-json\/wp\/v2\/posts\/6401","targetHints":{"allow":["GET"]}}],"collection":[{"href":"https:\/\/www.alqueria.es\/blogs\/alqueriaamarillanaranja\/wp-json\/wp\/v2\/posts"}],"about":[{"href":"https:\/\/www.alqueria.es\/blogs\/alqueriaamarillanaranja\/wp-json\/wp\/v2\/types\/post"}],"author":[{"embeddable":true,"href":"https:\/\/www.alqueria.es\/blogs\/alqueriaamarillanaranja\/wp-json\/wp\/v2\/users\/23"}],"replies":[{"embeddable":true,"href":"https:\/\/www.alqueria.es\/blogs\/alqueriaamarillanaranja\/wp-json\/wp\/v2\/comments?post=6401"}],"version-history":[{"count":0,"href":"https:\/\/www.alqueria.es\/blogs\/alqueriaamarillanaranja\/wp-json\/wp\/v2\/posts\/6401\/revisions"}],"wp:attachment":[{"href":"https:\/\/www.alqueria.es\/blogs\/alqueriaamarillanaranja\/wp-json\/wp\/v2\/media?parent=6401"}],"wp:term":[{"taxonomy":"category","embeddable":true,"href":"https:\/\/www.alqueria.es\/blogs\/alqueriaamarillanaranja\/wp-json\/wp\/v2\/categories?post=6401"},{"taxonomy":"post_tag","embeddable":true,"href":"https:\/\/www.alqueria.es\/blogs\/alqueriaamarillanaranja\/wp-json\/wp\/v2\/tags?post=6401"}],"curies":[{"name":"wp","href":"https:\/\/api.w.org\/{rel}","templated":true}]}}