{"id":6417,"date":"2013-10-07T10:00:41","date_gmt":"2013-10-07T08:00:41","guid":{"rendered":"http:\/\/alqueriaamarillanaranja.wordpress.com\/?p=6417"},"modified":"2014-02-24T12:53:23","modified_gmt":"2014-02-24T12:53:23","slug":"reunion-con-las-familias","status":"publish","type":"post","link":"https:\/\/www.alqueria.es\/blogs\/alqueriaamarillanaranja\/2013\/10\/07\/reunion-con-las-familias\/","title":{"rendered":"REUNI\u00d3N CON LAS FAMILIAS"},"content":{"rendered":"<p style=\"text-align:justify\"><span style=\"color:#000000\">Gracias a todos\/as por vuestra asistencia a la reuni\u00f3n de presentaci\u00f3n de la Programaci\u00f3n del curso 2013\/14. Espero que os haya servido como informaci\u00f3n y conocimiento de todo lo que vamos a trabajar a lo largo de este curso. Cualquier duda estoy a vuestra disposici\u00f3n.<\/span><\/p>\n<p style=\"text-align:justify\"><span style=\"color:#000000\">Aqu\u00ed os cuelgo el Gui\u00f3n de los temas que se trataron, sobre todo para aquellas familias que faltaron por causas justificadas.<\/span><\/p>\n<p><a href=\"http:\/\/alqueriaamarillanaranja.files.wordpress.com\/2013\/10\/prezi.png\"><img decoding=\"async\" data-attachment-id=\"6418\" data-permalink=\"https:\/\/www.alqueria.es\/blogs\/alqueriaamarillanaranja\/prezi\/\" data-orig-file=\"https:\/\/www.alqueria.es\/blogs\/alqueriaamarillanaranja\/wp-content\/uploads\/sites\/9\/2013\/10\/prezi.png\" data-orig-size=\"1024,640\" data-comments-opened=\"1\" data-image-meta=\"{&quot;aperture&quot;:&quot;0&quot;,&quot;credit&quot;:&quot;&quot;,&quot;camera&quot;:&quot;&quot;,&quot;caption&quot;:&quot;&quot;,&quot;created_timestamp&quot;:&quot;0&quot;,&quot;copyright&quot;:&quot;&quot;,&quot;focal_length&quot;:&quot;0&quot;,&quot;iso&quot;:&quot;0&quot;,&quot;shutter_speed&quot;:&quot;0&quot;,&quot;title&quot;:&quot;&quot;}\" data-image-title=\"PREZI\" data-image-description=\"\" data-image-caption=\"\" data-large-file=\"https:\/\/www.alqueria.es\/blogs\/alqueriaamarillanaranja\/wp-content\/uploads\/sites\/9\/2013\/10\/prezi-1024x640.png\" class=\"aligncenter size-large wp-image-6418\" alt=\"PREZI\" src=\"https:\/\/cloud.alqueria.es\/wp-content\/uploads\/sites\/9\/2013\/10\/prezi1.png\" width=\"480\" height=\"300\" \/><\/a><\/p>\n<p><a href=\"http:\/\/prezi.com\/nnis2tpawa5u\/?utm_campaign=share&amp;utm_medium=copy&amp;rc=ex0share\">http:\/\/prezi.com\/nnis2tpawa5u\/?utm_campaign=share&amp;utm_medium=copy&amp;rc=ex0share<\/a><\/p>\n","protected":false},"excerpt":{"rendered":"<p>Gracias a todos\/as por vuestra asistencia a la reuni\u00f3n de presentaci\u00f3n de la Programaci\u00f3n del curso 2013\/14. Espero que os haya servido como informaci\u00f3n y conocimiento de todo lo que vamos a trabajar a lo largo de este curso. Cualquier duda estoy a vuestra disposici\u00f3n. Aqu\u00ed os cuelgo el Gui\u00f3n de los temas que se &hellip; <a href=\"https:\/\/www.alqueria.es\/blogs\/alqueriaamarillanaranja\/2013\/10\/07\/reunion-con-las-familias\/\" class=\"more-link\">Seguir leyendo <span class=\"screen-reader-text\">REUNI\u00d3N CON LAS FAMILIAS<\/span> <span class=\"meta-nav\">&rarr;<\/span><\/a><\/p>\n","protected":false},"author":23,"featured_media":0,"comment_status":"open","ping_status":"open","sticky":false,"template":"","format":"standard","meta":{"jetpack_post_was_ever_published":false,"_jetpack_newsletter_access":"","_jetpack_dont_email_post_to_subs":false,"_jetpack_newsletter_tier_id":0,"_jetpack_memberships_contains_paywalled_content":false,"_jetpack_memberships_contains_paid_content":false,"footnotes":"","jetpack_publicize_message":"","jetpack_publicize_feature_enabled":true,"jetpack_social_post_already_shared":true,"jetpack_social_options":{"image_generator_settings":{"template":"highway","default_image_id":0,"font":"","enabled":false},"version":2}},"categories":[7,8],"tags":[],"class_list":["post-6417","post","type-post","status-publish","format-standard","hentry","category-clase-naranja","category-diario"],"jetpack_publicize_connections":[],"jetpack_featured_media_url":"","jetpack_sharing_enabled":true,"jetpack_shortlink":"https:\/\/wp.me\/p4lG08-1Fv","jetpack-related-posts":[],"_links":{"self":[{"href":"https:\/\/www.alqueria.es\/blogs\/alqueriaamarillanaranja\/wp-json\/wp\/v2\/posts\/6417","targetHints":{"allow":["GET"]}}],"collection":[{"href":"https:\/\/www.alqueria.es\/blogs\/alqueriaamarillanaranja\/wp-json\/wp\/v2\/posts"}],"about":[{"href":"https:\/\/www.alqueria.es\/blogs\/alqueriaamarillanaranja\/wp-json\/wp\/v2\/types\/post"}],"author":[{"embeddable":true,"href":"https:\/\/www.alqueria.es\/blogs\/alqueriaamarillanaranja\/wp-json\/wp\/v2\/users\/23"}],"replies":[{"embeddable":true,"href":"https:\/\/www.alqueria.es\/blogs\/alqueriaamarillanaranja\/wp-json\/wp\/v2\/comments?post=6417"}],"version-history":[{"count":0,"href":"https:\/\/www.alqueria.es\/blogs\/alqueriaamarillanaranja\/wp-json\/wp\/v2\/posts\/6417\/revisions"}],"wp:attachment":[{"href":"https:\/\/www.alqueria.es\/blogs\/alqueriaamarillanaranja\/wp-json\/wp\/v2\/media?parent=6417"}],"wp:term":[{"taxonomy":"category","embeddable":true,"href":"https:\/\/www.alqueria.es\/blogs\/alqueriaamarillanaranja\/wp-json\/wp\/v2\/categories?post=6417"},{"taxonomy":"post_tag","embeddable":true,"href":"https:\/\/www.alqueria.es\/blogs\/alqueriaamarillanaranja\/wp-json\/wp\/v2\/tags?post=6417"}],"curies":[{"name":"wp","href":"https:\/\/api.w.org\/{rel}","templated":true}]}}