{"id":64179,"date":"2023-05-19T23:59:23","date_gmt":"2023-05-19T21:59:23","guid":{"rendered":"https:\/\/www.alqueria.es\/blogs\/alqueriaamarillanaranja\/?p=64179"},"modified":"2023-05-19T23:59:23","modified_gmt":"2023-05-19T21:59:23","slug":"nuestra-salida-al-campo","status":"publish","type":"post","link":"https:\/\/www.alqueria.es\/blogs\/alqueriaamarillanaranja\/2023\/05\/19\/nuestra-salida-al-campo\/","title":{"rendered":"NUESTRA SALIDA AL CAMPO"},"content":{"rendered":"<p>Hola familias,<\/p>\n<p>\u00a1\u00a1<strong>Qu\u00e9 bien lo hemos pasado en nuestra \u00faltima salida!!<\/strong><\/p>\n<p>La experiencia de salir del centro y explorar un nuevo espacio, es toda una aventura para nuestros peques y tengo que decir que se han portado s\u00faper bien.<\/p>\n<p>Desde primera hora de la ma\u00f1ana llegaban muy contentos y emocionadas ante la expectaci\u00f3n de lo que nos esperaba en la salida fuera del centro.<\/p>\n<p>El viaje en el bus ha sido muy divertido\u00a0 hemos re\u00eddo, cantado y disfrutado del paisaje hasta llegar al Parque de Alhend\u00edn.<\/p>\n<p>Al llegar all\u00ed, primero nos situamos en el que iba a ser \u00abnuestro campamento base\u00bb y vamos tomando un aperitivo de galletitas saladas con Nuria y Carmen, mientras que descargabamos todas las cosas del bus.<\/p>\n<p>Una vez todo colocado, hacemos una peque\u00f1a excursi\u00f3n para conocer este entorno que nos rodea con los grandes \u00e1rboles, las flores y los p\u00e1jaros. Y como no, la zona de juego con arenero,\u00a0 toboganes y columpios.<\/p>\n<p>Y llega la hora de nuestro picnic, as\u00ed que llevamos a cabo el control de esf\u00ednteres al aire libre y nos lavamos las manos para comer. \u00a1HAN DEVORADO!<\/p>\n<p>Seguidamente, nos toca echar la siesta sobre las mantitas y esperar la llegada de las familias.<\/p>\n<p>Esperamos que hay\u00e1is disfrutado del almuerzo familiar, estaba todo muy rico.<\/p>\n<p>Muchas gracias por vuestros aperitivos.<\/p>\n<p>Y ahora\u00a0 disfrutar del peque\u00f1o montaje y a descansar el fin de semana.<\/p>\n<p><div class=\"a25-CTUOC-hidding-box\" data-original-content=\"&lt;iframe loading=&quot;lazy&quot; title=&quot;Salida al campo.Ciclo 0-3 a\u00f1os&quot; src=&quot;https:\/\/player.vimeo.com\/video\/828467600?dnt=1&amp;amp;app_id=122963&quot; width=&quot;474&quot; height=&quot;474&quot; frameborder=&quot;0&quot; allow=&quot;autoplay; fullscreen; picture-in-picture; clipboard-write&quot;&gt;&lt;\/iframe&gt;\">Esta p\u00e1gina incluye contenido multimedia que requiere aceptar todas las cookies. Pulse aqu\u00ed para abrir la configuraci\u00f3n de cookies.<\/div><\/p>\n<p>Hasa el lunes<\/p>\n<p>Carmen<\/p>\n<p>&nbsp;<\/p>\n","protected":false},"excerpt":{"rendered":"<p>Hola familias, \u00a1\u00a1Qu\u00e9 bien lo hemos pasado en nuestra \u00faltima salida!! La experiencia de salir del centro y explorar un nuevo espacio, es toda una aventura para nuestros peques y tengo que decir que se han portado s\u00faper bien. Desde primera hora de la ma\u00f1ana llegaban muy contentos y emocionadas ante la expectaci\u00f3n de lo &hellip; <a href=\"https:\/\/www.alqueria.es\/blogs\/alqueriaamarillanaranja\/2023\/05\/19\/nuestra-salida-al-campo\/\" class=\"more-link\">Seguir leyendo <span class=\"screen-reader-text\">NUESTRA SALIDA AL CAMPO<\/span> <span class=\"meta-nav\">&rarr;<\/span><\/a><\/p>\n","protected":false},"author":23,"featured_media":0,"comment_status":"open","ping_status":"open","sticky":false,"template":"","format":"standard","meta":{"jetpack_post_was_ever_published":false,"_jetpack_newsletter_access":"","_jetpack_dont_email_post_to_subs":false,"_jetpack_newsletter_tier_id":0,"_jetpack_memberships_contains_paywalled_content":false,"_jetpack_memberships_contains_paid_content":false,"footnotes":"","jetpack_publicize_message":"","jetpack_publicize_feature_enabled":true,"jetpack_social_post_already_shared":true,"jetpack_social_options":{"image_generator_settings":{"template":"highway","default_image_id":0,"font":"","enabled":false},"version":2}},"categories":[6,9,17],"tags":[932,160],"class_list":["post-64179","post","type-post","status-publish","format-standard","hentry","category-clase-amarilla","category-diario-clase-amarilla","category-salidas","tag-convivencia-fuera-del-centro","tag-salida-al-campo"],"jetpack_publicize_connections":[],"jetpack_featured_media_url":"","jetpack_sharing_enabled":true,"jetpack_shortlink":"https:\/\/wp.me\/p4lG08-gH9","jetpack-related-posts":[],"_links":{"self":[{"href":"https:\/\/www.alqueria.es\/blogs\/alqueriaamarillanaranja\/wp-json\/wp\/v2\/posts\/64179","targetHints":{"allow":["GET"]}}],"collection":[{"href":"https:\/\/www.alqueria.es\/blogs\/alqueriaamarillanaranja\/wp-json\/wp\/v2\/posts"}],"about":[{"href":"https:\/\/www.alqueria.es\/blogs\/alqueriaamarillanaranja\/wp-json\/wp\/v2\/types\/post"}],"author":[{"embeddable":true,"href":"https:\/\/www.alqueria.es\/blogs\/alqueriaamarillanaranja\/wp-json\/wp\/v2\/users\/23"}],"replies":[{"embeddable":true,"href":"https:\/\/www.alqueria.es\/blogs\/alqueriaamarillanaranja\/wp-json\/wp\/v2\/comments?post=64179"}],"version-history":[{"count":2,"href":"https:\/\/www.alqueria.es\/blogs\/alqueriaamarillanaranja\/wp-json\/wp\/v2\/posts\/64179\/revisions"}],"predecessor-version":[{"id":64181,"href":"https:\/\/www.alqueria.es\/blogs\/alqueriaamarillanaranja\/wp-json\/wp\/v2\/posts\/64179\/revisions\/64181"}],"wp:attachment":[{"href":"https:\/\/www.alqueria.es\/blogs\/alqueriaamarillanaranja\/wp-json\/wp\/v2\/media?parent=64179"}],"wp:term":[{"taxonomy":"category","embeddable":true,"href":"https:\/\/www.alqueria.es\/blogs\/alqueriaamarillanaranja\/wp-json\/wp\/v2\/categories?post=64179"},{"taxonomy":"post_tag","embeddable":true,"href":"https:\/\/www.alqueria.es\/blogs\/alqueriaamarillanaranja\/wp-json\/wp\/v2\/tags?post=64179"}],"curies":[{"name":"wp","href":"https:\/\/api.w.org\/{rel}","templated":true}]}}