{"id":6431,"date":"2013-10-04T16:08:59","date_gmt":"2013-10-04T14:08:59","guid":{"rendered":"http:\/\/alqueriaamarillanaranja.wordpress.com\/?p=6431"},"modified":"2014-02-24T12:51:05","modified_gmt":"2014-02-24T12:51:05","slug":"aprendemos-a-convivir-dentro-y-fuera-del-aula","status":"publish","type":"post","link":"https:\/\/www.alqueria.es\/blogs\/alqueriaamarillanaranja\/2013\/10\/04\/aprendemos-a-convivir-dentro-y-fuera-del-aula\/","title":{"rendered":"APRENDEMOS A CONVIVIR DENTRO Y FUERA DEL AULA."},"content":{"rendered":"<p><span style=\"color:#888888\">Durante esta semana, nos divertimos, compartimos nuestros objetos personales \u2013 unos m\u00e1s que otros-\u00a0 visitamos\u00a0 la biblioteca del centro, jugamos con los especialistas, con los n\u00fameros y las palabras (\u201cmi nombre\u201d), disfrutamos con la lectura de: \u201cAdivina, cu\u00e1nto te quiero\u201d,\u00a0 \u201cUn pu\u00f1ado de besos\u201d, \u201c Todos tenemos un Nombre\u201d , \u00a0nos visitan: \u201cla gallina Papanata\u201d, la ponedora.<a href=\"https:\/\/cloud.alqueria.es\/wp-content\/uploads\/sites\/9\/2013\/10\/gallina-ha-puesto-un-huevo-dibujos-para-colorear1.jpg\"><img decoding=\"async\" data-attachment-id=\"6432\" data-permalink=\"https:\/\/www.alqueria.es\/blogs\/alqueriaamarillanaranja\/gallina-ha-puesto-un-huevo-dibujos-para-colorear\/\" data-orig-file=\"https:\/\/www.alqueria.es\/blogs\/alqueriaamarillanaranja\/wp-content\/uploads\/sites\/9\/2013\/10\/gallina-ha-puesto-un-huevo-dibujos-para-colorear.jpg\" data-orig-size=\"450,413\" data-comments-opened=\"1\" data-image-meta=\"{&quot;aperture&quot;:&quot;0&quot;,&quot;credit&quot;:&quot;&quot;,&quot;camera&quot;:&quot;&quot;,&quot;caption&quot;:&quot;&quot;,&quot;created_timestamp&quot;:&quot;0&quot;,&quot;copyright&quot;:&quot;&quot;,&quot;focal_length&quot;:&quot;0&quot;,&quot;iso&quot;:&quot;0&quot;,&quot;shutter_speed&quot;:&quot;0&quot;,&quot;title&quot;:&quot;&quot;}\" data-image-title=\"gallina-ha-puesto-un-huevo-dibujos-para-colorear\" data-image-description=\"\" data-image-caption=\"\" data-large-file=\"https:\/\/www.alqueria.es\/blogs\/alqueriaamarillanaranja\/wp-content\/uploads\/sites\/9\/2013\/10\/gallina-ha-puesto-un-huevo-dibujos-para-colorear.jpg\" class=\"aligncenter size-full wp-image-6432\" style=\"width:432px;height:204px\" alt=\"gallina-ha-puesto-un-huevo-dibujos-para-colorear\" src=\"https:\/\/cloud.alqueria.es\/wp-content\/uploads\/sites\/9\/2013\/10\/gallina-ha-puesto-un-huevo-dibujos-para-colorear1.jpg\" width=\"448\" height=\"267\" \/><\/a><\/span><\/p>\n<p><a href=\"https:\/\/cloud.alqueria.es\/wp-content\/uploads\/sites\/9\/2013\/10\/imagescanuu2yy1.jpg\"><img decoding=\"async\" data-attachment-id=\"6437\" data-permalink=\"https:\/\/www.alqueria.es\/blogs\/alqueriaamarillanaranja\/imagescanuu2yy\/\" data-orig-file=\"https:\/\/www.alqueria.es\/blogs\/alqueriaamarillanaranja\/wp-content\/uploads\/sites\/9\/2013\/10\/imagescanuu2yy.jpg\" data-orig-size=\"196,257\" data-comments-opened=\"1\" data-image-meta=\"{&quot;aperture&quot;:&quot;0&quot;,&quot;credit&quot;:&quot;&quot;,&quot;camera&quot;:&quot;&quot;,&quot;caption&quot;:&quot;&quot;,&quot;created_timestamp&quot;:&quot;0&quot;,&quot;copyright&quot;:&quot;&quot;,&quot;focal_length&quot;:&quot;0&quot;,&quot;iso&quot;:&quot;0&quot;,&quot;shutter_speed&quot;:&quot;0&quot;,&quot;title&quot;:&quot;&quot;}\" data-image-title=\"imagesCANUU2YY\" data-image-description=\"\" data-image-caption=\"\" data-large-file=\"https:\/\/www.alqueria.es\/blogs\/alqueriaamarillanaranja\/wp-content\/uploads\/sites\/9\/2013\/10\/imagescanuu2yy.jpg\" class=\"alignleft size-full wp-image-6437\" alt=\"imagesCANUU2YY\" src=\"https:\/\/cloud.alqueria.es\/wp-content\/uploads\/sites\/9\/2013\/10\/imagescanuu2yy1.jpg\" width=\"196\" height=\"298\" \/><\/a><\/p>\n<p><span style=\"color:#888888\">La actividad d\u00f3nde hemos puesto m\u00e1s \u00e9nfasis\u00a0\u00a0es en \u201cEl cartel\u00a0 de las normas\u201d. <\/span><\/p>\n<p><span style=\"color:#888888\">Con la ayuda de todos vamos interpretando las im\u00e1genes.<\/span><\/p>\n<p><span style=\"color:#888888\"> A \u00a0lo largo de este tiempo y durante todo el curso escolar\u2026\u2026 , \u00e9ste\u00a0es un tema recurrente a diario.En nuestra asamblea es el momento de tratarlo de forma grupal. Adem\u00e1s de\u00a0hablar los temas que a ellos les interesan. dejamos un espacio\u00a0 para recordar las normas de convivencia junto con las incidencias que se pudieron producir durante la ma\u00f1ana o el d\u00eda.<\/span><\/p>\n<p><span style=\"color:#888888\">Damos la bienvenida al OTO\u00d1O.<\/span><\/p>\n<p><span style=\"color:#888888\">&#8211;\u00a0\u00a0\u00a0\u00a0\u00a0\u00a0\u00a0 Lara aporta azufaifa.<\/span><\/p>\n<p><span style=\"color:#888888\">&#8211;\u00a0\u00a0\u00a0\u00a0\u00a0\u00a0\u00a0 Juan: nueces y granadas.<\/span><\/p>\n<p><span style=\"color:#888888\">\u00a0<\/span><\/p>\n<p><span style=\"color:#888888\">Cada uno presenta al grupo, sus frutas oto\u00f1ales: nos informan\u00a0 de \u00bfqu\u00e9 nombre tiene?, \u00bfde d\u00f3nde procede?&#8230;\u00a0\u00a0\u00a0 iniciamos a preparar nuestro \u00a0\u201cCesto de frutos oto\u00f1ales\u201d \u00a1\u00c1nimo! No importa que se repitan; pero\u2026si tenemos variedad, \u00a0m\u00e1s nos enriqueceremos entre todos.<a href=\"https:\/\/cloud.alqueria.es\/wp-content\/uploads\/sites\/9\/2013\/10\/untitled1.png\"><img decoding=\"async\" data-attachment-id=\"6434\" data-permalink=\"https:\/\/www.alqueria.es\/blogs\/alqueriaamarillanaranja\/untitled-3\/\" data-orig-file=\"https:\/\/www.alqueria.es\/blogs\/alqueriaamarillanaranja\/wp-content\/uploads\/sites\/9\/2013\/10\/untitled.png\" data-orig-size=\"275,183\" data-comments-opened=\"1\" data-image-meta=\"{&quot;aperture&quot;:&quot;0&quot;,&quot;credit&quot;:&quot;&quot;,&quot;camera&quot;:&quot;&quot;,&quot;caption&quot;:&quot;&quot;,&quot;created_timestamp&quot;:&quot;0&quot;,&quot;copyright&quot;:&quot;&quot;,&quot;focal_length&quot;:&quot;0&quot;,&quot;iso&quot;:&quot;0&quot;,&quot;shutter_speed&quot;:&quot;0&quot;,&quot;title&quot;:&quot;&quot;}\" data-image-title=\"untitled\" data-image-description=\"\" data-image-caption=\"\" data-large-file=\"https:\/\/www.alqueria.es\/blogs\/alqueriaamarillanaranja\/wp-content\/uploads\/sites\/9\/2013\/10\/untitled.png\" class=\"aligncenter size-full wp-image-6434\" alt=\"untitled\" src=\"https:\/\/cloud.alqueria.es\/wp-content\/uploads\/sites\/9\/2013\/10\/untitled1.png\" width=\"275\" height=\"183\" \/><\/a><\/span><\/p>\n<p><span style=\"color:#888888\">Cantamos la canci\u00f3n del \u201cCatalejo\u201d,\u00a0 \u201cLos d\u00edas de la semana\u201d, las canciones del oto\u00f1o:<\/span><\/p>\n<p><span style=\"color:#888888\">&#8211;\u00a0\u00a0\u00a0\u00a0\u00a0\u00a0\u00a0 \u201cOto\u00f1o lleg\u00f3\u201d<\/span><\/p>\n<p><span style=\"color:#888888\">&#8211;\u00a0\u00a0\u00a0\u00a0\u00a0\u00a0\u00a0 \u00a0\u201cTodo cambia de color\u201d y<\/span><\/p>\n<p><span style=\"color:#888888\">&#8211;\u00a0\u00a0\u00a0\u00a0\u00a0\u00a0\u00a0 \u00a0\u201cLos frutos del oto\u00f1o\u201d.\u00a0<a href=\"https:\/\/cloud.alqueria.es\/wp-content\/uploads\/sites\/9\/2013\/10\/images-31.jpg\"><img decoding=\"async\" data-attachment-id=\"6435\" data-permalink=\"https:\/\/www.alqueria.es\/blogs\/alqueriaamarillanaranja\/images-3-2\/\" data-orig-file=\"https:\/\/www.alqueria.es\/blogs\/alqueriaamarillanaranja\/wp-content\/uploads\/sites\/9\/2013\/10\/images-3.jpg\" data-orig-size=\"279,181\" data-comments-opened=\"1\" data-image-meta=\"{&quot;aperture&quot;:&quot;0&quot;,&quot;credit&quot;:&quot;&quot;,&quot;camera&quot;:&quot;&quot;,&quot;caption&quot;:&quot;&quot;,&quot;created_timestamp&quot;:&quot;0&quot;,&quot;copyright&quot;:&quot;&quot;,&quot;focal_length&quot;:&quot;0&quot;,&quot;iso&quot;:&quot;0&quot;,&quot;shutter_speed&quot;:&quot;0&quot;,&quot;title&quot;:&quot;&quot;}\" data-image-title=\"images (3)\" data-image-description=\"\" data-image-caption=\"\" data-large-file=\"https:\/\/www.alqueria.es\/blogs\/alqueriaamarillanaranja\/wp-content\/uploads\/sites\/9\/2013\/10\/images-3.jpg\" class=\"aligncenter size-full wp-image-6435\" alt=\"images (3)\" src=\"https:\/\/cloud.alqueria.es\/wp-content\/uploads\/sites\/9\/2013\/10\/images-31.jpg\" width=\"279\" height=\"181\" \/><\/a><\/span><\/p>\n","protected":false},"excerpt":{"rendered":"<p>Durante esta semana, nos divertimos, compartimos nuestros objetos personales \u2013 unos m\u00e1s que otros-\u00a0 visitamos\u00a0 la biblioteca del centro, jugamos con los especialistas, con los n\u00fameros y las palabras (\u201cmi nombre\u201d), disfrutamos con la lectura de: \u201cAdivina, cu\u00e1nto te quiero\u201d,\u00a0 \u201cUn pu\u00f1ado de besos\u201d, \u201c Todos tenemos un Nombre\u201d , \u00a0nos visitan: \u201cla gallina Papanata\u201d, &hellip; <a href=\"https:\/\/www.alqueria.es\/blogs\/alqueriaamarillanaranja\/2013\/10\/04\/aprendemos-a-convivir-dentro-y-fuera-del-aula\/\" class=\"more-link\">Seguir leyendo <span class=\"screen-reader-text\">APRENDEMOS A CONVIVIR DENTRO Y FUERA DEL AULA.<\/span> <span class=\"meta-nav\">&rarr;<\/span><\/a><\/p>\n","protected":false},"author":23,"featured_media":0,"comment_status":"open","ping_status":"open","sticky":false,"template":"","format":"standard","meta":{"jetpack_post_was_ever_published":false,"_jetpack_newsletter_access":"","_jetpack_dont_email_post_to_subs":false,"_jetpack_newsletter_tier_id":0,"_jetpack_memberships_contains_paywalled_content":false,"_jetpack_memberships_contains_paid_content":false,"footnotes":"","jetpack_publicize_message":"","jetpack_publicize_feature_enabled":true,"jetpack_social_post_already_shared":true,"jetpack_social_options":{"image_generator_settings":{"template":"highway","default_image_id":0,"font":"","enabled":false},"version":2}},"categories":[6,9],"tags":[],"class_list":["post-6431","post","type-post","status-publish","format-standard","hentry","category-clase-amarilla","category-diario-clase-amarilla"],"jetpack_publicize_connections":[],"jetpack_featured_media_url":"","jetpack_sharing_enabled":true,"jetpack_shortlink":"https:\/\/wp.me\/p4lG08-1FJ","jetpack-related-posts":[],"_links":{"self":[{"href":"https:\/\/www.alqueria.es\/blogs\/alqueriaamarillanaranja\/wp-json\/wp\/v2\/posts\/6431","targetHints":{"allow":["GET"]}}],"collection":[{"href":"https:\/\/www.alqueria.es\/blogs\/alqueriaamarillanaranja\/wp-json\/wp\/v2\/posts"}],"about":[{"href":"https:\/\/www.alqueria.es\/blogs\/alqueriaamarillanaranja\/wp-json\/wp\/v2\/types\/post"}],"author":[{"embeddable":true,"href":"https:\/\/www.alqueria.es\/blogs\/alqueriaamarillanaranja\/wp-json\/wp\/v2\/users\/23"}],"replies":[{"embeddable":true,"href":"https:\/\/www.alqueria.es\/blogs\/alqueriaamarillanaranja\/wp-json\/wp\/v2\/comments?post=6431"}],"version-history":[{"count":0,"href":"https:\/\/www.alqueria.es\/blogs\/alqueriaamarillanaranja\/wp-json\/wp\/v2\/posts\/6431\/revisions"}],"wp:attachment":[{"href":"https:\/\/www.alqueria.es\/blogs\/alqueriaamarillanaranja\/wp-json\/wp\/v2\/media?parent=6431"}],"wp:term":[{"taxonomy":"category","embeddable":true,"href":"https:\/\/www.alqueria.es\/blogs\/alqueriaamarillanaranja\/wp-json\/wp\/v2\/categories?post=6431"},{"taxonomy":"post_tag","embeddable":true,"href":"https:\/\/www.alqueria.es\/blogs\/alqueriaamarillanaranja\/wp-json\/wp\/v2\/tags?post=6431"}],"curies":[{"name":"wp","href":"https:\/\/api.w.org\/{rel}","templated":true}]}}