{"id":64859,"date":"2023-06-16T16:33:10","date_gmt":"2023-06-16T14:33:10","guid":{"rendered":"https:\/\/www.alqueria.es\/blogs\/alqueriaamarillanaranja\/?p=64859"},"modified":"2023-06-16T16:33:33","modified_gmt":"2023-06-16T14:33:33","slug":"hasta-pronto-sebas","status":"publish","type":"post","link":"https:\/\/www.alqueria.es\/blogs\/alqueriaamarillanaranja\/2023\/06\/16\/hasta-pronto-sebas\/","title":{"rendered":"HASTA PRONTO SEBAS"},"content":{"rendered":"<p>Buenas tardes familias,<\/p>\n<p>Hoy el d\u00eda ha sido emotivo desde primera hora de la ma\u00f1ana, ya que este era el \u00faltimo d\u00eda que nuestro compa\u00f1ero Sebastian pasaba con nosotros. Desde que iban llegando al aula, \u00a0los abrazos estaban presentes entre ellos de forma espont\u00e1nea, y es que durante este curso, han aprendido, han crecido y han compartido juegos con \u00e9l.<\/p>\n<p><img decoding=\"async\" data-attachment-id=\"64862\" data-permalink=\"https:\/\/www.alqueria.es\/blogs\/alqueriaamarillanaranja\/2023\/06\/16\/hasta-pronto-sebas\/photo-2023-06-16-16-24-24-3\/\" data-orig-file=\"https:\/\/cloud.alqueria.es\/wp-content\/uploads\/sites\/9\/2023\/06\/PHOTO-2023-06-16-16-24-24-3.jpg\" data-orig-size=\"1024,768\" data-comments-opened=\"1\" data-image-meta=\"{&quot;aperture&quot;:&quot;0&quot;,&quot;credit&quot;:&quot;&quot;,&quot;camera&quot;:&quot;&quot;,&quot;caption&quot;:&quot;&quot;,&quot;created_timestamp&quot;:&quot;0&quot;,&quot;copyright&quot;:&quot;&quot;,&quot;focal_length&quot;:&quot;0&quot;,&quot;iso&quot;:&quot;0&quot;,&quot;shutter_speed&quot;:&quot;0&quot;,&quot;title&quot;:&quot;&quot;,&quot;orientation&quot;:&quot;0&quot;}\" data-image-title=\"PHOTO-2023-06-16-16-24-24 3\" data-image-description=\"\" data-image-caption=\"\" data-large-file=\"https:\/\/cloud.alqueria.es\/wp-content\/uploads\/sites\/9\/2023\/06\/PHOTO-2023-06-16-16-24-24-3.jpg\" class=\"alignleft wp-image-64862 size-full\" src=\"https:\/\/cloud.alqueria.es\/wp-content\/uploads\/sites\/9\/2023\/06\/PHOTO-2023-06-16-16-24-24-3.jpg\" alt=\"\" width=\"1024\" height=\"768\" srcset=\"https:\/\/cloud.alqueria.es\/wp-content\/uploads\/sites\/9\/2023\/06\/PHOTO-2023-06-16-16-24-24-3.jpg 1024w, https:\/\/cloud.alqueria.es\/wp-content\/uploads\/sites\/9\/2023\/06\/PHOTO-2023-06-16-16-24-24-3-300x225.jpg 300w, https:\/\/cloud.alqueria.es\/wp-content\/uploads\/sites\/9\/2023\/06\/PHOTO-2023-06-16-16-24-24-3-768x576.jpg 768w\" sizes=\"(max-width: 1024px) 100vw, 1024px\" \/><\/p>\n<p>Te vamos a echar mucho de menos Sebas, has sido una parte importante de nuestro equipo naranjita.<\/p>\n<p><img decoding=\"async\" data-attachment-id=\"64860\" data-permalink=\"https:\/\/www.alqueria.es\/blogs\/alqueriaamarillanaranja\/2023\/06\/16\/hasta-pronto-sebas\/photo-2023-06-16-16-24-24\/\" data-orig-file=\"https:\/\/cloud.alqueria.es\/wp-content\/uploads\/sites\/9\/2023\/06\/PHOTO-2023-06-16-16-24-24.jpg\" data-orig-size=\"1023,520\" data-comments-opened=\"1\" data-image-meta=\"{&quot;aperture&quot;:&quot;0&quot;,&quot;credit&quot;:&quot;&quot;,&quot;camera&quot;:&quot;&quot;,&quot;caption&quot;:&quot;&quot;,&quot;created_timestamp&quot;:&quot;0&quot;,&quot;copyright&quot;:&quot;&quot;,&quot;focal_length&quot;:&quot;0&quot;,&quot;iso&quot;:&quot;0&quot;,&quot;shutter_speed&quot;:&quot;0&quot;,&quot;title&quot;:&quot;&quot;,&quot;orientation&quot;:&quot;0&quot;}\" data-image-title=\"PHOTO-2023-06-16-16-24-24\" data-image-description=\"\" data-image-caption=\"\" data-large-file=\"https:\/\/cloud.alqueria.es\/wp-content\/uploads\/sites\/9\/2023\/06\/PHOTO-2023-06-16-16-24-24.jpg\" class=\"alignleft wp-image-64860 size-full\" src=\"https:\/\/cloud.alqueria.es\/wp-content\/uploads\/sites\/9\/2023\/06\/PHOTO-2023-06-16-16-24-24.jpg\" alt=\"\" width=\"1023\" height=\"520\" srcset=\"https:\/\/cloud.alqueria.es\/wp-content\/uploads\/sites\/9\/2023\/06\/PHOTO-2023-06-16-16-24-24.jpg 1023w, https:\/\/cloud.alqueria.es\/wp-content\/uploads\/sites\/9\/2023\/06\/PHOTO-2023-06-16-16-24-24-300x152.jpg 300w, https:\/\/cloud.alqueria.es\/wp-content\/uploads\/sites\/9\/2023\/06\/PHOTO-2023-06-16-16-24-24-768x390.jpg 768w\" sizes=\"(max-width: 1023px) 100vw, 1023px\" \/><\/p>\n<p>Tambi\u00e9n le hemos hecho entrega de nuestro regalo, para que nos recuerde siempre desde su casa en EE.UU. Y hemos acordado con la familia mantener el contacto por email para que se sigan viendo.<\/p>\n<p><img decoding=\"async\" data-attachment-id=\"64861\" data-permalink=\"https:\/\/www.alqueria.es\/blogs\/alqueriaamarillanaranja\/2023\/06\/16\/hasta-pronto-sebas\/photo-2023-06-16-16-24-24-2\/\" data-orig-file=\"https:\/\/cloud.alqueria.es\/wp-content\/uploads\/sites\/9\/2023\/06\/PHOTO-2023-06-16-16-24-24-2.jpg\" data-orig-size=\"1024,768\" data-comments-opened=\"1\" data-image-meta=\"{&quot;aperture&quot;:&quot;0&quot;,&quot;credit&quot;:&quot;&quot;,&quot;camera&quot;:&quot;&quot;,&quot;caption&quot;:&quot;&quot;,&quot;created_timestamp&quot;:&quot;0&quot;,&quot;copyright&quot;:&quot;&quot;,&quot;focal_length&quot;:&quot;0&quot;,&quot;iso&quot;:&quot;0&quot;,&quot;shutter_speed&quot;:&quot;0&quot;,&quot;title&quot;:&quot;&quot;,&quot;orientation&quot;:&quot;0&quot;}\" data-image-title=\"PHOTO-2023-06-16-16-24-24 2\" data-image-description=\"\" data-image-caption=\"\" data-large-file=\"https:\/\/cloud.alqueria.es\/wp-content\/uploads\/sites\/9\/2023\/06\/PHOTO-2023-06-16-16-24-24-2.jpg\" class=\"alignleft size-medium wp-image-64861\" src=\"https:\/\/cloud.alqueria.es\/wp-content\/uploads\/sites\/9\/2023\/06\/PHOTO-2023-06-16-16-24-24-2-300x225.jpg\" alt=\"\" width=\"300\" height=\"225\" srcset=\"https:\/\/cloud.alqueria.es\/wp-content\/uploads\/sites\/9\/2023\/06\/PHOTO-2023-06-16-16-24-24-2-300x225.jpg 300w, https:\/\/cloud.alqueria.es\/wp-content\/uploads\/sites\/9\/2023\/06\/PHOTO-2023-06-16-16-24-24-2-768x576.jpg 768w, https:\/\/cloud.alqueria.es\/wp-content\/uploads\/sites\/9\/2023\/06\/PHOTO-2023-06-16-16-24-24-2.jpg 1024w\" sizes=\"(max-width: 300px) 100vw, 300px\" \/><\/p>\n<p>&nbsp;<\/p>\n<p>&nbsp;<\/p>\n<p>&nbsp;<\/p>\n<p>&nbsp;<\/p>\n<p>&nbsp;<\/p>\n<p>Despu\u00e9s hemos continuado con nuestras sesiones de M\u00fasica y Educaci\u00f3n F\u00edsica.<\/p>\n<p>Os deseo un estupendo fin de semana.<\/p>\n<p>Nos vemos el lunes.<\/p>\n<p>Eva.<\/p>\n","protected":false},"excerpt":{"rendered":"<p>Buenas tardes familias, Hoy el d\u00eda ha sido emotivo desde primera hora de la ma\u00f1ana, ya que este era el \u00faltimo d\u00eda que nuestro compa\u00f1ero Sebastian pasaba con nosotros. Desde que iban llegando al aula, \u00a0los abrazos estaban presentes entre ellos de forma espont\u00e1nea, y es que durante este curso, han aprendido, han crecido y &hellip; <a href=\"https:\/\/www.alqueria.es\/blogs\/alqueriaamarillanaranja\/2023\/06\/16\/hasta-pronto-sebas\/\" class=\"more-link\">Seguir leyendo <span class=\"screen-reader-text\">HASTA PRONTO SEBAS<\/span> <span class=\"meta-nav\">&rarr;<\/span><\/a><\/p>\n","protected":false},"author":23,"featured_media":0,"comment_status":"open","ping_status":"open","sticky":false,"template":"","format":"standard","meta":{"jetpack_post_was_ever_published":false,"_jetpack_newsletter_access":"","_jetpack_dont_email_post_to_subs":false,"_jetpack_newsletter_tier_id":0,"_jetpack_memberships_contains_paywalled_content":false,"_jetpack_memberships_contains_paid_content":false,"footnotes":"","jetpack_publicize_message":"","jetpack_publicize_feature_enabled":true,"jetpack_social_post_already_shared":true,"jetpack_social_options":{"image_generator_settings":{"template":"highway","default_image_id":0,"font":"","enabled":false},"version":2}},"categories":[7,8,10],"tags":[],"class_list":["post-64859","post","type-post","status-publish","format-standard","hentry","category-clase-naranja","category-diario","category-especialistas"],"jetpack_publicize_connections":[],"jetpack_featured_media_url":"","jetpack_sharing_enabled":true,"jetpack_shortlink":"https:\/\/wp.me\/p4lG08-gS7","jetpack-related-posts":[],"_links":{"self":[{"href":"https:\/\/www.alqueria.es\/blogs\/alqueriaamarillanaranja\/wp-json\/wp\/v2\/posts\/64859","targetHints":{"allow":["GET"]}}],"collection":[{"href":"https:\/\/www.alqueria.es\/blogs\/alqueriaamarillanaranja\/wp-json\/wp\/v2\/posts"}],"about":[{"href":"https:\/\/www.alqueria.es\/blogs\/alqueriaamarillanaranja\/wp-json\/wp\/v2\/types\/post"}],"author":[{"embeddable":true,"href":"https:\/\/www.alqueria.es\/blogs\/alqueriaamarillanaranja\/wp-json\/wp\/v2\/users\/23"}],"replies":[{"embeddable":true,"href":"https:\/\/www.alqueria.es\/blogs\/alqueriaamarillanaranja\/wp-json\/wp\/v2\/comments?post=64859"}],"version-history":[{"count":2,"href":"https:\/\/www.alqueria.es\/blogs\/alqueriaamarillanaranja\/wp-json\/wp\/v2\/posts\/64859\/revisions"}],"predecessor-version":[{"id":64864,"href":"https:\/\/www.alqueria.es\/blogs\/alqueriaamarillanaranja\/wp-json\/wp\/v2\/posts\/64859\/revisions\/64864"}],"wp:attachment":[{"href":"https:\/\/www.alqueria.es\/blogs\/alqueriaamarillanaranja\/wp-json\/wp\/v2\/media?parent=64859"}],"wp:term":[{"taxonomy":"category","embeddable":true,"href":"https:\/\/www.alqueria.es\/blogs\/alqueriaamarillanaranja\/wp-json\/wp\/v2\/categories?post=64859"},{"taxonomy":"post_tag","embeddable":true,"href":"https:\/\/www.alqueria.es\/blogs\/alqueriaamarillanaranja\/wp-json\/wp\/v2\/tags?post=64859"}],"curies":[{"name":"wp","href":"https:\/\/api.w.org\/{rel}","templated":true}]}}