{"id":6547,"date":"2013-10-11T16:19:14","date_gmt":"2013-10-11T14:19:14","guid":{"rendered":"http:\/\/alqueriaamarillanaranja.wordpress.com\/?p=6547"},"modified":"2013-10-11T16:19:14","modified_gmt":"2013-10-11T14:19:14","slug":"nos-disfrazamos-3","status":"publish","type":"post","link":"https:\/\/www.alqueria.es\/blogs\/alqueriaamarillanaranja\/2013\/10\/11\/nos-disfrazamos-3\/","title":{"rendered":"\u00a1NOS DISFRAZAMOS!"},"content":{"rendered":"<p>Comenzamos la ma\u00f1ana del viernes tratando algunos temas emocionales ya que alg\u00fan ni\u00f1o\/a se han quedado muy tristes a primera hora. Ponemos la foto en la cara triste y hablo con ellos para que puedan expresar lo que sienten en ese momento. La verdad es que les sirve mucho y se calman. En la asamblea vemos los cuentos que est\u00e1n trayendo para el proyecto de lectura y jugamos a buscar palabras en un diccionario peque\u00f1o que ha tra\u00eddo Elio de su casa.<\/p>\n<p>En el juego libre surge la propuesta de \u00abnos disfrazamos\u00bb y con m\u00fasica de baile de ambiente as\u00ed lo han hecho. Les tengo que ayudar a algunos\/as a ponerse alguna ropa, pero cada vez son m\u00e1s independientes. Se lo han pasado genial.<\/p>\n<p>Despu\u00e9s Educaci\u00f3n f\u00edsica con Alberto, han realizado un circuito con aros y conos, practican el salto y el equilibrio. Tambi\u00e9n realizan algunos juegos como \u00abel come cocos\u00bb y\u00a0\u00ab\u00e1guilas y palomas\u00bb. Ya van comprendiendo las peque\u00f1as reglas del juego y poco a poco ir\u00e1n avanzando en este aspecto.<\/p>\n<p class=\"jetpack-slideshow-noscript robots-nocontent\">El pase de diapositivas requiere JavaScript.<\/p><div id=\"gallery-6547-1-slideshow\" class=\"jetpack-slideshow-window jetpack-slideshow jetpack-slideshow-black\" data-trans=\"fade\" data-autostart=\"1\" data-gallery=\"[{&quot;src&quot;:&quot;https:\\\/\\\/www.alqueria.es\\\/blogs\\\/alqueriaamarillanaranja\\\/wp-content\\\/uploads\\\/sites\\\/9\\\/2013\\\/10\\\/foto3004.jpg&quot;,&quot;id&quot;:&quot;6562&quot;,&quot;title&quot;:&quot;Foto3004&quot;,&quot;alt&quot;:&quot;&quot;,&quot;caption&quot;:&quot;&quot;,&quot;itemprop&quot;:&quot;image&quot;},{&quot;src&quot;:&quot;https:\\\/\\\/www.alqueria.es\\\/blogs\\\/alqueriaamarillanaranja\\\/wp-content\\\/uploads\\\/sites\\\/9\\\/2013\\\/10\\\/foto3005.jpg&quot;,&quot;id&quot;:&quot;6563&quot;,&quot;title&quot;:&quot;Foto3005&quot;,&quot;alt&quot;:&quot;&quot;,&quot;caption&quot;:&quot;&quot;,&quot;itemprop&quot;:&quot;image&quot;},{&quot;src&quot;:&quot;https:\\\/\\\/www.alqueria.es\\\/blogs\\\/alqueriaamarillanaranja\\\/wp-content\\\/uploads\\\/sites\\\/9\\\/2013\\\/10\\\/foto3006.jpg&quot;,&quot;id&quot;:&quot;6564&quot;,&quot;title&quot;:&quot;Foto3006&quot;,&quot;alt&quot;:&quot;&quot;,&quot;caption&quot;:&quot;&quot;,&quot;itemprop&quot;:&quot;image&quot;},{&quot;src&quot;:&quot;https:\\\/\\\/www.alqueria.es\\\/blogs\\\/alqueriaamarillanaranja\\\/wp-content\\\/uploads\\\/sites\\\/9\\\/2013\\\/10\\\/foto3007.jpg&quot;,&quot;id&quot;:&quot;6565&quot;,&quot;title&quot;:&quot;Foto3007&quot;,&quot;alt&quot;:&quot;&quot;,&quot;caption&quot;:&quot;&quot;,&quot;itemprop&quot;:&quot;image&quot;},{&quot;src&quot;:&quot;https:\\\/\\\/www.alqueria.es\\\/blogs\\\/alqueriaamarillanaranja\\\/wp-content\\\/uploads\\\/sites\\\/9\\\/2013\\\/10\\\/foto3008.jpg&quot;,&quot;id&quot;:&quot;6566&quot;,&quot;title&quot;:&quot;Foto3008&quot;,&quot;alt&quot;:&quot;&quot;,&quot;caption&quot;:&quot;&quot;,&quot;itemprop&quot;:&quot;image&quot;},{&quot;src&quot;:&quot;https:\\\/\\\/www.alqueria.es\\\/blogs\\\/alqueriaamarillanaranja\\\/wp-content\\\/uploads\\\/sites\\\/9\\\/2013\\\/10\\\/foto3009.jpg&quot;,&quot;id&quot;:&quot;6567&quot;,&quot;title&quot;:&quot;Foto3009&quot;,&quot;alt&quot;:&quot;&quot;,&quot;caption&quot;:&quot;&quot;,&quot;itemprop&quot;:&quot;image&quot;},{&quot;src&quot;:&quot;https:\\\/\\\/www.alqueria.es\\\/blogs\\\/alqueriaamarillanaranja\\\/wp-content\\\/uploads\\\/sites\\\/9\\\/2013\\\/10\\\/foto3010.jpg&quot;,&quot;id&quot;:&quot;6568&quot;,&quot;title&quot;:&quot;Foto3010&quot;,&quot;alt&quot;:&quot;&quot;,&quot;caption&quot;:&quot;&quot;,&quot;itemprop&quot;:&quot;image&quot;},{&quot;src&quot;:&quot;https:\\\/\\\/www.alqueria.es\\\/blogs\\\/alqueriaamarillanaranja\\\/wp-content\\\/uploads\\\/sites\\\/9\\\/2013\\\/10\\\/foto3011.jpg&quot;,&quot;id&quot;:&quot;6569&quot;,&quot;title&quot;:&quot;Foto3011&quot;,&quot;alt&quot;:&quot;&quot;,&quot;caption&quot;:&quot;&quot;,&quot;itemprop&quot;:&quot;image&quot;},{&quot;src&quot;:&quot;https:\\\/\\\/www.alqueria.es\\\/blogs\\\/alqueriaamarillanaranja\\\/wp-content\\\/uploads\\\/sites\\\/9\\\/2013\\\/10\\\/foto3012.jpg&quot;,&quot;id&quot;:&quot;6570&quot;,&quot;title&quot;:&quot;Foto3012&quot;,&quot;alt&quot;:&quot;&quot;,&quot;caption&quot;:&quot;&quot;,&quot;itemprop&quot;:&quot;image&quot;}]\" itemscope itemtype=\"https:\/\/schema.org\/ImageGallery\"><\/div>\n<p>Y por la tarde actividad tranquila con los puzles, domin\u00f3s&#8230;.. Merendamos y despedida hasta el Lunes.<\/p>\n<p><span style=\"color:#ff0000\">IMPORTANTE: <span style=\"color:#000000\">\u00bf qui\u00e9n tiene en casa alguna mascota? Me gustar\u00eda que me lo comunicarais para poder trabajar esta propuesta con ellos\/as y la posibilidad de poder traerlos a la clase y compartir con sus compa\u00f1eros\/as.<\/span><\/span><\/p>\n<p><span style=\"color:#ff0000\">POR FAVOR NECESITO LOS CUENTOS PARA EL PROYECTO DE LECTURA Y COSAS SOBRE EL OTO\u00d1O.<\/span><\/p>\n<p>Carmen Jim\u00e9nez<\/p>\n","protected":false},"excerpt":{"rendered":"<p>Comenzamos la ma\u00f1ana del viernes tratando algunos temas emocionales ya que alg\u00fan ni\u00f1o\/a se han quedado muy tristes a primera hora. Ponemos la foto en la cara triste y hablo con ellos para que puedan expresar lo que sienten en ese momento. La verdad es que les sirve mucho y se calman. En la asamblea &hellip; <a href=\"https:\/\/www.alqueria.es\/blogs\/alqueriaamarillanaranja\/2013\/10\/11\/nos-disfrazamos-3\/\" class=\"more-link\">Seguir leyendo <span class=\"screen-reader-text\">\u00a1NOS DISFRAZAMOS!<\/span> <span class=\"meta-nav\">&rarr;<\/span><\/a><\/p>\n","protected":false},"author":23,"featured_media":0,"comment_status":"open","ping_status":"open","sticky":false,"template":"","format":"standard","meta":{"jetpack_post_was_ever_published":false,"_jetpack_newsletter_access":"","_jetpack_dont_email_post_to_subs":false,"_jetpack_newsletter_tier_id":0,"_jetpack_memberships_contains_paywalled_content":false,"_jetpack_memberships_contains_paid_content":false,"footnotes":"","jetpack_publicize_message":"","jetpack_publicize_feature_enabled":true,"jetpack_social_post_already_shared":true,"jetpack_social_options":{"image_generator_settings":{"template":"highway","default_image_id":0,"font":"","enabled":false},"version":2}},"categories":[7,8,10],"tags":[60],"class_list":["post-6547","post","type-post","status-publish","format-standard","hentry","category-clase-naranja","category-diario","category-especialistas","tag-expresion-corporal"],"jetpack_publicize_connections":[],"jetpack_featured_media_url":"","jetpack_sharing_enabled":true,"jetpack_shortlink":"https:\/\/wp.me\/p4lG08-1HB","jetpack-related-posts":[],"_links":{"self":[{"href":"https:\/\/www.alqueria.es\/blogs\/alqueriaamarillanaranja\/wp-json\/wp\/v2\/posts\/6547","targetHints":{"allow":["GET"]}}],"collection":[{"href":"https:\/\/www.alqueria.es\/blogs\/alqueriaamarillanaranja\/wp-json\/wp\/v2\/posts"}],"about":[{"href":"https:\/\/www.alqueria.es\/blogs\/alqueriaamarillanaranja\/wp-json\/wp\/v2\/types\/post"}],"author":[{"embeddable":true,"href":"https:\/\/www.alqueria.es\/blogs\/alqueriaamarillanaranja\/wp-json\/wp\/v2\/users\/23"}],"replies":[{"embeddable":true,"href":"https:\/\/www.alqueria.es\/blogs\/alqueriaamarillanaranja\/wp-json\/wp\/v2\/comments?post=6547"}],"version-history":[{"count":0,"href":"https:\/\/www.alqueria.es\/blogs\/alqueriaamarillanaranja\/wp-json\/wp\/v2\/posts\/6547\/revisions"}],"wp:attachment":[{"href":"https:\/\/www.alqueria.es\/blogs\/alqueriaamarillanaranja\/wp-json\/wp\/v2\/media?parent=6547"}],"wp:term":[{"taxonomy":"category","embeddable":true,"href":"https:\/\/www.alqueria.es\/blogs\/alqueriaamarillanaranja\/wp-json\/wp\/v2\/categories?post=6547"},{"taxonomy":"post_tag","embeddable":true,"href":"https:\/\/www.alqueria.es\/blogs\/alqueriaamarillanaranja\/wp-json\/wp\/v2\/tags?post=6547"}],"curies":[{"name":"wp","href":"https:\/\/api.w.org\/{rel}","templated":true}]}}