{"id":66777,"date":"2023-11-22T17:26:42","date_gmt":"2023-11-22T16:26:42","guid":{"rendered":"https:\/\/www.alqueria.es\/blogs\/alqueriaamarillanaranja\/?p=66777"},"modified":"2023-11-22T18:13:13","modified_gmt":"2023-11-22T17:13:13","slug":"salida-a-la-biblioteca-de-la-chana-2","status":"publish","type":"post","link":"https:\/\/www.alqueria.es\/blogs\/alqueriaamarillanaranja\/2023\/11\/22\/salida-a-la-biblioteca-de-la-chana-2\/","title":{"rendered":"SALIDA A LA BIBLIOTECA DE LA CHANA."},"content":{"rendered":"<p>Buenas tardes familias,<\/p>\n<p>Hoy ha sido un d\u00eda muy <strong>emocionante<\/strong> para la clase naranjita. Nuestra primera salida como grupo naranja, incluida dentro de nuestra programaci\u00f3n ya que est\u00e1 relacionada directamente con nuestro Proyecto de Lectura.<\/p>\n<p>Llegamos tempranito al colegio y con mucho entusiasmo, \u00a0tras pasar por el aseo para el control de esf\u00ednteres y ponernos nuestra tarjeta identificativa nos subimos en el bus, dispuestos a pasarlo fenomenal.<\/p>\n<p class=\"jetpack-slideshow-noscript robots-nocontent\">El pase de diapositivas requiere JavaScript.<\/p><div id=\"gallery-66777-1-slideshow\" class=\"jetpack-slideshow-window jetpack-slideshow jetpack-slideshow-black\" data-trans=\"fade\" data-autostart=\"1\" data-gallery=\"[{&quot;src&quot;:&quot;https:\\\/\\\/cloud.alqueria.es\\\/wp-content\\\/uploads\\\/sites\\\/9\\\/2023\\\/11\\\/PHOTO-2023-11-22-15-22-32-21.jpg&quot;,&quot;id&quot;:&quot;66779&quot;,&quot;title&quot;:&quot;PHOTO-2023-11-22-15-22-32 21&quot;,&quot;alt&quot;:&quot;&quot;,&quot;caption&quot;:&quot;&quot;,&quot;itemprop&quot;:&quot;image&quot;},{&quot;src&quot;:&quot;https:\\\/\\\/cloud.alqueria.es\\\/wp-content\\\/uploads\\\/sites\\\/9\\\/2023\\\/11\\\/PHOTO-2023-11-22-15-21-40-2.jpg&quot;,&quot;id&quot;:&quot;66818&quot;,&quot;title&quot;:&quot;PHOTO-2023-11-22-15-21-40 2&quot;,&quot;alt&quot;:&quot;&quot;,&quot;caption&quot;:&quot;&quot;,&quot;itemprop&quot;:&quot;image&quot;},{&quot;src&quot;:&quot;https:\\\/\\\/cloud.alqueria.es\\\/wp-content\\\/uploads\\\/sites\\\/9\\\/2023\\\/11\\\/PHOTO-2023-11-22-15-21-40-3.jpg&quot;,&quot;id&quot;:&quot;66817&quot;,&quot;title&quot;:&quot;PHOTO-2023-11-22-15-21-40 3&quot;,&quot;alt&quot;:&quot;&quot;,&quot;caption&quot;:&quot;&quot;,&quot;itemprop&quot;:&quot;image&quot;},{&quot;src&quot;:&quot;https:\\\/\\\/cloud.alqueria.es\\\/wp-content\\\/uploads\\\/sites\\\/9\\\/2023\\\/11\\\/PHOTO-2023-11-22-15-21-40-4.jpg&quot;,&quot;id&quot;:&quot;66816&quot;,&quot;title&quot;:&quot;PHOTO-2023-11-22-15-21-40 4&quot;,&quot;alt&quot;:&quot;&quot;,&quot;caption&quot;:&quot;&quot;,&quot;itemprop&quot;:&quot;image&quot;},{&quot;src&quot;:&quot;https:\\\/\\\/cloud.alqueria.es\\\/wp-content\\\/uploads\\\/sites\\\/9\\\/2023\\\/11\\\/PHOTO-2023-11-22-15-21-40-5.jpg&quot;,&quot;id&quot;:&quot;66815&quot;,&quot;title&quot;:&quot;PHOTO-2023-11-22-15-21-40 5&quot;,&quot;alt&quot;:&quot;&quot;,&quot;caption&quot;:&quot;&quot;,&quot;itemprop&quot;:&quot;image&quot;},{&quot;src&quot;:&quot;https:\\\/\\\/cloud.alqueria.es\\\/wp-content\\\/uploads\\\/sites\\\/9\\\/2023\\\/11\\\/PHOTO-2023-11-22-15-21-40-6.jpg&quot;,&quot;id&quot;:&quot;66814&quot;,&quot;title&quot;:&quot;PHOTO-2023-11-22-15-21-40 6&quot;,&quot;alt&quot;:&quot;&quot;,&quot;caption&quot;:&quot;&quot;,&quot;itemprop&quot;:&quot;image&quot;},{&quot;src&quot;:&quot;https:\\\/\\\/cloud.alqueria.es\\\/wp-content\\\/uploads\\\/sites\\\/9\\\/2023\\\/11\\\/PHOTO-2023-11-22-15-21-40-7.jpg&quot;,&quot;id&quot;:&quot;66813&quot;,&quot;title&quot;:&quot;PHOTO-2023-11-22-15-21-40 7&quot;,&quot;alt&quot;:&quot;&quot;,&quot;caption&quot;:&quot;&quot;,&quot;itemprop&quot;:&quot;image&quot;},{&quot;src&quot;:&quot;https:\\\/\\\/cloud.alqueria.es\\\/wp-content\\\/uploads\\\/sites\\\/9\\\/2023\\\/11\\\/PHOTO-2023-11-22-15-21-40-8.jpg&quot;,&quot;id&quot;:&quot;66812&quot;,&quot;title&quot;:&quot;PHOTO-2023-11-22-15-21-40 8&quot;,&quot;alt&quot;:&quot;&quot;,&quot;caption&quot;:&quot;&quot;,&quot;itemprop&quot;:&quot;image&quot;},{&quot;src&quot;:&quot;https:\\\/\\\/cloud.alqueria.es\\\/wp-content\\\/uploads\\\/sites\\\/9\\\/2023\\\/11\\\/PHOTO-2023-11-22-15-21-40-9.jpg&quot;,&quot;id&quot;:&quot;66811&quot;,&quot;title&quot;:&quot;PHOTO-2023-11-22-15-21-40 9&quot;,&quot;alt&quot;:&quot;&quot;,&quot;caption&quot;:&quot;&quot;,&quot;itemprop&quot;:&quot;image&quot;},{&quot;src&quot;:&quot;https:\\\/\\\/cloud.alqueria.es\\\/wp-content\\\/uploads\\\/sites\\\/9\\\/2023\\\/11\\\/PHOTO-2023-11-22-15-21-40-10.jpg&quot;,&quot;id&quot;:&quot;66810&quot;,&quot;title&quot;:&quot;PHOTO-2023-11-22-15-21-40 10&quot;,&quot;alt&quot;:&quot;&quot;,&quot;caption&quot;:&quot;&quot;,&quot;itemprop&quot;:&quot;image&quot;},{&quot;src&quot;:&quot;https:\\\/\\\/cloud.alqueria.es\\\/wp-content\\\/uploads\\\/sites\\\/9\\\/2023\\\/11\\\/PHOTO-2023-11-22-15-21-40-11.jpg&quot;,&quot;id&quot;:&quot;66809&quot;,&quot;title&quot;:&quot;PHOTO-2023-11-22-15-21-40 11&quot;,&quot;alt&quot;:&quot;&quot;,&quot;caption&quot;:&quot;&quot;,&quot;itemprop&quot;:&quot;image&quot;},{&quot;src&quot;:&quot;https:\\\/\\\/cloud.alqueria.es\\\/wp-content\\\/uploads\\\/sites\\\/9\\\/2023\\\/11\\\/PHOTO-2023-11-22-15-21-40-12.jpg&quot;,&quot;id&quot;:&quot;66808&quot;,&quot;title&quot;:&quot;PHOTO-2023-11-22-15-21-40 12&quot;,&quot;alt&quot;:&quot;&quot;,&quot;caption&quot;:&quot;&quot;,&quot;itemprop&quot;:&quot;image&quot;},{&quot;src&quot;:&quot;https:\\\/\\\/cloud.alqueria.es\\\/wp-content\\\/uploads\\\/sites\\\/9\\\/2023\\\/11\\\/PHOTO-2023-11-22-15-21-40-13.jpg&quot;,&quot;id&quot;:&quot;66807&quot;,&quot;title&quot;:&quot;PHOTO-2023-11-22-15-21-40 13&quot;,&quot;alt&quot;:&quot;&quot;,&quot;caption&quot;:&quot;&quot;,&quot;itemprop&quot;:&quot;image&quot;},{&quot;src&quot;:&quot;https:\\\/\\\/cloud.alqueria.es\\\/wp-content\\\/uploads\\\/sites\\\/9\\\/2023\\\/11\\\/PHOTO-2023-11-22-15-21-40.jpg&quot;,&quot;id&quot;:&quot;66799&quot;,&quot;title&quot;:&quot;PHOTO-2023-11-22-15-21-40&quot;,&quot;alt&quot;:&quot;&quot;,&quot;caption&quot;:&quot;&quot;,&quot;itemprop&quot;:&quot;image&quot;}]\" itemscope itemtype=\"https:\/\/schema.org\/ImageGallery\"><\/div>\n<p>&nbsp;<\/p>\n<p>A nuestra llegada a la biblioteca, <strong>Josefina, la bibliotecaria,<\/strong> nos recibe amablemente y nos lleva hasta una sala muy acogedora, con forma de semic\u00edrculo y unos cojines de colores muy c\u00f3modos. All\u00ed nos sorprende con un maravilloso<strong> \u00abcuenta-cuentos\u00bb<\/strong>, los t\u00edtulos narrados han sido:<\/p>\n<ol>\n<li><strong>La rana Ramona.<\/strong><\/li>\n<li><strong>Cocorico.<\/strong><\/li>\n<li><strong>La peque\u00f1a oruga glotona.<\/strong><\/li>\n<li><strong>\u00bfUna rana?<\/strong><\/li>\n<li><strong>Los tres chivos chivones.<\/strong><\/li>\n<li><strong>De la cabeza a los pies.<\/strong><\/li>\n<li><strong>Cuc\u00fa \u00bfQui\u00e9n es?<\/strong><\/li>\n<li><strong>Toc toc \u00bfQui\u00e9n es?<\/strong><\/li>\n<li><strong>Esta pata est\u00e1 mal.<\/strong><\/li>\n<li><strong>Buscamos a su beb\u00e9.<\/strong><\/li>\n<\/ol>\n<p>Nosotros a cambio le hemos <strong>recitado<\/strong> nuestra poes\u00eda de oto\u00f1o.<\/p>\n<p class=\"jetpack-slideshow-noscript robots-nocontent\">El pase de diapositivas requiere JavaScript.<\/p><div id=\"gallery-66777-2-slideshow\" class=\"jetpack-slideshow-window jetpack-slideshow jetpack-slideshow-black\" data-trans=\"fade\" data-autostart=\"1\" data-gallery=\"[{&quot;src&quot;:&quot;https:\\\/\\\/cloud.alqueria.es\\\/wp-content\\\/uploads\\\/sites\\\/9\\\/2023\\\/11\\\/PHOTO-2023-11-22-15-21-40-14.jpg&quot;,&quot;id&quot;:&quot;66806&quot;,&quot;title&quot;:&quot;PHOTO-2023-11-22-15-21-40 14&quot;,&quot;alt&quot;:&quot;&quot;,&quot;caption&quot;:&quot;&quot;,&quot;itemprop&quot;:&quot;image&quot;},{&quot;src&quot;:&quot;https:\\\/\\\/cloud.alqueria.es\\\/wp-content\\\/uploads\\\/sites\\\/9\\\/2023\\\/11\\\/PHOTO-2023-11-22-15-21-40-15.jpg&quot;,&quot;id&quot;:&quot;66805&quot;,&quot;title&quot;:&quot;PHOTO-2023-11-22-15-21-40 15&quot;,&quot;alt&quot;:&quot;&quot;,&quot;caption&quot;:&quot;&quot;,&quot;itemprop&quot;:&quot;image&quot;},{&quot;src&quot;:&quot;https:\\\/\\\/cloud.alqueria.es\\\/wp-content\\\/uploads\\\/sites\\\/9\\\/2023\\\/11\\\/PHOTO-2023-11-22-15-21-40-16.jpg&quot;,&quot;id&quot;:&quot;66804&quot;,&quot;title&quot;:&quot;PHOTO-2023-11-22-15-21-40 16&quot;,&quot;alt&quot;:&quot;&quot;,&quot;caption&quot;:&quot;&quot;,&quot;itemprop&quot;:&quot;image&quot;},{&quot;src&quot;:&quot;https:\\\/\\\/cloud.alqueria.es\\\/wp-content\\\/uploads\\\/sites\\\/9\\\/2023\\\/11\\\/PHOTO-2023-11-22-15-21-40-17.jpg&quot;,&quot;id&quot;:&quot;66803&quot;,&quot;title&quot;:&quot;PHOTO-2023-11-22-15-21-40 17&quot;,&quot;alt&quot;:&quot;&quot;,&quot;caption&quot;:&quot;&quot;,&quot;itemprop&quot;:&quot;image&quot;},{&quot;src&quot;:&quot;https:\\\/\\\/cloud.alqueria.es\\\/wp-content\\\/uploads\\\/sites\\\/9\\\/2023\\\/11\\\/PHOTO-2023-11-22-15-21-40-18.jpg&quot;,&quot;id&quot;:&quot;66802&quot;,&quot;title&quot;:&quot;PHOTO-2023-11-22-15-21-40 18&quot;,&quot;alt&quot;:&quot;&quot;,&quot;caption&quot;:&quot;&quot;,&quot;itemprop&quot;:&quot;image&quot;},{&quot;src&quot;:&quot;https:\\\/\\\/cloud.alqueria.es\\\/wp-content\\\/uploads\\\/sites\\\/9\\\/2023\\\/11\\\/PHOTO-2023-11-22-15-21-40-19.jpg&quot;,&quot;id&quot;:&quot;66801&quot;,&quot;title&quot;:&quot;PHOTO-2023-11-22-15-21-40 19&quot;,&quot;alt&quot;:&quot;&quot;,&quot;caption&quot;:&quot;&quot;,&quot;itemprop&quot;:&quot;image&quot;},{&quot;src&quot;:&quot;https:\\\/\\\/cloud.alqueria.es\\\/wp-content\\\/uploads\\\/sites\\\/9\\\/2023\\\/11\\\/PHOTO-2023-11-22-15-21-40-20.jpg&quot;,&quot;id&quot;:&quot;66800&quot;,&quot;title&quot;:&quot;PHOTO-2023-11-22-15-21-40 20&quot;,&quot;alt&quot;:&quot;&quot;,&quot;caption&quot;:&quot;&quot;,&quot;itemprop&quot;:&quot;image&quot;},{&quot;src&quot;:&quot;https:\\\/\\\/cloud.alqueria.es\\\/wp-content\\\/uploads\\\/sites\\\/9\\\/2023\\\/11\\\/PHOTO-2023-11-22-15-22-32-2.jpg&quot;,&quot;id&quot;:&quot;66798&quot;,&quot;title&quot;:&quot;PHOTO-2023-11-22-15-22-32 2&quot;,&quot;alt&quot;:&quot;&quot;,&quot;caption&quot;:&quot;&quot;,&quot;itemprop&quot;:&quot;image&quot;},{&quot;src&quot;:&quot;https:\\\/\\\/cloud.alqueria.es\\\/wp-content\\\/uploads\\\/sites\\\/9\\\/2023\\\/11\\\/PHOTO-2023-11-22-15-22-32-3.jpg&quot;,&quot;id&quot;:&quot;66797&quot;,&quot;title&quot;:&quot;PHOTO-2023-11-22-15-22-32 3&quot;,&quot;alt&quot;:&quot;&quot;,&quot;caption&quot;:&quot;&quot;,&quot;itemprop&quot;:&quot;image&quot;},{&quot;src&quot;:&quot;https:\\\/\\\/cloud.alqueria.es\\\/wp-content\\\/uploads\\\/sites\\\/9\\\/2023\\\/11\\\/PHOTO-2023-11-22-15-22-32-4.jpg&quot;,&quot;id&quot;:&quot;66796&quot;,&quot;title&quot;:&quot;PHOTO-2023-11-22-15-22-32 4&quot;,&quot;alt&quot;:&quot;&quot;,&quot;caption&quot;:&quot;&quot;,&quot;itemprop&quot;:&quot;image&quot;},{&quot;src&quot;:&quot;https:\\\/\\\/cloud.alqueria.es\\\/wp-content\\\/uploads\\\/sites\\\/9\\\/2023\\\/11\\\/PHOTO-2023-11-22-15-22-32-5.jpg&quot;,&quot;id&quot;:&quot;66795&quot;,&quot;title&quot;:&quot;PHOTO-2023-11-22-15-22-32 5&quot;,&quot;alt&quot;:&quot;&quot;,&quot;caption&quot;:&quot;&quot;,&quot;itemprop&quot;:&quot;image&quot;},{&quot;src&quot;:&quot;https:\\\/\\\/cloud.alqueria.es\\\/wp-content\\\/uploads\\\/sites\\\/9\\\/2023\\\/11\\\/PHOTO-2023-11-22-15-22-32-6.jpg&quot;,&quot;id&quot;:&quot;66794&quot;,&quot;title&quot;:&quot;PHOTO-2023-11-22-15-22-32 6&quot;,&quot;alt&quot;:&quot;&quot;,&quot;caption&quot;:&quot;&quot;,&quot;itemprop&quot;:&quot;image&quot;},{&quot;src&quot;:&quot;https:\\\/\\\/cloud.alqueria.es\\\/wp-content\\\/uploads\\\/sites\\\/9\\\/2023\\\/11\\\/PHOTO-2023-11-22-15-22-32-7.jpg&quot;,&quot;id&quot;:&quot;66793&quot;,&quot;title&quot;:&quot;PHOTO-2023-11-22-15-22-32 7&quot;,&quot;alt&quot;:&quot;&quot;,&quot;caption&quot;:&quot;&quot;,&quot;itemprop&quot;:&quot;image&quot;},{&quot;src&quot;:&quot;https:\\\/\\\/cloud.alqueria.es\\\/wp-content\\\/uploads\\\/sites\\\/9\\\/2023\\\/11\\\/PHOTO-2023-11-22-15-22-32-8.jpg&quot;,&quot;id&quot;:&quot;66792&quot;,&quot;title&quot;:&quot;PHOTO-2023-11-22-15-22-32 8&quot;,&quot;alt&quot;:&quot;&quot;,&quot;caption&quot;:&quot;&quot;,&quot;itemprop&quot;:&quot;image&quot;},{&quot;src&quot;:&quot;https:\\\/\\\/cloud.alqueria.es\\\/wp-content\\\/uploads\\\/sites\\\/9\\\/2023\\\/11\\\/PHOTO-2023-11-22-15-22-32-9.jpg&quot;,&quot;id&quot;:&quot;66791&quot;,&quot;title&quot;:&quot;PHOTO-2023-11-22-15-22-32 9&quot;,&quot;alt&quot;:&quot;&quot;,&quot;caption&quot;:&quot;&quot;,&quot;itemprop&quot;:&quot;image&quot;},{&quot;src&quot;:&quot;https:\\\/\\\/cloud.alqueria.es\\\/wp-content\\\/uploads\\\/sites\\\/9\\\/2023\\\/11\\\/PHOTO-2023-11-22-15-22-32-10.jpg&quot;,&quot;id&quot;:&quot;66790&quot;,&quot;title&quot;:&quot;PHOTO-2023-11-22-15-22-32 10&quot;,&quot;alt&quot;:&quot;&quot;,&quot;caption&quot;:&quot;&quot;,&quot;itemprop&quot;:&quot;image&quot;},{&quot;src&quot;:&quot;https:\\\/\\\/cloud.alqueria.es\\\/wp-content\\\/uploads\\\/sites\\\/9\\\/2023\\\/11\\\/PHOTO-2023-11-22-15-22-32-11.jpg&quot;,&quot;id&quot;:&quot;66789&quot;,&quot;title&quot;:&quot;PHOTO-2023-11-22-15-22-32 11&quot;,&quot;alt&quot;:&quot;&quot;,&quot;caption&quot;:&quot;&quot;,&quot;itemprop&quot;:&quot;image&quot;}]\" itemscope itemtype=\"https:\/\/schema.org\/ImageGallery\"><\/div>\n<p>&nbsp;<\/p>\n<p><a href=\"https:\/\/vimeo.com\/887294092\">https:\/\/vimeo.com\/887294092<\/a><\/p>\n<p>Despu\u00e9s del maravilloso cuenta-cuentos reponemos fuerzas con unas ricas <strong>galletas<\/strong>.<\/p>\n<p><img decoding=\"async\" data-attachment-id=\"66788\" data-permalink=\"https:\/\/www.alqueria.es\/blogs\/alqueriaamarillanaranja\/2023\/11\/22\/salida-a-la-biblioteca-de-la-chana-2\/photo-2023-11-22-15-22-32-12\/\" data-orig-file=\"https:\/\/cloud.alqueria.es\/wp-content\/uploads\/sites\/9\/2023\/11\/PHOTO-2023-11-22-15-22-32-12.jpg\" data-orig-size=\"1024,768\" data-comments-opened=\"1\" data-image-meta=\"{&quot;aperture&quot;:&quot;0&quot;,&quot;credit&quot;:&quot;&quot;,&quot;camera&quot;:&quot;&quot;,&quot;caption&quot;:&quot;&quot;,&quot;created_timestamp&quot;:&quot;0&quot;,&quot;copyright&quot;:&quot;&quot;,&quot;focal_length&quot;:&quot;0&quot;,&quot;iso&quot;:&quot;0&quot;,&quot;shutter_speed&quot;:&quot;0&quot;,&quot;title&quot;:&quot;&quot;,&quot;orientation&quot;:&quot;0&quot;}\" data-image-title=\"PHOTO-2023-11-22-15-22-32 12\" data-image-description=\"\" data-image-caption=\"\" data-large-file=\"https:\/\/cloud.alqueria.es\/wp-content\/uploads\/sites\/9\/2023\/11\/PHOTO-2023-11-22-15-22-32-12.jpg\" class=\"aligncenter size-full wp-image-66788\" src=\"https:\/\/cloud.alqueria.es\/wp-content\/uploads\/sites\/9\/2023\/11\/PHOTO-2023-11-22-15-22-32-12.jpg\" alt=\"\" width=\"1024\" height=\"768\" srcset=\"https:\/\/cloud.alqueria.es\/wp-content\/uploads\/sites\/9\/2023\/11\/PHOTO-2023-11-22-15-22-32-12.jpg 1024w, https:\/\/cloud.alqueria.es\/wp-content\/uploads\/sites\/9\/2023\/11\/PHOTO-2023-11-22-15-22-32-12-300x225.jpg 300w, https:\/\/cloud.alqueria.es\/wp-content\/uploads\/sites\/9\/2023\/11\/PHOTO-2023-11-22-15-22-32-12-768x576.jpg 768w\" sizes=\"(max-width: 1024px) 100vw, 1024px\" \/><\/p>\n<p>Y seguidamente pasamos <strong>a la sala de la biblioteca<\/strong> donde nos ense\u00f1a los diferentes espacios, nos indica d\u00f3nde est\u00e1n ubicados los libros adecuados para nuestra edad y nos habla del servicio de pr\u00e9stamo.\u00a0Hemos disfrutado de un ratito de lectura cogiendo aquellos cuentos que nos llaman m\u00e1s la atenci\u00f3n.<\/p>\n<div class=\"tiled-gallery type-square tiled-gallery-unresized\" data-original-width=\"474\" data-carousel-extra='{&quot;blog_id&quot;:9,&quot;permalink&quot;:&quot;https:\\\/\\\/www.alqueria.es\\\/blogs\\\/alqueriaamarillanaranja\\\/2023\\\/11\\\/22\\\/salida-a-la-biblioteca-de-la-chana-2\\\/&quot;,&quot;likes_blog_id&quot;:64271688}' itemscope itemtype=\"http:\/\/schema.org\/ImageGallery\" > <div class=\"gallery-row\" style=\"width: 474px; height: 474px;\" data-original-width=\"474\" data-original-height=\"474\" > <div class=\"gallery-group\" style=\"width: 474px; height: 474px;\" data-original-width=\"474\" data-original-height=\"474\" > <div class=\"tiled-gallery-item \" itemprop=\"associatedMedia\" itemscope itemtype=\"http:\/\/schema.org\/ImageObject\"> <a href=\"https:\/\/www.alqueria.es\/blogs\/alqueriaamarillanaranja\/2023\/11\/22\/salida-a-la-biblioteca-de-la-chana-2\/photo-2023-11-22-15-22-32-13\/\" border=\"0\" itemprop=\"url\"> <meta itemprop=\"width\" content=\"470\"> <meta itemprop=\"height\" content=\"470\"> <img decoding=\"async\" class=\"\" data-attachment-id=\"66787\" data-orig-file=\"https:\/\/cloud.alqueria.es\/wp-content\/uploads\/sites\/9\/2023\/11\/PHOTO-2023-11-22-15-22-32-13.jpg\" data-orig-size=\"1024,768\" data-comments-opened=\"1\" data-image-meta=\"{&quot;aperture&quot;:&quot;0&quot;,&quot;credit&quot;:&quot;&quot;,&quot;camera&quot;:&quot;&quot;,&quot;caption&quot;:&quot;&quot;,&quot;created_timestamp&quot;:&quot;0&quot;,&quot;copyright&quot;:&quot;&quot;,&quot;focal_length&quot;:&quot;0&quot;,&quot;iso&quot;:&quot;0&quot;,&quot;shutter_speed&quot;:&quot;0&quot;,&quot;title&quot;:&quot;&quot;,&quot;orientation&quot;:&quot;0&quot;}\" data-image-title=\"PHOTO-2023-11-22-15-22-32 13\" data-image-description=\"\" data-medium-file=\"https:\/\/cloud.alqueria.es\/wp-content\/uploads\/sites\/9\/2023\/11\/PHOTO-2023-11-22-15-22-32-13-300x225.jpg\" data-large-file=\"https:\/\/cloud.alqueria.es\/wp-content\/uploads\/sites\/9\/2023\/11\/PHOTO-2023-11-22-15-22-32-13.jpg\" src=\"https:\/\/i0.wp.com\/cloud.alqueria.es\/wp-content\/uploads\/sites\/9\/2023\/11\/PHOTO-2023-11-22-15-22-32-13.jpg?w=470&#038;h=470&#038;crop=1&#038;ssl=1\" width=\"470\" height=\"470\" loading=\"lazy\" data-original-width=\"470\" data-original-height=\"470\" itemprop=\"http:\/\/schema.org\/image\" title=\"PHOTO-2023-11-22-15-22-32 13\" alt=\"PHOTO-2023-11-22-15-22-32 13\" style=\"width: 470px; height: 470px;\" \/> <\/a> <\/div> <\/div> <\/div> <div class=\"gallery-row\" style=\"width: 474px; height: 158px;\" data-original-width=\"474\" data-original-height=\"158\" > <div class=\"gallery-group\" style=\"width: 158px; height: 158px;\" data-original-width=\"158\" data-original-height=\"158\" > <div class=\"tiled-gallery-item \" itemprop=\"associatedMedia\" itemscope itemtype=\"http:\/\/schema.org\/ImageObject\"> <a href=\"https:\/\/www.alqueria.es\/blogs\/alqueriaamarillanaranja\/2023\/11\/22\/salida-a-la-biblioteca-de-la-chana-2\/photo-2023-11-22-15-22-32-14\/\" border=\"0\" itemprop=\"url\"> <meta itemprop=\"width\" content=\"154\"> <meta itemprop=\"height\" content=\"154\"> <img decoding=\"async\" class=\"\" data-attachment-id=\"66786\" data-orig-file=\"https:\/\/cloud.alqueria.es\/wp-content\/uploads\/sites\/9\/2023\/11\/PHOTO-2023-11-22-15-22-32-14.jpg\" data-orig-size=\"1024,768\" data-comments-opened=\"1\" data-image-meta=\"{&quot;aperture&quot;:&quot;0&quot;,&quot;credit&quot;:&quot;&quot;,&quot;camera&quot;:&quot;&quot;,&quot;caption&quot;:&quot;&quot;,&quot;created_timestamp&quot;:&quot;0&quot;,&quot;copyright&quot;:&quot;&quot;,&quot;focal_length&quot;:&quot;0&quot;,&quot;iso&quot;:&quot;0&quot;,&quot;shutter_speed&quot;:&quot;0&quot;,&quot;title&quot;:&quot;&quot;,&quot;orientation&quot;:&quot;0&quot;}\" data-image-title=\"PHOTO-2023-11-22-15-22-32 14\" data-image-description=\"\" data-medium-file=\"https:\/\/cloud.alqueria.es\/wp-content\/uploads\/sites\/9\/2023\/11\/PHOTO-2023-11-22-15-22-32-14-300x225.jpg\" data-large-file=\"https:\/\/cloud.alqueria.es\/wp-content\/uploads\/sites\/9\/2023\/11\/PHOTO-2023-11-22-15-22-32-14.jpg\" src=\"https:\/\/i0.wp.com\/cloud.alqueria.es\/wp-content\/uploads\/sites\/9\/2023\/11\/PHOTO-2023-11-22-15-22-32-14.jpg?w=154&#038;h=154&#038;crop=1&#038;ssl=1\" width=\"154\" height=\"154\" loading=\"lazy\" data-original-width=\"154\" data-original-height=\"154\" itemprop=\"http:\/\/schema.org\/image\" title=\"PHOTO-2023-11-22-15-22-32 14\" alt=\"PHOTO-2023-11-22-15-22-32 14\" style=\"width: 154px; height: 154px;\" \/> <\/a> <\/div> <\/div> <div class=\"gallery-group\" style=\"width: 158px; height: 158px;\" data-original-width=\"158\" data-original-height=\"158\" > <div class=\"tiled-gallery-item \" itemprop=\"associatedMedia\" itemscope itemtype=\"http:\/\/schema.org\/ImageObject\"> <a href=\"https:\/\/www.alqueria.es\/blogs\/alqueriaamarillanaranja\/2023\/11\/22\/salida-a-la-biblioteca-de-la-chana-2\/photo-2023-11-22-15-22-32-15\/\" border=\"0\" itemprop=\"url\"> <meta itemprop=\"width\" content=\"154\"> <meta itemprop=\"height\" content=\"154\"> <img decoding=\"async\" class=\"\" data-attachment-id=\"66785\" data-orig-file=\"https:\/\/cloud.alqueria.es\/wp-content\/uploads\/sites\/9\/2023\/11\/PHOTO-2023-11-22-15-22-32-15.jpg\" data-orig-size=\"1024,768\" data-comments-opened=\"1\" data-image-meta=\"{&quot;aperture&quot;:&quot;0&quot;,&quot;credit&quot;:&quot;&quot;,&quot;camera&quot;:&quot;&quot;,&quot;caption&quot;:&quot;&quot;,&quot;created_timestamp&quot;:&quot;0&quot;,&quot;copyright&quot;:&quot;&quot;,&quot;focal_length&quot;:&quot;0&quot;,&quot;iso&quot;:&quot;0&quot;,&quot;shutter_speed&quot;:&quot;0&quot;,&quot;title&quot;:&quot;&quot;,&quot;orientation&quot;:&quot;0&quot;}\" data-image-title=\"PHOTO-2023-11-22-15-22-32 15\" data-image-description=\"\" data-medium-file=\"https:\/\/cloud.alqueria.es\/wp-content\/uploads\/sites\/9\/2023\/11\/PHOTO-2023-11-22-15-22-32-15-300x225.jpg\" data-large-file=\"https:\/\/cloud.alqueria.es\/wp-content\/uploads\/sites\/9\/2023\/11\/PHOTO-2023-11-22-15-22-32-15.jpg\" src=\"https:\/\/i0.wp.com\/cloud.alqueria.es\/wp-content\/uploads\/sites\/9\/2023\/11\/PHOTO-2023-11-22-15-22-32-15.jpg?w=154&#038;h=154&#038;crop=1&#038;ssl=1\" width=\"154\" height=\"154\" loading=\"lazy\" data-original-width=\"154\" data-original-height=\"154\" itemprop=\"http:\/\/schema.org\/image\" title=\"PHOTO-2023-11-22-15-22-32 15\" alt=\"PHOTO-2023-11-22-15-22-32 15\" style=\"width: 154px; height: 154px;\" \/> <\/a> <\/div> <\/div> <div class=\"gallery-group\" style=\"width: 158px; height: 158px;\" data-original-width=\"158\" data-original-height=\"158\" > <div class=\"tiled-gallery-item \" itemprop=\"associatedMedia\" itemscope itemtype=\"http:\/\/schema.org\/ImageObject\"> <a href=\"https:\/\/www.alqueria.es\/blogs\/alqueriaamarillanaranja\/2023\/11\/22\/salida-a-la-biblioteca-de-la-chana-2\/photo-2023-11-22-15-22-32-16\/\" border=\"0\" itemprop=\"url\"> <meta itemprop=\"width\" content=\"154\"> <meta itemprop=\"height\" content=\"154\"> <img decoding=\"async\" class=\"\" data-attachment-id=\"66784\" data-orig-file=\"https:\/\/cloud.alqueria.es\/wp-content\/uploads\/sites\/9\/2023\/11\/PHOTO-2023-11-22-15-22-32-16.jpg\" data-orig-size=\"1024,768\" data-comments-opened=\"1\" data-image-meta=\"{&quot;aperture&quot;:&quot;0&quot;,&quot;credit&quot;:&quot;&quot;,&quot;camera&quot;:&quot;&quot;,&quot;caption&quot;:&quot;&quot;,&quot;created_timestamp&quot;:&quot;0&quot;,&quot;copyright&quot;:&quot;&quot;,&quot;focal_length&quot;:&quot;0&quot;,&quot;iso&quot;:&quot;0&quot;,&quot;shutter_speed&quot;:&quot;0&quot;,&quot;title&quot;:&quot;&quot;,&quot;orientation&quot;:&quot;0&quot;}\" data-image-title=\"PHOTO-2023-11-22-15-22-32 16\" data-image-description=\"\" data-medium-file=\"https:\/\/cloud.alqueria.es\/wp-content\/uploads\/sites\/9\/2023\/11\/PHOTO-2023-11-22-15-22-32-16-300x225.jpg\" data-large-file=\"https:\/\/cloud.alqueria.es\/wp-content\/uploads\/sites\/9\/2023\/11\/PHOTO-2023-11-22-15-22-32-16.jpg\" src=\"https:\/\/i0.wp.com\/cloud.alqueria.es\/wp-content\/uploads\/sites\/9\/2023\/11\/PHOTO-2023-11-22-15-22-32-16.jpg?w=154&#038;h=154&#038;crop=1&#038;ssl=1\" width=\"154\" height=\"154\" loading=\"lazy\" data-original-width=\"154\" data-original-height=\"154\" itemprop=\"http:\/\/schema.org\/image\" title=\"PHOTO-2023-11-22-15-22-32 16\" alt=\"PHOTO-2023-11-22-15-22-32 16\" style=\"width: 154px; height: 154px;\" \/> <\/a> <\/div> <\/div> <\/div> <div class=\"gallery-row\" style=\"width: 474px; height: 158px;\" data-original-width=\"474\" data-original-height=\"158\" > <div class=\"gallery-group\" style=\"width: 158px; height: 158px;\" data-original-width=\"158\" data-original-height=\"158\" > <div class=\"tiled-gallery-item \" itemprop=\"associatedMedia\" itemscope itemtype=\"http:\/\/schema.org\/ImageObject\"> <a href=\"https:\/\/www.alqueria.es\/blogs\/alqueriaamarillanaranja\/2023\/11\/22\/salida-a-la-biblioteca-de-la-chana-2\/photo-2023-11-22-15-22-32-17\/\" border=\"0\" itemprop=\"url\"> <meta itemprop=\"width\" content=\"154\"> <meta itemprop=\"height\" content=\"154\"> <img decoding=\"async\" class=\"\" data-attachment-id=\"66783\" data-orig-file=\"https:\/\/cloud.alqueria.es\/wp-content\/uploads\/sites\/9\/2023\/11\/PHOTO-2023-11-22-15-22-32-17.jpg\" data-orig-size=\"1024,768\" data-comments-opened=\"1\" data-image-meta=\"{&quot;aperture&quot;:&quot;0&quot;,&quot;credit&quot;:&quot;&quot;,&quot;camera&quot;:&quot;&quot;,&quot;caption&quot;:&quot;&quot;,&quot;created_timestamp&quot;:&quot;0&quot;,&quot;copyright&quot;:&quot;&quot;,&quot;focal_length&quot;:&quot;0&quot;,&quot;iso&quot;:&quot;0&quot;,&quot;shutter_speed&quot;:&quot;0&quot;,&quot;title&quot;:&quot;&quot;,&quot;orientation&quot;:&quot;0&quot;}\" data-image-title=\"PHOTO-2023-11-22-15-22-32 17\" data-image-description=\"\" data-medium-file=\"https:\/\/cloud.alqueria.es\/wp-content\/uploads\/sites\/9\/2023\/11\/PHOTO-2023-11-22-15-22-32-17-300x225.jpg\" data-large-file=\"https:\/\/cloud.alqueria.es\/wp-content\/uploads\/sites\/9\/2023\/11\/PHOTO-2023-11-22-15-22-32-17.jpg\" src=\"https:\/\/i0.wp.com\/cloud.alqueria.es\/wp-content\/uploads\/sites\/9\/2023\/11\/PHOTO-2023-11-22-15-22-32-17.jpg?w=154&#038;h=154&#038;crop=1&#038;ssl=1\" width=\"154\" height=\"154\" loading=\"lazy\" data-original-width=\"154\" data-original-height=\"154\" itemprop=\"http:\/\/schema.org\/image\" title=\"PHOTO-2023-11-22-15-22-32 17\" alt=\"PHOTO-2023-11-22-15-22-32 17\" style=\"width: 154px; height: 154px;\" \/> <\/a> <\/div> <\/div> <div class=\"gallery-group\" style=\"width: 158px; height: 158px;\" data-original-width=\"158\" data-original-height=\"158\" > <div class=\"tiled-gallery-item \" itemprop=\"associatedMedia\" itemscope itemtype=\"http:\/\/schema.org\/ImageObject\"> <a href=\"https:\/\/www.alqueria.es\/blogs\/alqueriaamarillanaranja\/2023\/11\/22\/salida-a-la-biblioteca-de-la-chana-2\/photo-2023-11-22-15-22-32-18\/\" border=\"0\" itemprop=\"url\"> <meta itemprop=\"width\" content=\"154\"> <meta itemprop=\"height\" content=\"154\"> <img decoding=\"async\" class=\"\" data-attachment-id=\"66782\" data-orig-file=\"https:\/\/cloud.alqueria.es\/wp-content\/uploads\/sites\/9\/2023\/11\/PHOTO-2023-11-22-15-22-32-18.jpg\" data-orig-size=\"1024,768\" data-comments-opened=\"1\" data-image-meta=\"{&quot;aperture&quot;:&quot;0&quot;,&quot;credit&quot;:&quot;&quot;,&quot;camera&quot;:&quot;&quot;,&quot;caption&quot;:&quot;&quot;,&quot;created_timestamp&quot;:&quot;0&quot;,&quot;copyright&quot;:&quot;&quot;,&quot;focal_length&quot;:&quot;0&quot;,&quot;iso&quot;:&quot;0&quot;,&quot;shutter_speed&quot;:&quot;0&quot;,&quot;title&quot;:&quot;&quot;,&quot;orientation&quot;:&quot;0&quot;}\" data-image-title=\"PHOTO-2023-11-22-15-22-32 18\" data-image-description=\"\" data-medium-file=\"https:\/\/cloud.alqueria.es\/wp-content\/uploads\/sites\/9\/2023\/11\/PHOTO-2023-11-22-15-22-32-18-300x225.jpg\" data-large-file=\"https:\/\/cloud.alqueria.es\/wp-content\/uploads\/sites\/9\/2023\/11\/PHOTO-2023-11-22-15-22-32-18.jpg\" src=\"https:\/\/i0.wp.com\/cloud.alqueria.es\/wp-content\/uploads\/sites\/9\/2023\/11\/PHOTO-2023-11-22-15-22-32-18.jpg?w=154&#038;h=154&#038;crop=1&#038;ssl=1\" width=\"154\" height=\"154\" loading=\"lazy\" data-original-width=\"154\" data-original-height=\"154\" itemprop=\"http:\/\/schema.org\/image\" title=\"PHOTO-2023-11-22-15-22-32 18\" alt=\"PHOTO-2023-11-22-15-22-32 18\" style=\"width: 154px; height: 154px;\" \/> <\/a> <\/div> <\/div> <div class=\"gallery-group\" style=\"width: 158px; height: 158px;\" data-original-width=\"158\" data-original-height=\"158\" > <div class=\"tiled-gallery-item \" itemprop=\"associatedMedia\" itemscope itemtype=\"http:\/\/schema.org\/ImageObject\"> <a href=\"https:\/\/www.alqueria.es\/blogs\/alqueriaamarillanaranja\/2023\/11\/22\/salida-a-la-biblioteca-de-la-chana-2\/photo-2023-11-22-15-22-32-19\/\" border=\"0\" itemprop=\"url\"> <meta itemprop=\"width\" content=\"154\"> <meta itemprop=\"height\" content=\"154\"> <img decoding=\"async\" class=\"\" data-attachment-id=\"66781\" data-orig-file=\"https:\/\/cloud.alqueria.es\/wp-content\/uploads\/sites\/9\/2023\/11\/PHOTO-2023-11-22-15-22-32-19.jpg\" data-orig-size=\"1024,768\" data-comments-opened=\"1\" data-image-meta=\"{&quot;aperture&quot;:&quot;0&quot;,&quot;credit&quot;:&quot;&quot;,&quot;camera&quot;:&quot;&quot;,&quot;caption&quot;:&quot;&quot;,&quot;created_timestamp&quot;:&quot;0&quot;,&quot;copyright&quot;:&quot;&quot;,&quot;focal_length&quot;:&quot;0&quot;,&quot;iso&quot;:&quot;0&quot;,&quot;shutter_speed&quot;:&quot;0&quot;,&quot;title&quot;:&quot;&quot;,&quot;orientation&quot;:&quot;0&quot;}\" data-image-title=\"PHOTO-2023-11-22-15-22-32 19\" data-image-description=\"\" data-medium-file=\"https:\/\/cloud.alqueria.es\/wp-content\/uploads\/sites\/9\/2023\/11\/PHOTO-2023-11-22-15-22-32-19-300x225.jpg\" data-large-file=\"https:\/\/cloud.alqueria.es\/wp-content\/uploads\/sites\/9\/2023\/11\/PHOTO-2023-11-22-15-22-32-19.jpg\" src=\"https:\/\/i0.wp.com\/cloud.alqueria.es\/wp-content\/uploads\/sites\/9\/2023\/11\/PHOTO-2023-11-22-15-22-32-19.jpg?w=154&#038;h=154&#038;crop=1&#038;ssl=1\" width=\"154\" height=\"154\" loading=\"lazy\" data-original-width=\"154\" data-original-height=\"154\" itemprop=\"http:\/\/schema.org\/image\" title=\"PHOTO-2023-11-22-15-22-32 19\" alt=\"PHOTO-2023-11-22-15-22-32 19\" style=\"width: 154px; height: 154px;\" \/> <\/a> <\/div> <\/div> <\/div> <\/div>\n<p>He de deciros que <strong>su comportamiento ha sido excepcional<\/strong>, Josefina nos ha felicitado y nos ha invitado a visitar la Biblioteca P\u00fablica de la Chana siempre que queramos. Le hemos dado las gracias por esta fabulosa ma\u00f1ana y por tratarnos tan bien.<\/p>\n<p><img decoding=\"async\" data-attachment-id=\"66780\" data-permalink=\"https:\/\/www.alqueria.es\/blogs\/alqueriaamarillanaranja\/2023\/11\/22\/salida-a-la-biblioteca-de-la-chana-2\/photo-2023-11-22-15-22-32-20\/\" data-orig-file=\"https:\/\/cloud.alqueria.es\/wp-content\/uploads\/sites\/9\/2023\/11\/PHOTO-2023-11-22-15-22-32-20.jpg\" data-orig-size=\"1024,512\" data-comments-opened=\"1\" data-image-meta=\"{&quot;aperture&quot;:&quot;0&quot;,&quot;credit&quot;:&quot;&quot;,&quot;camera&quot;:&quot;&quot;,&quot;caption&quot;:&quot;&quot;,&quot;created_timestamp&quot;:&quot;0&quot;,&quot;copyright&quot;:&quot;&quot;,&quot;focal_length&quot;:&quot;0&quot;,&quot;iso&quot;:&quot;0&quot;,&quot;shutter_speed&quot;:&quot;0&quot;,&quot;title&quot;:&quot;&quot;,&quot;orientation&quot;:&quot;0&quot;}\" data-image-title=\"PHOTO-2023-11-22-15-22-32 20\" data-image-description=\"\" data-image-caption=\"\" data-large-file=\"https:\/\/cloud.alqueria.es\/wp-content\/uploads\/sites\/9\/2023\/11\/PHOTO-2023-11-22-15-22-32-20.jpg\" class=\"aligncenter size-full wp-image-66780\" src=\"https:\/\/cloud.alqueria.es\/wp-content\/uploads\/sites\/9\/2023\/11\/PHOTO-2023-11-22-15-22-32-20.jpg\" alt=\"\" width=\"1024\" height=\"512\" srcset=\"https:\/\/cloud.alqueria.es\/wp-content\/uploads\/sites\/9\/2023\/11\/PHOTO-2023-11-22-15-22-32-20.jpg 1024w, https:\/\/cloud.alqueria.es\/wp-content\/uploads\/sites\/9\/2023\/11\/PHOTO-2023-11-22-15-22-32-20-300x150.jpg 300w, https:\/\/cloud.alqueria.es\/wp-content\/uploads\/sites\/9\/2023\/11\/PHOTO-2023-11-22-15-22-32-20-768x384.jpg 768w\" sizes=\"(max-width: 1024px) 100vw, 1024px\" \/><\/p>\n<p><em><br \/>\n<span style=\"color: #ff6600\"><strong>Recordad que el cuento es desde los primeros a\u00f1os de vida un instrumento que ayuda a construir s\u00f3lidas estructuras a la fantas\u00eda del ni\u00f1o reforzando la capacidad de imaginar. Los cuentos son una parte muy importante en el crecimiento y desarrollo de los ni\u00f1os. Cuando escuchan cuentos, cada uno imagina la historia y se va poniendo en el lugar de los personajes, as\u00ed va sintiendo sensaciones o emociones parecidas a ellos. Por ello, los cuentos benefician el desarrollo de la imaginaci\u00f3n del ni\u00f1o, as\u00ed como puede ser su sentido de la percepci\u00f3n y la sensibilidad, potenciando la empat\u00eda hac\u00eda los dem\u00e1s y ayudando a mejorar en sus relaciones sociales.<\/strong><\/span><\/em><\/p>\n<p><img decoding=\"async\" data-attachment-id=\"66820\" data-permalink=\"https:\/\/www.alqueria.es\/blogs\/alqueriaamarillanaranja\/2023\/11\/22\/salida-a-la-biblioteca-de-la-chana-2\/img_7239-3\/\" data-orig-file=\"https:\/\/cloud.alqueria.es\/wp-content\/uploads\/sites\/9\/2023\/11\/IMG_7239.jpg\" data-orig-size=\"960,1165\" data-comments-opened=\"1\" data-image-meta=\"{&quot;aperture&quot;:&quot;0&quot;,&quot;credit&quot;:&quot;&quot;,&quot;camera&quot;:&quot;&quot;,&quot;caption&quot;:&quot;&quot;,&quot;created_timestamp&quot;:&quot;1694388549&quot;,&quot;copyright&quot;:&quot;&quot;,&quot;focal_length&quot;:&quot;0&quot;,&quot;iso&quot;:&quot;0&quot;,&quot;shutter_speed&quot;:&quot;0&quot;,&quot;title&quot;:&quot;&quot;,&quot;orientation&quot;:&quot;1&quot;}\" data-image-title=\"IMG_7239\" data-image-description=\"\" data-image-caption=\"\" data-large-file=\"https:\/\/cloud.alqueria.es\/wp-content\/uploads\/sites\/9\/2023\/11\/IMG_7239-844x1024.jpg\" class=\"alignleft wp-image-66820 size-thumbnail\" src=\"https:\/\/cloud.alqueria.es\/wp-content\/uploads\/sites\/9\/2023\/11\/IMG_7239-150x150.jpg\" alt=\"\" width=\"150\" height=\"150\" \/><\/p>\n<p>&nbsp;<\/p>\n<p><strong>Estoy muy orgullosa de mis peque\u00f1os naranjitas<\/strong>.<\/p>\n<p>Espero que disfrut\u00e9is de nuestras fotos tanto como hemos disfrutado nosotros.<\/p>\n<p>Un abrazo,<\/p>\n<p>Eva.<\/p>\n<p>&nbsp;<\/p>\n<p>&nbsp;<\/p>\n<p>&nbsp;<\/p>\n","protected":false},"excerpt":{"rendered":"<p>Buenas tardes familias, Hoy ha sido un d\u00eda muy emocionante para la clase naranjita. Nuestra primera salida como grupo naranja, incluida dentro de nuestra programaci\u00f3n ya que est\u00e1 relacionada directamente con nuestro Proyecto de Lectura. Llegamos tempranito al colegio y con mucho entusiasmo, \u00a0tras pasar por el aseo para el control de esf\u00ednteres y ponernos &hellip; <a href=\"https:\/\/www.alqueria.es\/blogs\/alqueriaamarillanaranja\/2023\/11\/22\/salida-a-la-biblioteca-de-la-chana-2\/\" class=\"more-link\">Seguir leyendo <span class=\"screen-reader-text\">SALIDA A LA BIBLIOTECA DE LA CHANA.<\/span> <span class=\"meta-nav\">&rarr;<\/span><\/a><\/p>\n","protected":false},"author":23,"featured_media":0,"comment_status":"open","ping_status":"open","sticky":false,"template":"","format":"standard","meta":{"jetpack_post_was_ever_published":false,"_jetpack_newsletter_access":"","_jetpack_dont_email_post_to_subs":false,"_jetpack_newsletter_tier_id":0,"_jetpack_memberships_contains_paywalled_content":false,"_jetpack_memberships_contains_paid_content":false,"footnotes":"","jetpack_publicize_message":"","jetpack_publicize_feature_enabled":true,"jetpack_social_post_already_shared":true,"jetpack_social_options":{"image_generator_settings":{"template":"highway","default_image_id":0,"font":"","enabled":false},"version":2}},"categories":[7,8,694],"tags":[],"class_list":["post-66777","post","type-post","status-publish","format-standard","hentry","category-clase-naranja","category-diario","category-salidas-clase-naranja"],"jetpack_publicize_connections":[],"jetpack_featured_media_url":"","jetpack_sharing_enabled":true,"jetpack_shortlink":"https:\/\/wp.me\/p4lG08-hn3","jetpack-related-posts":[],"_links":{"self":[{"href":"https:\/\/www.alqueria.es\/blogs\/alqueriaamarillanaranja\/wp-json\/wp\/v2\/posts\/66777","targetHints":{"allow":["GET"]}}],"collection":[{"href":"https:\/\/www.alqueria.es\/blogs\/alqueriaamarillanaranja\/wp-json\/wp\/v2\/posts"}],"about":[{"href":"https:\/\/www.alqueria.es\/blogs\/alqueriaamarillanaranja\/wp-json\/wp\/v2\/types\/post"}],"author":[{"embeddable":true,"href":"https:\/\/www.alqueria.es\/blogs\/alqueriaamarillanaranja\/wp-json\/wp\/v2\/users\/23"}],"replies":[{"embeddable":true,"href":"https:\/\/www.alqueria.es\/blogs\/alqueriaamarillanaranja\/wp-json\/wp\/v2\/comments?post=66777"}],"version-history":[{"count":3,"href":"https:\/\/www.alqueria.es\/blogs\/alqueriaamarillanaranja\/wp-json\/wp\/v2\/posts\/66777\/revisions"}],"predecessor-version":[{"id":66824,"href":"https:\/\/www.alqueria.es\/blogs\/alqueriaamarillanaranja\/wp-json\/wp\/v2\/posts\/66777\/revisions\/66824"}],"wp:attachment":[{"href":"https:\/\/www.alqueria.es\/blogs\/alqueriaamarillanaranja\/wp-json\/wp\/v2\/media?parent=66777"}],"wp:term":[{"taxonomy":"category","embeddable":true,"href":"https:\/\/www.alqueria.es\/blogs\/alqueriaamarillanaranja\/wp-json\/wp\/v2\/categories?post=66777"},{"taxonomy":"post_tag","embeddable":true,"href":"https:\/\/www.alqueria.es\/blogs\/alqueriaamarillanaranja\/wp-json\/wp\/v2\/tags?post=66777"}],"curies":[{"name":"wp","href":"https:\/\/api.w.org\/{rel}","templated":true}]}}