{"id":6689,"date":"2013-10-17T10:00:37","date_gmt":"2013-10-17T08:00:37","guid":{"rendered":"http:\/\/alqueriaamarillanaranja.wordpress.com\/?p=6689"},"modified":"2013-10-17T10:00:37","modified_gmt":"2013-10-17T08:00:37","slug":"cancion-de-los-dias-de-la-semana-2","status":"publish","type":"post","link":"https:\/\/www.alqueria.es\/blogs\/alqueriaamarillanaranja\/2013\/10\/17\/cancion-de-los-dias-de-la-semana-2\/","title":{"rendered":"CANCI\u00d3N DE LOS D\u00cdAS DE LA SEMANA"},"content":{"rendered":"<p>Aqu\u00ed os cuelgo esta canci\u00f3n para que pod\u00e1is aprenderla, interpretada por el grupo naranja.<\/p>\n<p>\u00a1Qu\u00e9 artistas tengo en clase!<\/p>\n<p> &lt;a href=\u00bb<a href=\"http:\/\/www.ivoox.com\/cancion-dias-semana-audios-mp3_rf_2451815_1.html\">http:\/\/www.ivoox.com\/cancion-dias-semana-audios-mp3_rf_2451815_1.html<\/a>\u00bb title=\u00bbcanci\u00f3n dias de la semana\u00bb&gt;Ir a descargar&lt;\/a&gt;<\/p>\n<p>Carmen Jim\u00e9nez<\/p>\n","protected":false},"excerpt":{"rendered":"<p>Aqu\u00ed os cuelgo esta canci\u00f3n para que pod\u00e1is aprenderla, interpretada por el grupo naranja. \u00a1Qu\u00e9 artistas tengo en clase! &lt;a href=\u00bbhttp:\/\/www.ivoox.com\/cancion-dias-semana-audios-mp3_rf_2451815_1.html\u00bb title=\u00bbcanci\u00f3n dias de la semana\u00bb&gt;Ir a descargar&lt;\/a&gt; Carmen Jim\u00e9nez<\/p>\n","protected":false},"author":23,"featured_media":0,"comment_status":"open","ping_status":"open","sticky":false,"template":"","format":"standard","meta":{"jetpack_post_was_ever_published":false,"_jetpack_newsletter_access":"","_jetpack_dont_email_post_to_subs":false,"_jetpack_newsletter_tier_id":0,"_jetpack_memberships_contains_paywalled_content":false,"_jetpack_memberships_contains_paid_content":false,"footnotes":"","jetpack_publicize_message":"","jetpack_publicize_feature_enabled":true,"jetpack_social_post_already_shared":true,"jetpack_social_options":{"image_generator_settings":{"template":"highway","default_image_id":0,"font":"","enabled":false},"version":2}},"categories":[16],"tags":[],"class_list":["post-6689","post","type-post","status-publish","format-standard","hentry","category-noticias"],"jetpack_publicize_connections":[],"jetpack_featured_media_url":"","jetpack_sharing_enabled":true,"jetpack_shortlink":"https:\/\/wp.me\/p4lG08-1JT","jetpack-related-posts":[],"_links":{"self":[{"href":"https:\/\/www.alqueria.es\/blogs\/alqueriaamarillanaranja\/wp-json\/wp\/v2\/posts\/6689","targetHints":{"allow":["GET"]}}],"collection":[{"href":"https:\/\/www.alqueria.es\/blogs\/alqueriaamarillanaranja\/wp-json\/wp\/v2\/posts"}],"about":[{"href":"https:\/\/www.alqueria.es\/blogs\/alqueriaamarillanaranja\/wp-json\/wp\/v2\/types\/post"}],"author":[{"embeddable":true,"href":"https:\/\/www.alqueria.es\/blogs\/alqueriaamarillanaranja\/wp-json\/wp\/v2\/users\/23"}],"replies":[{"embeddable":true,"href":"https:\/\/www.alqueria.es\/blogs\/alqueriaamarillanaranja\/wp-json\/wp\/v2\/comments?post=6689"}],"version-history":[{"count":0,"href":"https:\/\/www.alqueria.es\/blogs\/alqueriaamarillanaranja\/wp-json\/wp\/v2\/posts\/6689\/revisions"}],"wp:attachment":[{"href":"https:\/\/www.alqueria.es\/blogs\/alqueriaamarillanaranja\/wp-json\/wp\/v2\/media?parent=6689"}],"wp:term":[{"taxonomy":"category","embeddable":true,"href":"https:\/\/www.alqueria.es\/blogs\/alqueriaamarillanaranja\/wp-json\/wp\/v2\/categories?post=6689"},{"taxonomy":"post_tag","embeddable":true,"href":"https:\/\/www.alqueria.es\/blogs\/alqueriaamarillanaranja\/wp-json\/wp\/v2\/tags?post=6689"}],"curies":[{"name":"wp","href":"https:\/\/api.w.org\/{rel}","templated":true}]}}