{"id":67181,"date":"2023-12-11T17:29:51","date_gmt":"2023-12-11T16:29:51","guid":{"rendered":"https:\/\/www.alqueria.es\/blogs\/alqueriaamarillanaranja\/?p=67181"},"modified":"2023-12-11T17:29:51","modified_gmt":"2023-12-11T16:29:51","slug":"comenzamos-semana-en-la-clase-amarilla","status":"publish","type":"post","link":"https:\/\/www.alqueria.es\/blogs\/alqueriaamarillanaranja\/2023\/12\/11\/comenzamos-semana-en-la-clase-amarilla\/","title":{"rendered":"COMENZAMOS SEMANA EN LA CLASE AMARILLA"},"content":{"rendered":"<p>Hola familias,<\/p>\n<p>Tras estos d\u00edas festivos, hoy ven\u00edan con muchas cosas que hablar. Cada vez son m\u00e1s los que van participando en la Asamblea y se acuerdan de situaciones y hechos que para ellos han sido importantes estos d\u00edas sin cole y que comienzan a memorizar. Leemos las cartas y recordamos muchas cosas que hemos vivenciado: viajes a Madrid, a la playa, con los abuelos, decorando la casa, las travesuras de los Elfos&#8230;.<\/p>\n<p><img decoding=\"async\" data-attachment-id=\"67183\" data-permalink=\"https:\/\/www.alqueria.es\/blogs\/alqueriaamarillanaranja\/2023\/12\/11\/comenzamos-semana-en-la-clase-amarilla\/20231211_100552\/\" data-orig-file=\"https:\/\/cloud.alqueria.es\/wp-content\/uploads\/sites\/9\/2023\/12\/20231211_100552.jpg\" data-orig-size=\"1600,900\" data-comments-opened=\"1\" data-image-meta=\"{&quot;aperture&quot;:&quot;2&quot;,&quot;credit&quot;:&quot;&quot;,&quot;camera&quot;:&quot;SM-A127F&quot;,&quot;caption&quot;:&quot;&quot;,&quot;created_timestamp&quot;:&quot;1702289152&quot;,&quot;copyright&quot;:&quot;&quot;,&quot;focal_length&quot;:&quot;4.6&quot;,&quot;iso&quot;:&quot;200&quot;,&quot;shutter_speed&quot;:&quot;0.02&quot;,&quot;title&quot;:&quot;&quot;,&quot;orientation&quot;:&quot;1&quot;}\" data-image-title=\"20231211_100552\" data-image-description=\"\" data-image-caption=\"\" data-large-file=\"https:\/\/cloud.alqueria.es\/wp-content\/uploads\/sites\/9\/2023\/12\/20231211_100552-1024x576.jpg\" class=\"alignleft size-medium wp-image-67183\" src=\"https:\/\/cloud.alqueria.es\/wp-content\/uploads\/sites\/9\/2023\/12\/20231211_100552-300x169.jpg\" alt=\"\" width=\"300\" height=\"169\" srcset=\"https:\/\/cloud.alqueria.es\/wp-content\/uploads\/sites\/9\/2023\/12\/20231211_100552-300x169.jpg 300w, https:\/\/cloud.alqueria.es\/wp-content\/uploads\/sites\/9\/2023\/12\/20231211_100552-1024x576.jpg 1024w, https:\/\/cloud.alqueria.es\/wp-content\/uploads\/sites\/9\/2023\/12\/20231211_100552-768x432.jpg 768w, https:\/\/cloud.alqueria.es\/wp-content\/uploads\/sites\/9\/2023\/12\/20231211_100552-1536x864.jpg 1536w, https:\/\/cloud.alqueria.es\/wp-content\/uploads\/sites\/9\/2023\/12\/20231211_100552.jpg 1600w\" sizes=\"(max-width: 300px) 100vw, 300px\" \/>Hoy tenemos nuestra sesi\u00f3n de <strong><span style=\"color: #ff00ff\">Ingl\u00e9s con B\u00e1rbara<\/span><\/strong> por lo que os voy a hablar de la importancia del aprendizaje de un nuevo idioma en la etapa infantil. Como sab\u00e9is en nuestro proyecto desde la clase celeste y azul (0-2 a\u00f1os), introducimos el aprendizaje de este idioma de una manera din\u00e1mica y motivadora respetando las rutinas y actividades propias de estas edades.<\/p>\n<p><img decoding=\"async\" data-attachment-id=\"67182\" data-permalink=\"https:\/\/www.alqueria.es\/blogs\/alqueriaamarillanaranja\/2023\/12\/11\/comenzamos-semana-en-la-clase-amarilla\/20231211_100516\/\" data-orig-file=\"https:\/\/cloud.alqueria.es\/wp-content\/uploads\/sites\/9\/2023\/12\/20231211_100516.jpg\" data-orig-size=\"1412,900\" data-comments-opened=\"1\" data-image-meta=\"{&quot;aperture&quot;:&quot;2&quot;,&quot;credit&quot;:&quot;&quot;,&quot;camera&quot;:&quot;SM-A127F&quot;,&quot;caption&quot;:&quot;&quot;,&quot;created_timestamp&quot;:&quot;1702289117&quot;,&quot;copyright&quot;:&quot;&quot;,&quot;focal_length&quot;:&quot;4.6&quot;,&quot;iso&quot;:&quot;200&quot;,&quot;shutter_speed&quot;:&quot;0.02&quot;,&quot;title&quot;:&quot;&quot;,&quot;orientation&quot;:&quot;1&quot;}\" data-image-title=\"20231211_100516\" data-image-description=\"\" data-image-caption=\"\" data-large-file=\"https:\/\/cloud.alqueria.es\/wp-content\/uploads\/sites\/9\/2023\/12\/20231211_100516-1024x653.jpg\" class=\"aligncenter size-full wp-image-67182\" src=\"https:\/\/cloud.alqueria.es\/wp-content\/uploads\/sites\/9\/2023\/12\/20231211_100516.jpg\" alt=\"\" width=\"1412\" height=\"900\" srcset=\"https:\/\/cloud.alqueria.es\/wp-content\/uploads\/sites\/9\/2023\/12\/20231211_100516.jpg 1412w, https:\/\/cloud.alqueria.es\/wp-content\/uploads\/sites\/9\/2023\/12\/20231211_100516-300x191.jpg 300w, https:\/\/cloud.alqueria.es\/wp-content\/uploads\/sites\/9\/2023\/12\/20231211_100516-1024x653.jpg 1024w, https:\/\/cloud.alqueria.es\/wp-content\/uploads\/sites\/9\/2023\/12\/20231211_100516-768x490.jpg 768w\" sizes=\"(max-width: 1412px) 100vw, 1412px\" \/><\/p>\n<p>Entre los objetivos pretendemos:<\/p>\n<ul>\n<li>Que los ni\u00f1os se familiaricen con la comunicaci\u00f3n en ingl\u00e9s a un nivel sencillo.<\/li>\n<li>Que\u00a0 disfruten con el ingl\u00e9s y se vayan preparando para su estudio en etapas posteriores.<\/li>\n<li>Que\u00a0 comprendan el lenguaje utilizado en las clases de ingl\u00e9s, en contextos muy controlados y significativos.<\/li>\n<li>Que los ni\u00f1os sean capaces de reconocer oralmente vocabulario b\u00e1sico.<\/li>\n<li>Que algunos alumnos y alumnas utilicen vocabulario sencillo en su interacci\u00f3n con la profesora de ingl\u00e9s: saludos, f\u00f3rmulas de cortes\u00eda, colores, juegos y canciones.<\/li>\n<\/ul>\n<p>Todo ello a trav\u00e9s de canciones, poes\u00edas, cuentos, juegos, Asambleas&#8230;.y siguiendo las propuestas y actividades de la clase.<\/p>\n<p><strong><em>El aprendizaje de un segundo lenguaje desde el nacimiento tiene m\u00faltiples ventajas, tanto desde el punto de vista cognitivo, como desde el punto de vista acad\u00e9mico y social.<\/em><\/strong><\/p>\n<ul>\n<li><strong><em>\u00a0Aumenta la capacidad para aprender dicho idioma. La ense\u00f1anza en ingl\u00e9s desde edades tempranas fomenta el biling\u00fcismo y hace que el menor pueda aprender este y otros idiomas con mayor facilidad.<\/em><\/strong><\/li>\n<li><strong><em>Se potencia el desarrollo cognitivo del ni\u00f1o. Combinar la lengua materna con una extranjera ayuda a programar los circuitos neuronales del menor. Su mente se vuelve m\u00e1s flexible y \u00e1gil, lo que desarrolla su rapidez mental.<\/em><\/strong><\/li>\n<\/ul>\n<p>En la clase amarilla contamos con dos sesiones semanales de la especialista adem\u00e1s de vocabulario, canciones y frases de cortes\u00eda que hemos ido incluyendo en nuestro d\u00eda a d\u00eda.<\/p>\n<p>Ya estamos recibiendo vuestras decoraciones hechas en casa y est\u00e1n muy contentos y contentas de poder compartirlas con los compa\u00f1eros de la clase. En esta semana empezaremos a decorar la clase para que est\u00e9 bonita con la llegada del invierno. Muchas gracias por vuestra colaboraci\u00f3n.<\/p>\n<p><img decoding=\"async\" data-attachment-id=\"67185\" data-permalink=\"https:\/\/www.alqueria.es\/blogs\/alqueriaamarillanaranja\/2023\/12\/11\/comenzamos-semana-en-la-clase-amarilla\/20231211_130656\/\" data-orig-file=\"https:\/\/cloud.alqueria.es\/wp-content\/uploads\/sites\/9\/2023\/12\/20231211_130656.jpg\" data-orig-size=\"1432,878\" data-comments-opened=\"1\" data-image-meta=\"{&quot;aperture&quot;:&quot;2&quot;,&quot;credit&quot;:&quot;&quot;,&quot;camera&quot;:&quot;SM-A127F&quot;,&quot;caption&quot;:&quot;&quot;,&quot;created_timestamp&quot;:&quot;1702300017&quot;,&quot;copyright&quot;:&quot;&quot;,&quot;focal_length&quot;:&quot;4.6&quot;,&quot;iso&quot;:&quot;32&quot;,&quot;shutter_speed&quot;:&quot;0.02&quot;,&quot;title&quot;:&quot;&quot;,&quot;orientation&quot;:&quot;1&quot;}\" data-image-title=\"20231211_130656\" data-image-description=\"\" data-image-caption=\"\" data-large-file=\"https:\/\/cloud.alqueria.es\/wp-content\/uploads\/sites\/9\/2023\/12\/20231211_130656-1024x628.jpg\" class=\"aligncenter size-full wp-image-67185\" src=\"https:\/\/cloud.alqueria.es\/wp-content\/uploads\/sites\/9\/2023\/12\/20231211_130656.jpg\" alt=\"\" width=\"1432\" height=\"878\" srcset=\"https:\/\/cloud.alqueria.es\/wp-content\/uploads\/sites\/9\/2023\/12\/20231211_130656.jpg 1432w, https:\/\/cloud.alqueria.es\/wp-content\/uploads\/sites\/9\/2023\/12\/20231211_130656-300x184.jpg 300w, https:\/\/cloud.alqueria.es\/wp-content\/uploads\/sites\/9\/2023\/12\/20231211_130656-1024x628.jpg 1024w, https:\/\/cloud.alqueria.es\/wp-content\/uploads\/sites\/9\/2023\/12\/20231211_130656-768x471.jpg 768w\" sizes=\"(max-width: 1432px) 100vw, 1432px\" \/><\/p>\n<p>Esperamos las que nos faltan con mucha ilusi\u00f3n.<\/p>\n<p>Espero que pas\u00e9is una feliz tarde.<\/p>\n<p>Carmen<\/p>\n<p>&nbsp;<\/p>\n<p>&nbsp;<\/p>\n<p>&nbsp;<\/p>\n","protected":false},"excerpt":{"rendered":"<p>Hola familias, Tras estos d\u00edas festivos, hoy ven\u00edan con muchas cosas que hablar. Cada vez son m\u00e1s los que van participando en la Asamblea y se acuerdan de situaciones y hechos que para ellos han sido importantes estos d\u00edas sin cole y que comienzan a memorizar. Leemos las cartas y recordamos muchas cosas que hemos &hellip; <a href=\"https:\/\/www.alqueria.es\/blogs\/alqueriaamarillanaranja\/2023\/12\/11\/comenzamos-semana-en-la-clase-amarilla\/\" class=\"more-link\">Seguir leyendo <span class=\"screen-reader-text\">COMENZAMOS SEMANA EN LA CLASE AMARILLA<\/span> <span class=\"meta-nav\">&rarr;<\/span><\/a><\/p>\n","protected":false},"author":23,"featured_media":0,"comment_status":"open","ping_status":"open","sticky":false,"template":"","format":"standard","meta":{"jetpack_post_was_ever_published":false,"_jetpack_newsletter_access":"","_jetpack_dont_email_post_to_subs":false,"_jetpack_newsletter_tier_id":0,"_jetpack_memberships_contains_paywalled_content":false,"_jetpack_memberships_contains_paid_content":false,"footnotes":"","jetpack_publicize_message":"","jetpack_publicize_feature_enabled":true,"jetpack_social_post_already_shared":true,"jetpack_social_options":{"image_generator_settings":{"template":"highway","default_image_id":0,"font":"","enabled":false},"version":2}},"categories":[6,9,818],"tags":[206,742,75],"class_list":["post-67181","post","type-post","status-publish","format-standard","hentry","category-clase-amarilla","category-diario-clase-amarilla","category-especialistas-clase-amarilla","tag-colaboraciones-familiares","tag-decoraciones-navidenas","tag-ingles-0-3"],"jetpack_publicize_connections":[],"jetpack_featured_media_url":"","jetpack_sharing_enabled":true,"jetpack_shortlink":"https:\/\/wp.me\/p4lG08-htz","jetpack-related-posts":[],"_links":{"self":[{"href":"https:\/\/www.alqueria.es\/blogs\/alqueriaamarillanaranja\/wp-json\/wp\/v2\/posts\/67181","targetHints":{"allow":["GET"]}}],"collection":[{"href":"https:\/\/www.alqueria.es\/blogs\/alqueriaamarillanaranja\/wp-json\/wp\/v2\/posts"}],"about":[{"href":"https:\/\/www.alqueria.es\/blogs\/alqueriaamarillanaranja\/wp-json\/wp\/v2\/types\/post"}],"author":[{"embeddable":true,"href":"https:\/\/www.alqueria.es\/blogs\/alqueriaamarillanaranja\/wp-json\/wp\/v2\/users\/23"}],"replies":[{"embeddable":true,"href":"https:\/\/www.alqueria.es\/blogs\/alqueriaamarillanaranja\/wp-json\/wp\/v2\/comments?post=67181"}],"version-history":[{"count":4,"href":"https:\/\/www.alqueria.es\/blogs\/alqueriaamarillanaranja\/wp-json\/wp\/v2\/posts\/67181\/revisions"}],"predecessor-version":[{"id":67189,"href":"https:\/\/www.alqueria.es\/blogs\/alqueriaamarillanaranja\/wp-json\/wp\/v2\/posts\/67181\/revisions\/67189"}],"wp:attachment":[{"href":"https:\/\/www.alqueria.es\/blogs\/alqueriaamarillanaranja\/wp-json\/wp\/v2\/media?parent=67181"}],"wp:term":[{"taxonomy":"category","embeddable":true,"href":"https:\/\/www.alqueria.es\/blogs\/alqueriaamarillanaranja\/wp-json\/wp\/v2\/categories?post=67181"},{"taxonomy":"post_tag","embeddable":true,"href":"https:\/\/www.alqueria.es\/blogs\/alqueriaamarillanaranja\/wp-json\/wp\/v2\/tags?post=67181"}],"curies":[{"name":"wp","href":"https:\/\/api.w.org\/{rel}","templated":true}]}}