{"id":6758,"date":"2013-10-22T15:43:54","date_gmt":"2013-10-22T13:43:54","guid":{"rendered":"http:\/\/alqueriaamarillanaranja.wordpress.com\/?p=6758"},"modified":"2014-02-24T12:49:11","modified_gmt":"2014-02-24T12:49:11","slug":"sembramos-habas-en-nuestro-huerto","status":"publish","type":"post","link":"https:\/\/www.alqueria.es\/blogs\/alqueriaamarillanaranja\/2013\/10\/22\/sembramos-habas-en-nuestro-huerto\/","title":{"rendered":"Sembramos habas en nuestro huerto"},"content":{"rendered":"<p><em><strong><span style=\"color:#ff00ff\">Nuestro d\u00eda hoy gira en torno a dos actividades centrales:<\/span><\/strong><\/em><\/p>\n<p><span style=\"color:#0000ff\"><strong><em>En la asamblea hemos le\u00eddo el cuento por l\u00e1minas \u00abNacho ya no usa el orinal\u00bb <a href=\"http:\/\/alqueriaamarillanaranja.files.wordpress.com\/2013\/10\/51pwicvuyzl-_sl500_.jpg\"><img decoding=\"async\" data-attachment-id=\"6759\" data-permalink=\"https:\/\/www.alqueria.es\/blogs\/alqueriaamarillanaranja\/51pwicvuyzl-_sl500_\/\" data-orig-file=\"https:\/\/www.alqueria.es\/blogs\/alqueriaamarillanaranja\/wp-content\/uploads\/sites\/9\/2013\/10\/51pwicvuyzl-_sl500_.jpg\" data-orig-size=\"500,429\" data-comments-opened=\"1\" data-image-meta=\"{&quot;aperture&quot;:&quot;0&quot;,&quot;credit&quot;:&quot;&quot;,&quot;camera&quot;:&quot;&quot;,&quot;caption&quot;:&quot;&quot;,&quot;created_timestamp&quot;:&quot;0&quot;,&quot;copyright&quot;:&quot;&quot;,&quot;focal_length&quot;:&quot;0&quot;,&quot;iso&quot;:&quot;0&quot;,&quot;shutter_speed&quot;:&quot;0&quot;,&quot;title&quot;:&quot;&quot;}\" data-image-title=\"51pWiCvuyzL._SL500_\" data-image-description=\"\" data-image-caption=\"\" data-large-file=\"https:\/\/www.alqueria.es\/blogs\/alqueriaamarillanaranja\/wp-content\/uploads\/sites\/9\/2013\/10\/51pwicvuyzl-_sl500_.jpg\" class=\"alignright size-thumbnail wp-image-6759\" alt=\"51pWiCvuyzL._SL500_\" src=\"https:\/\/cloud.alqueria.es\/wp-content\/uploads\/sites\/9\/2013\/10\/51pwicvuyzl-_sl500_1.jpg\" width=\"150\" height=\"128\" \/><\/a>para alentar a los \u00abmayores\u00bb del grupo a usar el wc. Es un cuento muy gracioso, y a la vez muy visual que les muestra c\u00f3mo va siendo la prograsi\u00f3n de un ni\u00f1o llamado Nacho (\u00a1como nuestro compa\u00f1ero!) en su aventura del proceso del control de esf\u00ednteres. Lo leeremos algunas veces m\u00e1s durante los pr\u00f3ximos d\u00edas.<\/em><\/strong><\/span><\/p>\n<p><strong><em><span style=\"color:#008000\">Y adem\u00e1s&#8230;..hoy hemos tenido una actividad medioambiental en nuestro huerto con la que hemos disfrutado much\u00edsimo. Hemos dedicado parte de nuestro rato de patio a sembrar habas en nuestro huerto. Hemos aprendido que este trabajo necesita de varios pasos importantes a seguir:<\/span><\/em><\/strong><\/p>\n<p><strong><em><span style=\"color:#008000\"><a href=\"http:\/\/alqueriaamarillanaranja.files.wordpress.com\/2013\/10\/00germinar1.jpg\"><img decoding=\"async\" data-attachment-id=\"6760\" data-permalink=\"https:\/\/www.alqueria.es\/blogs\/alqueriaamarillanaranja\/00germinar1-3\/\" data-orig-file=\"https:\/\/www.alqueria.es\/blogs\/alqueriaamarillanaranja\/wp-content\/uploads\/sites\/9\/2013\/10\/00germinar1.jpg\" data-orig-size=\"298,300\" data-comments-opened=\"1\" data-image-meta=\"{&quot;aperture&quot;:&quot;0&quot;,&quot;credit&quot;:&quot;&quot;,&quot;camera&quot;:&quot;&quot;,&quot;caption&quot;:&quot;&quot;,&quot;created_timestamp&quot;:&quot;0&quot;,&quot;copyright&quot;:&quot;&quot;,&quot;focal_length&quot;:&quot;0&quot;,&quot;iso&quot;:&quot;0&quot;,&quot;shutter_speed&quot;:&quot;0&quot;,&quot;title&quot;:&quot;&quot;}\" data-image-title=\"00germinar[1]\" data-image-description=\"\" data-image-caption=\"\" data-large-file=\"https:\/\/www.alqueria.es\/blogs\/alqueriaamarillanaranja\/wp-content\/uploads\/sites\/9\/2013\/10\/00germinar1.jpg\" class=\"alignleft size-thumbnail wp-image-6760\" alt=\"00germinar[1]\" src=\"https:\/\/cloud.alqueria.es\/wp-content\/uploads\/sites\/9\/2013\/10\/00germinar11.jpg\" width=\"150\" height=\"150\" \/><\/a>1\u00ba. Preparamos la tierra con una hazada.<\/span><\/em><\/strong><\/p>\n<p><strong><em><span style=\"color:#008000\">2\u00ba. Con un amocafre hacemos los agujeros.<\/span><\/em><\/strong><\/p>\n<p><span style=\"color:#008000\"><em><strong>3\u00ba. Introducimos las semillas en los agujeros y las tapamos con cuidado.<\/strong><\/em><\/span><\/p>\n<p><strong><em><span style=\"color:#008000\">4\u00ba. Al final hay que regar, porque sin agua no crecer\u00edan las plantas<\/span><\/em><\/strong><\/p>\n<p><span style=\"color:#008000\"><em><strong>Tambi\u00e9n hemos hablado de que este ser\u00e1 un proceso lento y tenemos que tener paciencia. Todos los d\u00edas cuando bajemos al patio iremos a ver \u00abnuestro terreno\u00bb para comprobar c\u00f3mo van nuestras habas. Cuando se acerque la primavera podremos recoger su fruto y comerlas. \u00a1Qu\u00e9 ricas!<\/strong><\/em><\/span><\/p>\n<p class=\"jetpack-slideshow-noscript robots-nocontent\">El pase de diapositivas requiere JavaScript.<\/p><div id=\"gallery-6758-1-slideshow\" class=\"jetpack-slideshow-window jetpack-slideshow jetpack-slideshow-black\" data-trans=\"fade\" data-autostart=\"1\" data-gallery=\"[{&quot;src&quot;:&quot;https:\\\/\\\/www.alqueria.es\\\/blogs\\\/alqueriaamarillanaranja\\\/wp-content\\\/uploads\\\/sites\\\/9\\\/2013\\\/10\\\/accesorios-jardineria1.jpg&quot;,&quot;id&quot;:&quot;6783&quot;,&quot;title&quot;:&quot;accesorios-jardineria[1]&quot;,&quot;alt&quot;:&quot;&quot;,&quot;caption&quot;:&quot;&quot;,&quot;itemprop&quot;:&quot;image&quot;},{&quot;src&quot;:&quot;https:\\\/\\\/www.alqueria.es\\\/blogs\\\/alqueriaamarillanaranja\\\/wp-content\\\/uploads\\\/sites\\\/9\\\/2013\\\/10\\\/dsc05666.jpg&quot;,&quot;id&quot;:&quot;6784&quot;,&quot;title&quot;:&quot;DSC05666&quot;,&quot;alt&quot;:&quot;&quot;,&quot;caption&quot;:&quot;&quot;,&quot;itemprop&quot;:&quot;image&quot;},{&quot;src&quot;:&quot;https:\\\/\\\/www.alqueria.es\\\/blogs\\\/alqueriaamarillanaranja\\\/wp-content\\\/uploads\\\/sites\\\/9\\\/2013\\\/10\\\/dsc05667.jpg&quot;,&quot;id&quot;:&quot;6785&quot;,&quot;title&quot;:&quot;DSC05667&quot;,&quot;alt&quot;:&quot;&quot;,&quot;caption&quot;:&quot;&quot;,&quot;itemprop&quot;:&quot;image&quot;},{&quot;src&quot;:&quot;https:\\\/\\\/www.alqueria.es\\\/blogs\\\/alqueriaamarillanaranja\\\/wp-content\\\/uploads\\\/sites\\\/9\\\/2013\\\/10\\\/dsc05668.jpg&quot;,&quot;id&quot;:&quot;6786&quot;,&quot;title&quot;:&quot;DSC05668&quot;,&quot;alt&quot;:&quot;&quot;,&quot;caption&quot;:&quot;&quot;,&quot;itemprop&quot;:&quot;image&quot;},{&quot;src&quot;:&quot;https:\\\/\\\/www.alqueria.es\\\/blogs\\\/alqueriaamarillanaranja\\\/wp-content\\\/uploads\\\/sites\\\/9\\\/2013\\\/10\\\/dsc05670.jpg&quot;,&quot;id&quot;:&quot;6787&quot;,&quot;title&quot;:&quot;DSC05670&quot;,&quot;alt&quot;:&quot;&quot;,&quot;caption&quot;:&quot;&quot;,&quot;itemprop&quot;:&quot;image&quot;},{&quot;src&quot;:&quot;https:\\\/\\\/www.alqueria.es\\\/blogs\\\/alqueriaamarillanaranja\\\/wp-content\\\/uploads\\\/sites\\\/9\\\/2013\\\/10\\\/dsc05671.jpg&quot;,&quot;id&quot;:&quot;6788&quot;,&quot;title&quot;:&quot;DSC05671&quot;,&quot;alt&quot;:&quot;&quot;,&quot;caption&quot;:&quot;&quot;,&quot;itemprop&quot;:&quot;image&quot;},{&quot;src&quot;:&quot;https:\\\/\\\/www.alqueria.es\\\/blogs\\\/alqueriaamarillanaranja\\\/wp-content\\\/uploads\\\/sites\\\/9\\\/2013\\\/10\\\/dsc05672.jpg&quot;,&quot;id&quot;:&quot;6789&quot;,&quot;title&quot;:&quot;DSC05672&quot;,&quot;alt&quot;:&quot;&quot;,&quot;caption&quot;:&quot;&quot;,&quot;itemprop&quot;:&quot;image&quot;},{&quot;src&quot;:&quot;https:\\\/\\\/www.alqueria.es\\\/blogs\\\/alqueriaamarillanaranja\\\/wp-content\\\/uploads\\\/sites\\\/9\\\/2013\\\/10\\\/dsc05673.jpg&quot;,&quot;id&quot;:&quot;6790&quot;,&quot;title&quot;:&quot;DSC05673&quot;,&quot;alt&quot;:&quot;&quot;,&quot;caption&quot;:&quot;&quot;,&quot;itemprop&quot;:&quot;image&quot;},{&quot;src&quot;:&quot;https:\\\/\\\/www.alqueria.es\\\/blogs\\\/alqueriaamarillanaranja\\\/wp-content\\\/uploads\\\/sites\\\/9\\\/2013\\\/10\\\/dsc05674.jpg&quot;,&quot;id&quot;:&quot;6791&quot;,&quot;title&quot;:&quot;DSC05674&quot;,&quot;alt&quot;:&quot;&quot;,&quot;caption&quot;:&quot;&quot;,&quot;itemprop&quot;:&quot;image&quot;},{&quot;src&quot;:&quot;https:\\\/\\\/www.alqueria.es\\\/blogs\\\/alqueriaamarillanaranja\\\/wp-content\\\/uploads\\\/sites\\\/9\\\/2013\\\/10\\\/dsc05675.jpg&quot;,&quot;id&quot;:&quot;6792&quot;,&quot;title&quot;:&quot;DSC05675&quot;,&quot;alt&quot;:&quot;&quot;,&quot;caption&quot;:&quot;&quot;,&quot;itemprop&quot;:&quot;image&quot;}]\" itemscope itemtype=\"https:\/\/schema.org\/ImageGallery\"><\/div>\n<p style=\"text-align:right\">Loli G\u00e1lvez<\/p>\n","protected":false},"excerpt":{"rendered":"<p>Nuestro d\u00eda hoy gira en torno a dos actividades centrales: En la asamblea hemos le\u00eddo el cuento por l\u00e1minas \u00abNacho ya no usa el orinal\u00bb para alentar a los \u00abmayores\u00bb del grupo a usar el wc. Es un cuento muy gracioso, y a la vez muy visual que les muestra c\u00f3mo va siendo la prograsi\u00f3n &hellip; <a href=\"https:\/\/www.alqueria.es\/blogs\/alqueriaamarillanaranja\/2013\/10\/22\/sembramos-habas-en-nuestro-huerto\/\" class=\"more-link\">Seguir leyendo <span class=\"screen-reader-text\">Sembramos habas en nuestro huerto<\/span> <span class=\"meta-nav\">&rarr;<\/span><\/a><\/p>\n","protected":false},"author":23,"featured_media":0,"comment_status":"open","ping_status":"open","sticky":false,"template":"","format":"standard","meta":{"jetpack_post_was_ever_published":false,"_jetpack_newsletter_access":"","_jetpack_dont_email_post_to_subs":false,"_jetpack_newsletter_tier_id":0,"_jetpack_memberships_contains_paywalled_content":false,"_jetpack_memberships_contains_paid_content":false,"footnotes":"","jetpack_publicize_message":"","jetpack_publicize_feature_enabled":true,"jetpack_social_post_already_shared":true,"jetpack_social_options":{"image_generator_settings":{"template":"highway","default_image_id":0,"font":"","enabled":false},"version":2}},"categories":[6,9],"tags":[285,290],"class_list":["post-6758","post","type-post","status-publish","format-standard","hentry","category-clase-amarilla","category-diario-clase-amarilla","tag-alfabetizacion","tag-talleres-medioambientales"],"jetpack_publicize_connections":[],"jetpack_featured_media_url":"","jetpack_sharing_enabled":true,"jetpack_shortlink":"https:\/\/wp.me\/p4lG08-1L0","jetpack-related-posts":[],"_links":{"self":[{"href":"https:\/\/www.alqueria.es\/blogs\/alqueriaamarillanaranja\/wp-json\/wp\/v2\/posts\/6758","targetHints":{"allow":["GET"]}}],"collection":[{"href":"https:\/\/www.alqueria.es\/blogs\/alqueriaamarillanaranja\/wp-json\/wp\/v2\/posts"}],"about":[{"href":"https:\/\/www.alqueria.es\/blogs\/alqueriaamarillanaranja\/wp-json\/wp\/v2\/types\/post"}],"author":[{"embeddable":true,"href":"https:\/\/www.alqueria.es\/blogs\/alqueriaamarillanaranja\/wp-json\/wp\/v2\/users\/23"}],"replies":[{"embeddable":true,"href":"https:\/\/www.alqueria.es\/blogs\/alqueriaamarillanaranja\/wp-json\/wp\/v2\/comments?post=6758"}],"version-history":[{"count":0,"href":"https:\/\/www.alqueria.es\/blogs\/alqueriaamarillanaranja\/wp-json\/wp\/v2\/posts\/6758\/revisions"}],"wp:attachment":[{"href":"https:\/\/www.alqueria.es\/blogs\/alqueriaamarillanaranja\/wp-json\/wp\/v2\/media?parent=6758"}],"wp:term":[{"taxonomy":"category","embeddable":true,"href":"https:\/\/www.alqueria.es\/blogs\/alqueriaamarillanaranja\/wp-json\/wp\/v2\/categories?post=6758"},{"taxonomy":"post_tag","embeddable":true,"href":"https:\/\/www.alqueria.es\/blogs\/alqueriaamarillanaranja\/wp-json\/wp\/v2\/tags?post=6758"}],"curies":[{"name":"wp","href":"https:\/\/api.w.org\/{rel}","templated":true}]}}