{"id":678,"date":"2012-06-04T08:57:19","date_gmt":"2012-06-04T08:57:19","guid":{"rendered":"http:\/\/alqueriaamarillanaranja.wordpress.com\/?p=678"},"modified":"2014-02-24T12:38:38","modified_gmt":"2014-02-24T12:38:38","slug":"volvemos-a-la-normalidad","status":"publish","type":"post","link":"https:\/\/www.alqueria.es\/blogs\/alqueriaamarillanaranja\/2012\/06\/04\/volvemos-a-la-normalidad\/","title":{"rendered":"VOLVEMOS A LA NORMALIDAD"},"content":{"rendered":"<p><a href=\"http:\/\/alqueriaamarillanaranja.files.wordpress.com\/2012\/06\/celebrar-una-fiesta-infantil-en-invierno1.jpg\"><img decoding=\"async\" data-attachment-id=\"679\" data-permalink=\"https:\/\/www.alqueria.es\/blogs\/alqueriaamarillanaranja\/celebrar-una-fiesta-infantil-en-invierno1\/\" data-orig-file=\"https:\/\/www.alqueria.es\/blogs\/alqueriaamarillanaranja\/wp-content\/uploads\/sites\/9\/2012\/06\/celebrar-una-fiesta-infantil-en-invierno1.jpg\" data-orig-size=\"655,400\" data-comments-opened=\"1\" data-image-meta=\"{&quot;aperture&quot;:&quot;0&quot;,&quot;credit&quot;:&quot;&quot;,&quot;camera&quot;:&quot;&quot;,&quot;caption&quot;:&quot;&quot;,&quot;created_timestamp&quot;:&quot;0&quot;,&quot;copyright&quot;:&quot;&quot;,&quot;focal_length&quot;:&quot;0&quot;,&quot;iso&quot;:&quot;0&quot;,&quot;shutter_speed&quot;:&quot;0&quot;,&quot;title&quot;:&quot;&quot;}\" data-image-title=\"celebrar-una-fiesta-infantil-en-invierno[1]\" data-image-description=\"\" data-image-caption=\"\" data-large-file=\"https:\/\/www.alqueria.es\/blogs\/alqueriaamarillanaranja\/wp-content\/uploads\/sites\/9\/2012\/06\/celebrar-una-fiesta-infantil-en-invierno1.jpg\" class=\"alignleft size-medium wp-image-679\" title=\"celebrar-una-fiesta-infantil-en-invierno[1]\" src=\"https:\/\/cloud.alqueria.es\/wp-content\/uploads\/sites\/9\/2012\/06\/celebrar-una-fiesta-infantil-en-invierno11.jpg\" alt=\"\" width=\"300\" height=\"183\" \/><\/a>Esta ma\u00f1ana ven\u00edan entusiasmados con el recuerdo de la fiesta del s\u00e1bado as\u00ed que ha sido el tema central de nuestra asamblea. Todos quer\u00edan hablar y contar cosas\u00a0de manera que hemos abierto una ronda en la que cada uno\/a ha tenido la oportunidad de decir lo que m\u00e1s le gust\u00f3\/divirti\u00f3 de la fiesta. Esto ha sido lo que han dicho:<\/p>\n<p>&#8211; <span style=\"color:#ff0000\">GABRIEL<\/span>: cuando pas\u00e9 el laberinto de la pir\u00e1mide.<\/p>\n<p>&#8211;<span style=\"color:#3366ff\"> RODRIGO<\/span>: me gust\u00f3 dibujar el brazalete.<\/p>\n<p>&#8211;<span style=\"color:#99cc00\"> GUILLERMO<\/span>: bailar con mi mam\u00e1.<\/p>\n<p>&#8211;<span style=\"color:#ff6600\"> NORA<\/span>: me gust\u00f3 pescar los corchos.<\/p>\n<p>&#8211;<span style=\"color:#ff00ff\"> PAULA<\/span>: yo bail\u00e9 con mis abuelos.<\/p>\n<p>&#8211; <span style=\"color:#ff0000\">MIGUEL:<\/span> saltar en el castillo hinchable.<\/p>\n<p>&#8211;<span style=\"color:#3366ff\"> EVA:<\/span> pescar y coger chuches.<\/p>\n<p>&#8211; <span style=\"color:#99cc00\">CLARA:<\/span> bailar con mi pap\u00e1.<\/p>\n<p>&#8211; <span style=\"color:#ff6600\">FELIPE<\/span>: bailar con mi mam\u00e1 y Marco Colacio.<\/p>\n<p>&#8211; <span style=\"color:#ff00ff\">CLAUDIA<\/span>: saltar en el castillo hinchable.<\/p>\n<p>&#8211;<span style=\"color:#ff0000\"> IRENE<\/span>: pescar los peces y que me den una flor de globo.<\/p>\n<p>&#8211;<span style=\"color:#3366ff\"> SARA:<\/span> saltar en el castillo.<\/p>\n<p>&#8211;<span style=\"color:#99cc00\"> CANDELA T<\/span>.: todo pero lo que m\u00e1s, pintarme la cara.<\/p>\n<p>&#8211; <span style=\"color:#ff6600\">MAR<\/span>: pintarme y las chuches.<\/p>\n<p>&#8211; <span style=\"color:#ff00ff\">MARCO C.:<\/span> hacer el collar de macarrones.<\/p>\n<p>&#8211; <span style=\"color:#ff0000\">IGNACIO<\/span>: saltar en el castillo.<\/p>\n<p>&#8211;<span style=\"color:#3366ff\"> LAURA<\/span>: pintarme la cara y hacerme la pulsera.<\/p>\n<p>&#8211;<span style=\"color:#99cc00\"> CANDELA R<\/span>.: saltar en el castilo y comer chuches.<\/p>\n<p>&#8211;<span style=\"color:#ff6600\"> ELENA<\/span>: hacer el puzle y los collares con mi mam\u00e1.<\/p>\n<p>&#8211; <span style=\"color:#ff00ff\">ESTELA:<\/span> el castillo y las chuches.<\/p>\n<p>&#8211;<span style=\"color:#ff0000\"> GONZALO<\/span>: pescar peces.<\/p>\n<p>&#8211; <span style=\"color:#3366ff\">C\u00c9SAR<\/span>: bailar con Marco C. y con Felipe.<\/p>\n<p>&#8211;<span style=\"color:#99cc00\"> MARCO SR<\/span>.: saltar en el castillo y las chuches.<\/p>\n<p>Como veis cada uno tiene su recuerdo especial&#8230;.creo que para todos fue una fiesta divertida (al menos eso intentamos\u00a0el equipo\u00a0que la organizamos). Espero que todos disfrut\u00e1seis de ella.<\/p>\n<p>Tengo que agradecer especialmente la colaboraci\u00f3n de algunos pap\u00e1s y mam\u00e1s que se implicaron conmigo en la preparaci\u00f3n, el desarrollo y la recogida tras los juegos. Muchas gracias a David, Carlos, Rosa, Raquel, Pepe&#8230;.fueron unos \u00abvoluntarios\u00bb estupendos.<\/p>\n<p>Tambi\u00e9n quiero dar las gracias a Raquel, nuestra alumna en pr\u00e1cticas que ha sido un apoyo muy importante tanto en la elaboraci\u00f3n de decoraci\u00f3n como en la preparaci\u00f3n de los juegos del stand.<\/p>\n<p>Como podeis comprobar somos muchos los que intervenimos para que el d\u00eda de la fiesta sea especial para todos. Nuestra fiesta es un trabajo de equipo que preparamos con mucha ilusi\u00f3n y que nosotros mismos tambi\u00e9n disfrutamos.<\/p>\n<p>Ma\u00f1ana intentar\u00e9 poner en el blog algunas fotos significativas de nuestro stand. Ser\u00eda interesante que pudi\u00e9seis pasarme las fotograf\u00edas que vosotros hic\u00edsteis con vuestras c\u00e1maras para poder verlas con los ni\u00f1os en clase. Si las tra\u00e9is en un \u00abpen drive\u00bb puedo descargarlas directamente en el ordenador de la clase.<\/p>\n<p>Frente a la clase, en una mesa he colocado toda la bibliograf\u00eda que hab\u00e9is ido aportando durante estas semanas sobre Egipto, podeis recogerla y llevarla a casa. Los motivos decorativos como figuras o papiros podeis cogerlos del interior del aula. Gracias por vuestras aportaciones.<\/p>\n<p>Tras la asamblea hemos hecho un dibujo de lo que m\u00e1s nos gust\u00f3 de la fiesta (podeis verlos expuestos en el tabl\u00f3n), y despu\u00e9s jugamos a algunas de las propuestas que ya hace semanas que no tocamos (coches, dinosaurios y beb\u00e9s). \u00a1Han disfrutado a sus anchas!<\/p>\n<p>En la asamblea de la fruta hoy le corresponde el cargo de super-ayudante a Candela R. que est\u00e1 encantada de desempe\u00f1ar esta tarea. Despu\u00e9s salimos un ratito al patio&#8230;..\u00a1y a comer!<\/p>\n<p>Por la tarde participamos en diferentes actividades dentro de las aulas donde estamos m\u00e1s fresquitos.<\/p>\n<p>\u00a1Hasta ma\u00f1ana!. Espero vuestras fotos<\/p>\n<p style=\"text-align:right\">Loli G\u00e1lvez<\/p>\n","protected":false},"excerpt":{"rendered":"<p>Esta ma\u00f1ana ven\u00edan entusiasmados con el recuerdo de la fiesta del s\u00e1bado as\u00ed que ha sido el tema central de nuestra asamblea. Todos quer\u00edan hablar y contar cosas\u00a0de manera que hemos abierto una ronda en la que cada uno\/a ha tenido la oportunidad de decir lo que m\u00e1s le gust\u00f3\/divirti\u00f3 de la fiesta. Esto ha &hellip; <a href=\"https:\/\/www.alqueria.es\/blogs\/alqueriaamarillanaranja\/2012\/06\/04\/volvemos-a-la-normalidad\/\" class=\"more-link\">Seguir leyendo <span class=\"screen-reader-text\">VOLVEMOS A LA NORMALIDAD<\/span> <span class=\"meta-nav\">&rarr;<\/span><\/a><\/p>\n","protected":false},"author":20,"featured_media":0,"comment_status":"open","ping_status":"open","sticky":false,"template":"","format":"standard","meta":{"jetpack_post_was_ever_published":false,"_jetpack_newsletter_access":"","_jetpack_dont_email_post_to_subs":false,"_jetpack_newsletter_tier_id":0,"_jetpack_memberships_contains_paywalled_content":false,"_jetpack_memberships_contains_paid_content":false,"footnotes":"","jetpack_publicize_message":"","jetpack_publicize_feature_enabled":true,"jetpack_social_post_already_shared":true,"jetpack_social_options":{"image_generator_settings":{"template":"highway","default_image_id":0,"font":"","enabled":false},"version":2}},"categories":[6,8],"tags":[],"class_list":["post-678","post","type-post","status-publish","format-standard","hentry","category-clase-amarilla","category-diario"],"jetpack_publicize_connections":[],"jetpack_featured_media_url":"","jetpack_sharing_enabled":true,"jetpack_shortlink":"https:\/\/wp.me\/p4lG08-aW","jetpack-related-posts":[],"_links":{"self":[{"href":"https:\/\/www.alqueria.es\/blogs\/alqueriaamarillanaranja\/wp-json\/wp\/v2\/posts\/678","targetHints":{"allow":["GET"]}}],"collection":[{"href":"https:\/\/www.alqueria.es\/blogs\/alqueriaamarillanaranja\/wp-json\/wp\/v2\/posts"}],"about":[{"href":"https:\/\/www.alqueria.es\/blogs\/alqueriaamarillanaranja\/wp-json\/wp\/v2\/types\/post"}],"author":[{"embeddable":true,"href":"https:\/\/www.alqueria.es\/blogs\/alqueriaamarillanaranja\/wp-json\/wp\/v2\/users\/20"}],"replies":[{"embeddable":true,"href":"https:\/\/www.alqueria.es\/blogs\/alqueriaamarillanaranja\/wp-json\/wp\/v2\/comments?post=678"}],"version-history":[{"count":0,"href":"https:\/\/www.alqueria.es\/blogs\/alqueriaamarillanaranja\/wp-json\/wp\/v2\/posts\/678\/revisions"}],"wp:attachment":[{"href":"https:\/\/www.alqueria.es\/blogs\/alqueriaamarillanaranja\/wp-json\/wp\/v2\/media?parent=678"}],"wp:term":[{"taxonomy":"category","embeddable":true,"href":"https:\/\/www.alqueria.es\/blogs\/alqueriaamarillanaranja\/wp-json\/wp\/v2\/categories?post=678"},{"taxonomy":"post_tag","embeddable":true,"href":"https:\/\/www.alqueria.es\/blogs\/alqueriaamarillanaranja\/wp-json\/wp\/v2\/tags?post=678"}],"curies":[{"name":"wp","href":"https:\/\/api.w.org\/{rel}","templated":true}]}}