{"id":70261,"date":"2024-05-02T17:28:18","date_gmt":"2024-05-02T15:28:18","guid":{"rendered":"https:\/\/www.alqueria.es\/blogs\/alqueriaamarillanaranja\/?p=70261"},"modified":"2024-05-02T17:28:18","modified_gmt":"2024-05-02T15:28:18","slug":"celebramos-el-dia-de-la-cruz-5","status":"publish","type":"post","link":"https:\/\/www.alqueria.es\/blogs\/alqueriaamarillanaranja\/2024\/05\/02\/celebramos-el-dia-de-la-cruz-5\/","title":{"rendered":"CELEBRAMOS EL D\u00cdA DE LA CRUZ."},"content":{"rendered":"<p>Buenas tardes familias,<\/p>\n<p>Paso a haceros un breve resumen a lo acontecido en los dos \u00faltimos d\u00edas lectivos de esta semana.<\/p>\n<p>El <span style=\"color: #0000ff\"><strong>martes<\/strong><\/span> hicimos un<span style=\"color: #ff6600\"><strong> Taller experimental &amp; creativo,<\/strong><\/span> hablamos acerca de los cuadros que tenemos en casa y casi todos coinciden que est\u00e1n hechos con pintura. Les comento que para este taller no vamos a usar pintura, solo cola blanca y materiales diversos: elementos de la naturaleza, materiales de reciclaje. Debemos sopesar cual es la mejor forma para que algunos materiales se adhieran. Hemos disfrutado mediante la experimentaci\u00f3n, jugando y mezclando estos materiales despertamos su curiosidad, aprenden a observar mejor y a confiar en nuestra intuici\u00f3n.<\/p>\n<div class=\"tiled-gallery type-square tiled-gallery-unresized\" data-original-width=\"474\" data-carousel-extra='{&quot;blog_id&quot;:9,&quot;permalink&quot;:&quot;https:\\\/\\\/www.alqueria.es\\\/blogs\\\/alqueriaamarillanaranja\\\/2024\\\/05\\\/02\\\/celebramos-el-dia-de-la-cruz-5\\\/&quot;,&quot;likes_blog_id&quot;:64271688}' itemscope itemtype=\"http:\/\/schema.org\/ImageGallery\" > <div class=\"gallery-row\" style=\"width: 474px; height: 158px;\" data-original-width=\"474\" data-original-height=\"158\" > <div class=\"gallery-group\" style=\"width: 158px; height: 158px;\" data-original-width=\"158\" data-original-height=\"158\" > <div class=\"tiled-gallery-item \" itemprop=\"associatedMedia\" itemscope itemtype=\"http:\/\/schema.org\/ImageObject\"> <a href=\"https:\/\/www.alqueria.es\/blogs\/alqueriaamarillanaranja\/2024\/05\/02\/celebramos-el-dia-de-la-cruz-5\/photo-2024-04-30-15-41-45-2\/\" border=\"0\" itemprop=\"url\"> <meta itemprop=\"width\" content=\"154\"> <meta itemprop=\"height\" content=\"154\"> <img decoding=\"async\" class=\"\" data-attachment-id=\"70283\" data-orig-file=\"https:\/\/cloud.alqueria.es\/wp-content\/uploads\/sites\/9\/2024\/05\/PHOTO-2024-04-30-15-41-45-2.jpg\" data-orig-size=\"1200,1600\" data-comments-opened=\"1\" data-image-meta=\"{&quot;aperture&quot;:&quot;0&quot;,&quot;credit&quot;:&quot;&quot;,&quot;camera&quot;:&quot;&quot;,&quot;caption&quot;:&quot;&quot;,&quot;created_timestamp&quot;:&quot;0&quot;,&quot;copyright&quot;:&quot;&quot;,&quot;focal_length&quot;:&quot;0&quot;,&quot;iso&quot;:&quot;0&quot;,&quot;shutter_speed&quot;:&quot;0&quot;,&quot;title&quot;:&quot;&quot;,&quot;orientation&quot;:&quot;0&quot;}\" data-image-title=\"PHOTO-2024-04-30-15-41-45 2\" data-image-description=\"\" data-medium-file=\"https:\/\/cloud.alqueria.es\/wp-content\/uploads\/sites\/9\/2024\/05\/PHOTO-2024-04-30-15-41-45-2-225x300.jpg\" data-large-file=\"https:\/\/cloud.alqueria.es\/wp-content\/uploads\/sites\/9\/2024\/05\/PHOTO-2024-04-30-15-41-45-2-768x1024.jpg\" src=\"https:\/\/i0.wp.com\/cloud.alqueria.es\/wp-content\/uploads\/sites\/9\/2024\/05\/PHOTO-2024-04-30-15-41-45-2.jpg?w=154&#038;h=154&#038;crop=1&#038;ssl=1\" width=\"154\" height=\"154\" loading=\"lazy\" data-original-width=\"154\" data-original-height=\"154\" itemprop=\"http:\/\/schema.org\/image\" title=\"PHOTO-2024-04-30-15-41-45 2\" alt=\"PHOTO-2024-04-30-15-41-45 2\" style=\"width: 154px; height: 154px;\" \/> <\/a> <\/div> <\/div> <div class=\"gallery-group\" style=\"width: 158px; height: 158px;\" data-original-width=\"158\" data-original-height=\"158\" > <div class=\"tiled-gallery-item \" itemprop=\"associatedMedia\" itemscope itemtype=\"http:\/\/schema.org\/ImageObject\"> <a href=\"https:\/\/www.alqueria.es\/blogs\/alqueriaamarillanaranja\/2024\/05\/02\/celebramos-el-dia-de-la-cruz-5\/photo-2024-04-30-15-41-45-3\/\" border=\"0\" itemprop=\"url\"> <meta itemprop=\"width\" content=\"154\"> <meta itemprop=\"height\" content=\"154\"> <img decoding=\"async\" class=\"\" data-attachment-id=\"70282\" data-orig-file=\"https:\/\/cloud.alqueria.es\/wp-content\/uploads\/sites\/9\/2024\/05\/PHOTO-2024-04-30-15-41-45-3.jpg\" data-orig-size=\"1200,1600\" data-comments-opened=\"1\" data-image-meta=\"{&quot;aperture&quot;:&quot;0&quot;,&quot;credit&quot;:&quot;&quot;,&quot;camera&quot;:&quot;&quot;,&quot;caption&quot;:&quot;&quot;,&quot;created_timestamp&quot;:&quot;0&quot;,&quot;copyright&quot;:&quot;&quot;,&quot;focal_length&quot;:&quot;0&quot;,&quot;iso&quot;:&quot;0&quot;,&quot;shutter_speed&quot;:&quot;0&quot;,&quot;title&quot;:&quot;&quot;,&quot;orientation&quot;:&quot;0&quot;}\" data-image-title=\"PHOTO-2024-04-30-15-41-45 3\" data-image-description=\"\" data-medium-file=\"https:\/\/cloud.alqueria.es\/wp-content\/uploads\/sites\/9\/2024\/05\/PHOTO-2024-04-30-15-41-45-3-225x300.jpg\" data-large-file=\"https:\/\/cloud.alqueria.es\/wp-content\/uploads\/sites\/9\/2024\/05\/PHOTO-2024-04-30-15-41-45-3-768x1024.jpg\" src=\"https:\/\/i0.wp.com\/cloud.alqueria.es\/wp-content\/uploads\/sites\/9\/2024\/05\/PHOTO-2024-04-30-15-41-45-3.jpg?w=154&#038;h=154&#038;crop=1&#038;ssl=1\" width=\"154\" height=\"154\" loading=\"lazy\" data-original-width=\"154\" data-original-height=\"154\" itemprop=\"http:\/\/schema.org\/image\" title=\"PHOTO-2024-04-30-15-41-45 3\" alt=\"PHOTO-2024-04-30-15-41-45 3\" style=\"width: 154px; height: 154px;\" \/> <\/a> <\/div> <\/div> <div class=\"gallery-group\" style=\"width: 158px; height: 158px;\" data-original-width=\"158\" data-original-height=\"158\" > <div class=\"tiled-gallery-item \" itemprop=\"associatedMedia\" itemscope itemtype=\"http:\/\/schema.org\/ImageObject\"> <a href=\"https:\/\/www.alqueria.es\/blogs\/alqueriaamarillanaranja\/2024\/05\/02\/celebramos-el-dia-de-la-cruz-5\/photo-2024-04-30-15-41-45\/\" border=\"0\" itemprop=\"url\"> <meta itemprop=\"width\" content=\"154\"> <meta itemprop=\"height\" content=\"154\"> <img decoding=\"async\" class=\"\" data-attachment-id=\"70262\" data-orig-file=\"https:\/\/cloud.alqueria.es\/wp-content\/uploads\/sites\/9\/2024\/05\/PHOTO-2024-04-30-15-41-45.jpg\" data-orig-size=\"1200,1600\" data-comments-opened=\"1\" data-image-meta=\"{&quot;aperture&quot;:&quot;0&quot;,&quot;credit&quot;:&quot;&quot;,&quot;camera&quot;:&quot;&quot;,&quot;caption&quot;:&quot;&quot;,&quot;created_timestamp&quot;:&quot;0&quot;,&quot;copyright&quot;:&quot;&quot;,&quot;focal_length&quot;:&quot;0&quot;,&quot;iso&quot;:&quot;0&quot;,&quot;shutter_speed&quot;:&quot;0&quot;,&quot;title&quot;:&quot;&quot;,&quot;orientation&quot;:&quot;0&quot;}\" data-image-title=\"PHOTO-2024-04-30-15-41-45\" data-image-description=\"\" data-medium-file=\"https:\/\/cloud.alqueria.es\/wp-content\/uploads\/sites\/9\/2024\/05\/PHOTO-2024-04-30-15-41-45-225x300.jpg\" data-large-file=\"https:\/\/cloud.alqueria.es\/wp-content\/uploads\/sites\/9\/2024\/05\/PHOTO-2024-04-30-15-41-45-768x1024.jpg\" src=\"https:\/\/i0.wp.com\/cloud.alqueria.es\/wp-content\/uploads\/sites\/9\/2024\/05\/PHOTO-2024-04-30-15-41-45.jpg?w=154&#038;h=154&#038;crop=1&#038;ssl=1\" width=\"154\" height=\"154\" loading=\"lazy\" data-original-width=\"154\" data-original-height=\"154\" itemprop=\"http:\/\/schema.org\/image\" title=\"PHOTO-2024-04-30-15-41-45\" alt=\"PHOTO-2024-04-30-15-41-45\" style=\"width: 154px; height: 154px;\" \/> <\/a> <\/div> <\/div> <\/div> <\/div>\n<p>&nbsp;<\/p>\n<p>Cada obra de arte es \u00fanica y exclusiva. <strong>\u00a1Est\u00e1n hechos unos verdaderos artistas!<\/strong><\/p>\n<p class=\"jetpack-slideshow-noscript robots-nocontent\">El pase de diapositivas requiere JavaScript.<\/p><div id=\"gallery-70261-1-slideshow\" class=\"jetpack-slideshow-window jetpack-slideshow jetpack-slideshow-black\" data-trans=\"fade\" data-autostart=\"1\" data-gallery=\"[{&quot;src&quot;:&quot;https:\\\/\\\/cloud.alqueria.es\\\/wp-content\\\/uploads\\\/sites\\\/9\\\/2024\\\/05\\\/PHOTO-2024-04-30-15-41-45-4-1024x768.jpg&quot;,&quot;id&quot;:&quot;70281&quot;,&quot;title&quot;:&quot;PHOTO-2024-04-30-15-41-45 4&quot;,&quot;alt&quot;:&quot;&quot;,&quot;caption&quot;:&quot;&quot;,&quot;itemprop&quot;:&quot;image&quot;},{&quot;src&quot;:&quot;https:\\\/\\\/cloud.alqueria.es\\\/wp-content\\\/uploads\\\/sites\\\/9\\\/2024\\\/05\\\/PHOTO-2024-04-30-15-41-45-5-768x1024.jpg&quot;,&quot;id&quot;:&quot;70280&quot;,&quot;title&quot;:&quot;PHOTO-2024-04-30-15-41-45 5&quot;,&quot;alt&quot;:&quot;&quot;,&quot;caption&quot;:&quot;&quot;,&quot;itemprop&quot;:&quot;image&quot;},{&quot;src&quot;:&quot;https:\\\/\\\/cloud.alqueria.es\\\/wp-content\\\/uploads\\\/sites\\\/9\\\/2024\\\/05\\\/PHOTO-2024-04-30-15-41-45-6-768x1024.jpg&quot;,&quot;id&quot;:&quot;70279&quot;,&quot;title&quot;:&quot;PHOTO-2024-04-30-15-41-45 6&quot;,&quot;alt&quot;:&quot;&quot;,&quot;caption&quot;:&quot;&quot;,&quot;itemprop&quot;:&quot;image&quot;},{&quot;src&quot;:&quot;https:\\\/\\\/cloud.alqueria.es\\\/wp-content\\\/uploads\\\/sites\\\/9\\\/2024\\\/05\\\/PHOTO-2024-04-30-15-41-45-7-768x1024.jpg&quot;,&quot;id&quot;:&quot;70278&quot;,&quot;title&quot;:&quot;PHOTO-2024-04-30-15-41-45 7&quot;,&quot;alt&quot;:&quot;&quot;,&quot;caption&quot;:&quot;&quot;,&quot;itemprop&quot;:&quot;image&quot;},{&quot;src&quot;:&quot;https:\\\/\\\/cloud.alqueria.es\\\/wp-content\\\/uploads\\\/sites\\\/9\\\/2024\\\/05\\\/PHOTO-2024-04-30-15-41-45-8-768x1024.jpg&quot;,&quot;id&quot;:&quot;70277&quot;,&quot;title&quot;:&quot;PHOTO-2024-04-30-15-41-45 8&quot;,&quot;alt&quot;:&quot;&quot;,&quot;caption&quot;:&quot;&quot;,&quot;itemprop&quot;:&quot;image&quot;},{&quot;src&quot;:&quot;https:\\\/\\\/cloud.alqueria.es\\\/wp-content\\\/uploads\\\/sites\\\/9\\\/2024\\\/05\\\/PHOTO-2024-04-30-15-41-45-9-768x1024.jpg&quot;,&quot;id&quot;:&quot;70276&quot;,&quot;title&quot;:&quot;PHOTO-2024-04-30-15-41-45 9&quot;,&quot;alt&quot;:&quot;&quot;,&quot;caption&quot;:&quot;&quot;,&quot;itemprop&quot;:&quot;image&quot;},{&quot;src&quot;:&quot;https:\\\/\\\/cloud.alqueria.es\\\/wp-content\\\/uploads\\\/sites\\\/9\\\/2024\\\/05\\\/PHOTO-2024-04-30-15-41-45-10-768x1024.jpg&quot;,&quot;id&quot;:&quot;70275&quot;,&quot;title&quot;:&quot;PHOTO-2024-04-30-15-41-45 10&quot;,&quot;alt&quot;:&quot;&quot;,&quot;caption&quot;:&quot;&quot;,&quot;itemprop&quot;:&quot;image&quot;},{&quot;src&quot;:&quot;https:\\\/\\\/cloud.alqueria.es\\\/wp-content\\\/uploads\\\/sites\\\/9\\\/2024\\\/05\\\/PHOTO-2024-04-30-15-41-45-11-768x1024.jpg&quot;,&quot;id&quot;:&quot;70274&quot;,&quot;title&quot;:&quot;PHOTO-2024-04-30-15-41-45 11&quot;,&quot;alt&quot;:&quot;&quot;,&quot;caption&quot;:&quot;&quot;,&quot;itemprop&quot;:&quot;image&quot;},{&quot;src&quot;:&quot;https:\\\/\\\/cloud.alqueria.es\\\/wp-content\\\/uploads\\\/sites\\\/9\\\/2024\\\/05\\\/PHOTO-2024-04-30-15-41-45-12-768x1024.jpg&quot;,&quot;id&quot;:&quot;70273&quot;,&quot;title&quot;:&quot;PHOTO-2024-04-30-15-41-45 12&quot;,&quot;alt&quot;:&quot;&quot;,&quot;caption&quot;:&quot;&quot;,&quot;itemprop&quot;:&quot;image&quot;},{&quot;src&quot;:&quot;https:\\\/\\\/cloud.alqueria.es\\\/wp-content\\\/uploads\\\/sites\\\/9\\\/2024\\\/05\\\/PHOTO-2024-04-30-15-41-45-13-768x1024.jpg&quot;,&quot;id&quot;:&quot;70272&quot;,&quot;title&quot;:&quot;PHOTO-2024-04-30-15-41-45 13&quot;,&quot;alt&quot;:&quot;&quot;,&quot;caption&quot;:&quot;&quot;,&quot;itemprop&quot;:&quot;image&quot;},{&quot;src&quot;:&quot;https:\\\/\\\/cloud.alqueria.es\\\/wp-content\\\/uploads\\\/sites\\\/9\\\/2024\\\/05\\\/PHOTO-2024-04-30-15-41-45-14-768x1024.jpg&quot;,&quot;id&quot;:&quot;70271&quot;,&quot;title&quot;:&quot;PHOTO-2024-04-30-15-41-45 14&quot;,&quot;alt&quot;:&quot;&quot;,&quot;caption&quot;:&quot;&quot;,&quot;itemprop&quot;:&quot;image&quot;},{&quot;src&quot;:&quot;https:\\\/\\\/cloud.alqueria.es\\\/wp-content\\\/uploads\\\/sites\\\/9\\\/2024\\\/05\\\/PHOTO-2024-04-30-15-41-45-15-768x1024.jpg&quot;,&quot;id&quot;:&quot;70270&quot;,&quot;title&quot;:&quot;PHOTO-2024-04-30-15-41-45 15&quot;,&quot;alt&quot;:&quot;&quot;,&quot;caption&quot;:&quot;&quot;,&quot;itemprop&quot;:&quot;image&quot;},{&quot;src&quot;:&quot;https:\\\/\\\/cloud.alqueria.es\\\/wp-content\\\/uploads\\\/sites\\\/9\\\/2024\\\/05\\\/PHOTO-2024-04-30-15-41-45-16-768x1024.jpg&quot;,&quot;id&quot;:&quot;70269&quot;,&quot;title&quot;:&quot;PHOTO-2024-04-30-15-41-45 16&quot;,&quot;alt&quot;:&quot;&quot;,&quot;caption&quot;:&quot;&quot;,&quot;itemprop&quot;:&quot;image&quot;},{&quot;src&quot;:&quot;https:\\\/\\\/cloud.alqueria.es\\\/wp-content\\\/uploads\\\/sites\\\/9\\\/2024\\\/05\\\/PHOTO-2024-04-30-15-41-45-17-768x1024.jpg&quot;,&quot;id&quot;:&quot;70268&quot;,&quot;title&quot;:&quot;PHOTO-2024-04-30-15-41-45 17&quot;,&quot;alt&quot;:&quot;&quot;,&quot;caption&quot;:&quot;&quot;,&quot;itemprop&quot;:&quot;image&quot;},{&quot;src&quot;:&quot;https:\\\/\\\/cloud.alqueria.es\\\/wp-content\\\/uploads\\\/sites\\\/9\\\/2024\\\/05\\\/PHOTO-2024-04-30-15-41-45-18-768x1024.jpg&quot;,&quot;id&quot;:&quot;70267&quot;,&quot;title&quot;:&quot;PHOTO-2024-04-30-15-41-45 18&quot;,&quot;alt&quot;:&quot;&quot;,&quot;caption&quot;:&quot;&quot;,&quot;itemprop&quot;:&quot;image&quot;},{&quot;src&quot;:&quot;https:\\\/\\\/cloud.alqueria.es\\\/wp-content\\\/uploads\\\/sites\\\/9\\\/2024\\\/05\\\/PHOTO-2024-04-30-15-41-45-19-768x1024.jpg&quot;,&quot;id&quot;:&quot;70266&quot;,&quot;title&quot;:&quot;PHOTO-2024-04-30-15-41-45 19&quot;,&quot;alt&quot;:&quot;&quot;,&quot;caption&quot;:&quot;&quot;,&quot;itemprop&quot;:&quot;image&quot;},{&quot;src&quot;:&quot;https:\\\/\\\/cloud.alqueria.es\\\/wp-content\\\/uploads\\\/sites\\\/9\\\/2024\\\/05\\\/PHOTO-2024-04-30-15-41-45-20-768x1024.jpg&quot;,&quot;id&quot;:&quot;70265&quot;,&quot;title&quot;:&quot;PHOTO-2024-04-30-15-41-45 20&quot;,&quot;alt&quot;:&quot;&quot;,&quot;caption&quot;:&quot;&quot;,&quot;itemprop&quot;:&quot;image&quot;},{&quot;src&quot;:&quot;https:\\\/\\\/cloud.alqueria.es\\\/wp-content\\\/uploads\\\/sites\\\/9\\\/2024\\\/05\\\/PHOTO-2024-04-30-15-41-45-21-768x1024.jpg&quot;,&quot;id&quot;:&quot;70264&quot;,&quot;title&quot;:&quot;PHOTO-2024-04-30-15-41-45 21&quot;,&quot;alt&quot;:&quot;&quot;,&quot;caption&quot;:&quot;&quot;,&quot;itemprop&quot;:&quot;image&quot;},{&quot;src&quot;:&quot;https:\\\/\\\/cloud.alqueria.es\\\/wp-content\\\/uploads\\\/sites\\\/9\\\/2024\\\/05\\\/PHOTO-2024-04-30-15-41-45-22-768x1024.jpg&quot;,&quot;id&quot;:&quot;70263&quot;,&quot;title&quot;:&quot;PHOTO-2024-04-30-15-41-45 22&quot;,&quot;alt&quot;:&quot;&quot;,&quot;caption&quot;:&quot;&quot;,&quot;itemprop&quot;:&quot;image&quot;}]\" itemscope itemtype=\"https:\/\/schema.org\/ImageGallery\"><\/div>\n<p>Como cada a\u00f1o hoy hemos celebrado nuestro particular <span style=\"color: #ff6600\"><strong>D\u00eda de la Cruz en Alquer\u00eda.<\/strong><\/span> Recibimos a nuestros peque\u00f1os con los trajes t\u00edpicos de flamencos y flamencas, <strong>\u00a1Qu\u00e9 guapos que estamos!<\/strong><\/p>\n<div data-carousel-extra='{&quot;blog_id&quot;:9,&quot;permalink&quot;:&quot;https:\/\/www.alqueria.es\/blogs\/alqueriaamarillanaranja\/2024\/05\/02\/celebramos-el-dia-de-la-cruz-5\/&quot;}' id='gallery-3' class='gallery galleryid-70261 gallery-columns-2 gallery-size-large'><figure class='gallery-item'>\n\t\t\t<div class='gallery-icon landscape'>\n\t\t\t\t<a href='https:\/\/www.alqueria.es\/blogs\/alqueriaamarillanaranja\/2024\/05\/02\/celebramos-el-dia-de-la-cruz-5\/photo-2024-05-02-15-51-18-2\/'><img decoding=\"async\" width=\"474\" height=\"356\" src=\"https:\/\/cloud.alqueria.es\/wp-content\/uploads\/sites\/9\/2024\/05\/PHOTO-2024-05-02-15-51-18-2-1024x768.jpg\" class=\"attachment-large size-large\" alt=\"\" srcset=\"https:\/\/cloud.alqueria.es\/wp-content\/uploads\/sites\/9\/2024\/05\/PHOTO-2024-05-02-15-51-18-2-1024x768.jpg 1024w, https:\/\/cloud.alqueria.es\/wp-content\/uploads\/sites\/9\/2024\/05\/PHOTO-2024-05-02-15-51-18-2-300x225.jpg 300w, https:\/\/cloud.alqueria.es\/wp-content\/uploads\/sites\/9\/2024\/05\/PHOTO-2024-05-02-15-51-18-2-768x576.jpg 768w, https:\/\/cloud.alqueria.es\/wp-content\/uploads\/sites\/9\/2024\/05\/PHOTO-2024-05-02-15-51-18-2-1536x1152.jpg 1536w, https:\/\/cloud.alqueria.es\/wp-content\/uploads\/sites\/9\/2024\/05\/PHOTO-2024-05-02-15-51-18-2.jpg 1600w\" sizes=\"(max-width: 474px) 100vw, 474px\" data-attachment-id=\"70314\" data-permalink=\"https:\/\/www.alqueria.es\/blogs\/alqueriaamarillanaranja\/2024\/05\/02\/celebramos-el-dia-de-la-cruz-5\/photo-2024-05-02-15-51-18-2\/\" data-orig-file=\"https:\/\/cloud.alqueria.es\/wp-content\/uploads\/sites\/9\/2024\/05\/PHOTO-2024-05-02-15-51-18-2.jpg\" data-orig-size=\"1600,1200\" data-comments-opened=\"1\" data-image-meta=\"{&quot;aperture&quot;:&quot;0&quot;,&quot;credit&quot;:&quot;&quot;,&quot;camera&quot;:&quot;&quot;,&quot;caption&quot;:&quot;&quot;,&quot;created_timestamp&quot;:&quot;0&quot;,&quot;copyright&quot;:&quot;&quot;,&quot;focal_length&quot;:&quot;0&quot;,&quot;iso&quot;:&quot;0&quot;,&quot;shutter_speed&quot;:&quot;0&quot;,&quot;title&quot;:&quot;&quot;,&quot;orientation&quot;:&quot;0&quot;}\" data-image-title=\"PHOTO-2024-05-02-15-51-18 2\" data-image-description=\"\" data-image-caption=\"\" data-large-file=\"https:\/\/cloud.alqueria.es\/wp-content\/uploads\/sites\/9\/2024\/05\/PHOTO-2024-05-02-15-51-18-2-1024x768.jpg\" \/><\/a>\n\t\t\t<\/div><\/figure><figure class='gallery-item'>\n\t\t\t<div class='gallery-icon landscape'>\n\t\t\t\t<a href='https:\/\/www.alqueria.es\/blogs\/alqueriaamarillanaranja\/2024\/05\/02\/celebramos-el-dia-de-la-cruz-5\/photo-2024-05-02-15-51-18-3\/'><img decoding=\"async\" width=\"474\" height=\"356\" src=\"https:\/\/cloud.alqueria.es\/wp-content\/uploads\/sites\/9\/2024\/05\/PHOTO-2024-05-02-15-51-18-3-1024x768.jpg\" class=\"attachment-large size-large\" alt=\"\" srcset=\"https:\/\/cloud.alqueria.es\/wp-content\/uploads\/sites\/9\/2024\/05\/PHOTO-2024-05-02-15-51-18-3-1024x768.jpg 1024w, https:\/\/cloud.alqueria.es\/wp-content\/uploads\/sites\/9\/2024\/05\/PHOTO-2024-05-02-15-51-18-3-300x225.jpg 300w, https:\/\/cloud.alqueria.es\/wp-content\/uploads\/sites\/9\/2024\/05\/PHOTO-2024-05-02-15-51-18-3-768x576.jpg 768w, https:\/\/cloud.alqueria.es\/wp-content\/uploads\/sites\/9\/2024\/05\/PHOTO-2024-05-02-15-51-18-3-1536x1152.jpg 1536w, https:\/\/cloud.alqueria.es\/wp-content\/uploads\/sites\/9\/2024\/05\/PHOTO-2024-05-02-15-51-18-3.jpg 1600w\" sizes=\"(max-width: 474px) 100vw, 474px\" data-attachment-id=\"70313\" data-permalink=\"https:\/\/www.alqueria.es\/blogs\/alqueriaamarillanaranja\/2024\/05\/02\/celebramos-el-dia-de-la-cruz-5\/photo-2024-05-02-15-51-18-3\/\" data-orig-file=\"https:\/\/cloud.alqueria.es\/wp-content\/uploads\/sites\/9\/2024\/05\/PHOTO-2024-05-02-15-51-18-3.jpg\" data-orig-size=\"1600,1200\" data-comments-opened=\"1\" data-image-meta=\"{&quot;aperture&quot;:&quot;0&quot;,&quot;credit&quot;:&quot;&quot;,&quot;camera&quot;:&quot;&quot;,&quot;caption&quot;:&quot;&quot;,&quot;created_timestamp&quot;:&quot;0&quot;,&quot;copyright&quot;:&quot;&quot;,&quot;focal_length&quot;:&quot;0&quot;,&quot;iso&quot;:&quot;0&quot;,&quot;shutter_speed&quot;:&quot;0&quot;,&quot;title&quot;:&quot;&quot;,&quot;orientation&quot;:&quot;0&quot;}\" data-image-title=\"PHOTO-2024-05-02-15-51-18 3\" data-image-description=\"\" data-image-caption=\"\" data-large-file=\"https:\/\/cloud.alqueria.es\/wp-content\/uploads\/sites\/9\/2024\/05\/PHOTO-2024-05-02-15-51-18-3-1024x768.jpg\" \/><\/a>\n\t\t\t<\/div><\/figure>\n\t\t<\/div>\n\n<p class=\"jetpack-slideshow-noscript robots-nocontent\">El pase de diapositivas requiere JavaScript.<\/p><div id=\"gallery-70261-2-slideshow\" class=\"jetpack-slideshow-window jetpack-slideshow jetpack-slideshow-black\" data-trans=\"fade\" data-autostart=\"1\" data-gallery=\"[{&quot;src&quot;:&quot;https:\\\/\\\/cloud.alqueria.es\\\/wp-content\\\/uploads\\\/sites\\\/9\\\/2024\\\/05\\\/PHOTO-2024-05-02-15-47-03-1024x768.jpg&quot;,&quot;id&quot;:&quot;70315&quot;,&quot;title&quot;:&quot;PHOTO-2024-05-02-15-47-03&quot;,&quot;alt&quot;:&quot;&quot;,&quot;caption&quot;:&quot;&quot;,&quot;itemprop&quot;:&quot;image&quot;},{&quot;src&quot;:&quot;https:\\\/\\\/cloud.alqueria.es\\\/wp-content\\\/uploads\\\/sites\\\/9\\\/2024\\\/05\\\/PHOTO-2024-05-02-15-51-18-4-768x1024.jpg&quot;,&quot;id&quot;:&quot;70312&quot;,&quot;title&quot;:&quot;PHOTO-2024-05-02-15-51-18 4&quot;,&quot;alt&quot;:&quot;&quot;,&quot;caption&quot;:&quot;&quot;,&quot;itemprop&quot;:&quot;image&quot;},{&quot;src&quot;:&quot;https:\\\/\\\/cloud.alqueria.es\\\/wp-content\\\/uploads\\\/sites\\\/9\\\/2024\\\/05\\\/PHOTO-2024-05-02-15-51-18-5-768x1024.jpg&quot;,&quot;id&quot;:&quot;70311&quot;,&quot;title&quot;:&quot;PHOTO-2024-05-02-15-51-18 5&quot;,&quot;alt&quot;:&quot;&quot;,&quot;caption&quot;:&quot;&quot;,&quot;itemprop&quot;:&quot;image&quot;},{&quot;src&quot;:&quot;https:\\\/\\\/cloud.alqueria.es\\\/wp-content\\\/uploads\\\/sites\\\/9\\\/2024\\\/05\\\/PHOTO-2024-05-02-15-51-18-6-768x1024.jpg&quot;,&quot;id&quot;:&quot;70310&quot;,&quot;title&quot;:&quot;PHOTO-2024-05-02-15-51-18 6&quot;,&quot;alt&quot;:&quot;&quot;,&quot;caption&quot;:&quot;&quot;,&quot;itemprop&quot;:&quot;image&quot;},{&quot;src&quot;:&quot;https:\\\/\\\/cloud.alqueria.es\\\/wp-content\\\/uploads\\\/sites\\\/9\\\/2024\\\/05\\\/PHOTO-2024-05-02-15-51-18-7-768x1024.jpg&quot;,&quot;id&quot;:&quot;70309&quot;,&quot;title&quot;:&quot;PHOTO-2024-05-02-15-51-18 7&quot;,&quot;alt&quot;:&quot;&quot;,&quot;caption&quot;:&quot;&quot;,&quot;itemprop&quot;:&quot;image&quot;},{&quot;src&quot;:&quot;https:\\\/\\\/cloud.alqueria.es\\\/wp-content\\\/uploads\\\/sites\\\/9\\\/2024\\\/05\\\/PHOTO-2024-05-02-15-51-18-8-768x1024.jpg&quot;,&quot;id&quot;:&quot;70308&quot;,&quot;title&quot;:&quot;PHOTO-2024-05-02-15-51-18 8&quot;,&quot;alt&quot;:&quot;&quot;,&quot;caption&quot;:&quot;&quot;,&quot;itemprop&quot;:&quot;image&quot;},{&quot;src&quot;:&quot;https:\\\/\\\/cloud.alqueria.es\\\/wp-content\\\/uploads\\\/sites\\\/9\\\/2024\\\/05\\\/PHOTO-2024-05-02-15-51-18-9-768x1024.jpg&quot;,&quot;id&quot;:&quot;70307&quot;,&quot;title&quot;:&quot;PHOTO-2024-05-02-15-51-18 9&quot;,&quot;alt&quot;:&quot;&quot;,&quot;caption&quot;:&quot;&quot;,&quot;itemprop&quot;:&quot;image&quot;},{&quot;src&quot;:&quot;https:\\\/\\\/cloud.alqueria.es\\\/wp-content\\\/uploads\\\/sites\\\/9\\\/2024\\\/05\\\/PHOTO-2024-05-02-15-51-18-10-768x1024.jpg&quot;,&quot;id&quot;:&quot;70306&quot;,&quot;title&quot;:&quot;PHOTO-2024-05-02-15-51-18 10&quot;,&quot;alt&quot;:&quot;&quot;,&quot;caption&quot;:&quot;&quot;,&quot;itemprop&quot;:&quot;image&quot;},{&quot;src&quot;:&quot;https:\\\/\\\/cloud.alqueria.es\\\/wp-content\\\/uploads\\\/sites\\\/9\\\/2024\\\/05\\\/PHOTO-2024-05-02-15-51-18-11-768x1024.jpg&quot;,&quot;id&quot;:&quot;70305&quot;,&quot;title&quot;:&quot;PHOTO-2024-05-02-15-51-18 11&quot;,&quot;alt&quot;:&quot;&quot;,&quot;caption&quot;:&quot;&quot;,&quot;itemprop&quot;:&quot;image&quot;},{&quot;src&quot;:&quot;https:\\\/\\\/cloud.alqueria.es\\\/wp-content\\\/uploads\\\/sites\\\/9\\\/2024\\\/05\\\/PHOTO-2024-05-02-15-51-18-12-768x1024.jpg&quot;,&quot;id&quot;:&quot;70304&quot;,&quot;title&quot;:&quot;PHOTO-2024-05-02-15-51-18 12&quot;,&quot;alt&quot;:&quot;&quot;,&quot;caption&quot;:&quot;&quot;,&quot;itemprop&quot;:&quot;image&quot;},{&quot;src&quot;:&quot;https:\\\/\\\/cloud.alqueria.es\\\/wp-content\\\/uploads\\\/sites\\\/9\\\/2024\\\/05\\\/PHOTO-2024-05-02-15-51-18-13-768x1024.jpg&quot;,&quot;id&quot;:&quot;70303&quot;,&quot;title&quot;:&quot;PHOTO-2024-05-02-15-51-18 13&quot;,&quot;alt&quot;:&quot;&quot;,&quot;caption&quot;:&quot;&quot;,&quot;itemprop&quot;:&quot;image&quot;},{&quot;src&quot;:&quot;https:\\\/\\\/cloud.alqueria.es\\\/wp-content\\\/uploads\\\/sites\\\/9\\\/2024\\\/05\\\/PHOTO-2024-05-02-15-51-18-14-768x1024.jpg&quot;,&quot;id&quot;:&quot;70302&quot;,&quot;title&quot;:&quot;PHOTO-2024-05-02-15-51-18 14&quot;,&quot;alt&quot;:&quot;&quot;,&quot;caption&quot;:&quot;&quot;,&quot;itemprop&quot;:&quot;image&quot;},{&quot;src&quot;:&quot;https:\\\/\\\/cloud.alqueria.es\\\/wp-content\\\/uploads\\\/sites\\\/9\\\/2024\\\/05\\\/PHOTO-2024-05-02-15-51-18-15-768x1024.jpg&quot;,&quot;id&quot;:&quot;70301&quot;,&quot;title&quot;:&quot;PHOTO-2024-05-02-15-51-18 15&quot;,&quot;alt&quot;:&quot;&quot;,&quot;caption&quot;:&quot;&quot;,&quot;itemprop&quot;:&quot;image&quot;},{&quot;src&quot;:&quot;https:\\\/\\\/cloud.alqueria.es\\\/wp-content\\\/uploads\\\/sites\\\/9\\\/2024\\\/05\\\/PHOTO-2024-05-02-15-51-18-16-768x1024.jpg&quot;,&quot;id&quot;:&quot;70300&quot;,&quot;title&quot;:&quot;PHOTO-2024-05-02-15-51-18 16&quot;,&quot;alt&quot;:&quot;&quot;,&quot;caption&quot;:&quot;&quot;,&quot;itemprop&quot;:&quot;image&quot;},{&quot;src&quot;:&quot;https:\\\/\\\/cloud.alqueria.es\\\/wp-content\\\/uploads\\\/sites\\\/9\\\/2024\\\/05\\\/PHOTO-2024-05-02-15-51-18-17-768x1024.jpg&quot;,&quot;id&quot;:&quot;70299&quot;,&quot;title&quot;:&quot;PHOTO-2024-05-02-15-51-18 17&quot;,&quot;alt&quot;:&quot;&quot;,&quot;caption&quot;:&quot;&quot;,&quot;itemprop&quot;:&quot;image&quot;},{&quot;src&quot;:&quot;https:\\\/\\\/cloud.alqueria.es\\\/wp-content\\\/uploads\\\/sites\\\/9\\\/2024\\\/05\\\/PHOTO-2024-05-02-15-51-18-18-768x1024.jpg&quot;,&quot;id&quot;:&quot;70298&quot;,&quot;title&quot;:&quot;PHOTO-2024-05-02-15-51-18 18&quot;,&quot;alt&quot;:&quot;&quot;,&quot;caption&quot;:&quot;&quot;,&quot;itemprop&quot;:&quot;image&quot;}]\" itemscope itemtype=\"https:\/\/schema.org\/ImageGallery\"><\/div>\n<p>A las 10:30 toda la etapa de infantil\u00a0 nos reunimos en el JARD\u00cdN, junto a nuestra original Cruz, para compartir un ratito de baile y degustaci\u00f3n de habas con saladillas. El martes pasado recogimos nuestras habas del huerto para poder disfrutarlas en este d\u00eda.<\/p>\n<div class=\"tiled-gallery type-square tiled-gallery-unresized\" data-original-width=\"474\" data-carousel-extra='{&quot;blog_id&quot;:9,&quot;permalink&quot;:&quot;https:\\\/\\\/www.alqueria.es\\\/blogs\\\/alqueriaamarillanaranja\\\/2024\\\/05\\\/02\\\/celebramos-el-dia-de-la-cruz-5\\\/&quot;,&quot;likes_blog_id&quot;:64271688}' itemscope itemtype=\"http:\/\/schema.org\/ImageGallery\" > <div class=\"gallery-row\" style=\"width: 474px; height: 158px;\" data-original-width=\"474\" data-original-height=\"158\" > <div class=\"gallery-group\" style=\"width: 158px; height: 158px;\" data-original-width=\"158\" data-original-height=\"158\" > <div class=\"tiled-gallery-item \" itemprop=\"associatedMedia\" itemscope itemtype=\"http:\/\/schema.org\/ImageObject\"> <a href=\"https:\/\/www.alqueria.es\/blogs\/alqueriaamarillanaranja\/2024\/05\/02\/celebramos-el-dia-de-la-cruz-5\/photo-2024-05-02-15-51-18-19\/\" border=\"0\" itemprop=\"url\"> <meta itemprop=\"width\" content=\"154\"> <meta itemprop=\"height\" content=\"154\"> <img decoding=\"async\" class=\"\" data-attachment-id=\"70297\" data-orig-file=\"https:\/\/cloud.alqueria.es\/wp-content\/uploads\/sites\/9\/2024\/05\/PHOTO-2024-05-02-15-51-18-19.jpg\" data-orig-size=\"1600,1200\" data-comments-opened=\"1\" data-image-meta=\"{&quot;aperture&quot;:&quot;0&quot;,&quot;credit&quot;:&quot;&quot;,&quot;camera&quot;:&quot;&quot;,&quot;caption&quot;:&quot;&quot;,&quot;created_timestamp&quot;:&quot;0&quot;,&quot;copyright&quot;:&quot;&quot;,&quot;focal_length&quot;:&quot;0&quot;,&quot;iso&quot;:&quot;0&quot;,&quot;shutter_speed&quot;:&quot;0&quot;,&quot;title&quot;:&quot;&quot;,&quot;orientation&quot;:&quot;0&quot;}\" data-image-title=\"PHOTO-2024-05-02-15-51-18 19\" data-image-description=\"\" data-medium-file=\"https:\/\/cloud.alqueria.es\/wp-content\/uploads\/sites\/9\/2024\/05\/PHOTO-2024-05-02-15-51-18-19-300x225.jpg\" data-large-file=\"https:\/\/cloud.alqueria.es\/wp-content\/uploads\/sites\/9\/2024\/05\/PHOTO-2024-05-02-15-51-18-19-1024x768.jpg\" src=\"https:\/\/i0.wp.com\/cloud.alqueria.es\/wp-content\/uploads\/sites\/9\/2024\/05\/PHOTO-2024-05-02-15-51-18-19.jpg?w=154&#038;h=154&#038;crop=1&#038;ssl=1\" width=\"154\" height=\"154\" loading=\"lazy\" data-original-width=\"154\" data-original-height=\"154\" itemprop=\"http:\/\/schema.org\/image\" title=\"PHOTO-2024-05-02-15-51-18 19\" alt=\"PHOTO-2024-05-02-15-51-18 19\" style=\"width: 154px; height: 154px;\" \/> <\/a> <\/div> <\/div> <div class=\"gallery-group\" style=\"width: 158px; height: 158px;\" data-original-width=\"158\" data-original-height=\"158\" > <div class=\"tiled-gallery-item \" itemprop=\"associatedMedia\" itemscope itemtype=\"http:\/\/schema.org\/ImageObject\"> <a href=\"https:\/\/www.alqueria.es\/blogs\/alqueriaamarillanaranja\/2024\/05\/02\/celebramos-el-dia-de-la-cruz-5\/photo-2024-05-02-15-51-18-20\/\" border=\"0\" itemprop=\"url\"> <meta itemprop=\"width\" content=\"154\"> <meta itemprop=\"height\" content=\"154\"> <img decoding=\"async\" class=\"\" data-attachment-id=\"70296\" data-orig-file=\"https:\/\/cloud.alqueria.es\/wp-content\/uploads\/sites\/9\/2024\/05\/PHOTO-2024-05-02-15-51-18-20.jpg\" data-orig-size=\"1200,1600\" data-comments-opened=\"1\" data-image-meta=\"{&quot;aperture&quot;:&quot;0&quot;,&quot;credit&quot;:&quot;&quot;,&quot;camera&quot;:&quot;&quot;,&quot;caption&quot;:&quot;&quot;,&quot;created_timestamp&quot;:&quot;0&quot;,&quot;copyright&quot;:&quot;&quot;,&quot;focal_length&quot;:&quot;0&quot;,&quot;iso&quot;:&quot;0&quot;,&quot;shutter_speed&quot;:&quot;0&quot;,&quot;title&quot;:&quot;&quot;,&quot;orientation&quot;:&quot;0&quot;}\" data-image-title=\"PHOTO-2024-05-02-15-51-18 20\" data-image-description=\"\" data-medium-file=\"https:\/\/cloud.alqueria.es\/wp-content\/uploads\/sites\/9\/2024\/05\/PHOTO-2024-05-02-15-51-18-20-225x300.jpg\" data-large-file=\"https:\/\/cloud.alqueria.es\/wp-content\/uploads\/sites\/9\/2024\/05\/PHOTO-2024-05-02-15-51-18-20-768x1024.jpg\" src=\"https:\/\/i0.wp.com\/cloud.alqueria.es\/wp-content\/uploads\/sites\/9\/2024\/05\/PHOTO-2024-05-02-15-51-18-20.jpg?w=154&#038;h=154&#038;crop=1&#038;ssl=1\" width=\"154\" height=\"154\" loading=\"lazy\" data-original-width=\"154\" data-original-height=\"154\" itemprop=\"http:\/\/schema.org\/image\" title=\"PHOTO-2024-05-02-15-51-18 20\" alt=\"PHOTO-2024-05-02-15-51-18 20\" style=\"width: 154px; height: 154px;\" \/> <\/a> <\/div> <\/div> <div class=\"gallery-group\" style=\"width: 158px; height: 158px;\" data-original-width=\"158\" data-original-height=\"158\" > <div class=\"tiled-gallery-item \" itemprop=\"associatedMedia\" itemscope itemtype=\"http:\/\/schema.org\/ImageObject\"> <a href=\"https:\/\/www.alqueria.es\/blogs\/alqueriaamarillanaranja\/2024\/05\/02\/celebramos-el-dia-de-la-cruz-5\/photo-2024-05-02-15-51-18-30\/\" border=\"0\" itemprop=\"url\"> <meta itemprop=\"width\" content=\"154\"> <meta itemprop=\"height\" content=\"154\"> <img decoding=\"async\" class=\"\" data-attachment-id=\"70286\" data-orig-file=\"https:\/\/cloud.alqueria.es\/wp-content\/uploads\/sites\/9\/2024\/05\/PHOTO-2024-05-02-15-51-18-30.jpg\" data-orig-size=\"1600,1200\" data-comments-opened=\"1\" data-image-meta=\"{&quot;aperture&quot;:&quot;0&quot;,&quot;credit&quot;:&quot;&quot;,&quot;camera&quot;:&quot;&quot;,&quot;caption&quot;:&quot;&quot;,&quot;created_timestamp&quot;:&quot;0&quot;,&quot;copyright&quot;:&quot;&quot;,&quot;focal_length&quot;:&quot;0&quot;,&quot;iso&quot;:&quot;0&quot;,&quot;shutter_speed&quot;:&quot;0&quot;,&quot;title&quot;:&quot;&quot;,&quot;orientation&quot;:&quot;0&quot;}\" data-image-title=\"PHOTO-2024-05-02-15-51-18 30\" data-image-description=\"\" data-medium-file=\"https:\/\/cloud.alqueria.es\/wp-content\/uploads\/sites\/9\/2024\/05\/PHOTO-2024-05-02-15-51-18-30-300x225.jpg\" data-large-file=\"https:\/\/cloud.alqueria.es\/wp-content\/uploads\/sites\/9\/2024\/05\/PHOTO-2024-05-02-15-51-18-30-1024x768.jpg\" src=\"https:\/\/i0.wp.com\/cloud.alqueria.es\/wp-content\/uploads\/sites\/9\/2024\/05\/PHOTO-2024-05-02-15-51-18-30.jpg?w=154&#038;h=154&#038;crop=1&#038;ssl=1\" width=\"154\" height=\"154\" loading=\"lazy\" data-original-width=\"154\" data-original-height=\"154\" itemprop=\"http:\/\/schema.org\/image\" title=\"PHOTO-2024-05-02-15-51-18 30\" alt=\"PHOTO-2024-05-02-15-51-18 30\" style=\"width: 154px; height: 154px;\" \/> <\/a> <\/div> <\/div> <\/div> <\/div>\n<p>Este a\u00f1o hemos podido disfrutar de una actuaci\u00f3n de baile flamenco en directo gracias a <strong>Baba<\/strong>, <strong>abuela de Munir,<\/strong> compa\u00f1ero de la clase amarilla. Hemos acabado todos y todas bailando al ritmo de la m\u00fasica.<\/p>\n<div data-carousel-extra='{&quot;blog_id&quot;:9,&quot;permalink&quot;:&quot;https:\/\/www.alqueria.es\/blogs\/alqueriaamarillanaranja\/2024\/05\/02\/celebramos-el-dia-de-la-cruz-5\/&quot;}' id='gallery-6' class='gallery galleryid-70261 gallery-columns-3 gallery-size-large'><figure class='gallery-item'>\n\t\t\t<div class='gallery-icon portrait'>\n\t\t\t\t<a href='https:\/\/www.alqueria.es\/blogs\/alqueriaamarillanaranja\/2024\/05\/02\/celebramos-el-dia-de-la-cruz-5\/photo-2024-05-02-15-51-18-29\/'><img decoding=\"async\" width=\"474\" height=\"772\" src=\"https:\/\/cloud.alqueria.es\/wp-content\/uploads\/sites\/9\/2024\/05\/PHOTO-2024-05-02-15-51-18-29-629x1024.jpg\" class=\"attachment-large size-large\" alt=\"\" srcset=\"https:\/\/cloud.alqueria.es\/wp-content\/uploads\/sites\/9\/2024\/05\/PHOTO-2024-05-02-15-51-18-29-629x1024.jpg 629w, https:\/\/cloud.alqueria.es\/wp-content\/uploads\/sites\/9\/2024\/05\/PHOTO-2024-05-02-15-51-18-29-184x300.jpg 184w, https:\/\/cloud.alqueria.es\/wp-content\/uploads\/sites\/9\/2024\/05\/PHOTO-2024-05-02-15-51-18-29-768x1251.jpg 768w, https:\/\/cloud.alqueria.es\/wp-content\/uploads\/sites\/9\/2024\/05\/PHOTO-2024-05-02-15-51-18-29.jpg 900w\" sizes=\"(max-width: 474px) 100vw, 474px\" data-attachment-id=\"70287\" data-permalink=\"https:\/\/www.alqueria.es\/blogs\/alqueriaamarillanaranja\/2024\/05\/02\/celebramos-el-dia-de-la-cruz-5\/photo-2024-05-02-15-51-18-29\/\" data-orig-file=\"https:\/\/cloud.alqueria.es\/wp-content\/uploads\/sites\/9\/2024\/05\/PHOTO-2024-05-02-15-51-18-29.jpg\" data-orig-size=\"900,1466\" data-comments-opened=\"1\" data-image-meta=\"{&quot;aperture&quot;:&quot;0&quot;,&quot;credit&quot;:&quot;&quot;,&quot;camera&quot;:&quot;&quot;,&quot;caption&quot;:&quot;&quot;,&quot;created_timestamp&quot;:&quot;0&quot;,&quot;copyright&quot;:&quot;&quot;,&quot;focal_length&quot;:&quot;0&quot;,&quot;iso&quot;:&quot;0&quot;,&quot;shutter_speed&quot;:&quot;0&quot;,&quot;title&quot;:&quot;&quot;,&quot;orientation&quot;:&quot;0&quot;}\" data-image-title=\"PHOTO-2024-05-02-15-51-18 29\" data-image-description=\"\" data-image-caption=\"\" data-large-file=\"https:\/\/cloud.alqueria.es\/wp-content\/uploads\/sites\/9\/2024\/05\/PHOTO-2024-05-02-15-51-18-29-629x1024.jpg\" \/><\/a>\n\t\t\t<\/div><\/figure><figure class='gallery-item'>\n\t\t\t<div class='gallery-icon landscape'>\n\t\t\t\t<a href='https:\/\/www.alqueria.es\/blogs\/alqueriaamarillanaranja\/2024\/05\/02\/celebramos-el-dia-de-la-cruz-5\/photo-2024-05-02-15-51-18-28\/'><img decoding=\"async\" width=\"474\" height=\"213\" src=\"https:\/\/cloud.alqueria.es\/wp-content\/uploads\/sites\/9\/2024\/05\/PHOTO-2024-05-02-15-51-18-28-1024x461.jpg\" class=\"attachment-large size-large\" alt=\"\" srcset=\"https:\/\/cloud.alqueria.es\/wp-content\/uploads\/sites\/9\/2024\/05\/PHOTO-2024-05-02-15-51-18-28-1024x461.jpg 1024w, https:\/\/cloud.alqueria.es\/wp-content\/uploads\/sites\/9\/2024\/05\/PHOTO-2024-05-02-15-51-18-28-300x135.jpg 300w, https:\/\/cloud.alqueria.es\/wp-content\/uploads\/sites\/9\/2024\/05\/PHOTO-2024-05-02-15-51-18-28-768x346.jpg 768w, https:\/\/cloud.alqueria.es\/wp-content\/uploads\/sites\/9\/2024\/05\/PHOTO-2024-05-02-15-51-18-28-1536x691.jpg 1536w, https:\/\/cloud.alqueria.es\/wp-content\/uploads\/sites\/9\/2024\/05\/PHOTO-2024-05-02-15-51-18-28.jpg 1600w\" sizes=\"(max-width: 474px) 100vw, 474px\" data-attachment-id=\"70288\" data-permalink=\"https:\/\/www.alqueria.es\/blogs\/alqueriaamarillanaranja\/2024\/05\/02\/celebramos-el-dia-de-la-cruz-5\/photo-2024-05-02-15-51-18-28\/\" data-orig-file=\"https:\/\/cloud.alqueria.es\/wp-content\/uploads\/sites\/9\/2024\/05\/PHOTO-2024-05-02-15-51-18-28.jpg\" data-orig-size=\"1600,720\" data-comments-opened=\"1\" data-image-meta=\"{&quot;aperture&quot;:&quot;0&quot;,&quot;credit&quot;:&quot;&quot;,&quot;camera&quot;:&quot;&quot;,&quot;caption&quot;:&quot;&quot;,&quot;created_timestamp&quot;:&quot;0&quot;,&quot;copyright&quot;:&quot;&quot;,&quot;focal_length&quot;:&quot;0&quot;,&quot;iso&quot;:&quot;0&quot;,&quot;shutter_speed&quot;:&quot;0&quot;,&quot;title&quot;:&quot;&quot;,&quot;orientation&quot;:&quot;0&quot;}\" data-image-title=\"PHOTO-2024-05-02-15-51-18 28\" data-image-description=\"\" data-image-caption=\"\" data-large-file=\"https:\/\/cloud.alqueria.es\/wp-content\/uploads\/sites\/9\/2024\/05\/PHOTO-2024-05-02-15-51-18-28-1024x461.jpg\" \/><\/a>\n\t\t\t<\/div><\/figure><figure class='gallery-item'>\n\t\t\t<div class='gallery-icon portrait'>\n\t\t\t\t<a href='https:\/\/www.alqueria.es\/blogs\/alqueriaamarillanaranja\/2024\/05\/02\/celebramos-el-dia-de-la-cruz-5\/photo-2024-05-02-15-51-18-26\/'><img decoding=\"async\" width=\"461\" height=\"1024\" src=\"https:\/\/cloud.alqueria.es\/wp-content\/uploads\/sites\/9\/2024\/05\/PHOTO-2024-05-02-15-51-18-26-461x1024.jpg\" class=\"attachment-large size-large\" alt=\"\" srcset=\"https:\/\/cloud.alqueria.es\/wp-content\/uploads\/sites\/9\/2024\/05\/PHOTO-2024-05-02-15-51-18-26-461x1024.jpg 461w, https:\/\/cloud.alqueria.es\/wp-content\/uploads\/sites\/9\/2024\/05\/PHOTO-2024-05-02-15-51-18-26-135x300.jpg 135w, https:\/\/cloud.alqueria.es\/wp-content\/uploads\/sites\/9\/2024\/05\/PHOTO-2024-05-02-15-51-18-26-691x1536.jpg 691w, https:\/\/cloud.alqueria.es\/wp-content\/uploads\/sites\/9\/2024\/05\/PHOTO-2024-05-02-15-51-18-26.jpg 720w\" sizes=\"(max-width: 461px) 100vw, 461px\" data-attachment-id=\"70290\" data-permalink=\"https:\/\/www.alqueria.es\/blogs\/alqueriaamarillanaranja\/2024\/05\/02\/celebramos-el-dia-de-la-cruz-5\/photo-2024-05-02-15-51-18-26\/\" data-orig-file=\"https:\/\/cloud.alqueria.es\/wp-content\/uploads\/sites\/9\/2024\/05\/PHOTO-2024-05-02-15-51-18-26.jpg\" data-orig-size=\"720,1600\" data-comments-opened=\"1\" data-image-meta=\"{&quot;aperture&quot;:&quot;0&quot;,&quot;credit&quot;:&quot;&quot;,&quot;camera&quot;:&quot;&quot;,&quot;caption&quot;:&quot;&quot;,&quot;created_timestamp&quot;:&quot;0&quot;,&quot;copyright&quot;:&quot;&quot;,&quot;focal_length&quot;:&quot;0&quot;,&quot;iso&quot;:&quot;0&quot;,&quot;shutter_speed&quot;:&quot;0&quot;,&quot;title&quot;:&quot;&quot;,&quot;orientation&quot;:&quot;0&quot;}\" data-image-title=\"PHOTO-2024-05-02-15-51-18 26\" data-image-description=\"\" data-image-caption=\"\" data-large-file=\"https:\/\/cloud.alqueria.es\/wp-content\/uploads\/sites\/9\/2024\/05\/PHOTO-2024-05-02-15-51-18-26-461x1024.jpg\" \/><\/a>\n\t\t\t<\/div><\/figure><figure class='gallery-item'>\n\t\t\t<div class='gallery-icon landscape'>\n\t\t\t\t<a href='https:\/\/www.alqueria.es\/blogs\/alqueriaamarillanaranja\/2024\/05\/02\/celebramos-el-dia-de-la-cruz-5\/photo-2024-05-02-15-51-18-25\/'><img decoding=\"async\" width=\"474\" height=\"356\" src=\"https:\/\/cloud.alqueria.es\/wp-content\/uploads\/sites\/9\/2024\/05\/PHOTO-2024-05-02-15-51-18-25-1024x768.jpg\" class=\"attachment-large size-large\" alt=\"\" srcset=\"https:\/\/cloud.alqueria.es\/wp-content\/uploads\/sites\/9\/2024\/05\/PHOTO-2024-05-02-15-51-18-25-1024x768.jpg 1024w, https:\/\/cloud.alqueria.es\/wp-content\/uploads\/sites\/9\/2024\/05\/PHOTO-2024-05-02-15-51-18-25-300x225.jpg 300w, https:\/\/cloud.alqueria.es\/wp-content\/uploads\/sites\/9\/2024\/05\/PHOTO-2024-05-02-15-51-18-25-768x576.jpg 768w, https:\/\/cloud.alqueria.es\/wp-content\/uploads\/sites\/9\/2024\/05\/PHOTO-2024-05-02-15-51-18-25-1536x1152.jpg 1536w, https:\/\/cloud.alqueria.es\/wp-content\/uploads\/sites\/9\/2024\/05\/PHOTO-2024-05-02-15-51-18-25.jpg 1600w\" sizes=\"(max-width: 474px) 100vw, 474px\" data-attachment-id=\"70291\" data-permalink=\"https:\/\/www.alqueria.es\/blogs\/alqueriaamarillanaranja\/2024\/05\/02\/celebramos-el-dia-de-la-cruz-5\/photo-2024-05-02-15-51-18-25\/\" data-orig-file=\"https:\/\/cloud.alqueria.es\/wp-content\/uploads\/sites\/9\/2024\/05\/PHOTO-2024-05-02-15-51-18-25.jpg\" data-orig-size=\"1600,1200\" data-comments-opened=\"1\" data-image-meta=\"{&quot;aperture&quot;:&quot;0&quot;,&quot;credit&quot;:&quot;&quot;,&quot;camera&quot;:&quot;&quot;,&quot;caption&quot;:&quot;&quot;,&quot;created_timestamp&quot;:&quot;0&quot;,&quot;copyright&quot;:&quot;&quot;,&quot;focal_length&quot;:&quot;0&quot;,&quot;iso&quot;:&quot;0&quot;,&quot;shutter_speed&quot;:&quot;0&quot;,&quot;title&quot;:&quot;&quot;,&quot;orientation&quot;:&quot;0&quot;}\" data-image-title=\"PHOTO-2024-05-02-15-51-18 25\" data-image-description=\"\" data-image-caption=\"\" data-large-file=\"https:\/\/cloud.alqueria.es\/wp-content\/uploads\/sites\/9\/2024\/05\/PHOTO-2024-05-02-15-51-18-25-1024x768.jpg\" \/><\/a>\n\t\t\t<\/div><\/figure><figure class='gallery-item'>\n\t\t\t<div class='gallery-icon landscape'>\n\t\t\t\t<a href='https:\/\/www.alqueria.es\/blogs\/alqueriaamarillanaranja\/2024\/05\/02\/celebramos-el-dia-de-la-cruz-5\/photo-2024-05-02-15-51-18-24\/'><img decoding=\"async\" width=\"474\" height=\"356\" src=\"https:\/\/cloud.alqueria.es\/wp-content\/uploads\/sites\/9\/2024\/05\/PHOTO-2024-05-02-15-51-18-24-1024x768.jpg\" class=\"attachment-large size-large\" alt=\"\" srcset=\"https:\/\/cloud.alqueria.es\/wp-content\/uploads\/sites\/9\/2024\/05\/PHOTO-2024-05-02-15-51-18-24-1024x768.jpg 1024w, https:\/\/cloud.alqueria.es\/wp-content\/uploads\/sites\/9\/2024\/05\/PHOTO-2024-05-02-15-51-18-24-300x225.jpg 300w, https:\/\/cloud.alqueria.es\/wp-content\/uploads\/sites\/9\/2024\/05\/PHOTO-2024-05-02-15-51-18-24-768x576.jpg 768w, https:\/\/cloud.alqueria.es\/wp-content\/uploads\/sites\/9\/2024\/05\/PHOTO-2024-05-02-15-51-18-24-1536x1152.jpg 1536w, https:\/\/cloud.alqueria.es\/wp-content\/uploads\/sites\/9\/2024\/05\/PHOTO-2024-05-02-15-51-18-24.jpg 1600w\" sizes=\"(max-width: 474px) 100vw, 474px\" data-attachment-id=\"70292\" data-permalink=\"https:\/\/www.alqueria.es\/blogs\/alqueriaamarillanaranja\/2024\/05\/02\/celebramos-el-dia-de-la-cruz-5\/photo-2024-05-02-15-51-18-24\/\" data-orig-file=\"https:\/\/cloud.alqueria.es\/wp-content\/uploads\/sites\/9\/2024\/05\/PHOTO-2024-05-02-15-51-18-24.jpg\" data-orig-size=\"1600,1200\" data-comments-opened=\"1\" data-image-meta=\"{&quot;aperture&quot;:&quot;0&quot;,&quot;credit&quot;:&quot;&quot;,&quot;camera&quot;:&quot;&quot;,&quot;caption&quot;:&quot;&quot;,&quot;created_timestamp&quot;:&quot;0&quot;,&quot;copyright&quot;:&quot;&quot;,&quot;focal_length&quot;:&quot;0&quot;,&quot;iso&quot;:&quot;0&quot;,&quot;shutter_speed&quot;:&quot;0&quot;,&quot;title&quot;:&quot;&quot;,&quot;orientation&quot;:&quot;0&quot;}\" data-image-title=\"PHOTO-2024-05-02-15-51-18 24\" data-image-description=\"\" data-image-caption=\"\" data-large-file=\"https:\/\/cloud.alqueria.es\/wp-content\/uploads\/sites\/9\/2024\/05\/PHOTO-2024-05-02-15-51-18-24-1024x768.jpg\" \/><\/a>\n\t\t\t<\/div><\/figure><figure class='gallery-item'>\n\t\t\t<div class='gallery-icon portrait'>\n\t\t\t\t<a href='https:\/\/www.alqueria.es\/blogs\/alqueriaamarillanaranja\/2024\/05\/02\/celebramos-el-dia-de-la-cruz-5\/photo-2024-05-02-15-51-18-23\/'><img decoding=\"async\" width=\"474\" height=\"632\" src=\"https:\/\/cloud.alqueria.es\/wp-content\/uploads\/sites\/9\/2024\/05\/PHOTO-2024-05-02-15-51-18-23-768x1024.jpg\" class=\"attachment-large size-large\" alt=\"\" srcset=\"https:\/\/cloud.alqueria.es\/wp-content\/uploads\/sites\/9\/2024\/05\/PHOTO-2024-05-02-15-51-18-23-768x1024.jpg 768w, https:\/\/cloud.alqueria.es\/wp-content\/uploads\/sites\/9\/2024\/05\/PHOTO-2024-05-02-15-51-18-23-225x300.jpg 225w, https:\/\/cloud.alqueria.es\/wp-content\/uploads\/sites\/9\/2024\/05\/PHOTO-2024-05-02-15-51-18-23-1152x1536.jpg 1152w, https:\/\/cloud.alqueria.es\/wp-content\/uploads\/sites\/9\/2024\/05\/PHOTO-2024-05-02-15-51-18-23.jpg 1200w\" sizes=\"(max-width: 474px) 100vw, 474px\" data-attachment-id=\"70293\" data-permalink=\"https:\/\/www.alqueria.es\/blogs\/alqueriaamarillanaranja\/2024\/05\/02\/celebramos-el-dia-de-la-cruz-5\/photo-2024-05-02-15-51-18-23\/\" data-orig-file=\"https:\/\/cloud.alqueria.es\/wp-content\/uploads\/sites\/9\/2024\/05\/PHOTO-2024-05-02-15-51-18-23.jpg\" data-orig-size=\"1200,1600\" data-comments-opened=\"1\" data-image-meta=\"{&quot;aperture&quot;:&quot;0&quot;,&quot;credit&quot;:&quot;&quot;,&quot;camera&quot;:&quot;&quot;,&quot;caption&quot;:&quot;&quot;,&quot;created_timestamp&quot;:&quot;0&quot;,&quot;copyright&quot;:&quot;&quot;,&quot;focal_length&quot;:&quot;0&quot;,&quot;iso&quot;:&quot;0&quot;,&quot;shutter_speed&quot;:&quot;0&quot;,&quot;title&quot;:&quot;&quot;,&quot;orientation&quot;:&quot;0&quot;}\" data-image-title=\"PHOTO-2024-05-02-15-51-18 23\" data-image-description=\"\" data-image-caption=\"\" data-large-file=\"https:\/\/cloud.alqueria.es\/wp-content\/uploads\/sites\/9\/2024\/05\/PHOTO-2024-05-02-15-51-18-23-768x1024.jpg\" \/><\/a>\n\t\t\t<\/div><\/figure><figure class='gallery-item'>\n\t\t\t<div class='gallery-icon landscape'>\n\t\t\t\t<a href='https:\/\/www.alqueria.es\/blogs\/alqueriaamarillanaranja\/2024\/05\/02\/celebramos-el-dia-de-la-cruz-5\/photo-2024-05-02-15-51-18-27\/'><img decoding=\"async\" width=\"474\" height=\"213\" src=\"https:\/\/cloud.alqueria.es\/wp-content\/uploads\/sites\/9\/2024\/05\/PHOTO-2024-05-02-15-51-18-27-1024x461.jpg\" class=\"attachment-large size-large\" alt=\"\" srcset=\"https:\/\/cloud.alqueria.es\/wp-content\/uploads\/sites\/9\/2024\/05\/PHOTO-2024-05-02-15-51-18-27-1024x461.jpg 1024w, https:\/\/cloud.alqueria.es\/wp-content\/uploads\/sites\/9\/2024\/05\/PHOTO-2024-05-02-15-51-18-27-300x135.jpg 300w, https:\/\/cloud.alqueria.es\/wp-content\/uploads\/sites\/9\/2024\/05\/PHOTO-2024-05-02-15-51-18-27-768x346.jpg 768w, https:\/\/cloud.alqueria.es\/wp-content\/uploads\/sites\/9\/2024\/05\/PHOTO-2024-05-02-15-51-18-27-1536x691.jpg 1536w, https:\/\/cloud.alqueria.es\/wp-content\/uploads\/sites\/9\/2024\/05\/PHOTO-2024-05-02-15-51-18-27.jpg 1600w\" sizes=\"(max-width: 474px) 100vw, 474px\" data-attachment-id=\"70289\" data-permalink=\"https:\/\/www.alqueria.es\/blogs\/alqueriaamarillanaranja\/2024\/05\/02\/celebramos-el-dia-de-la-cruz-5\/photo-2024-05-02-15-51-18-27\/\" data-orig-file=\"https:\/\/cloud.alqueria.es\/wp-content\/uploads\/sites\/9\/2024\/05\/PHOTO-2024-05-02-15-51-18-27.jpg\" data-orig-size=\"1600,720\" data-comments-opened=\"1\" data-image-meta=\"{&quot;aperture&quot;:&quot;0&quot;,&quot;credit&quot;:&quot;&quot;,&quot;camera&quot;:&quot;&quot;,&quot;caption&quot;:&quot;&quot;,&quot;created_timestamp&quot;:&quot;0&quot;,&quot;copyright&quot;:&quot;&quot;,&quot;focal_length&quot;:&quot;0&quot;,&quot;iso&quot;:&quot;0&quot;,&quot;shutter_speed&quot;:&quot;0&quot;,&quot;title&quot;:&quot;&quot;,&quot;orientation&quot;:&quot;0&quot;}\" data-image-title=\"PHOTO-2024-05-02-15-51-18 27\" data-image-description=\"\" data-image-caption=\"\" data-large-file=\"https:\/\/cloud.alqueria.es\/wp-content\/uploads\/sites\/9\/2024\/05\/PHOTO-2024-05-02-15-51-18-27-1024x461.jpg\" \/><\/a>\n\t\t\t<\/div><\/figure><figure class='gallery-item'>\n\t\t\t<div class='gallery-icon landscape'>\n\t\t\t\t<a href='https:\/\/www.alqueria.es\/blogs\/alqueriaamarillanaranja\/2024\/05\/02\/celebramos-el-dia-de-la-cruz-5\/photo-2024-05-02-15-51-18-22\/'><img decoding=\"async\" width=\"474\" height=\"356\" src=\"https:\/\/cloud.alqueria.es\/wp-content\/uploads\/sites\/9\/2024\/05\/PHOTO-2024-05-02-15-51-18-22-1024x768.jpg\" class=\"attachment-large size-large\" alt=\"\" srcset=\"https:\/\/cloud.alqueria.es\/wp-content\/uploads\/sites\/9\/2024\/05\/PHOTO-2024-05-02-15-51-18-22-1024x768.jpg 1024w, https:\/\/cloud.alqueria.es\/wp-content\/uploads\/sites\/9\/2024\/05\/PHOTO-2024-05-02-15-51-18-22-300x225.jpg 300w, https:\/\/cloud.alqueria.es\/wp-content\/uploads\/sites\/9\/2024\/05\/PHOTO-2024-05-02-15-51-18-22-768x576.jpg 768w, https:\/\/cloud.alqueria.es\/wp-content\/uploads\/sites\/9\/2024\/05\/PHOTO-2024-05-02-15-51-18-22-1536x1152.jpg 1536w, https:\/\/cloud.alqueria.es\/wp-content\/uploads\/sites\/9\/2024\/05\/PHOTO-2024-05-02-15-51-18-22.jpg 1600w\" sizes=\"(max-width: 474px) 100vw, 474px\" data-attachment-id=\"70294\" data-permalink=\"https:\/\/www.alqueria.es\/blogs\/alqueriaamarillanaranja\/2024\/05\/02\/celebramos-el-dia-de-la-cruz-5\/photo-2024-05-02-15-51-18-22\/\" data-orig-file=\"https:\/\/cloud.alqueria.es\/wp-content\/uploads\/sites\/9\/2024\/05\/PHOTO-2024-05-02-15-51-18-22.jpg\" data-orig-size=\"1600,1200\" data-comments-opened=\"1\" data-image-meta=\"{&quot;aperture&quot;:&quot;0&quot;,&quot;credit&quot;:&quot;&quot;,&quot;camera&quot;:&quot;&quot;,&quot;caption&quot;:&quot;&quot;,&quot;created_timestamp&quot;:&quot;0&quot;,&quot;copyright&quot;:&quot;&quot;,&quot;focal_length&quot;:&quot;0&quot;,&quot;iso&quot;:&quot;0&quot;,&quot;shutter_speed&quot;:&quot;0&quot;,&quot;title&quot;:&quot;&quot;,&quot;orientation&quot;:&quot;0&quot;}\" data-image-title=\"PHOTO-2024-05-02-15-51-18 22\" data-image-description=\"\" data-image-caption=\"\" data-large-file=\"https:\/\/cloud.alqueria.es\/wp-content\/uploads\/sites\/9\/2024\/05\/PHOTO-2024-05-02-15-51-18-22-1024x768.jpg\" \/><\/a>\n\t\t\t<\/div><\/figure><figure class='gallery-item'>\n\t\t\t<div class='gallery-icon landscape'>\n\t\t\t\t<a href='https:\/\/www.alqueria.es\/blogs\/alqueriaamarillanaranja\/2024\/05\/02\/celebramos-el-dia-de-la-cruz-5\/photo-2024-05-02-15-51-18-21\/'><img decoding=\"async\" width=\"474\" height=\"356\" src=\"https:\/\/cloud.alqueria.es\/wp-content\/uploads\/sites\/9\/2024\/05\/PHOTO-2024-05-02-15-51-18-21-1024x768.jpg\" class=\"attachment-large size-large\" alt=\"\" srcset=\"https:\/\/cloud.alqueria.es\/wp-content\/uploads\/sites\/9\/2024\/05\/PHOTO-2024-05-02-15-51-18-21-1024x768.jpg 1024w, https:\/\/cloud.alqueria.es\/wp-content\/uploads\/sites\/9\/2024\/05\/PHOTO-2024-05-02-15-51-18-21-300x225.jpg 300w, https:\/\/cloud.alqueria.es\/wp-content\/uploads\/sites\/9\/2024\/05\/PHOTO-2024-05-02-15-51-18-21-768x576.jpg 768w, https:\/\/cloud.alqueria.es\/wp-content\/uploads\/sites\/9\/2024\/05\/PHOTO-2024-05-02-15-51-18-21-1536x1152.jpg 1536w, https:\/\/cloud.alqueria.es\/wp-content\/uploads\/sites\/9\/2024\/05\/PHOTO-2024-05-02-15-51-18-21.jpg 1600w\" sizes=\"(max-width: 474px) 100vw, 474px\" data-attachment-id=\"70295\" data-permalink=\"https:\/\/www.alqueria.es\/blogs\/alqueriaamarillanaranja\/2024\/05\/02\/celebramos-el-dia-de-la-cruz-5\/photo-2024-05-02-15-51-18-21\/\" data-orig-file=\"https:\/\/cloud.alqueria.es\/wp-content\/uploads\/sites\/9\/2024\/05\/PHOTO-2024-05-02-15-51-18-21.jpg\" data-orig-size=\"1600,1200\" data-comments-opened=\"1\" data-image-meta=\"{&quot;aperture&quot;:&quot;0&quot;,&quot;credit&quot;:&quot;&quot;,&quot;camera&quot;:&quot;&quot;,&quot;caption&quot;:&quot;&quot;,&quot;created_timestamp&quot;:&quot;0&quot;,&quot;copyright&quot;:&quot;&quot;,&quot;focal_length&quot;:&quot;0&quot;,&quot;iso&quot;:&quot;0&quot;,&quot;shutter_speed&quot;:&quot;0&quot;,&quot;title&quot;:&quot;&quot;,&quot;orientation&quot;:&quot;0&quot;}\" data-image-title=\"PHOTO-2024-05-02-15-51-18 21\" data-image-description=\"\" data-image-caption=\"\" data-large-file=\"https:\/\/cloud.alqueria.es\/wp-content\/uploads\/sites\/9\/2024\/05\/PHOTO-2024-05-02-15-51-18-21-1024x768.jpg\" \/><\/a>\n\t\t\t<\/div><\/figure>\n\t\t<\/div>\n\n<p>Disfrutando de una agradable ma\u00f1ana, compartimos tradiciones culturales y populares de nuestra ciudad.<\/p>\n<p>Os deseo unos estupendos d\u00edas de descanso.<\/p>\n<p>Nos vemos el lunes<\/p>\n<p>Eva Oliva<\/p>\n<p>&nbsp;<\/p>\n","protected":false},"excerpt":{"rendered":"<p>Buenas tardes familias, Paso a haceros un breve resumen a lo acontecido en los dos \u00faltimos d\u00edas lectivos de esta semana. El martes hicimos un Taller experimental &amp; creativo, hablamos acerca de los cuadros que tenemos en casa y casi todos coinciden que est\u00e1n hechos con pintura. Les comento que para este taller no vamos &hellip; <a href=\"https:\/\/www.alqueria.es\/blogs\/alqueriaamarillanaranja\/2024\/05\/02\/celebramos-el-dia-de-la-cruz-5\/\" class=\"more-link\">Seguir leyendo <span class=\"screen-reader-text\">CELEBRAMOS EL D\u00cdA DE LA CRUZ.<\/span> <span class=\"meta-nav\">&rarr;<\/span><\/a><\/p>\n","protected":false},"author":23,"featured_media":0,"comment_status":"open","ping_status":"open","sticky":false,"template":"","format":"standard","meta":{"jetpack_post_was_ever_published":false,"_jetpack_newsletter_access":"","_jetpack_dont_email_post_to_subs":false,"_jetpack_newsletter_tier_id":0,"_jetpack_memberships_contains_paywalled_content":false,"_jetpack_memberships_contains_paid_content":false,"footnotes":"","jetpack_publicize_message":"","jetpack_publicize_feature_enabled":true,"jetpack_social_post_already_shared":true,"jetpack_social_options":{"image_generator_settings":{"template":"highway","default_image_id":0,"font":"","enabled":false},"version":2}},"categories":[7,8,13,19],"tags":[],"class_list":["post-70261","post","type-post","status-publish","format-standard","hentry","category-clase-naranja","category-diario","category-fiestas-y-dias-de-significacion-especial","category-talleres-creativos"],"jetpack_publicize_connections":[],"jetpack_featured_media_url":"","jetpack_sharing_enabled":true,"jetpack_shortlink":"https:\/\/wp.me\/p4lG08-ihf","jetpack-related-posts":[],"_links":{"self":[{"href":"https:\/\/www.alqueria.es\/blogs\/alqueriaamarillanaranja\/wp-json\/wp\/v2\/posts\/70261","targetHints":{"allow":["GET"]}}],"collection":[{"href":"https:\/\/www.alqueria.es\/blogs\/alqueriaamarillanaranja\/wp-json\/wp\/v2\/posts"}],"about":[{"href":"https:\/\/www.alqueria.es\/blogs\/alqueriaamarillanaranja\/wp-json\/wp\/v2\/types\/post"}],"author":[{"embeddable":true,"href":"https:\/\/www.alqueria.es\/blogs\/alqueriaamarillanaranja\/wp-json\/wp\/v2\/users\/23"}],"replies":[{"embeddable":true,"href":"https:\/\/www.alqueria.es\/blogs\/alqueriaamarillanaranja\/wp-json\/wp\/v2\/comments?post=70261"}],"version-history":[{"count":3,"href":"https:\/\/www.alqueria.es\/blogs\/alqueriaamarillanaranja\/wp-json\/wp\/v2\/posts\/70261\/revisions"}],"predecessor-version":[{"id":70317,"href":"https:\/\/www.alqueria.es\/blogs\/alqueriaamarillanaranja\/wp-json\/wp\/v2\/posts\/70261\/revisions\/70317"}],"wp:attachment":[{"href":"https:\/\/www.alqueria.es\/blogs\/alqueriaamarillanaranja\/wp-json\/wp\/v2\/media?parent=70261"}],"wp:term":[{"taxonomy":"category","embeddable":true,"href":"https:\/\/www.alqueria.es\/blogs\/alqueriaamarillanaranja\/wp-json\/wp\/v2\/categories?post=70261"},{"taxonomy":"post_tag","embeddable":true,"href":"https:\/\/www.alqueria.es\/blogs\/alqueriaamarillanaranja\/wp-json\/wp\/v2\/tags?post=70261"}],"curies":[{"name":"wp","href":"https:\/\/api.w.org\/{rel}","templated":true}]}}