{"id":70341,"date":"2024-05-06T17:33:32","date_gmt":"2024-05-06T15:33:32","guid":{"rendered":"https:\/\/www.alqueria.es\/blogs\/alqueriaamarillanaranja\/?p=70341"},"modified":"2024-05-06T17:33:32","modified_gmt":"2024-05-06T15:33:32","slug":"nuestra-ultima-salida-del-curso","status":"publish","type":"post","link":"https:\/\/www.alqueria.es\/blogs\/alqueriaamarillanaranja\/2024\/05\/06\/nuestra-ultima-salida-del-curso\/","title":{"rendered":"NUESTRA \u00daLTIMA SALIDA DEL CURSO"},"content":{"rendered":"<p><strong>Buenas tardes familias,<\/strong><\/p>\n<p><strong>Espero que hay\u00e1is disfrutado de estos d\u00edas en familia.<\/strong><\/p>\n<p><strong>Hoy voy a dedicar esta entrada para informaros a cerca de la salida que tenemos el\u00a0 <span style=\"color: #ff00ff\">viernes 17 de mayo<\/span>.<\/strong><\/p>\n<p><strong>Esta \u00faltima salida, la realizamos todo el ciclo (azules y amarillos) y consiste en pasar la jornada fuera del cole en un espacio natural y acondicionado para ellos y ellas.<\/strong><\/p>\n<p><img decoding=\"async\" data-attachment-id=\"70354\" data-permalink=\"https:\/\/www.alqueria.es\/blogs\/alqueriaamarillanaranja\/2024\/05\/06\/nuestra-ultima-salida-del-curso\/sony-dsc-2\/\" data-orig-file=\"https:\/\/cloud.alqueria.es\/wp-content\/uploads\/sites\/9\/2024\/05\/Vista-del-Centro-Historico-desde-Parque-Ferial.-Alhendin.-www.alhendin.es_.jpg\" data-orig-size=\"2500,1212\" data-comments-opened=\"1\" data-image-meta=\"{&quot;aperture&quot;:&quot;6.3&quot;,&quot;credit&quot;:&quot;&quot;,&quot;camera&quot;:&quot;DSLR-A300&quot;,&quot;caption&quot;:&quot;SONY DSC&quot;,&quot;created_timestamp&quot;:&quot;1338404727&quot;,&quot;copyright&quot;:&quot;&quot;,&quot;focal_length&quot;:&quot;35&quot;,&quot;iso&quot;:&quot;100&quot;,&quot;shutter_speed&quot;:&quot;0.004&quot;,&quot;title&quot;:&quot;SONY DSC&quot;,&quot;orientation&quot;:&quot;1&quot;}\" data-image-title=\"SONY DSC\" data-image-description=\"\" data-image-caption=\"&lt;p&gt;SONY DSC&lt;\/p&gt;\n\" data-large-file=\"https:\/\/cloud.alqueria.es\/wp-content\/uploads\/sites\/9\/2024\/05\/Vista-del-Centro-Historico-desde-Parque-Ferial.-Alhendin.-www.alhendin.es_-1024x496.jpg\" class=\"size-large wp-image-70354\" src=\"https:\/\/cloud.alqueria.es\/wp-content\/uploads\/sites\/9\/2024\/05\/Vista-del-Centro-Historico-desde-Parque-Ferial.-Alhendin.-www.alhendin.es_-1024x496.jpg\" alt=\"\" width=\"474\" height=\"230\" srcset=\"https:\/\/cloud.alqueria.es\/wp-content\/uploads\/sites\/9\/2024\/05\/Vista-del-Centro-Historico-desde-Parque-Ferial.-Alhendin.-www.alhendin.es_-1024x496.jpg 1024w, https:\/\/cloud.alqueria.es\/wp-content\/uploads\/sites\/9\/2024\/05\/Vista-del-Centro-Historico-desde-Parque-Ferial.-Alhendin.-www.alhendin.es_-300x145.jpg 300w, https:\/\/cloud.alqueria.es\/wp-content\/uploads\/sites\/9\/2024\/05\/Vista-del-Centro-Historico-desde-Parque-Ferial.-Alhendin.-www.alhendin.es_-768x372.jpg 768w, https:\/\/cloud.alqueria.es\/wp-content\/uploads\/sites\/9\/2024\/05\/Vista-del-Centro-Historico-desde-Parque-Ferial.-Alhendin.-www.alhendin.es_-1536x745.jpg 1536w, https:\/\/cloud.alqueria.es\/wp-content\/uploads\/sites\/9\/2024\/05\/Vista-del-Centro-Historico-desde-Parque-Ferial.-Alhendin.-www.alhendin.es_-2048x993.jpg 2048w\" sizes=\"(max-width: 474px) 100vw, 474px\" \/><\/p>\n<p><strong>El sitio elegido para esta salida es un parque acotado que est\u00e1 en Alhend\u00edn que se llama <a href=\"https:\/\/g.co\/kgs\/qajsk8M\">Parque Al-Hamdan<\/a> (m\u00e1s conocido por el parque del Ferial).\u00a0 Saldremos del cole a las 9:30 aproximadamente en el bus. Una vez all\u00ed, montaremos nuestro campamento base con todas las cosas necesarias que llevamos para que podamos llevar a cabo las rutinas de aseo, comida y sue\u00f1o, al igual que hacemos en clase.<\/strong><\/p>\n<p><strong>Primero tomaremos nuestra fruta\u00a0 antes\u00a0 de salir a explorar el lugar que est\u00e1 repleto de \u00e1rboles, flores, un riachuelo&#8230; y tambi\u00e9n una zona recreativa con tirolina, arenero y columpios que visitaremos hasta que llegue su hora de la comida que tendr\u00e1 el mismo horario ( 12:00 h). Despu\u00e9s prepararemos un espacio con colchonetas y\u00a0 edredones para que puedan descansar y dormir. Os sorprender\u00e1 saber que todos los a\u00f1os se duermen todos je, je, je y que podr\u00e9is verlo con vuestros propios ojos cuando llegu\u00e9is. A las familias os citamos\u00a0 a partir de las dos para poder compartir un almuerzo todos juntos.<\/strong><\/p>\n<p><img decoding=\"async\" data-attachment-id=\"70355\" data-permalink=\"https:\/\/www.alqueria.es\/blogs\/alqueriaamarillanaranja\/2024\/05\/06\/nuestra-ultima-salida-del-curso\/img_4376-800x500_c\/\" data-orig-file=\"https:\/\/cloud.alqueria.es\/wp-content\/uploads\/sites\/9\/2024\/05\/IMG_4376-800x500_c.jpg\" data-orig-size=\"800,500\" data-comments-opened=\"1\" data-image-meta=\"{&quot;aperture&quot;:&quot;5&quot;,&quot;credit&quot;:&quot;&quot;,&quot;camera&quot;:&quot;Canon EOS 70D&quot;,&quot;caption&quot;:&quot;&quot;,&quot;created_timestamp&quot;:&quot;1416519100&quot;,&quot;copyright&quot;:&quot;&quot;,&quot;focal_length&quot;:&quot;24&quot;,&quot;iso&quot;:&quot;100&quot;,&quot;shutter_speed&quot;:&quot;0.02&quot;,&quot;title&quot;:&quot;&quot;,&quot;orientation&quot;:&quot;1&quot;}\" data-image-title=\"IMG_4376-800x500_c\" data-image-description=\"\" data-image-caption=\"\" data-large-file=\"https:\/\/cloud.alqueria.es\/wp-content\/uploads\/sites\/9\/2024\/05\/IMG_4376-800x500_c.jpg\" class=\"aligncenter size-full wp-image-70355\" src=\"https:\/\/cloud.alqueria.es\/wp-content\/uploads\/sites\/9\/2024\/05\/IMG_4376-800x500_c.jpg\" alt=\"\" width=\"800\" height=\"500\" srcset=\"https:\/\/cloud.alqueria.es\/wp-content\/uploads\/sites\/9\/2024\/05\/IMG_4376-800x500_c.jpg 800w, https:\/\/cloud.alqueria.es\/wp-content\/uploads\/sites\/9\/2024\/05\/IMG_4376-800x500_c-300x188.jpg 300w, https:\/\/cloud.alqueria.es\/wp-content\/uploads\/sites\/9\/2024\/05\/IMG_4376-800x500_c-768x480.jpg 768w\" sizes=\"(max-width: 800px) 100vw, 800px\" \/><\/p>\n<p><strong>El cole para este almuerzo aporta tomate ali\u00f1ado, pollo empanado, tortillas de patatas, pan, bebida y caf\u00e9. Las familias podr\u00e9is llevar alg\u00fan plato o postre para compartir. Pondremos una lista en el corcho para que pod\u00e1is ir anotando qu\u00e9 vais a llevar y as\u00ed que no se repitan los aperitivos.<\/strong><\/p>\n<p><strong>Las tutoras y el bus tenemos que salir\u00a0 de vuelta al cole a las cuatro, para que el bus pueda realizar su ruta a tiempo. Cada familia se har\u00e1 cargo de sus peque\u00f1os y pod\u00e9is aprovechar para quedaros por all\u00ed y disfrutar de las instalaciones.<\/strong><\/p>\n<p><strong>Cualquier duda que teng\u00e1is al respecto no dud\u00e9is en dec\u00edrnosla.<\/strong><\/p>\n<p><strong>Hasta el mi\u00e9rcoles.<\/strong><\/p>\n<p><strong>Carmen<\/strong><\/p>\n","protected":false},"excerpt":{"rendered":"<p>Buenas tardes familias, Espero que hay\u00e1is disfrutado de estos d\u00edas en familia. Hoy voy a dedicar esta entrada para informaros a cerca de la salida que tenemos el\u00a0 viernes 17 de mayo. Esta \u00faltima salida, la realizamos todo el ciclo (azules y amarillos) y consiste en pasar la jornada fuera del cole en un espacio &hellip; <a href=\"https:\/\/www.alqueria.es\/blogs\/alqueriaamarillanaranja\/2024\/05\/06\/nuestra-ultima-salida-del-curso\/\" class=\"more-link\">Seguir leyendo <span class=\"screen-reader-text\">NUESTRA \u00daLTIMA SALIDA DEL CURSO<\/span> <span class=\"meta-nav\">&rarr;<\/span><\/a><\/p>\n","protected":false},"author":23,"featured_media":0,"comment_status":"open","ping_status":"open","sticky":false,"template":"","format":"standard","meta":{"jetpack_post_was_ever_published":false,"_jetpack_newsletter_access":"","_jetpack_dont_email_post_to_subs":false,"_jetpack_newsletter_tier_id":0,"_jetpack_memberships_contains_paywalled_content":false,"_jetpack_memberships_contains_paid_content":false,"footnotes":"","jetpack_publicize_message":"","jetpack_publicize_feature_enabled":true,"jetpack_social_post_already_shared":true,"jetpack_social_options":{"image_generator_settings":{"template":"highway","default_image_id":0,"font":"","enabled":false},"version":2}},"categories":[6,9],"tags":[1013,160],"class_list":["post-70341","post","type-post","status-publish","format-standard","hentry","category-clase-amarilla","category-diario-clase-amarilla","tag-actividades-en-el-exterior","tag-salida-al-campo"],"jetpack_publicize_connections":[],"jetpack_featured_media_url":"","jetpack_sharing_enabled":true,"jetpack_shortlink":"https:\/\/wp.me\/p4lG08-iix","jetpack-related-posts":[],"_links":{"self":[{"href":"https:\/\/www.alqueria.es\/blogs\/alqueriaamarillanaranja\/wp-json\/wp\/v2\/posts\/70341","targetHints":{"allow":["GET"]}}],"collection":[{"href":"https:\/\/www.alqueria.es\/blogs\/alqueriaamarillanaranja\/wp-json\/wp\/v2\/posts"}],"about":[{"href":"https:\/\/www.alqueria.es\/blogs\/alqueriaamarillanaranja\/wp-json\/wp\/v2\/types\/post"}],"author":[{"embeddable":true,"href":"https:\/\/www.alqueria.es\/blogs\/alqueriaamarillanaranja\/wp-json\/wp\/v2\/users\/23"}],"replies":[{"embeddable":true,"href":"https:\/\/www.alqueria.es\/blogs\/alqueriaamarillanaranja\/wp-json\/wp\/v2\/comments?post=70341"}],"version-history":[{"count":3,"href":"https:\/\/www.alqueria.es\/blogs\/alqueriaamarillanaranja\/wp-json\/wp\/v2\/posts\/70341\/revisions"}],"predecessor-version":[{"id":70356,"href":"https:\/\/www.alqueria.es\/blogs\/alqueriaamarillanaranja\/wp-json\/wp\/v2\/posts\/70341\/revisions\/70356"}],"wp:attachment":[{"href":"https:\/\/www.alqueria.es\/blogs\/alqueriaamarillanaranja\/wp-json\/wp\/v2\/media?parent=70341"}],"wp:term":[{"taxonomy":"category","embeddable":true,"href":"https:\/\/www.alqueria.es\/blogs\/alqueriaamarillanaranja\/wp-json\/wp\/v2\/categories?post=70341"},{"taxonomy":"post_tag","embeddable":true,"href":"https:\/\/www.alqueria.es\/blogs\/alqueriaamarillanaranja\/wp-json\/wp\/v2\/tags?post=70341"}],"curies":[{"name":"wp","href":"https:\/\/api.w.org\/{rel}","templated":true}]}}