{"id":7068,"date":"2013-11-06T17:16:59","date_gmt":"2013-11-06T15:16:59","guid":{"rendered":"http:\/\/alqueriaamarillanaranja.wordpress.com\/?p=7068"},"modified":"2013-11-06T17:16:59","modified_gmt":"2013-11-06T15:16:59","slug":"salida-a-la-vega","status":"publish","type":"post","link":"https:\/\/www.alqueria.es\/blogs\/alqueriaamarillanaranja\/2013\/11\/06\/salida-a-la-vega\/","title":{"rendered":"SALIDA A LA VEGA"},"content":{"rendered":"<p style=\"text-align:justify\"><span style=\"color:#003300\">\u00a1Qu\u00e9 d\u00eda m\u00e1s estupendo hemos pasado con nuestra salida a la Vega!<\/span><\/p>\n<p style=\"text-align:justify\"><span style=\"color:#003300\">Hoy ha hecho un d\u00eda primaveral en el que hemos tenido que ir quit\u00e1ndonos ropa.\u00a0Damos un peque\u00f1o\u00a0paseo por el entorno de Alquer\u00eda.\u00a0Andamos\u00a0 direcci\u00f3n Granada y nos \u00a0metemos por un camino muy bonito que llega hasta una explanada donde se encuentra \u00abla casa de la bruja\u00bb. Para los naranjitas ha sido una sorpresa ya que es la primera vez que ven esta casa en ruinas. Despu\u00e9s les dejamos que jueguen e investiguen en plena naturaleza y con un paisaje precioso, con el sol y los colores del oto\u00f1o.<\/span><\/p>\n<p style=\"text-align:justify\"><span style=\"color:#003300\"><p class=\"jetpack-slideshow-noscript robots-nocontent\">El pase de diapositivas requiere JavaScript.<\/p><div id=\"gallery-7068-1-slideshow\" class=\"jetpack-slideshow-window jetpack-slideshow jetpack-slideshow-black\" data-trans=\"fade\" data-autostart=\"1\" data-gallery=\"[{&quot;src&quot;:&quot;https:\\\/\\\/www.alqueria.es\\\/blogs\\\/alqueriaamarillanaranja\\\/wp-content\\\/uploads\\\/sites\\\/9\\\/2013\\\/11\\\/foto3245.jpg&quot;,&quot;id&quot;:&quot;7069&quot;,&quot;title&quot;:&quot;Foto3245&quot;,&quot;alt&quot;:&quot;&quot;,&quot;caption&quot;:&quot;&quot;,&quot;itemprop&quot;:&quot;image&quot;},{&quot;src&quot;:&quot;https:\\\/\\\/www.alqueria.es\\\/blogs\\\/alqueriaamarillanaranja\\\/wp-content\\\/uploads\\\/sites\\\/9\\\/2013\\\/11\\\/foto3246.jpg&quot;,&quot;id&quot;:&quot;7070&quot;,&quot;title&quot;:&quot;Foto3246&quot;,&quot;alt&quot;:&quot;&quot;,&quot;caption&quot;:&quot;&quot;,&quot;itemprop&quot;:&quot;image&quot;},{&quot;src&quot;:&quot;https:\\\/\\\/www.alqueria.es\\\/blogs\\\/alqueriaamarillanaranja\\\/wp-content\\\/uploads\\\/sites\\\/9\\\/2013\\\/11\\\/foto3247.jpg&quot;,&quot;id&quot;:&quot;7071&quot;,&quot;title&quot;:&quot;Foto3247&quot;,&quot;alt&quot;:&quot;&quot;,&quot;caption&quot;:&quot;&quot;,&quot;itemprop&quot;:&quot;image&quot;},{&quot;src&quot;:&quot;https:\\\/\\\/www.alqueria.es\\\/blogs\\\/alqueriaamarillanaranja\\\/wp-content\\\/uploads\\\/sites\\\/9\\\/2013\\\/11\\\/foto3249.jpg&quot;,&quot;id&quot;:&quot;7072&quot;,&quot;title&quot;:&quot;Foto3249&quot;,&quot;alt&quot;:&quot;&quot;,&quot;caption&quot;:&quot;&quot;,&quot;itemprop&quot;:&quot;image&quot;},{&quot;src&quot;:&quot;https:\\\/\\\/www.alqueria.es\\\/blogs\\\/alqueriaamarillanaranja\\\/wp-content\\\/uploads\\\/sites\\\/9\\\/2013\\\/11\\\/foto3250.jpg&quot;,&quot;id&quot;:&quot;7073&quot;,&quot;title&quot;:&quot;Foto3250&quot;,&quot;alt&quot;:&quot;&quot;,&quot;caption&quot;:&quot;&quot;,&quot;itemprop&quot;:&quot;image&quot;},{&quot;src&quot;:&quot;https:\\\/\\\/www.alqueria.es\\\/blogs\\\/alqueriaamarillanaranja\\\/wp-content\\\/uploads\\\/sites\\\/9\\\/2013\\\/11\\\/foto3251.jpg&quot;,&quot;id&quot;:&quot;7074&quot;,&quot;title&quot;:&quot;Foto3251&quot;,&quot;alt&quot;:&quot;&quot;,&quot;caption&quot;:&quot;&quot;,&quot;itemprop&quot;:&quot;image&quot;},{&quot;src&quot;:&quot;https:\\\/\\\/www.alqueria.es\\\/blogs\\\/alqueriaamarillanaranja\\\/wp-content\\\/uploads\\\/sites\\\/9\\\/2013\\\/11\\\/foto3254.jpg&quot;,&quot;id&quot;:&quot;7075&quot;,&quot;title&quot;:&quot;Foto3254&quot;,&quot;alt&quot;:&quot;&quot;,&quot;caption&quot;:&quot;&quot;,&quot;itemprop&quot;:&quot;image&quot;},{&quot;src&quot;:&quot;https:\\\/\\\/www.alqueria.es\\\/blogs\\\/alqueriaamarillanaranja\\\/wp-content\\\/uploads\\\/sites\\\/9\\\/2013\\\/11\\\/foto3255.jpg&quot;,&quot;id&quot;:&quot;7076&quot;,&quot;title&quot;:&quot;Foto3255&quot;,&quot;alt&quot;:&quot;&quot;,&quot;caption&quot;:&quot;&quot;,&quot;itemprop&quot;:&quot;image&quot;},{&quot;src&quot;:&quot;https:\\\/\\\/www.alqueria.es\\\/blogs\\\/alqueriaamarillanaranja\\\/wp-content\\\/uploads\\\/sites\\\/9\\\/2013\\\/11\\\/foto3257.jpg&quot;,&quot;id&quot;:&quot;7077&quot;,&quot;title&quot;:&quot;Foto3257&quot;,&quot;alt&quot;:&quot;&quot;,&quot;caption&quot;:&quot;&quot;,&quot;itemprop&quot;:&quot;image&quot;},{&quot;src&quot;:&quot;https:\\\/\\\/www.alqueria.es\\\/blogs\\\/alqueriaamarillanaranja\\\/wp-content\\\/uploads\\\/sites\\\/9\\\/2013\\\/11\\\/foto3258.jpg&quot;,&quot;id&quot;:&quot;7078&quot;,&quot;title&quot;:&quot;Foto3258&quot;,&quot;alt&quot;:&quot;&quot;,&quot;caption&quot;:&quot;&quot;,&quot;itemprop&quot;:&quot;image&quot;},{&quot;src&quot;:&quot;https:\\\/\\\/www.alqueria.es\\\/blogs\\\/alqueriaamarillanaranja\\\/wp-content\\\/uploads\\\/sites\\\/9\\\/2013\\\/11\\\/foto3259.jpg&quot;,&quot;id&quot;:&quot;7079&quot;,&quot;title&quot;:&quot;Foto3259&quot;,&quot;alt&quot;:&quot;&quot;,&quot;caption&quot;:&quot;&quot;,&quot;itemprop&quot;:&quot;image&quot;},{&quot;src&quot;:&quot;https:\\\/\\\/www.alqueria.es\\\/blogs\\\/alqueriaamarillanaranja\\\/wp-content\\\/uploads\\\/sites\\\/9\\\/2013\\\/11\\\/foto3261.jpg&quot;,&quot;id&quot;:&quot;7080&quot;,&quot;title&quot;:&quot;Foto3261&quot;,&quot;alt&quot;:&quot;&quot;,&quot;caption&quot;:&quot;&quot;,&quot;itemprop&quot;:&quot;image&quot;},{&quot;src&quot;:&quot;https:\\\/\\\/www.alqueria.es\\\/blogs\\\/alqueriaamarillanaranja\\\/wp-content\\\/uploads\\\/sites\\\/9\\\/2013\\\/11\\\/foto3262.jpg&quot;,&quot;id&quot;:&quot;7081&quot;,&quot;title&quot;:&quot;Foto3262&quot;,&quot;alt&quot;:&quot;&quot;,&quot;caption&quot;:&quot;&quot;,&quot;itemprop&quot;:&quot;image&quot;}]\" itemscope itemtype=\"https:\/\/schema.org\/ImageGallery\"><\/div><\/p>\n<p><\/span><\/p>\n<p style=\"text-align:justify\"><span style=\"color:#003300\">Por la tarde disfrutan en la clase de m\u00fasica con canciones, danza y cuento.<\/span><\/p>\n<p style=\"text-align:justify\"><span style=\"color:#003300\">Carmen Jim\u00e9nez<\/span><\/p>\n","protected":false},"excerpt":{"rendered":"<p>\u00a1Qu\u00e9 d\u00eda m\u00e1s estupendo hemos pasado con nuestra salida a la Vega! Hoy ha hecho un d\u00eda primaveral en el que hemos tenido que ir quit\u00e1ndonos ropa.\u00a0Damos un peque\u00f1o\u00a0paseo por el entorno de Alquer\u00eda.\u00a0Andamos\u00a0 direcci\u00f3n Granada y nos \u00a0metemos por un camino muy bonito que llega hasta una explanada donde se encuentra \u00abla casa de &hellip; <a href=\"https:\/\/www.alqueria.es\/blogs\/alqueriaamarillanaranja\/2013\/11\/06\/salida-a-la-vega\/\" class=\"more-link\">Seguir leyendo <span class=\"screen-reader-text\">SALIDA A LA VEGA<\/span> <span class=\"meta-nav\">&rarr;<\/span><\/a><\/p>\n","protected":false},"author":23,"featured_media":0,"comment_status":"open","ping_status":"open","sticky":false,"template":"","format":"standard","meta":{"jetpack_post_was_ever_published":false,"_jetpack_newsletter_access":"","_jetpack_dont_email_post_to_subs":false,"_jetpack_newsletter_tier_id":0,"_jetpack_memberships_contains_paywalled_content":false,"_jetpack_memberships_contains_paid_content":false,"footnotes":"","jetpack_publicize_message":"","jetpack_publicize_feature_enabled":true,"jetpack_social_post_already_shared":true,"jetpack_social_options":{"image_generator_settings":{"template":"highway","default_image_id":0,"font":"","enabled":false},"version":2}},"categories":[7,8],"tags":[107],"class_list":["post-7068","post","type-post","status-publish","format-standard","hentry","category-clase-naranja","category-diario","tag-salida-a-la-vega"],"jetpack_publicize_connections":[],"jetpack_featured_media_url":"","jetpack_sharing_enabled":true,"jetpack_shortlink":"https:\/\/wp.me\/p4lG08-1Q0","jetpack-related-posts":[],"_links":{"self":[{"href":"https:\/\/www.alqueria.es\/blogs\/alqueriaamarillanaranja\/wp-json\/wp\/v2\/posts\/7068","targetHints":{"allow":["GET"]}}],"collection":[{"href":"https:\/\/www.alqueria.es\/blogs\/alqueriaamarillanaranja\/wp-json\/wp\/v2\/posts"}],"about":[{"href":"https:\/\/www.alqueria.es\/blogs\/alqueriaamarillanaranja\/wp-json\/wp\/v2\/types\/post"}],"author":[{"embeddable":true,"href":"https:\/\/www.alqueria.es\/blogs\/alqueriaamarillanaranja\/wp-json\/wp\/v2\/users\/23"}],"replies":[{"embeddable":true,"href":"https:\/\/www.alqueria.es\/blogs\/alqueriaamarillanaranja\/wp-json\/wp\/v2\/comments?post=7068"}],"version-history":[{"count":0,"href":"https:\/\/www.alqueria.es\/blogs\/alqueriaamarillanaranja\/wp-json\/wp\/v2\/posts\/7068\/revisions"}],"wp:attachment":[{"href":"https:\/\/www.alqueria.es\/blogs\/alqueriaamarillanaranja\/wp-json\/wp\/v2\/media?parent=7068"}],"wp:term":[{"taxonomy":"category","embeddable":true,"href":"https:\/\/www.alqueria.es\/blogs\/alqueriaamarillanaranja\/wp-json\/wp\/v2\/categories?post=7068"},{"taxonomy":"post_tag","embeddable":true,"href":"https:\/\/www.alqueria.es\/blogs\/alqueriaamarillanaranja\/wp-json\/wp\/v2\/tags?post=7068"}],"curies":[{"name":"wp","href":"https:\/\/api.w.org\/{rel}","templated":true}]}}