{"id":70701,"date":"2024-05-18T14:03:35","date_gmt":"2024-05-18T12:03:35","guid":{"rendered":"https:\/\/www.alqueria.es\/blogs\/alqueriaamarillanaranja\/?p=70701"},"modified":"2024-05-18T14:03:35","modified_gmt":"2024-05-18T12:03:35","slug":"dia-de-convivencia-fuera-del-centro","status":"publish","type":"post","link":"https:\/\/www.alqueria.es\/blogs\/alqueriaamarillanaranja\/2024\/05\/18\/dia-de-convivencia-fuera-del-centro\/","title":{"rendered":"D\u00cdA DE CONVIVENCIA FUERA DEL CENTRO"},"content":{"rendered":"<p>Hola familias<\/p>\n<p>\u00a1\u00a1<strong>Qu\u00e9 bien lo pasamos ayer en nuestra \u00faltima salida del curso!!<\/strong><\/p>\n<p>La experiencia de salir del centro y explorar un nuevo espacio, es toda una aventura para nuestros peques y tengo que decir que se\u00a0 portaron s\u00faper bien.<\/p>\n<p>Es una salida que requiere esfuerzo y preparaci\u00f3n por parte de las tutoras pero que merece la pena y la valoramos siempre como muy positiva y enriquecedora. Gracias tambi\u00e9n a Amalia que nos acompa\u00f1\u00f3 y colabor\u00f3 como una m\u00e1s de nosotras.<\/p>\n<p>Desde primera hora de la ma\u00f1ana llegaban muy contentos y emocionada ante la expectaci\u00f3n de lo que nos esperaba en la salida fuera del centro. Nos preparamos con las tarjetas identificativas, que les encantan, y pasamos por el aseo antes de bajar y montarnos en el bus.<\/p>\n<p>El viaje ha sido muy entretenido y hemos\u00a0 re\u00eddo, cantado y disfrutado del paisaje hasta llegar al Parque de Alhend\u00edn.<\/p>\n<p>Al llegar all\u00ed, nos hacemos la foto de ciclo y primero nos situamos en el que iba a ser \u00abnuestro campamento base\u00bb para tomar un aperitivo de galletitas saladas con Nuria, mientras que descarg\u00e1bamos todas las cosas del bus.<\/p>\n<p>Una vez todo colocado, hacemos una peque\u00f1a excursi\u00f3n para conocer este entorno que nos rodea con los grandes \u00e1rboles, las flores y los p\u00e1jaros. Y como no, la zona de juego con arenero,\u00a0 toboganes y columpios.<\/p>\n<p>Y llega la hora de nuestro picnic, as\u00ed que llevamos a cabo el control de esf\u00ednteres al aire libre ( los m\u00e1s peque\u00f1os con los orinales) y nosotros que somos m\u00e1s mayores hacemos uso de los ba\u00f1os que nos dejaron abiertos para nosotros,\u00a0 nos lavamos las manos para comer ya comer \u00a1DEVORABAN! y comentaban entre ellos que estaba todo riqu\u00edsimo gracias a nuestras s\u00faper cocineras que nos preparan el men\u00fa con mucho esmero y cari\u00f1o.<\/p>\n<p>Seguidamente, nos toca echar la siesta sobre las mantitas y esperar la llegada de las familias. Una vez m\u00e1s lo hemos conseguido \u00a1TODOS DORMIDOS! <\/p>\n<p><div class=\"a25-CTUOC-hidding-box\" data-original-content=\"&lt;iframe loading=&quot;lazy&quot; title=&quot;Salida y convivencia ciclo 0-3 a\u00f1os&quot; src=&quot;https:\/\/player.vimeo.com\/video\/947760582?dnt=1&amp;amp;app_id=122963&quot; width=&quot;474&quot; height=&quot;267&quot; frameborder=&quot;0&quot; allow=&quot;autoplay; fullscreen; picture-in-picture; clipboard-write&quot;&gt;&lt;\/iframe&gt;\">Esta p\u00e1gina incluye contenido multimedia que requiere aceptar todas las cookies. Pulse aqu\u00ed para abrir la configuraci\u00f3n de cookies.<\/div><\/p>\n<p>Esperamos que os gustara el almuerzo que compartimos tan familiar, estaba todo muy rico.<\/p>\n<p>Muchas gracias por vuestros aperitivos.<\/p>\n<p>Y ahora toca descansar y disfrutar del fin de semana.<\/p>\n<p>Saludos, Carmen.<\/p>\n","protected":false},"excerpt":{"rendered":"<p>Hola familias \u00a1\u00a1Qu\u00e9 bien lo pasamos ayer en nuestra \u00faltima salida del curso!! La experiencia de salir del centro y explorar un nuevo espacio, es toda una aventura para nuestros peques y tengo que decir que se\u00a0 portaron s\u00faper bien. Es una salida que requiere esfuerzo y preparaci\u00f3n por parte de las tutoras pero que &hellip; <a href=\"https:\/\/www.alqueria.es\/blogs\/alqueriaamarillanaranja\/2024\/05\/18\/dia-de-convivencia-fuera-del-centro\/\" class=\"more-link\">Seguir leyendo <span class=\"screen-reader-text\">D\u00cdA DE CONVIVENCIA FUERA DEL CENTRO<\/span> <span class=\"meta-nav\">&rarr;<\/span><\/a><\/p>\n","protected":false},"author":23,"featured_media":0,"comment_status":"open","ping_status":"open","sticky":false,"template":"","format":"standard","meta":{"jetpack_post_was_ever_published":false,"_jetpack_newsletter_access":"","_jetpack_dont_email_post_to_subs":false,"_jetpack_newsletter_tier_id":0,"_jetpack_memberships_contains_paywalled_content":false,"_jetpack_memberships_contains_paid_content":false,"footnotes":"","jetpack_publicize_message":"","jetpack_publicize_feature_enabled":true,"jetpack_social_post_already_shared":true,"jetpack_social_options":{"image_generator_settings":{"template":"highway","default_image_id":0,"font":"","enabled":false},"version":2}},"categories":[6],"tags":[932,160],"class_list":["post-70701","post","type-post","status-publish","format-standard","hentry","category-clase-amarilla","tag-convivencia-fuera-del-centro","tag-salida-al-campo"],"jetpack_publicize_connections":[],"jetpack_featured_media_url":"","jetpack_sharing_enabled":true,"jetpack_shortlink":"https:\/\/wp.me\/p4lG08-iol","jetpack-related-posts":[],"_links":{"self":[{"href":"https:\/\/www.alqueria.es\/blogs\/alqueriaamarillanaranja\/wp-json\/wp\/v2\/posts\/70701","targetHints":{"allow":["GET"]}}],"collection":[{"href":"https:\/\/www.alqueria.es\/blogs\/alqueriaamarillanaranja\/wp-json\/wp\/v2\/posts"}],"about":[{"href":"https:\/\/www.alqueria.es\/blogs\/alqueriaamarillanaranja\/wp-json\/wp\/v2\/types\/post"}],"author":[{"embeddable":true,"href":"https:\/\/www.alqueria.es\/blogs\/alqueriaamarillanaranja\/wp-json\/wp\/v2\/users\/23"}],"replies":[{"embeddable":true,"href":"https:\/\/www.alqueria.es\/blogs\/alqueriaamarillanaranja\/wp-json\/wp\/v2\/comments?post=70701"}],"version-history":[{"count":2,"href":"https:\/\/www.alqueria.es\/blogs\/alqueriaamarillanaranja\/wp-json\/wp\/v2\/posts\/70701\/revisions"}],"predecessor-version":[{"id":70751,"href":"https:\/\/www.alqueria.es\/blogs\/alqueriaamarillanaranja\/wp-json\/wp\/v2\/posts\/70701\/revisions\/70751"}],"wp:attachment":[{"href":"https:\/\/www.alqueria.es\/blogs\/alqueriaamarillanaranja\/wp-json\/wp\/v2\/media?parent=70701"}],"wp:term":[{"taxonomy":"category","embeddable":true,"href":"https:\/\/www.alqueria.es\/blogs\/alqueriaamarillanaranja\/wp-json\/wp\/v2\/categories?post=70701"},{"taxonomy":"post_tag","embeddable":true,"href":"https:\/\/www.alqueria.es\/blogs\/alqueriaamarillanaranja\/wp-json\/wp\/v2\/tags?post=70701"}],"curies":[{"name":"wp","href":"https:\/\/api.w.org\/{rel}","templated":true}]}}