{"id":710,"date":"2012-06-04T12:20:35","date_gmt":"2012-06-04T12:20:35","guid":{"rendered":"http:\/\/alqueriaamarillanaranja.wordpress.com\/?p=710"},"modified":"2014-02-24T12:38:39","modified_gmt":"2014-02-24T12:38:39","slug":"dia-lleno-de-recuerdos","status":"publish","type":"post","link":"https:\/\/www.alqueria.es\/blogs\/alqueriaamarillanaranja\/2012\/06\/04\/dia-lleno-de-recuerdos\/","title":{"rendered":"D\u00cdA LLENO DE RECUERDOS"},"content":{"rendered":"<p>\u00a1Hola!<\/p>\n<p><strong>\u00a0\u00a0\u00a0 \u00a0\u00a0\u00a0\u00a0\u00a0\u00a0\u00a0\u00a0\u00a0\u00a0\u00a0 <\/strong><\/p>\n<p><strong>Propuesta de juego: <\/strong>Jugamos\u00a0 a mam\u00e1s y pap\u00e1s, tambi\u00e9n a cocineros.<\/p>\n<p><strong>Asamblea:<\/strong><\/p>\n<p>&#8211;\u00a0\u00a0\u00a0\u00a0\u00a0\u00a0\u00a0\u00a0\u00a0Recordamos !LA GRAN FIESTA \u00a1. Cada uno\/a expresa oralmente qu\u00e9 le gust\u00f3 m\u00e1s de la fiesta. El que no pudo disfrutar de la fiesta nos explica su vivencia fuera del cole.<\/p>\n<p>&#8211;\u00a0\u00a0\u00a0\u00a0\u00a0\u00a0\u00a0\u00a0\u00a0\u00a0La gran mayor\u00eda centra su inter\u00e9s en \u00a1 las chuche!, despu\u00e9s recuerdan que pap\u00e1 y mam\u00e1 estaban, tambi\u00e9n recuerdan a\u00a0los abuelos que no pudieron asistir y por \u00faltimo recuerdan los juegos( el favorito fue la pesca, seguido de las monedas de chocolate que nos daba Silvia).<\/p>\n<p><strong><a href=\"https:\/\/cloud.alqueria.es\/wp-content\/uploads\/sites\/9\/2012\/06\/images71.jpg\"><img decoding=\"async\" data-attachment-id=\"712\" data-permalink=\"https:\/\/www.alqueria.es\/blogs\/alqueriaamarillanaranja\/images-21\/\" data-orig-file=\"https:\/\/www.alqueria.es\/blogs\/alqueriaamarillanaranja\/wp-content\/uploads\/sites\/9\/2012\/06\/images7.jpg\" data-orig-size=\"295,171\" data-comments-opened=\"1\" data-image-meta=\"{&quot;aperture&quot;:&quot;0&quot;,&quot;credit&quot;:&quot;&quot;,&quot;camera&quot;:&quot;&quot;,&quot;caption&quot;:&quot;&quot;,&quot;created_timestamp&quot;:&quot;0&quot;,&quot;copyright&quot;:&quot;&quot;,&quot;focal_length&quot;:&quot;0&quot;,&quot;iso&quot;:&quot;0&quot;,&quot;shutter_speed&quot;:&quot;0&quot;,&quot;title&quot;:&quot;&quot;}\" data-image-title=\"images\" data-image-description=\"\" data-image-caption=\"\" data-large-file=\"https:\/\/www.alqueria.es\/blogs\/alqueriaamarillanaranja\/wp-content\/uploads\/sites\/9\/2012\/06\/images7.jpg\" class=\"aligncenter size-full wp-image-712\" title=\"images\" src=\"https:\/\/cloud.alqueria.es\/wp-content\/uploads\/sites\/9\/2012\/06\/images71.jpg\" alt=\"\" width=\"295\" height=\"171\" \/><\/a><\/strong><\/p>\n<p><strong>Patio: <\/strong>A partir de hoy,\u00a0lunes bajamos al patio a las diez de la ma\u00f1ana hasta las once para evitar la fuerza del sol.<\/p>\n<p>&nbsp;<\/p>\n<p>&nbsp;<\/p>\n<p>&nbsp;<\/p>\n<p align=\"right\">Encarna Camus Mart\u00ednez.<\/p>\n","protected":false},"excerpt":{"rendered":"<p>\u00a1Hola! \u00a0\u00a0\u00a0 \u00a0\u00a0\u00a0\u00a0\u00a0\u00a0\u00a0\u00a0\u00a0\u00a0\u00a0 Propuesta de juego: Jugamos\u00a0 a mam\u00e1s y pap\u00e1s, tambi\u00e9n a cocineros. Asamblea: &#8211;\u00a0\u00a0\u00a0\u00a0\u00a0\u00a0\u00a0\u00a0\u00a0Recordamos !LA GRAN FIESTA \u00a1. Cada uno\/a expresa oralmente qu\u00e9 le gust\u00f3 m\u00e1s de la fiesta. El que no pudo disfrutar de la fiesta nos explica su vivencia fuera del cole. &#8211;\u00a0\u00a0\u00a0\u00a0\u00a0\u00a0\u00a0\u00a0\u00a0\u00a0La gran mayor\u00eda centra su inter\u00e9s en \u00a1 las &hellip; <a href=\"https:\/\/www.alqueria.es\/blogs\/alqueriaamarillanaranja\/2012\/06\/04\/dia-lleno-de-recuerdos\/\" class=\"more-link\">Seguir leyendo <span class=\"screen-reader-text\">D\u00cdA LLENO DE RECUERDOS<\/span> <span class=\"meta-nav\">&rarr;<\/span><\/a><\/p>\n","protected":false},"author":21,"featured_media":0,"comment_status":"open","ping_status":"open","sticky":false,"template":"","format":"standard","meta":{"jetpack_post_was_ever_published":false,"_jetpack_newsletter_access":"","_jetpack_dont_email_post_to_subs":false,"_jetpack_newsletter_tier_id":0,"_jetpack_memberships_contains_paywalled_content":false,"_jetpack_memberships_contains_paid_content":false,"footnotes":"","jetpack_publicize_message":"","jetpack_publicize_feature_enabled":true,"jetpack_social_post_already_shared":true,"jetpack_social_options":{"image_generator_settings":{"template":"highway","default_image_id":0,"font":"","enabled":false},"version":2}},"categories":[7,9],"tags":[53],"class_list":["post-710","post","type-post","status-publish","format-standard","hentry","category-clase-naranja","category-diario-clase-amarilla","tag-encarna"],"jetpack_publicize_connections":[],"jetpack_featured_media_url":"","jetpack_sharing_enabled":true,"jetpack_shortlink":"https:\/\/wp.me\/p4lG08-bs","jetpack-related-posts":[],"_links":{"self":[{"href":"https:\/\/www.alqueria.es\/blogs\/alqueriaamarillanaranja\/wp-json\/wp\/v2\/posts\/710","targetHints":{"allow":["GET"]}}],"collection":[{"href":"https:\/\/www.alqueria.es\/blogs\/alqueriaamarillanaranja\/wp-json\/wp\/v2\/posts"}],"about":[{"href":"https:\/\/www.alqueria.es\/blogs\/alqueriaamarillanaranja\/wp-json\/wp\/v2\/types\/post"}],"author":[{"embeddable":true,"href":"https:\/\/www.alqueria.es\/blogs\/alqueriaamarillanaranja\/wp-json\/wp\/v2\/users\/21"}],"replies":[{"embeddable":true,"href":"https:\/\/www.alqueria.es\/blogs\/alqueriaamarillanaranja\/wp-json\/wp\/v2\/comments?post=710"}],"version-history":[{"count":0,"href":"https:\/\/www.alqueria.es\/blogs\/alqueriaamarillanaranja\/wp-json\/wp\/v2\/posts\/710\/revisions"}],"wp:attachment":[{"href":"https:\/\/www.alqueria.es\/blogs\/alqueriaamarillanaranja\/wp-json\/wp\/v2\/media?parent=710"}],"wp:term":[{"taxonomy":"category","embeddable":true,"href":"https:\/\/www.alqueria.es\/blogs\/alqueriaamarillanaranja\/wp-json\/wp\/v2\/categories?post=710"},{"taxonomy":"post_tag","embeddable":true,"href":"https:\/\/www.alqueria.es\/blogs\/alqueriaamarillanaranja\/wp-json\/wp\/v2\/tags?post=710"}],"curies":[{"name":"wp","href":"https:\/\/api.w.org\/{rel}","templated":true}]}}