{"id":7104,"date":"2013-11-08T15:59:44","date_gmt":"2013-11-08T13:59:44","guid":{"rendered":"http:\/\/alqueriaamarillanaranja.wordpress.com\/?p=7104"},"modified":"2014-02-24T12:47:08","modified_gmt":"2014-02-24T12:47:08","slug":"fiesta-de-otono-4","status":"publish","type":"post","link":"https:\/\/www.alqueria.es\/blogs\/alqueriaamarillanaranja\/2013\/11\/08\/fiesta-de-otono-4\/","title":{"rendered":"FIESTA DE OTO\u00d1O"},"content":{"rendered":"<p><strong><em><span style=\"color:#ff6600\"><a href=\"http:\/\/alqueriaamarillanaranja.files.wordpress.com\/2013\/11\/arcimboldo_otono11.jpg\"><img decoding=\"async\" data-attachment-id=\"7105\" data-permalink=\"https:\/\/www.alqueria.es\/blogs\/alqueriaamarillanaranja\/arcimboldo_otono11\/\" data-orig-file=\"https:\/\/www.alqueria.es\/blogs\/alqueriaamarillanaranja\/wp-content\/uploads\/sites\/9\/2013\/11\/arcimboldo_otono11.jpg\" data-orig-size=\"482,600\" data-comments-opened=\"1\" data-image-meta=\"{&quot;aperture&quot;:&quot;0&quot;,&quot;credit&quot;:&quot;&quot;,&quot;camera&quot;:&quot;&quot;,&quot;caption&quot;:&quot;&quot;,&quot;created_timestamp&quot;:&quot;0&quot;,&quot;copyright&quot;:&quot;&quot;,&quot;focal_length&quot;:&quot;0&quot;,&quot;iso&quot;:&quot;0&quot;,&quot;shutter_speed&quot;:&quot;0&quot;,&quot;title&quot;:&quot;&quot;}\" data-image-title=\"arcimboldo_otono1[1]\" data-image-description=\"\" data-image-caption=\"\" data-large-file=\"https:\/\/www.alqueria.es\/blogs\/alqueriaamarillanaranja\/wp-content\/uploads\/sites\/9\/2013\/11\/arcimboldo_otono11.jpg\" class=\"alignright  wp-image-7105\" alt=\"arcimboldo_otono1[1]\" src=\"https:\/\/cloud.alqueria.es\/wp-content\/uploads\/sites\/9\/2013\/11\/arcimboldo_otono111.jpg\" width=\"193\" height=\"240\" \/><\/a>Ha llegado el gran d\u00eda, hoy celebramos nuestra esperada Fiesta de Oto\u00f1o.<\/span><\/em><\/strong><\/p>\n<p><strong><em><span style=\"color:#ff6600\">A la entrada del colegio nos daba los buenos d\u00edas desde muy temprano el mu\u00f1eco del Sr. Oto\u00f1o y cuando llegaban a clase todos me contaban el grato encuentro.<\/span><\/em><\/strong><\/p>\n<p><span style=\"color:#ff6600\"><em><strong>A primera hora estaban todos entusiasmados con la visita que \u00edbamos a recibir. Hemos preparado unas sillas \u00abespecialmente c\u00f3modas\u00bb para nuestros invitados, una mesa representativa de todos los frutos que hemos ido trayendo a clase durante las \u00faltimas semanas, y tambi\u00e9n un plato con nuestras estupendas galletas de coco para agasajar los viajeros que llegar\u00edan cansados.<\/strong><\/em><\/span><\/p>\n<p><em><strong><\/strong><\/em><span style=\"color:#ff6600\"><em><strong>Cuando lo ten\u00edamos todo preparado han llamado a la puerta&#8230;&#8230;..y han entrado en nuestra clase el Sr. y la Sra. Oto\u00f1o. \u00a1No nos lo pod\u00edamos creer! \u00a1Qu\u00e9 emoci\u00f3n! Todos han sido unos campeones y los han recibido contentos (no hemos tenido ning\u00fan lloro, que tambi\u00e9n es habitual).<\/strong><\/em><\/span><\/p>\n<p><em><strong><a href=\"https:\/\/cloud.alqueria.es\/wp-content\/uploads\/sites\/9\/2013\/11\/images311.jpg\"><img decoding=\"async\" data-attachment-id=\"7106\" data-permalink=\"https:\/\/www.alqueria.es\/blogs\/alqueriaamarillanaranja\/images3-2\/\" data-orig-file=\"https:\/\/www.alqueria.es\/blogs\/alqueriaamarillanaranja\/wp-content\/uploads\/sites\/9\/2013\/11\/images31.jpg\" data-orig-size=\"259,194\" data-comments-opened=\"1\" data-image-meta=\"{&quot;aperture&quot;:&quot;0&quot;,&quot;credit&quot;:&quot;&quot;,&quot;camera&quot;:&quot;&quot;,&quot;caption&quot;:&quot;&quot;,&quot;created_timestamp&quot;:&quot;0&quot;,&quot;copyright&quot;:&quot;&quot;,&quot;focal_length&quot;:&quot;0&quot;,&quot;iso&quot;:&quot;0&quot;,&quot;shutter_speed&quot;:&quot;0&quot;,&quot;title&quot;:&quot;&quot;}\" data-image-title=\"images3\" data-image-description=\"\" data-image-caption=\"\" data-large-file=\"https:\/\/www.alqueria.es\/blogs\/alqueriaamarillanaranja\/wp-content\/uploads\/sites\/9\/2013\/11\/images31.jpg\" class=\"alignleft size-full wp-image-7106\" alt=\"images3\" src=\"https:\/\/cloud.alqueria.es\/wp-content\/uploads\/sites\/9\/2013\/11\/images311.jpg\" width=\"259\" height=\"194\" \/><\/a><\/strong><\/em><span style=\"color:#ff6600\"><em><strong>Nos han contado su preciosa historia, nosotros los hemos invitado a comer nuestras galletas, les hemos cantado nuestras canciones, y ellos a cambio de tanta amabilidad&#8230;&#8230;.nos han regalado much\u00edsimas hojas secas con las que hemos estado cantando y bailando. Al final nos hemos despedido con un fuerte beso y con un GRACIAS.<\/strong><\/em><\/span><\/p>\n<p><strong><em><span style=\"color:#ff6600\">Tras la visita hemos bajado al jard\u00edn donde hemos disfrutado del Romance que han preparado los alumnos\/as de sexto de primaria. Despu\u00e9s adem\u00e1s hemos compartido juegos y danzas con el resto de compa\u00f1eros de infantil.<\/span><\/em><\/strong><\/p>\n<p><span style=\"color:#ff6600\"><em><strong>Ahora estamos descansando, pero dentro de un ratito, continuaremos la fiesta con una merienda con todas nuestras familias, como broche final.<\/strong><\/em><\/span><\/p>\n<p><strong><em><span style=\"color:#ff6600\">\u00a1\u00a1Ha sido un gran d\u00eda!!<\/span><\/em><\/strong><\/p>\n<p><strong><em><span style=\"color:#ff6600\">El lunes os colgar\u00e9 algunas fotograf\u00edas de lo acontecido durante el d\u00eda. Buen fin de semana.<\/span><\/em><\/strong><\/p>\n<p style=\"text-align:right\"><strong><em><span style=\"color:#ff6600\">Loli G\u00e1lvez<\/span><\/em><\/strong><\/p>\n","protected":false},"excerpt":{"rendered":"<p>Ha llegado el gran d\u00eda, hoy celebramos nuestra esperada Fiesta de Oto\u00f1o. A la entrada del colegio nos daba los buenos d\u00edas desde muy temprano el mu\u00f1eco del Sr. Oto\u00f1o y cuando llegaban a clase todos me contaban el grato encuentro. A primera hora estaban todos entusiasmados con la visita que \u00edbamos a recibir. Hemos &hellip; <a href=\"https:\/\/www.alqueria.es\/blogs\/alqueriaamarillanaranja\/2013\/11\/08\/fiesta-de-otono-4\/\" class=\"more-link\">Seguir leyendo <span class=\"screen-reader-text\">FIESTA DE OTO\u00d1O<\/span> <span class=\"meta-nav\">&rarr;<\/span><\/a><\/p>\n","protected":false},"author":23,"featured_media":0,"comment_status":"open","ping_status":"open","sticky":false,"template":"","format":"standard","meta":{"jetpack_post_was_ever_published":false,"_jetpack_newsletter_access":"","_jetpack_dont_email_post_to_subs":false,"_jetpack_newsletter_tier_id":0,"_jetpack_memberships_contains_paywalled_content":false,"_jetpack_memberships_contains_paid_content":false,"footnotes":"","jetpack_publicize_message":"","jetpack_publicize_feature_enabled":true,"jetpack_social_post_already_shared":true,"jetpack_social_options":{"image_generator_settings":{"template":"highway","default_image_id":0,"font":"","enabled":false},"version":2}},"categories":[6,9,14],"tags":[66],"class_list":["post-7104","post","type-post","status-publish","format-standard","hentry","category-clase-amarilla","category-diario-clase-amarilla","category-fiestas-y-dias-especiales","tag-fiesta-de-otono"],"jetpack_publicize_connections":[],"jetpack_featured_media_url":"","jetpack_sharing_enabled":true,"jetpack_shortlink":"https:\/\/wp.me\/p4lG08-1QA","jetpack-related-posts":[],"_links":{"self":[{"href":"https:\/\/www.alqueria.es\/blogs\/alqueriaamarillanaranja\/wp-json\/wp\/v2\/posts\/7104","targetHints":{"allow":["GET"]}}],"collection":[{"href":"https:\/\/www.alqueria.es\/blogs\/alqueriaamarillanaranja\/wp-json\/wp\/v2\/posts"}],"about":[{"href":"https:\/\/www.alqueria.es\/blogs\/alqueriaamarillanaranja\/wp-json\/wp\/v2\/types\/post"}],"author":[{"embeddable":true,"href":"https:\/\/www.alqueria.es\/blogs\/alqueriaamarillanaranja\/wp-json\/wp\/v2\/users\/23"}],"replies":[{"embeddable":true,"href":"https:\/\/www.alqueria.es\/blogs\/alqueriaamarillanaranja\/wp-json\/wp\/v2\/comments?post=7104"}],"version-history":[{"count":0,"href":"https:\/\/www.alqueria.es\/blogs\/alqueriaamarillanaranja\/wp-json\/wp\/v2\/posts\/7104\/revisions"}],"wp:attachment":[{"href":"https:\/\/www.alqueria.es\/blogs\/alqueriaamarillanaranja\/wp-json\/wp\/v2\/media?parent=7104"}],"wp:term":[{"taxonomy":"category","embeddable":true,"href":"https:\/\/www.alqueria.es\/blogs\/alqueriaamarillanaranja\/wp-json\/wp\/v2\/categories?post=7104"},{"taxonomy":"post_tag","embeddable":true,"href":"https:\/\/www.alqueria.es\/blogs\/alqueriaamarillanaranja\/wp-json\/wp\/v2\/tags?post=7104"}],"curies":[{"name":"wp","href":"https:\/\/api.w.org\/{rel}","templated":true}]}}