{"id":71132,"date":"2024-06-03T15:35:28","date_gmt":"2024-06-03T13:35:28","guid":{"rendered":"https:\/\/www.alqueria.es\/blogs\/alqueriaamarillanaranja\/?p=71132"},"modified":"2024-06-03T15:35:28","modified_gmt":"2024-06-03T13:35:28","slug":"campus-de-verano-ciclo-0-3-anos","status":"publish","type":"post","link":"https:\/\/www.alqueria.es\/blogs\/alqueriaamarillanaranja\/2024\/06\/03\/campus-de-verano-ciclo-0-3-anos\/","title":{"rendered":"CAMPUS DE VERANO CICLO 0-3 A\u00d1OS"},"content":{"rendered":"<p>Hola familias,<\/p>\n<p>Estamos de vuelta de estos cuatro d\u00edas sin cole y estamos contentos de volver a reencontrarnos, tambi\u00e9n m\u00e1s nerviosillos de la cuenta. No sabemos si ser\u00e1 el calor, los preparativos de la fiesta o que se est\u00e1n haciendo cada vez m\u00e1s mayores.<\/p>\n<p>Hoy os quer\u00eda hablar de nuestra actividad opcional de verano que comienza el <strong>24 de junio y termina el 26 de julio<\/strong>, como ya hab\u00e9is sido informados a trav\u00e9s del correo. El horario es de 7:30 (con posibilidad de aula matinal) hasta las 15:00 h.<\/p>\n<p><img decoding=\"async\" class=\"aligncenter\" src=\"https:\/\/cloud.alqueria.es\/wp-content\/uploads\/sites\/9\/2018\/06\/descarga2.jpg\" alt=\"CAMPUS DE VERANO EN ALQUERIA - Blog de Infantil Amarilla - Naranja\" width=\"225\" height=\"225\" \/><\/p>\n<p>Est\u00e1s semanas de verano est\u00e1n organizadas para el disfrute de los ni\u00f1os y ni\u00f1as durante un periodo estival en el que los padres y madres a\u00fan no est\u00e1is de vacaciones y es importante una buena conciliaci\u00f3n familiar. Para ello os ofrecemos la posibilidad de traerlos al cole, su lugar familiar, para pasar unas semanas muy divertidas, siempre respetando los horarios y rutinas de los peque\u00f1os.<\/p>\n<p>El men\u00fa cambiar\u00e1 y ser\u00e1 m\u00e1s veraniego para que los peques puedan disfrutar de una alimentaci\u00f3n equilibrada pero adaptada a las altas temperaturas.<\/p>\n<p><img decoding=\"async\" data-attachment-id=\"71136\" data-permalink=\"https:\/\/www.alqueria.es\/blogs\/alqueriaamarillanaranja\/2024\/06\/03\/campus-de-verano-ciclo-0-3-anos\/dsc05660-2\/\" data-orig-file=\"https:\/\/cloud.alqueria.es\/wp-content\/uploads\/sites\/9\/2024\/06\/DSC05660.jpg\" data-orig-size=\"640,480\" data-comments-opened=\"1\" data-image-meta=\"{&quot;aperture&quot;:&quot;0&quot;,&quot;credit&quot;:&quot;&quot;,&quot;camera&quot;:&quot;&quot;,&quot;caption&quot;:&quot;&quot;,&quot;created_timestamp&quot;:&quot;0&quot;,&quot;copyright&quot;:&quot;&quot;,&quot;focal_length&quot;:&quot;0&quot;,&quot;iso&quot;:&quot;0&quot;,&quot;shutter_speed&quot;:&quot;0&quot;,&quot;title&quot;:&quot;&quot;,&quot;orientation&quot;:&quot;0&quot;}\" data-image-title=\"DSC05660\" data-image-description=\"\" data-image-caption=\"\" data-large-file=\"https:\/\/cloud.alqueria.es\/wp-content\/uploads\/sites\/9\/2024\/06\/DSC05660.jpg\" class=\"alignleft size-medium wp-image-71136\" src=\"https:\/\/cloud.alqueria.es\/wp-content\/uploads\/sites\/9\/2024\/06\/DSC05660-300x225.jpg\" alt=\"\" width=\"300\" height=\"225\" srcset=\"https:\/\/cloud.alqueria.es\/wp-content\/uploads\/sites\/9\/2024\/06\/DSC05660-300x225.jpg 300w, https:\/\/cloud.alqueria.es\/wp-content\/uploads\/sites\/9\/2024\/06\/DSC05660.jpg 640w\" sizes=\"(max-width: 300px) 100vw, 300px\" \/>C\u00f3mo actividades l\u00fadicas diarias contaremos con juegos de agua, castillos hinchable, as\u00ed como talleres y juegos al aire libre en el parque, jard\u00edn,\u00a0 pista\u2026<\/p>\n<p>&nbsp;<\/p>\n<div class=\"tiled-gallery type-square tiled-gallery-unresized\" data-original-width=\"474\" data-carousel-extra='{&quot;blog_id&quot;:9,&quot;permalink&quot;:&quot;https:\\\/\\\/www.alqueria.es\\\/blogs\\\/alqueriaamarillanaranja\\\/2024\\\/06\\\/03\\\/campus-de-verano-ciclo-0-3-anos\\\/&quot;,&quot;likes_blog_id&quot;:64271688}' itemscope itemtype=\"http:\/\/schema.org\/ImageGallery\" > <div class=\"gallery-row\" style=\"width: 474px; height: 158px;\" data-original-width=\"474\" data-original-height=\"158\" > <div class=\"gallery-group\" style=\"width: 158px; height: 158px;\" data-original-width=\"158\" data-original-height=\"158\" > <div class=\"tiled-gallery-item \" itemprop=\"associatedMedia\" itemscope itemtype=\"http:\/\/schema.org\/ImageObject\"> <a href=\"https:\/\/www.alqueria.es\/blogs\/alqueriaamarillanaranja\/2023\/06\/28\/comenzamos-las-actividades-de-verano-en-el-ciclo-0-3-anos\/20230628_110655\/\" border=\"0\" itemprop=\"url\"> <meta itemprop=\"width\" content=\"154\"> <meta itemprop=\"height\" content=\"154\"> <img decoding=\"async\" class=\"\" data-attachment-id=\"65056\" data-orig-file=\"https:\/\/cloud.alqueria.es\/wp-content\/uploads\/sites\/9\/2023\/06\/20230628_110655.jpg\" data-orig-size=\"1192,900\" data-comments-opened=\"1\" data-image-meta=\"{&quot;aperture&quot;:&quot;2&quot;,&quot;credit&quot;:&quot;&quot;,&quot;camera&quot;:&quot;SM-A127F&quot;,&quot;caption&quot;:&quot;&quot;,&quot;created_timestamp&quot;:&quot;1687950415&quot;,&quot;copyright&quot;:&quot;&quot;,&quot;focal_length&quot;:&quot;4.6&quot;,&quot;iso&quot;:&quot;20&quot;,&quot;shutter_speed&quot;:&quot;0.0019&quot;,&quot;title&quot;:&quot;&quot;,&quot;orientation&quot;:&quot;1&quot;}\" data-image-title=\"20230628_110655\" data-image-description=\"\" data-medium-file=\"https:\/\/cloud.alqueria.es\/wp-content\/uploads\/sites\/9\/2023\/06\/20230628_110655-300x227.jpg\" data-large-file=\"https:\/\/cloud.alqueria.es\/wp-content\/uploads\/sites\/9\/2023\/06\/20230628_110655-1024x773.jpg\" src=\"https:\/\/i0.wp.com\/cloud.alqueria.es\/wp-content\/uploads\/sites\/9\/2023\/06\/20230628_110655.jpg?w=154&#038;h=154&#038;crop=1&#038;ssl=1\" width=\"154\" height=\"154\" loading=\"lazy\" data-original-width=\"154\" data-original-height=\"154\" itemprop=\"http:\/\/schema.org\/image\" title=\"20230628_110655\" alt=\"20230628_110655\" style=\"width: 154px; height: 154px;\" \/> <\/a> <\/div> <\/div> <div class=\"gallery-group\" style=\"width: 158px; height: 158px;\" data-original-width=\"158\" data-original-height=\"158\" > <div class=\"tiled-gallery-item \" itemprop=\"associatedMedia\" itemscope itemtype=\"http:\/\/schema.org\/ImageObject\"> <a href=\"https:\/\/www.alqueria.es\/blogs\/alqueriaamarillanaranja\/2023\/06\/28\/comenzamos-las-actividades-de-verano-en-el-ciclo-0-3-anos\/20230626_111921\/\" border=\"0\" itemprop=\"url\"> <meta itemprop=\"width\" content=\"154\"> <meta itemprop=\"height\" content=\"154\"> <img decoding=\"async\" class=\"\" data-attachment-id=\"65041\" data-orig-file=\"https:\/\/cloud.alqueria.es\/wp-content\/uploads\/sites\/9\/2023\/06\/20230626_111921.jpg\" data-orig-size=\"950,900\" data-comments-opened=\"1\" data-image-meta=\"{&quot;aperture&quot;:&quot;2&quot;,&quot;credit&quot;:&quot;&quot;,&quot;camera&quot;:&quot;SM-A127F&quot;,&quot;caption&quot;:&quot;&quot;,&quot;created_timestamp&quot;:&quot;1687778363&quot;,&quot;copyright&quot;:&quot;&quot;,&quot;focal_length&quot;:&quot;4.6&quot;,&quot;iso&quot;:&quot;20&quot;,&quot;shutter_speed&quot;:&quot;0.0015&quot;,&quot;title&quot;:&quot;&quot;,&quot;orientation&quot;:&quot;1&quot;}\" data-image-title=\"20230626_111921\" data-image-description=\"\" data-medium-file=\"https:\/\/cloud.alqueria.es\/wp-content\/uploads\/sites\/9\/2023\/06\/20230626_111921-300x284.jpg\" data-large-file=\"https:\/\/cloud.alqueria.es\/wp-content\/uploads\/sites\/9\/2023\/06\/20230626_111921.jpg\" src=\"https:\/\/i0.wp.com\/cloud.alqueria.es\/wp-content\/uploads\/sites\/9\/2023\/06\/20230626_111921.jpg?w=154&#038;h=154&#038;crop=1&#038;ssl=1\" width=\"154\" height=\"154\" loading=\"lazy\" data-original-width=\"154\" data-original-height=\"154\" itemprop=\"http:\/\/schema.org\/image\" title=\"20230626_111921\" alt=\"20230626_111921\" style=\"width: 154px; height: 154px;\" \/> <\/a> <\/div> <\/div> <div class=\"gallery-group\" style=\"width: 158px; height: 158px;\" data-original-width=\"158\" data-original-height=\"158\" > <div class=\"tiled-gallery-item \" itemprop=\"associatedMedia\" itemscope itemtype=\"http:\/\/schema.org\/ImageObject\"> <a href=\"https:\/\/www.alqueria.es\/blogs\/alqueriaamarillanaranja\/2023\/06\/28\/comenzamos-las-actividades-de-verano-en-el-ciclo-0-3-anos\/20230628_110154\/\" border=\"0\" itemprop=\"url\"> <meta itemprop=\"width\" content=\"154\"> <meta itemprop=\"height\" content=\"154\"> <img decoding=\"async\" class=\"\" data-attachment-id=\"65048\" data-orig-file=\"https:\/\/cloud.alqueria.es\/wp-content\/uploads\/sites\/9\/2023\/06\/20230628_110154.jpg\" data-orig-size=\"1600,900\" data-comments-opened=\"1\" data-image-meta=\"{&quot;aperture&quot;:&quot;2&quot;,&quot;credit&quot;:&quot;&quot;,&quot;camera&quot;:&quot;SM-A127F&quot;,&quot;caption&quot;:&quot;&quot;,&quot;created_timestamp&quot;:&quot;1687950115&quot;,&quot;copyright&quot;:&quot;&quot;,&quot;focal_length&quot;:&quot;4.6&quot;,&quot;iso&quot;:&quot;20&quot;,&quot;shutter_speed&quot;:&quot;0.0013&quot;,&quot;title&quot;:&quot;&quot;,&quot;orientation&quot;:&quot;1&quot;}\" data-image-title=\"20230628_110154\" data-image-description=\"\" data-medium-file=\"https:\/\/cloud.alqueria.es\/wp-content\/uploads\/sites\/9\/2023\/06\/20230628_110154-300x169.jpg\" data-large-file=\"https:\/\/cloud.alqueria.es\/wp-content\/uploads\/sites\/9\/2023\/06\/20230628_110154-1024x576.jpg\" src=\"https:\/\/i0.wp.com\/cloud.alqueria.es\/wp-content\/uploads\/sites\/9\/2023\/06\/20230628_110154.jpg?w=154&#038;h=154&#038;crop=1&#038;ssl=1\" width=\"154\" height=\"154\" loading=\"lazy\" data-original-width=\"154\" data-original-height=\"154\" itemprop=\"http:\/\/schema.org\/image\" title=\"20230628_110154\" alt=\"20230628_110154\" style=\"width: 154px; height: 154px;\" \/> <\/a> <\/div> <\/div> <\/div> <\/div>\n<p><span style=\"color: #ff00ff\"><strong>MOCHILA PARA EL CAMPUS<\/strong><\/span>: tendr\u00e1n que venir de casa con el ba\u00f1ador puesto y vamos a incluir en la mochila a parte de su muda, una toalla que se quedar\u00e1 con nosotros toda la semana, unas sandalias o chanclas c\u00f3modas y crema solar.<\/p>\n<p>En\u00a0 el ciclo 0-3 a\u00f1os s\u00f3lo se admiten reservas de plazas a alumnos y alumnas del curso escolar actual ya que no se contemplan nuevas adaptaciones en tan pocos d\u00edas de actividad l\u00fadica.<\/p>\n<p>Contamos con el\u00a0 personal que conoce al alumnado y que hemos estado en contacto con ellos a lo largo del curso, por lo que estas semanas son una prolongaci\u00f3n de todos estos meses de convivencia en el aula.<\/p>\n<p>Esperamos que esta propuesta tenga una estupenda acogida entre los m\u00e1s peque\u00f1os y que con ella podamos ayudaros a conciliar el trabajo con la vida familiar.<\/p>\n<p>Saludos<\/p>\n<p>Carmen<\/p>\n","protected":false},"excerpt":{"rendered":"<p>Hola familias, Estamos de vuelta de estos cuatro d\u00edas sin cole y estamos contentos de volver a reencontrarnos, tambi\u00e9n m\u00e1s nerviosillos de la cuenta. No sabemos si ser\u00e1 el calor, los preparativos de la fiesta o que se est\u00e1n haciendo cada vez m\u00e1s mayores. Hoy os quer\u00eda hablar de nuestra actividad opcional de verano que &hellip; <a href=\"https:\/\/www.alqueria.es\/blogs\/alqueriaamarillanaranja\/2024\/06\/03\/campus-de-verano-ciclo-0-3-anos\/\" class=\"more-link\">Seguir leyendo <span class=\"screen-reader-text\">CAMPUS DE VERANO CICLO 0-3 A\u00d1OS<\/span> <span class=\"meta-nav\">&rarr;<\/span><\/a><\/p>\n","protected":false},"author":23,"featured_media":0,"comment_status":"open","ping_status":"open","sticky":false,"template":"","format":"standard","meta":{"jetpack_post_was_ever_published":false,"_jetpack_newsletter_access":"","_jetpack_dont_email_post_to_subs":false,"_jetpack_newsletter_tier_id":0,"_jetpack_memberships_contains_paywalled_content":false,"_jetpack_memberships_contains_paid_content":false,"footnotes":"","jetpack_publicize_message":"","jetpack_publicize_feature_enabled":true,"jetpack_social_post_already_shared":true,"jetpack_social_options":{"image_generator_settings":{"template":"highway","default_image_id":0,"font":"","enabled":false},"version":2}},"categories":[6,9],"tags":[1020],"class_list":["post-71132","post","type-post","status-publish","format-standard","hentry","category-clase-amarilla","category-diario-clase-amarilla","tag-campus-de-verano-2024"],"jetpack_publicize_connections":[],"jetpack_featured_media_url":"","jetpack_sharing_enabled":true,"jetpack_shortlink":"https:\/\/wp.me\/p4lG08-ivi","jetpack-related-posts":[],"_links":{"self":[{"href":"https:\/\/www.alqueria.es\/blogs\/alqueriaamarillanaranja\/wp-json\/wp\/v2\/posts\/71132","targetHints":{"allow":["GET"]}}],"collection":[{"href":"https:\/\/www.alqueria.es\/blogs\/alqueriaamarillanaranja\/wp-json\/wp\/v2\/posts"}],"about":[{"href":"https:\/\/www.alqueria.es\/blogs\/alqueriaamarillanaranja\/wp-json\/wp\/v2\/types\/post"}],"author":[{"embeddable":true,"href":"https:\/\/www.alqueria.es\/blogs\/alqueriaamarillanaranja\/wp-json\/wp\/v2\/users\/23"}],"replies":[{"embeddable":true,"href":"https:\/\/www.alqueria.es\/blogs\/alqueriaamarillanaranja\/wp-json\/wp\/v2\/comments?post=71132"}],"version-history":[{"count":3,"href":"https:\/\/www.alqueria.es\/blogs\/alqueriaamarillanaranja\/wp-json\/wp\/v2\/posts\/71132\/revisions"}],"predecessor-version":[{"id":71138,"href":"https:\/\/www.alqueria.es\/blogs\/alqueriaamarillanaranja\/wp-json\/wp\/v2\/posts\/71132\/revisions\/71138"}],"wp:attachment":[{"href":"https:\/\/www.alqueria.es\/blogs\/alqueriaamarillanaranja\/wp-json\/wp\/v2\/media?parent=71132"}],"wp:term":[{"taxonomy":"category","embeddable":true,"href":"https:\/\/www.alqueria.es\/blogs\/alqueriaamarillanaranja\/wp-json\/wp\/v2\/categories?post=71132"},{"taxonomy":"post_tag","embeddable":true,"href":"https:\/\/www.alqueria.es\/blogs\/alqueriaamarillanaranja\/wp-json\/wp\/v2\/tags?post=71132"}],"curies":[{"name":"wp","href":"https:\/\/api.w.org\/{rel}","templated":true}]}}