{"id":71305,"date":"2024-06-10T16:46:35","date_gmt":"2024-06-10T14:46:35","guid":{"rendered":"https:\/\/www.alqueria.es\/blogs\/alqueriaamarillanaranja\/?p=71305"},"modified":"2024-06-10T16:46:35","modified_gmt":"2024-06-10T14:46:35","slug":"fiesta-de-la-prehistoria","status":"publish","type":"post","link":"https:\/\/www.alqueria.es\/blogs\/alqueriaamarillanaranja\/2024\/06\/10\/fiesta-de-la-prehistoria\/","title":{"rendered":"\u00a1\u00a1FIESTA DE LA PREHISTORIA!!"},"content":{"rendered":"<p><strong>Hola familias,<\/strong><\/p>\n<p><strong>Para nosotros como equipo de Alquer\u00eda educaci\u00f3n este fin de semana ha sido\u00a0 intenso por el\u00a0 esfuerzo y trabajo dedicado para que la fiesta fuera todo un \u00e9xito y creo que el objetivo se\u00a0 cumpli\u00f3 con creces.\u00a0<\/strong><\/p>\n<p><img decoding=\"async\" data-attachment-id=\"71318\" data-permalink=\"https:\/\/www.alqueria.es\/blogs\/alqueriaamarillanaranja\/2024\/06\/10\/fiesta-de-la-prehistoria\/img-20240609-wa0103\/\" data-orig-file=\"https:\/\/cloud.alqueria.es\/wp-content\/uploads\/sites\/9\/2024\/06\/IMG-20240609-WA0103.jpg\" data-orig-size=\"759,478\" data-comments-opened=\"1\" data-image-meta=\"{&quot;aperture&quot;:&quot;0&quot;,&quot;credit&quot;:&quot;&quot;,&quot;camera&quot;:&quot;&quot;,&quot;caption&quot;:&quot;&quot;,&quot;created_timestamp&quot;:&quot;0&quot;,&quot;copyright&quot;:&quot;&quot;,&quot;focal_length&quot;:&quot;0&quot;,&quot;iso&quot;:&quot;0&quot;,&quot;shutter_speed&quot;:&quot;0&quot;,&quot;title&quot;:&quot;&quot;,&quot;orientation&quot;:&quot;1&quot;}\" data-image-title=\"IMG-20240609-WA0103\" data-image-description=\"\" data-image-caption=\"\" data-large-file=\"https:\/\/cloud.alqueria.es\/wp-content\/uploads\/sites\/9\/2024\/06\/IMG-20240609-WA0103.jpg\" class=\"aligncenter size-full wp-image-71318\" src=\"https:\/\/cloud.alqueria.es\/wp-content\/uploads\/sites\/9\/2024\/06\/IMG-20240609-WA0103.jpg\" alt=\"\" width=\"759\" height=\"478\" srcset=\"https:\/\/cloud.alqueria.es\/wp-content\/uploads\/sites\/9\/2024\/06\/IMG-20240609-WA0103.jpg 759w, https:\/\/cloud.alqueria.es\/wp-content\/uploads\/sites\/9\/2024\/06\/IMG-20240609-WA0103-300x189.jpg 300w\" sizes=\"(max-width: 759px) 100vw, 759px\" \/><\/p>\n<p><strong>Familias y alumnado disfrutaron de una tarde de s\u00e1bado llena de diversi\u00f3n , juegos, baile, merienda y actuaciones.<\/strong><\/p>\n<div class=\"tiled-gallery type-square tiled-gallery-unresized\" data-original-width=\"474\" data-carousel-extra='{&quot;blog_id&quot;:9,&quot;permalink&quot;:&quot;https:\\\/\\\/www.alqueria.es\\\/blogs\\\/alqueriaamarillanaranja\\\/2024\\\/06\\\/10\\\/fiesta-de-la-prehistoria\\\/&quot;,&quot;likes_blog_id&quot;:64271688}' itemscope itemtype=\"http:\/\/schema.org\/ImageGallery\" > <div class=\"gallery-row\" style=\"width: 474px; height: 237px;\" data-original-width=\"474\" data-original-height=\"237\" > <div class=\"gallery-group\" style=\"width: 237px; height: 237px;\" data-original-width=\"237\" data-original-height=\"237\" > <div class=\"tiled-gallery-item \" itemprop=\"associatedMedia\" itemscope itemtype=\"http:\/\/schema.org\/ImageObject\"> <a href=\"https:\/\/www.alqueria.es\/blogs\/alqueriaamarillanaranja\/2024\/06\/10\/fiesta-de-la-prehistoria\/img-20240609-wa0101\/\" border=\"0\" itemprop=\"url\"> <meta itemprop=\"width\" content=\"233\"> <meta itemprop=\"height\" content=\"233\"> <img decoding=\"async\" class=\"\" data-attachment-id=\"71319\" data-orig-file=\"https:\/\/cloud.alqueria.es\/wp-content\/uploads\/sites\/9\/2024\/06\/IMG-20240609-WA0101.jpg\" data-orig-size=\"640,360\" data-comments-opened=\"1\" data-image-meta=\"{&quot;aperture&quot;:&quot;0&quot;,&quot;credit&quot;:&quot;&quot;,&quot;camera&quot;:&quot;&quot;,&quot;caption&quot;:&quot;&quot;,&quot;created_timestamp&quot;:&quot;0&quot;,&quot;copyright&quot;:&quot;&quot;,&quot;focal_length&quot;:&quot;0&quot;,&quot;iso&quot;:&quot;0&quot;,&quot;shutter_speed&quot;:&quot;0&quot;,&quot;title&quot;:&quot;&quot;,&quot;orientation&quot;:&quot;1&quot;}\" data-image-title=\"IMG-20240609-WA0101\" data-image-description=\"\" data-medium-file=\"https:\/\/cloud.alqueria.es\/wp-content\/uploads\/sites\/9\/2024\/06\/IMG-20240609-WA0101-300x169.jpg\" data-large-file=\"https:\/\/cloud.alqueria.es\/wp-content\/uploads\/sites\/9\/2024\/06\/IMG-20240609-WA0101.jpg\" src=\"https:\/\/i0.wp.com\/cloud.alqueria.es\/wp-content\/uploads\/sites\/9\/2024\/06\/IMG-20240609-WA0101.jpg?w=233&#038;h=233&#038;crop=1&#038;ssl=1\" width=\"233\" height=\"233\" loading=\"lazy\" data-original-width=\"233\" data-original-height=\"233\" itemprop=\"http:\/\/schema.org\/image\" title=\"IMG-20240609-WA0101\" alt=\"IMG-20240609-WA0101\" style=\"width: 233px; height: 233px;\" \/> <\/a> <\/div> <\/div> <div class=\"gallery-group\" style=\"width: 237px; height: 237px;\" data-original-width=\"237\" data-original-height=\"237\" > <div class=\"tiled-gallery-item \" itemprop=\"associatedMedia\" itemscope itemtype=\"http:\/\/schema.org\/ImageObject\"> <a href=\"https:\/\/www.alqueria.es\/blogs\/alqueriaamarillanaranja\/2024\/06\/10\/fiesta-de-la-prehistoria\/img-20240609-wa0100\/\" border=\"0\" itemprop=\"url\"> <meta itemprop=\"width\" content=\"233\"> <meta itemprop=\"height\" content=\"233\"> <img decoding=\"async\" class=\"\" data-attachment-id=\"71320\" data-orig-file=\"https:\/\/cloud.alqueria.es\/wp-content\/uploads\/sites\/9\/2024\/06\/IMG-20240609-WA0100.jpg\" data-orig-size=\"640,360\" data-comments-opened=\"1\" data-image-meta=\"{&quot;aperture&quot;:&quot;0&quot;,&quot;credit&quot;:&quot;&quot;,&quot;camera&quot;:&quot;&quot;,&quot;caption&quot;:&quot;&quot;,&quot;created_timestamp&quot;:&quot;0&quot;,&quot;copyright&quot;:&quot;&quot;,&quot;focal_length&quot;:&quot;0&quot;,&quot;iso&quot;:&quot;0&quot;,&quot;shutter_speed&quot;:&quot;0&quot;,&quot;title&quot;:&quot;&quot;,&quot;orientation&quot;:&quot;1&quot;}\" data-image-title=\"IMG-20240609-WA0100\" data-image-description=\"\" data-medium-file=\"https:\/\/cloud.alqueria.es\/wp-content\/uploads\/sites\/9\/2024\/06\/IMG-20240609-WA0100-300x169.jpg\" data-large-file=\"https:\/\/cloud.alqueria.es\/wp-content\/uploads\/sites\/9\/2024\/06\/IMG-20240609-WA0100.jpg\" src=\"https:\/\/i0.wp.com\/cloud.alqueria.es\/wp-content\/uploads\/sites\/9\/2024\/06\/IMG-20240609-WA0100.jpg?w=233&#038;h=233&#038;crop=1&#038;ssl=1\" width=\"233\" height=\"233\" loading=\"lazy\" data-original-width=\"233\" data-original-height=\"233\" itemprop=\"http:\/\/schema.org\/image\" title=\"IMG-20240609-WA0100\" alt=\"IMG-20240609-WA0100\" style=\"width: 233px; height: 233px;\" \/> <\/a> <\/div> <\/div> <\/div> <div class=\"gallery-row\" style=\"width: 474px; height: 237px;\" data-original-width=\"474\" data-original-height=\"237\" > <div class=\"gallery-group\" style=\"width: 237px; height: 237px;\" data-original-width=\"237\" data-original-height=\"237\" > <div class=\"tiled-gallery-item \" itemprop=\"associatedMedia\" itemscope itemtype=\"http:\/\/schema.org\/ImageObject\"> <a href=\"https:\/\/www.alqueria.es\/blogs\/alqueriaamarillanaranja\/2024\/06\/10\/fiesta-de-la-prehistoria\/img-20240609-wa0094\/\" border=\"0\" itemprop=\"url\"> <meta itemprop=\"width\" content=\"233\"> <meta itemprop=\"height\" content=\"233\"> <img decoding=\"async\" class=\"\" data-attachment-id=\"71321\" data-orig-file=\"https:\/\/cloud.alqueria.es\/wp-content\/uploads\/sites\/9\/2024\/06\/IMG-20240609-WA0094.jpg\" data-orig-size=\"640,360\" data-comments-opened=\"1\" data-image-meta=\"{&quot;aperture&quot;:&quot;0&quot;,&quot;credit&quot;:&quot;&quot;,&quot;camera&quot;:&quot;&quot;,&quot;caption&quot;:&quot;&quot;,&quot;created_timestamp&quot;:&quot;0&quot;,&quot;copyright&quot;:&quot;&quot;,&quot;focal_length&quot;:&quot;0&quot;,&quot;iso&quot;:&quot;0&quot;,&quot;shutter_speed&quot;:&quot;0&quot;,&quot;title&quot;:&quot;&quot;,&quot;orientation&quot;:&quot;1&quot;}\" data-image-title=\"IMG-20240609-WA0094\" data-image-description=\"\" data-medium-file=\"https:\/\/cloud.alqueria.es\/wp-content\/uploads\/sites\/9\/2024\/06\/IMG-20240609-WA0094-300x169.jpg\" data-large-file=\"https:\/\/cloud.alqueria.es\/wp-content\/uploads\/sites\/9\/2024\/06\/IMG-20240609-WA0094.jpg\" src=\"https:\/\/i0.wp.com\/cloud.alqueria.es\/wp-content\/uploads\/sites\/9\/2024\/06\/IMG-20240609-WA0094.jpg?w=233&#038;h=233&#038;crop=1&#038;ssl=1\" width=\"233\" height=\"233\" loading=\"lazy\" data-original-width=\"233\" data-original-height=\"233\" itemprop=\"http:\/\/schema.org\/image\" title=\"IMG-20240609-WA0094\" alt=\"IMG-20240609-WA0094\" style=\"width: 233px; height: 233px;\" \/> <\/a> <\/div> <\/div> <div class=\"gallery-group\" style=\"width: 237px; height: 237px;\" data-original-width=\"237\" data-original-height=\"237\" > <div class=\"tiled-gallery-item \" itemprop=\"associatedMedia\" itemscope itemtype=\"http:\/\/schema.org\/ImageObject\"> <a href=\"https:\/\/www.alqueria.es\/blogs\/alqueriaamarillanaranja\/2024\/06\/10\/fiesta-de-la-prehistoria\/img-20240609-wa0011\/\" border=\"0\" itemprop=\"url\"> <meta itemprop=\"width\" content=\"233\"> <meta itemprop=\"height\" content=\"233\"> <img decoding=\"async\" class=\"\" data-attachment-id=\"71336\" data-orig-file=\"https:\/\/cloud.alqueria.es\/wp-content\/uploads\/sites\/9\/2024\/06\/IMG-20240609-WA0011.jpg\" data-orig-size=\"1209,1612\" data-comments-opened=\"1\" data-image-meta=\"{&quot;aperture&quot;:&quot;0&quot;,&quot;credit&quot;:&quot;&quot;,&quot;camera&quot;:&quot;&quot;,&quot;caption&quot;:&quot;&quot;,&quot;created_timestamp&quot;:&quot;0&quot;,&quot;copyright&quot;:&quot;&quot;,&quot;focal_length&quot;:&quot;0&quot;,&quot;iso&quot;:&quot;0&quot;,&quot;shutter_speed&quot;:&quot;0&quot;,&quot;title&quot;:&quot;&quot;,&quot;orientation&quot;:&quot;1&quot;}\" data-image-title=\"IMG-20240609-WA0011\" data-image-description=\"\" data-medium-file=\"https:\/\/cloud.alqueria.es\/wp-content\/uploads\/sites\/9\/2024\/06\/IMG-20240609-WA0011-225x300.jpg\" data-large-file=\"https:\/\/cloud.alqueria.es\/wp-content\/uploads\/sites\/9\/2024\/06\/IMG-20240609-WA0011-768x1024.jpg\" src=\"https:\/\/i0.wp.com\/cloud.alqueria.es\/wp-content\/uploads\/sites\/9\/2024\/06\/IMG-20240609-WA0011.jpg?w=233&#038;h=233&#038;crop=1&#038;ssl=1\" width=\"233\" height=\"233\" loading=\"lazy\" data-original-width=\"233\" data-original-height=\"233\" itemprop=\"http:\/\/schema.org\/image\" title=\"IMG-20240609-WA0011\" alt=\"IMG-20240609-WA0011\" style=\"width: 233px; height: 233px;\" \/> <\/a> <\/div> <\/div> <\/div> <\/div>\n<p><strong>Desde la recepci\u00f3n de las familias en el jard\u00edn, la bienvenida y presentaci\u00f3n del equipo, los diferentes stands y atracciones en la pista, juegos de padres, coreograf\u00eda del alumnado, nuestro 45 aniversario con tarta y todo, la actuaci\u00f3n de profes y reconocimiento a Nuria por tantos a\u00f1os de dedicaci\u00f3n a los beb\u00e9s; actuaci\u00f3n de familias de sexto; y terminando con m\u00fasica en directo y despedida de la promoci\u00f3n de sexto. Todo organizado para que no faltara ni un detalle.<\/strong><\/p>\n<p class=\"jetpack-slideshow-noscript robots-nocontent\">El pase de diapositivas requiere JavaScript.<\/p><div id=\"gallery-71305-1-slideshow\" class=\"jetpack-slideshow-window jetpack-slideshow jetpack-slideshow-black\" data-trans=\"fade\" data-autostart=\"1\" data-gallery=\"[{&quot;src&quot;:&quot;https:\\\/\\\/cloud.alqueria.es\\\/wp-content\\\/uploads\\\/sites\\\/9\\\/2024\\\/06\\\/20240608_130453.jpg&quot;,&quot;id&quot;:&quot;71310&quot;,&quot;title&quot;:&quot;20240608_130453&quot;,&quot;alt&quot;:&quot;&quot;,&quot;caption&quot;:&quot;&quot;,&quot;itemprop&quot;:&quot;image&quot;},{&quot;src&quot;:&quot;https:\\\/\\\/cloud.alqueria.es\\\/wp-content\\\/uploads\\\/sites\\\/9\\\/2024\\\/06\\\/20240608_124729.jpg&quot;,&quot;id&quot;:&quot;71314&quot;,&quot;title&quot;:&quot;20240608_124729&quot;,&quot;alt&quot;:&quot;&quot;,&quot;caption&quot;:&quot;&quot;,&quot;itemprop&quot;:&quot;image&quot;},{&quot;src&quot;:&quot;https:\\\/\\\/cloud.alqueria.es\\\/wp-content\\\/uploads\\\/sites\\\/9\\\/2024\\\/06\\\/20240608_124739.jpg&quot;,&quot;id&quot;:&quot;71313&quot;,&quot;title&quot;:&quot;20240608_124739&quot;,&quot;alt&quot;:&quot;&quot;,&quot;caption&quot;:&quot;&quot;,&quot;itemprop&quot;:&quot;image&quot;},{&quot;src&quot;:&quot;https:\\\/\\\/cloud.alqueria.es\\\/wp-content\\\/uploads\\\/sites\\\/9\\\/2024\\\/06\\\/20240608_130420.jpg&quot;,&quot;id&quot;:&quot;71312&quot;,&quot;title&quot;:&quot;20240608_130420&quot;,&quot;alt&quot;:&quot;&quot;,&quot;caption&quot;:&quot;&quot;,&quot;itemprop&quot;:&quot;image&quot;},{&quot;src&quot;:&quot;https:\\\/\\\/cloud.alqueria.es\\\/wp-content\\\/uploads\\\/sites\\\/9\\\/2024\\\/06\\\/20240608_130433.jpg&quot;,&quot;id&quot;:&quot;71311&quot;,&quot;title&quot;:&quot;20240608_130433&quot;,&quot;alt&quot;:&quot;&quot;,&quot;caption&quot;:&quot;&quot;,&quot;itemprop&quot;:&quot;image&quot;},{&quot;src&quot;:&quot;https:\\\/\\\/cloud.alqueria.es\\\/wp-content\\\/uploads\\\/sites\\\/9\\\/2024\\\/06\\\/20240608_190831.jpg&quot;,&quot;id&quot;:&quot;71309&quot;,&quot;title&quot;:&quot;20240608_190831&quot;,&quot;alt&quot;:&quot;&quot;,&quot;caption&quot;:&quot;&quot;,&quot;itemprop&quot;:&quot;image&quot;},{&quot;src&quot;:&quot;https:\\\/\\\/cloud.alqueria.es\\\/wp-content\\\/uploads\\\/sites\\\/9\\\/2024\\\/06\\\/20240608_190923.jpg&quot;,&quot;id&quot;:&quot;71308&quot;,&quot;title&quot;:&quot;20240608_190923&quot;,&quot;alt&quot;:&quot;&quot;,&quot;caption&quot;:&quot;&quot;,&quot;itemprop&quot;:&quot;image&quot;},{&quot;src&quot;:&quot;https:\\\/\\\/cloud.alqueria.es\\\/wp-content\\\/uploads\\\/sites\\\/9\\\/2024\\\/06\\\/20240608_190936.jpg&quot;,&quot;id&quot;:&quot;71307&quot;,&quot;title&quot;:&quot;20240608_190936&quot;,&quot;alt&quot;:&quot;&quot;,&quot;caption&quot;:&quot;&quot;,&quot;itemprop&quot;:&quot;image&quot;},{&quot;src&quot;:&quot;https:\\\/\\\/cloud.alqueria.es\\\/wp-content\\\/uploads\\\/sites\\\/9\\\/2024\\\/06\\\/IMG-20240609-WA0016.jpg&quot;,&quot;id&quot;:&quot;71335&quot;,&quot;title&quot;:&quot;IMG-20240609-WA0016&quot;,&quot;alt&quot;:&quot;&quot;,&quot;caption&quot;:&quot;&quot;,&quot;itemprop&quot;:&quot;image&quot;},{&quot;src&quot;:&quot;https:\\\/\\\/cloud.alqueria.es\\\/wp-content\\\/uploads\\\/sites\\\/9\\\/2024\\\/06\\\/IMG-20240609-WA0019.jpg&quot;,&quot;id&quot;:&quot;71334&quot;,&quot;title&quot;:&quot;IMG-20240609-WA0019&quot;,&quot;alt&quot;:&quot;&quot;,&quot;caption&quot;:&quot;&quot;,&quot;itemprop&quot;:&quot;image&quot;},{&quot;src&quot;:&quot;https:\\\/\\\/cloud.alqueria.es\\\/wp-content\\\/uploads\\\/sites\\\/9\\\/2024\\\/06\\\/IMG-20240609-WA0040.jpg&quot;,&quot;id&quot;:&quot;71330&quot;,&quot;title&quot;:&quot;IMG-20240609-WA0040&quot;,&quot;alt&quot;:&quot;&quot;,&quot;caption&quot;:&quot;&quot;,&quot;itemprop&quot;:&quot;image&quot;},{&quot;src&quot;:&quot;https:\\\/\\\/cloud.alqueria.es\\\/wp-content\\\/uploads\\\/sites\\\/9\\\/2024\\\/06\\\/IMG-20240609-WA0043.jpg&quot;,&quot;id&quot;:&quot;71329&quot;,&quot;title&quot;:&quot;IMG-20240609-WA0043&quot;,&quot;alt&quot;:&quot;&quot;,&quot;caption&quot;:&quot;&quot;,&quot;itemprop&quot;:&quot;image&quot;},{&quot;src&quot;:&quot;https:\\\/\\\/cloud.alqueria.es\\\/wp-content\\\/uploads\\\/sites\\\/9\\\/2024\\\/06\\\/IMG-20240609-WA0032.jpg&quot;,&quot;id&quot;:&quot;71331&quot;,&quot;title&quot;:&quot;IMG-20240609-WA0032&quot;,&quot;alt&quot;:&quot;&quot;,&quot;caption&quot;:&quot;&quot;,&quot;itemprop&quot;:&quot;image&quot;},{&quot;src&quot;:&quot;https:\\\/\\\/cloud.alqueria.es\\\/wp-content\\\/uploads\\\/sites\\\/9\\\/2024\\\/06\\\/IMG-20240609-WA0045.jpg&quot;,&quot;id&quot;:&quot;71327&quot;,&quot;title&quot;:&quot;IMG-20240609-WA0045&quot;,&quot;alt&quot;:&quot;&quot;,&quot;caption&quot;:&quot;&quot;,&quot;itemprop&quot;:&quot;image&quot;},{&quot;src&quot;:&quot;https:\\\/\\\/cloud.alqueria.es\\\/wp-content\\\/uploads\\\/sites\\\/9\\\/2024\\\/06\\\/IMG-20240609-WA0031.jpg&quot;,&quot;id&quot;:&quot;71332&quot;,&quot;title&quot;:&quot;IMG-20240609-WA0031&quot;,&quot;alt&quot;:&quot;&quot;,&quot;caption&quot;:&quot;&quot;,&quot;itemprop&quot;:&quot;image&quot;},{&quot;src&quot;:&quot;https:\\\/\\\/cloud.alqueria.es\\\/wp-content\\\/uploads\\\/sites\\\/9\\\/2024\\\/06\\\/IMG-20240609-WA0024.jpg&quot;,&quot;id&quot;:&quot;71333&quot;,&quot;title&quot;:&quot;IMG-20240609-WA0024&quot;,&quot;alt&quot;:&quot;&quot;,&quot;caption&quot;:&quot;&quot;,&quot;itemprop&quot;:&quot;image&quot;},{&quot;src&quot;:&quot;https:\\\/\\\/cloud.alqueria.es\\\/wp-content\\\/uploads\\\/sites\\\/9\\\/2024\\\/06\\\/IMG-20240609-WA0087.jpg&quot;,&quot;id&quot;:&quot;71323&quot;,&quot;title&quot;:&quot;IMG-20240609-WA0087&quot;,&quot;alt&quot;:&quot;&quot;,&quot;caption&quot;:&quot;&quot;,&quot;itemprop&quot;:&quot;image&quot;},{&quot;src&quot;:&quot;https:\\\/\\\/cloud.alqueria.es\\\/wp-content\\\/uploads\\\/sites\\\/9\\\/2024\\\/06\\\/IMG-20240609-WA0046.jpg&quot;,&quot;id&quot;:&quot;71326&quot;,&quot;title&quot;:&quot;IMG-20240609-WA0046&quot;,&quot;alt&quot;:&quot;&quot;,&quot;caption&quot;:&quot;&quot;,&quot;itemprop&quot;:&quot;image&quot;},{&quot;src&quot;:&quot;https:\\\/\\\/cloud.alqueria.es\\\/wp-content\\\/uploads\\\/sites\\\/9\\\/2024\\\/06\\\/IMG-20240609-WA0089.jpg&quot;,&quot;id&quot;:&quot;71322&quot;,&quot;title&quot;:&quot;IMG-20240609-WA0089&quot;,&quot;alt&quot;:&quot;&quot;,&quot;caption&quot;:&quot;&quot;,&quot;itemprop&quot;:&quot;image&quot;},{&quot;src&quot;:&quot;https:\\\/\\\/cloud.alqueria.es\\\/wp-content\\\/uploads\\\/sites\\\/9\\\/2024\\\/06\\\/IMG-20240609-WA0044.jpg&quot;,&quot;id&quot;:&quot;71328&quot;,&quot;title&quot;:&quot;IMG-20240609-WA0044&quot;,&quot;alt&quot;:&quot;&quot;,&quot;caption&quot;:&quot;&quot;,&quot;itemprop&quot;:&quot;image&quot;},{&quot;src&quot;:&quot;https:\\\/\\\/cloud.alqueria.es\\\/wp-content\\\/uploads\\\/sites\\\/9\\\/2024\\\/06\\\/IMG-20240610-WA0007.jpg&quot;,&quot;id&quot;:&quot;71343&quot;,&quot;title&quot;:&quot;IMG-20240610-WA0007&quot;,&quot;alt&quot;:&quot;&quot;,&quot;caption&quot;:&quot;&quot;,&quot;itemprop&quot;:&quot;image&quot;},{&quot;src&quot;:&quot;https:\\\/\\\/cloud.alqueria.es\\\/wp-content\\\/uploads\\\/sites\\\/9\\\/2024\\\/06\\\/IMG-20240610-WA0010.jpg&quot;,&quot;id&quot;:&quot;71344&quot;,&quot;title&quot;:&quot;IMG-20240610-WA0010&quot;,&quot;alt&quot;:&quot;&quot;,&quot;caption&quot;:&quot;&quot;,&quot;itemprop&quot;:&quot;image&quot;},{&quot;src&quot;:&quot;https:\\\/\\\/cloud.alqueria.es\\\/wp-content\\\/uploads\\\/sites\\\/9\\\/2024\\\/06\\\/IMG-20240609-WA0050.jpg&quot;,&quot;id&quot;:&quot;71325&quot;,&quot;title&quot;:&quot;IMG-20240609-WA0050&quot;,&quot;alt&quot;:&quot;&quot;,&quot;caption&quot;:&quot;&quot;,&quot;itemprop&quot;:&quot;image&quot;},{&quot;src&quot;:&quot;https:\\\/\\\/cloud.alqueria.es\\\/wp-content\\\/uploads\\\/sites\\\/9\\\/2024\\\/06\\\/20240608_212022.jpg&quot;,&quot;id&quot;:&quot;71306&quot;,&quot;title&quot;:&quot;20240608_212022&quot;,&quot;alt&quot;:&quot;&quot;,&quot;caption&quot;:&quot;&quot;,&quot;itemprop&quot;:&quot;image&quot;},{&quot;src&quot;:&quot;https:\\\/\\\/cloud.alqueria.es\\\/wp-content\\\/uploads\\\/sites\\\/9\\\/2024\\\/06\\\/IMG-20240609-WA0079.jpg&quot;,&quot;id&quot;:&quot;71324&quot;,&quot;title&quot;:&quot;IMG-20240609-WA0079&quot;,&quot;alt&quot;:&quot;&quot;,&quot;caption&quot;:&quot;&quot;,&quot;itemprop&quot;:&quot;image&quot;},{&quot;src&quot;:&quot;https:\\\/\\\/cloud.alqueria.es\\\/wp-content\\\/uploads\\\/sites\\\/9\\\/2024\\\/06\\\/IMG-20240609-WA0129.jpg&quot;,&quot;id&quot;:&quot;71315&quot;,&quot;title&quot;:&quot;IMG-20240609-WA0129&quot;,&quot;alt&quot;:&quot;&quot;,&quot;caption&quot;:&quot;&quot;,&quot;itemprop&quot;:&quot;image&quot;}]\" itemscope itemtype=\"https:\/\/schema.org\/ImageGallery\"><\/div>\n<p><strong>Estamos encantadas de que los peques y familias vinierais disfrazas dando mucho m\u00e1s ambiente prehist\u00f3rico al momento. Lo pasamos muy bien tanto ni\u00f1os como adultos y eso se notaba en el ambiente.<\/strong><\/p>\n<p><strong>Todo el Equipo de Infantil y nosotras como tutoras de ciclo 0-3 a\u00f1os, queremos daros las gracias por vuestra asistencia y esperamos que disfrutarais tanto como nosotras.<\/strong><\/p>\n<div class=\"tiled-gallery type-rectangular tiled-gallery-unresized\" data-original-width=\"474\" data-carousel-extra='{&quot;blog_id&quot;:9,&quot;permalink&quot;:&quot;https:\\\/\\\/www.alqueria.es\\\/blogs\\\/alqueriaamarillanaranja\\\/2024\\\/06\\\/10\\\/fiesta-de-la-prehistoria\\\/&quot;,&quot;likes_blog_id&quot;:64271688}' itemscope itemtype=\"http:\/\/schema.org\/ImageGallery\" > <div class=\"gallery-row\" style=\"width: 474px; height: 281px;\" data-original-width=\"474\" data-original-height=\"281\" > <div class=\"gallery-group images-1\" style=\"width: 207px; height: 281px;\" data-original-width=\"207\" data-original-height=\"281\" > <div class=\"tiled-gallery-item tiled-gallery-item-small\" itemprop=\"associatedMedia\" itemscope itemtype=\"http:\/\/schema.org\/ImageObject\"> <a href=\"https:\/\/www.alqueria.es\/blogs\/alqueriaamarillanaranja\/2024\/06\/10\/fiesta-de-la-prehistoria\/img-20240609-wa0113\/\" border=\"0\" itemprop=\"url\"> <meta itemprop=\"width\" content=\"203\"> <meta itemprop=\"height\" content=\"277\"> <img decoding=\"async\" class=\"\" data-attachment-id=\"71316\" data-orig-file=\"https:\/\/cloud.alqueria.es\/wp-content\/uploads\/sites\/9\/2024\/06\/IMG-20240609-WA0113.jpg\" data-orig-size=\"588,802\" data-comments-opened=\"1\" data-image-meta=\"{&quot;aperture&quot;:&quot;0&quot;,&quot;credit&quot;:&quot;&quot;,&quot;camera&quot;:&quot;&quot;,&quot;caption&quot;:&quot;&quot;,&quot;created_timestamp&quot;:&quot;0&quot;,&quot;copyright&quot;:&quot;&quot;,&quot;focal_length&quot;:&quot;0&quot;,&quot;iso&quot;:&quot;0&quot;,&quot;shutter_speed&quot;:&quot;0&quot;,&quot;title&quot;:&quot;&quot;,&quot;orientation&quot;:&quot;1&quot;}\" data-image-title=\"IMG-20240609-WA0113\" data-image-description=\"\" data-medium-file=\"https:\/\/cloud.alqueria.es\/wp-content\/uploads\/sites\/9\/2024\/06\/IMG-20240609-WA0113-220x300.jpg\" data-large-file=\"https:\/\/cloud.alqueria.es\/wp-content\/uploads\/sites\/9\/2024\/06\/IMG-20240609-WA0113.jpg\" src=\"https:\/\/i0.wp.com\/cloud.alqueria.es\/wp-content\/uploads\/sites\/9\/2024\/06\/IMG-20240609-WA0113.jpg?w=203&#038;h=277&#038;ssl=1\" srcset=\"https:\/\/cloud.alqueria.es\/wp-content\/uploads\/sites\/9\/2024\/06\/IMG-20240609-WA0113.jpg 588w, https:\/\/cloud.alqueria.es\/wp-content\/uploads\/sites\/9\/2024\/06\/IMG-20240609-WA0113-220x300.jpg 220w\" width=\"203\" height=\"277\" loading=\"lazy\" data-original-width=\"203\" data-original-height=\"277\" itemprop=\"http:\/\/schema.org\/image\" title=\"IMG-20240609-WA0113\" alt=\"IMG-20240609-WA0113\" style=\"width: 203px; height: 277px;\" \/> <\/a> <\/div> <\/div> <!-- close group --> <div class=\"gallery-group images-1\" style=\"width: 267px; height: 281px;\" data-original-width=\"267\" data-original-height=\"281\" > <div class=\"tiled-gallery-item tiled-gallery-item-large\" itemprop=\"associatedMedia\" itemscope itemtype=\"http:\/\/schema.org\/ImageObject\"> <a href=\"https:\/\/www.alqueria.es\/blogs\/alqueriaamarillanaranja\/2024\/06\/10\/fiesta-de-la-prehistoria\/img-20240609-wa0107\/\" border=\"0\" itemprop=\"url\"> <meta itemprop=\"width\" content=\"263\"> <meta itemprop=\"height\" content=\"277\"> <img decoding=\"async\" class=\"\" data-attachment-id=\"71317\" data-orig-file=\"https:\/\/cloud.alqueria.es\/wp-content\/uploads\/sites\/9\/2024\/06\/IMG-20240609-WA0107.jpg\" data-orig-size=\"775,819\" data-comments-opened=\"1\" data-image-meta=\"{&quot;aperture&quot;:&quot;0&quot;,&quot;credit&quot;:&quot;&quot;,&quot;camera&quot;:&quot;&quot;,&quot;caption&quot;:&quot;&quot;,&quot;created_timestamp&quot;:&quot;0&quot;,&quot;copyright&quot;:&quot;&quot;,&quot;focal_length&quot;:&quot;0&quot;,&quot;iso&quot;:&quot;0&quot;,&quot;shutter_speed&quot;:&quot;0&quot;,&quot;title&quot;:&quot;&quot;,&quot;orientation&quot;:&quot;1&quot;}\" data-image-title=\"IMG-20240609-WA0107\" data-image-description=\"\" data-medium-file=\"https:\/\/cloud.alqueria.es\/wp-content\/uploads\/sites\/9\/2024\/06\/IMG-20240609-WA0107-284x300.jpg\" data-large-file=\"https:\/\/cloud.alqueria.es\/wp-content\/uploads\/sites\/9\/2024\/06\/IMG-20240609-WA0107.jpg\" src=\"https:\/\/i0.wp.com\/cloud.alqueria.es\/wp-content\/uploads\/sites\/9\/2024\/06\/IMG-20240609-WA0107.jpg?w=263&#038;h=277&#038;ssl=1\" srcset=\"https:\/\/cloud.alqueria.es\/wp-content\/uploads\/sites\/9\/2024\/06\/IMG-20240609-WA0107.jpg 775w, https:\/\/cloud.alqueria.es\/wp-content\/uploads\/sites\/9\/2024\/06\/IMG-20240609-WA0107-284x300.jpg 284w, https:\/\/cloud.alqueria.es\/wp-content\/uploads\/sites\/9\/2024\/06\/IMG-20240609-WA0107-768x812.jpg 768w\" width=\"263\" height=\"277\" loading=\"lazy\" data-original-width=\"263\" data-original-height=\"277\" itemprop=\"http:\/\/schema.org\/image\" title=\"IMG-20240609-WA0107\" alt=\"IMG-20240609-WA0107\" style=\"width: 263px; height: 277px;\" \/> <\/a> <\/div> <\/div> <!-- close group --> <\/div> <!-- close row --> <\/div>\n<p><strong>Hoy lunes, recordamos muchos de estos momentos con los amarillitos y celebramos el cumplea\u00f1os de Leo, ya que el s\u00e1bado cumpli\u00f3 tres a\u00f1os.<\/strong><\/p>\n<p><strong><img decoding=\"async\" data-attachment-id=\"71350\" data-permalink=\"https:\/\/www.alqueria.es\/blogs\/alqueriaamarillanaranja\/2024\/06\/10\/fiesta-de-la-prehistoria\/20240610_103337\/\" data-orig-file=\"https:\/\/cloud.alqueria.es\/wp-content\/uploads\/sites\/9\/2024\/06\/20240610_103337.jpg\" data-orig-size=\"900,1600\" data-comments-opened=\"1\" data-image-meta=\"{&quot;aperture&quot;:&quot;2&quot;,&quot;credit&quot;:&quot;&quot;,&quot;camera&quot;:&quot;SM-A127F&quot;,&quot;caption&quot;:&quot;&quot;,&quot;created_timestamp&quot;:&quot;1718015617&quot;,&quot;copyright&quot;:&quot;&quot;,&quot;focal_length&quot;:&quot;4.6&quot;,&quot;iso&quot;:&quot;64&quot;,&quot;shutter_speed&quot;:&quot;0.02&quot;,&quot;title&quot;:&quot;&quot;,&quot;orientation&quot;:&quot;1&quot;}\" data-image-title=\"20240610_103337\" data-image-description=\"\" data-image-caption=\"\" data-large-file=\"https:\/\/cloud.alqueria.es\/wp-content\/uploads\/sites\/9\/2024\/06\/20240610_103337-576x1024.jpg\" class=\"wp-image-71350 size-medium alignleft\" src=\"https:\/\/cloud.alqueria.es\/wp-content\/uploads\/sites\/9\/2024\/06\/20240610_103337-169x300.jpg\" alt=\"\" width=\"169\" height=\"300\" srcset=\"https:\/\/cloud.alqueria.es\/wp-content\/uploads\/sites\/9\/2024\/06\/20240610_103337-169x300.jpg 169w, https:\/\/cloud.alqueria.es\/wp-content\/uploads\/sites\/9\/2024\/06\/20240610_103337-576x1024.jpg 576w, https:\/\/cloud.alqueria.es\/wp-content\/uploads\/sites\/9\/2024\/06\/20240610_103337-768x1365.jpg 768w, https:\/\/cloud.alqueria.es\/wp-content\/uploads\/sites\/9\/2024\/06\/20240610_103337-864x1536.jpg 864w, https:\/\/cloud.alqueria.es\/wp-content\/uploads\/sites\/9\/2024\/06\/20240610_103337.jpg 900w\" sizes=\"(max-width: 169px) 100vw, 169px\" \/><\/strong><\/p>\n<p><strong>Como siempre, le hacemos su \u00e1lbum de dibujos realizados por todos los compa\u00f1eros y compa\u00f1eras.\u00a0<\/strong><\/p>\n<p><strong>Le cantamos en espa\u00f1ol e ingl\u00e9s con B\u00e1rbara para que sople su vela acompa\u00f1ado de su hermana Martina y nos reparten un rico bizcocho que nos ha encantado.<\/strong><\/p>\n<p><strong>Terminamos la celebraci\u00f3n con un poco de baile y a que no sab\u00e9is la canci\u00f3n que me han pedido&#8230;.\u00bbPedro, Pedro, Pedro&#8230;.\u00bbja, ja, ja<\/strong><\/p>\n<p class=\"jetpack-slideshow-noscript robots-nocontent\">El pase de diapositivas requiere JavaScript.<\/p><div id=\"gallery-71305-2-slideshow\" class=\"jetpack-slideshow-window jetpack-slideshow jetpack-slideshow-black\" data-trans=\"fade\" data-autostart=\"1\" data-gallery=\"[{&quot;src&quot;:&quot;https:\\\/\\\/cloud.alqueria.es\\\/wp-content\\\/uploads\\\/sites\\\/9\\\/2024\\\/06\\\/20240610_103332.jpg&quot;,&quot;id&quot;:&quot;71351&quot;,&quot;title&quot;:&quot;20240610_103332&quot;,&quot;alt&quot;:&quot;&quot;,&quot;caption&quot;:&quot;&quot;,&quot;itemprop&quot;:&quot;image&quot;},{&quot;src&quot;:&quot;https:\\\/\\\/cloud.alqueria.es\\\/wp-content\\\/uploads\\\/sites\\\/9\\\/2024\\\/06\\\/20240610_103411.jpg&quot;,&quot;id&quot;:&quot;71349&quot;,&quot;title&quot;:&quot;20240610_103411&quot;,&quot;alt&quot;:&quot;&quot;,&quot;caption&quot;:&quot;&quot;,&quot;itemprop&quot;:&quot;image&quot;},{&quot;src&quot;:&quot;https:\\\/\\\/cloud.alqueria.es\\\/wp-content\\\/uploads\\\/sites\\\/9\\\/2024\\\/06\\\/20240610_103550.jpg&quot;,&quot;id&quot;:&quot;71348&quot;,&quot;title&quot;:&quot;20240610_103550&quot;,&quot;alt&quot;:&quot;&quot;,&quot;caption&quot;:&quot;&quot;,&quot;itemprop&quot;:&quot;image&quot;},{&quot;src&quot;:&quot;https:\\\/\\\/cloud.alqueria.es\\\/wp-content\\\/uploads\\\/sites\\\/9\\\/2024\\\/06\\\/20240610_103626.jpg&quot;,&quot;id&quot;:&quot;71347&quot;,&quot;title&quot;:&quot;20240610_103626&quot;,&quot;alt&quot;:&quot;&quot;,&quot;caption&quot;:&quot;&quot;,&quot;itemprop&quot;:&quot;image&quot;},{&quot;src&quot;:&quot;https:\\\/\\\/cloud.alqueria.es\\\/wp-content\\\/uploads\\\/sites\\\/9\\\/2024\\\/06\\\/20240610_104919.jpg&quot;,&quot;id&quot;:&quot;71346&quot;,&quot;title&quot;:&quot;20240610_104919&quot;,&quot;alt&quot;:&quot;&quot;,&quot;caption&quot;:&quot;&quot;,&quot;itemprop&quot;:&quot;image&quot;},{&quot;src&quot;:&quot;https:\\\/\\\/cloud.alqueria.es\\\/wp-content\\\/uploads\\\/sites\\\/9\\\/2024\\\/06\\\/20240610_104932.jpg&quot;,&quot;id&quot;:&quot;71345&quot;,&quot;title&quot;:&quot;20240610_104932&quot;,&quot;alt&quot;:&quot;&quot;,&quot;caption&quot;:&quot;&quot;,&quot;itemprop&quot;:&quot;image&quot;}]\" itemscope itemtype=\"https:\/\/schema.org\/ImageGallery\"><\/div>\n<p><strong>Espero que descans\u00e9is esta tarde y ma\u00f1ana m\u00e1s.<\/strong><\/p>\n<p><strong>Saludos<\/strong><\/p>\n<p><strong>Carmen<\/strong><\/p>\n<p>&nbsp;<\/p>\n<p>&nbsp;<\/p>\n<p>&nbsp;<\/p>\n","protected":false},"excerpt":{"rendered":"<p>Hola familias, Para nosotros como equipo de Alquer\u00eda educaci\u00f3n este fin de semana ha sido\u00a0 intenso por el\u00a0 esfuerzo y trabajo dedicado para que la fiesta fuera todo un \u00e9xito y creo que el objetivo se\u00a0 cumpli\u00f3 con creces.\u00a0 Familias y alumnado disfrutaron de una tarde de s\u00e1bado llena de diversi\u00f3n , juegos, baile, merienda &hellip; <a href=\"https:\/\/www.alqueria.es\/blogs\/alqueriaamarillanaranja\/2024\/06\/10\/fiesta-de-la-prehistoria\/\" class=\"more-link\">Seguir leyendo <span class=\"screen-reader-text\">\u00a1\u00a1FIESTA DE LA PREHISTORIA!!<\/span> <span class=\"meta-nav\">&rarr;<\/span><\/a><\/p>\n","protected":false},"author":23,"featured_media":0,"comment_status":"open","ping_status":"open","sticky":false,"template":"","format":"standard","meta":{"jetpack_post_was_ever_published":false,"_jetpack_newsletter_access":"","_jetpack_dont_email_post_to_subs":false,"_jetpack_newsletter_tier_id":0,"_jetpack_memberships_contains_paywalled_content":false,"_jetpack_memberships_contains_paid_content":false,"footnotes":"","jetpack_publicize_message":"","jetpack_publicize_feature_enabled":true,"jetpack_social_post_already_shared":true,"jetpack_social_options":{"image_generator_settings":{"template":"highway","default_image_id":0,"font":"","enabled":false},"version":2}},"categories":[6,9,14],"tags":[720,374],"class_list":["post-71305","post","type-post","status-publish","format-standard","hentry","category-clase-amarilla","category-diario-clase-amarilla","category-fiestas-y-dias-especiales","tag-celebracion-de-cumpleanos","tag-fiesta-fin-de-curso"],"jetpack_publicize_connections":[],"jetpack_featured_media_url":"","jetpack_sharing_enabled":true,"jetpack_shortlink":"https:\/\/wp.me\/p4lG08-iy5","jetpack-related-posts":[],"_links":{"self":[{"href":"https:\/\/www.alqueria.es\/blogs\/alqueriaamarillanaranja\/wp-json\/wp\/v2\/posts\/71305","targetHints":{"allow":["GET"]}}],"collection":[{"href":"https:\/\/www.alqueria.es\/blogs\/alqueriaamarillanaranja\/wp-json\/wp\/v2\/posts"}],"about":[{"href":"https:\/\/www.alqueria.es\/blogs\/alqueriaamarillanaranja\/wp-json\/wp\/v2\/types\/post"}],"author":[{"embeddable":true,"href":"https:\/\/www.alqueria.es\/blogs\/alqueriaamarillanaranja\/wp-json\/wp\/v2\/users\/23"}],"replies":[{"embeddable":true,"href":"https:\/\/www.alqueria.es\/blogs\/alqueriaamarillanaranja\/wp-json\/wp\/v2\/comments?post=71305"}],"version-history":[{"count":2,"href":"https:\/\/www.alqueria.es\/blogs\/alqueriaamarillanaranja\/wp-json\/wp\/v2\/posts\/71305\/revisions"}],"predecessor-version":[{"id":71355,"href":"https:\/\/www.alqueria.es\/blogs\/alqueriaamarillanaranja\/wp-json\/wp\/v2\/posts\/71305\/revisions\/71355"}],"wp:attachment":[{"href":"https:\/\/www.alqueria.es\/blogs\/alqueriaamarillanaranja\/wp-json\/wp\/v2\/media?parent=71305"}],"wp:term":[{"taxonomy":"category","embeddable":true,"href":"https:\/\/www.alqueria.es\/blogs\/alqueriaamarillanaranja\/wp-json\/wp\/v2\/categories?post=71305"},{"taxonomy":"post_tag","embeddable":true,"href":"https:\/\/www.alqueria.es\/blogs\/alqueriaamarillanaranja\/wp-json\/wp\/v2\/tags?post=71305"}],"curies":[{"name":"wp","href":"https:\/\/api.w.org\/{rel}","templated":true}]}}