{"id":718,"date":"2012-06-05T11:39:14","date_gmt":"2012-06-05T11:39:14","guid":{"rendered":"http:\/\/alqueriaamarillanaranja.wordpress.com\/?p=718"},"modified":"2014-02-24T12:38:41","modified_gmt":"2014-02-24T12:38:41","slug":"dia-del-medio-ambiente","status":"publish","type":"post","link":"https:\/\/www.alqueria.es\/blogs\/alqueriaamarillanaranja\/2012\/06\/05\/dia-del-medio-ambiente\/","title":{"rendered":"D\u00cdA DEL MEDIO AMBIENTE"},"content":{"rendered":"<p><a href=\"http:\/\/alqueriaamarillanaranja.files.wordpress.com\/2012\/06\/chicosmedioambiente1.jpg\"><img decoding=\"async\" data-attachment-id=\"720\" data-permalink=\"https:\/\/www.alqueria.es\/blogs\/alqueriaamarillanaranja\/chicosmedioambiente1\/\" data-orig-file=\"https:\/\/www.alqueria.es\/blogs\/alqueriaamarillanaranja\/wp-content\/uploads\/sites\/9\/2012\/06\/chicosmedioambiente1.jpg\" data-orig-size=\"400,400\" data-comments-opened=\"1\" data-image-meta=\"{&quot;aperture&quot;:&quot;0&quot;,&quot;credit&quot;:&quot;&quot;,&quot;camera&quot;:&quot;&quot;,&quot;caption&quot;:&quot;&quot;,&quot;created_timestamp&quot;:&quot;0&quot;,&quot;copyright&quot;:&quot;&quot;,&quot;focal_length&quot;:&quot;0&quot;,&quot;iso&quot;:&quot;0&quot;,&quot;shutter_speed&quot;:&quot;0&quot;,&quot;title&quot;:&quot;&quot;}\" data-image-title=\"chicosmedioambiente[1]\" data-image-description=\"\" data-image-caption=\"\" data-large-file=\"https:\/\/www.alqueria.es\/blogs\/alqueriaamarillanaranja\/wp-content\/uploads\/sites\/9\/2012\/06\/chicosmedioambiente1.jpg\" class=\"alignright size-medium wp-image-720\" title=\"chicosmedioambiente[1]\" src=\"https:\/\/cloud.alqueria.es\/wp-content\/uploads\/sites\/9\/2012\/06\/chicosmedioambiente11.jpg\" alt=\"\" width=\"300\" height=\"300\" \/><\/a><p class=\"jetpack-slideshow-noscript robots-nocontent\">El pase de diapositivas requiere JavaScript.<\/p><div id=\"gallery-718-1-slideshow\" class=\"jetpack-slideshow-window jetpack-slideshow jetpack-slideshow-black\" data-trans=\"fade\" data-autostart=\"1\" data-gallery=\"[{&quot;src&quot;:&quot;https:\\\/\\\/www.alqueria.es\\\/blogs\\\/alqueriaamarillanaranja\\\/wp-content\\\/uploads\\\/sites\\\/9\\\/2012\\\/06\\\/chicosmedioambiente11.jpg&quot;,&quot;id&quot;:&quot;8830&quot;,&quot;title&quot;:&quot;chicosmedioambiente11&quot;,&quot;alt&quot;:&quot;&quot;,&quot;caption&quot;:&quot;&quot;,&quot;itemprop&quot;:&quot;image&quot;}]\" itemscope itemtype=\"https:\/\/schema.org\/ImageGallery\"><\/div>Hoy d\u00eda 5 de junio celebramos el D\u00eda del Medio Ambiente. Hablamos en nuestra asamblea del significado de este d\u00eda, \u00bfqu\u00e9 es el medio ambiente?&#8230; Tratamos diferentes conceptos y acordamos que el medio ambiente puede englobar los siguientes: plantas y \u00e1rboles, animales, insectos y bichitos, el aire, el agua, la tierra, la naturaleza que nos rodea en general.<\/p>\n<p>En la asamblea de la fruta, en la que hoy asume el papel de \u00absuper-ayudante\u00bb Miguel, cantamos una canci\u00f3n dedicada a los \u00e1rboles, pues en cierto modo hoy es su cumplea\u00f1os: \u00abEl \u00e1rbol de la monta\u00f1a\u00bb.<\/p>\n<p>En la clase de ingl\u00e9s realizan una peque\u00f1a gimkana en nuestro jard\u00edn; en un primer momento repasan el vocabulario de una peque\u00f1a lista (de dibujos) que llevan por grupos, despu\u00e9s pasan a la acci\u00f3n y deben ir encontrando en el jard\u00edn todas las cosas que incluye esa lista (tierra, hormigas, hojas, \u00e1rboles&#8230;.). Lo pasan fenomena y como siempre, aprenden jugando.<\/p>\n<p>Por la ma\u00f1ana tambi\u00e9n realizamos un dibujo con esta tem\u00e1tica y les animo a que plasmen en sus representaciones todo lo que hemos dicho que engloba el medio ambiente. Han quedado unos dibujos muy bonitos y bastante expl\u00edcitos, es por eso que los he inclu\u00eddo para que podais disfrutarlos mejor. Espero que os gusten.<\/p>\n<p style=\"text-align:right\">Loli G\u00e1lvez<\/p>\n","protected":false},"excerpt":{"rendered":"<p>Hoy d\u00eda 5 de junio celebramos el D\u00eda del Medio Ambiente. Hablamos en nuestra asamblea del significado de este d\u00eda, \u00bfqu\u00e9 es el medio ambiente?&#8230; Tratamos diferentes conceptos y acordamos que el medio ambiente puede englobar los siguientes: plantas y \u00e1rboles, animales, insectos y bichitos, el aire, el agua, la tierra, la naturaleza que nos &hellip; <a href=\"https:\/\/www.alqueria.es\/blogs\/alqueriaamarillanaranja\/2012\/06\/05\/dia-del-medio-ambiente\/\" class=\"more-link\">Seguir leyendo <span class=\"screen-reader-text\">D\u00cdA DEL MEDIO AMBIENTE<\/span> <span class=\"meta-nav\">&rarr;<\/span><\/a><\/p>\n","protected":false},"author":20,"featured_media":0,"comment_status":"open","ping_status":"open","sticky":false,"template":"","format":"standard","meta":{"jetpack_post_was_ever_published":false,"_jetpack_newsletter_access":"","_jetpack_dont_email_post_to_subs":false,"_jetpack_newsletter_tier_id":0,"_jetpack_memberships_contains_paywalled_content":false,"_jetpack_memberships_contains_paid_content":false,"footnotes":"","jetpack_publicize_message":"","jetpack_publicize_feature_enabled":true,"jetpack_social_post_already_shared":true,"jetpack_social_options":{"image_generator_settings":{"template":"highway","default_image_id":0,"font":"","enabled":false},"version":2}},"categories":[6,8,21],"tags":[],"class_list":["post-718","post","type-post","status-publish","format-standard","hentry","category-clase-amarilla","category-diario","category-talleres-medioambientales"],"jetpack_publicize_connections":[],"jetpack_featured_media_url":"","jetpack_sharing_enabled":true,"jetpack_shortlink":"https:\/\/wp.me\/p4lG08-bA","jetpack-related-posts":[],"_links":{"self":[{"href":"https:\/\/www.alqueria.es\/blogs\/alqueriaamarillanaranja\/wp-json\/wp\/v2\/posts\/718","targetHints":{"allow":["GET"]}}],"collection":[{"href":"https:\/\/www.alqueria.es\/blogs\/alqueriaamarillanaranja\/wp-json\/wp\/v2\/posts"}],"about":[{"href":"https:\/\/www.alqueria.es\/blogs\/alqueriaamarillanaranja\/wp-json\/wp\/v2\/types\/post"}],"author":[{"embeddable":true,"href":"https:\/\/www.alqueria.es\/blogs\/alqueriaamarillanaranja\/wp-json\/wp\/v2\/users\/20"}],"replies":[{"embeddable":true,"href":"https:\/\/www.alqueria.es\/blogs\/alqueriaamarillanaranja\/wp-json\/wp\/v2\/comments?post=718"}],"version-history":[{"count":0,"href":"https:\/\/www.alqueria.es\/blogs\/alqueriaamarillanaranja\/wp-json\/wp\/v2\/posts\/718\/revisions"}],"wp:attachment":[{"href":"https:\/\/www.alqueria.es\/blogs\/alqueriaamarillanaranja\/wp-json\/wp\/v2\/media?parent=718"}],"wp:term":[{"taxonomy":"category","embeddable":true,"href":"https:\/\/www.alqueria.es\/blogs\/alqueriaamarillanaranja\/wp-json\/wp\/v2\/categories?post=718"},{"taxonomy":"post_tag","embeddable":true,"href":"https:\/\/www.alqueria.es\/blogs\/alqueriaamarillanaranja\/wp-json\/wp\/v2\/tags?post=718"}],"curies":[{"name":"wp","href":"https:\/\/api.w.org\/{rel}","templated":true}]}}