{"id":7200,"date":"2013-11-13T16:20:59","date_gmt":"2013-11-13T14:20:59","guid":{"rendered":"http:\/\/alqueriaamarillanaranja.wordpress.com\/?p=7200"},"modified":"2014-02-24T12:56:11","modified_gmt":"2014-02-24T12:56:11","slug":"un-dia-muy-completo","status":"publish","type":"post","link":"https:\/\/www.alqueria.es\/blogs\/alqueriaamarillanaranja\/2013\/11\/13\/un-dia-muy-completo\/","title":{"rendered":"Un d\u00eda muy completo&#8230;&#8230;"},"content":{"rendered":"<p><em><span style=\"color:#ff6600\">Hoy hemos tenido un d\u00eda repleto de actividades, variadas y divertidas todas ellas:<\/span><\/em><\/p>\n<p><em><span style=\"color:#0000ff\">Comenzamos la ma\u00f1ana con nuestra habitual sesi\u00f3n motriz, hoy le ha tocado el turno al EQUILIBRIO.<\/span><\/em><\/p>\n<p><span style=\"color:#ff0000\"><i>Durante la ma\u00f1ana hemos tenido un taller sensorial en el que el <a href=\"https:\/\/cloud.alqueria.es\/wp-content\/uploads\/sites\/9\/2013\/11\/images5.jpg\"><img decoding=\"async\" data-attachment-id=\"7208\" data-permalink=\"https:\/\/www.alqueria.es\/blogs\/alqueriaamarillanaranja\/images-27\/\" data-orig-file=\"https:\/\/www.alqueria.es\/blogs\/alqueriaamarillanaranja\/wp-content\/uploads\/sites\/9\/2013\/11\/images.jpg\" data-orig-size=\"289,175\" data-comments-opened=\"1\" data-image-meta=\"{&quot;aperture&quot;:&quot;0&quot;,&quot;credit&quot;:&quot;&quot;,&quot;camera&quot;:&quot;&quot;,&quot;caption&quot;:&quot;&quot;,&quot;created_timestamp&quot;:&quot;0&quot;,&quot;copyright&quot;:&quot;&quot;,&quot;focal_length&quot;:&quot;0&quot;,&quot;iso&quot;:&quot;0&quot;,&quot;shutter_speed&quot;:&quot;0&quot;,&quot;title&quot;:&quot;&quot;}\" data-image-title=\"images\" data-image-description=\"\" data-image-caption=\"\" data-large-file=\"https:\/\/www.alqueria.es\/blogs\/alqueriaamarillanaranja\/wp-content\/uploads\/sites\/9\/2013\/11\/images.jpg\" class=\"alignright size-full wp-image-7208\" alt=\"images\" src=\"https:\/\/cloud.alqueria.es\/wp-content\/uploads\/sites\/9\/2013\/11\/images5.jpg\" width=\"289\" height=\"175\" \/><\/a>protagonista ha sido EL OLFATO. Hemos olido: ajo, or\u00e9gano, an\u00eds, romero, caf\u00e9, comino, menta, vinagre y canela. La actividad ha sido muy graciosa porque muchos de los ni\u00f1os cuando yo les acercaba el recipiente para que olieran su contenido, lo que hac\u00eda era soplar por la nariz y os pod\u00e9is imaginar el resultado&#8230;&#8230;en m\u00e1s de una ocasi\u00f3n la canela, el or\u00e9gano y el caf\u00e9 han salido volando por los aires. Nos hemos re\u00eddo mucho.<\/i><\/span><\/p>\n<p><em><span style=\"color:#800080\">Despu\u00e9s, en la clase de ingl\u00e9s, ha vuelto a visitarnos SNAKE. Hemos reconocido de qu\u00e9 color es y nos ha propuesto una actividad que consist\u00eda en hacer peque\u00f1as serpientes de plastilina. Cada uno ha hecho la suya propia y todas han quedado fant\u00e1sticas. Pod\u00e9is verlas en el tabl\u00f3n de la clase. Antes de irse, Lindley baila con los ni\u00f1os la canci\u00f3n de la boa constrictor, que es muy divertida porque se nos va comiendo todo el cuerpo desde los pies hasta la cabeza.<\/span><\/em><\/p>\n<p><em><span style=\"color:#008000\"><a href=\"https:\/\/cloud.alqueria.es\/wp-content\/uploads\/sites\/9\/2013\/11\/descarga-31.jpg\"><img decoding=\"async\" data-attachment-id=\"7207\" data-permalink=\"https:\/\/www.alqueria.es\/blogs\/alqueriaamarillanaranja\/descarga-3-2\/\" data-orig-file=\"https:\/\/www.alqueria.es\/blogs\/alqueriaamarillanaranja\/wp-content\/uploads\/sites\/9\/2013\/11\/descarga-3.jpg\" data-orig-size=\"236,192\" data-comments-opened=\"1\" data-image-meta=\"{&quot;aperture&quot;:&quot;0&quot;,&quot;credit&quot;:&quot;&quot;,&quot;camera&quot;:&quot;&quot;,&quot;caption&quot;:&quot;&quot;,&quot;created_timestamp&quot;:&quot;0&quot;,&quot;copyright&quot;:&quot;&quot;,&quot;focal_length&quot;:&quot;0&quot;,&quot;iso&quot;:&quot;0&quot;,&quot;shutter_speed&quot;:&quot;0&quot;,&quot;title&quot;:&quot;&quot;}\" data-image-title=\"descarga (3)\" data-image-description=\"\" data-image-caption=\"\" data-large-file=\"https:\/\/www.alqueria.es\/blogs\/alqueriaamarillanaranja\/wp-content\/uploads\/sites\/9\/2013\/11\/descarga-3.jpg\" class=\"alignleft size-full wp-image-7207\" alt=\"descarga (3)\" src=\"https:\/\/cloud.alqueria.es\/wp-content\/uploads\/sites\/9\/2013\/11\/descarga-31.jpg\" width=\"236\" height=\"192\" \/><\/a>En la asamblea, nuestro s\u00faper, Lucas ha repartido la pera estupendamente. Aprovechamos este momento de calma para leer un precioso libro que ha tra\u00eddo Nacho de casa \u00abTodos sois mis favoritos\u00bb. Es un cuento del mismo escritor (Sam McBratney) y la misma ilustradora (Anita Jeram) que el cuento que os recomend\u00e9 ayer (\u00abAdivina cu\u00e1nto te quiero\u00bb).<\/span><\/em><\/p>\n<p><em><span style=\"color:#ff00ff\"><a href=\"http:\/\/alqueriaamarillanaranja.files.wordpress.com\/2013\/11\/dibujos-infantiles-animales-gato-perro-pez-p1.jpg\"><img decoding=\"async\" data-attachment-id=\"7206\" data-permalink=\"https:\/\/www.alqueria.es\/blogs\/alqueriaamarillanaranja\/dibujos-infantiles-animales-gato-perro-pez-p1-3\/\" data-orig-file=\"https:\/\/www.alqueria.es\/blogs\/alqueriaamarillanaranja\/wp-content\/uploads\/sites\/9\/2013\/11\/dibujos-infantiles-animales-gato-perro-pez-p1.jpg\" data-orig-size=\"300,386\" data-comments-opened=\"1\" data-image-meta=\"{&quot;aperture&quot;:&quot;0&quot;,&quot;credit&quot;:&quot;&quot;,&quot;camera&quot;:&quot;&quot;,&quot;caption&quot;:&quot;&quot;,&quot;created_timestamp&quot;:&quot;0&quot;,&quot;copyright&quot;:&quot;&quot;,&quot;focal_length&quot;:&quot;0&quot;,&quot;iso&quot;:&quot;0&quot;,&quot;shutter_speed&quot;:&quot;0&quot;,&quot;title&quot;:&quot;&quot;}\" data-image-title=\"dibujos-infantiles-animales-gato-perro-pez-p[1]\" data-image-description=\"\" data-image-caption=\"\" data-large-file=\"https:\/\/www.alqueria.es\/blogs\/alqueriaamarillanaranja\/wp-content\/uploads\/sites\/9\/2013\/11\/dibujos-infantiles-animales-gato-perro-pez-p1.jpg\" class=\"alignright size-thumbnail wp-image-7206\" alt=\"dibujos-infantiles-animales-gato-perro-pez-p[1]\" src=\"https:\/\/cloud.alqueria.es\/wp-content\/uploads\/sites\/9\/2013\/11\/dibujos-infantiles-animales-gato-perro-pez-p11.jpg\" width=\"116\" height=\"150\" \/><\/a>Y todav\u00eda hemos tenido una sorpresa m\u00e1s&#8230;&#8230;.\u00a1\u00a1TENEMOS DOS PECES NUEVOS!! Nuestro amigo \u00abGordito\u00bb se fue de vacaciones al mar con Nemo&#8230;&#8230;.as\u00ed que ahora nos toca cuidar de estos dos amigos nuevos. Son peque\u00f1itos, parecen beb\u00e9s. Ma\u00f1ana dedicaremos un ratito de nuestra asamblea a encontrarles nombre.<\/span><\/em><\/p>\n<p><em><span style=\"color:#000080\">Y con esto y un bizcocho&#8230;&#8230;&#8230;..\u00a1hasta ma\u00f1ana a las nueve! \u00a1Jajaja!<\/span><\/em><\/p>\n<p><span style=\"color:#000080\"><em>Ha sido un buen d\u00eda.<\/em><\/span><\/p>\n<p style=\"text-align:right\"><em><span style=\"color:#000080\">Loli G\u00e1lvez<\/span><\/em><\/p>\n","protected":false},"excerpt":{"rendered":"<p>Hoy hemos tenido un d\u00eda repleto de actividades, variadas y divertidas todas ellas: Comenzamos la ma\u00f1ana con nuestra habitual sesi\u00f3n motriz, hoy le ha tocado el turno al EQUILIBRIO. Durante la ma\u00f1ana hemos tenido un taller sensorial en el que el protagonista ha sido EL OLFATO. Hemos olido: ajo, or\u00e9gano, an\u00eds, romero, caf\u00e9, comino, menta, &hellip; <a href=\"https:\/\/www.alqueria.es\/blogs\/alqueriaamarillanaranja\/2013\/11\/13\/un-dia-muy-completo\/\" class=\"more-link\">Seguir leyendo <span class=\"screen-reader-text\">Un d\u00eda muy completo&#8230;&#8230;<\/span> <span class=\"meta-nav\">&rarr;<\/span><\/a><\/p>\n","protected":false},"author":23,"featured_media":0,"comment_status":"open","ping_status":"open","sticky":false,"template":"","format":"standard","meta":{"jetpack_post_was_ever_published":false,"_jetpack_newsletter_access":"","_jetpack_dont_email_post_to_subs":false,"_jetpack_newsletter_tier_id":0,"_jetpack_memberships_contains_paywalled_content":false,"_jetpack_memberships_contains_paid_content":false,"footnotes":"","jetpack_publicize_message":"","jetpack_publicize_feature_enabled":true,"jetpack_social_post_already_shared":true,"jetpack_social_options":{"image_generator_settings":{"template":"highway","default_image_id":0,"font":"","enabled":false},"version":2}},"categories":[6,9],"tags":[285,73,88,121],"class_list":["post-7200","post","type-post","status-publish","format-standard","hentry","category-clase-amarilla","category-diario-clase-amarilla","tag-alfabetizacion","tag-ingles","tag-mascotas","tag-taller-sensorial"],"jetpack_publicize_connections":[],"jetpack_featured_media_url":"","jetpack_sharing_enabled":true,"jetpack_shortlink":"https:\/\/wp.me\/p4lG08-1S8","jetpack-related-posts":[],"_links":{"self":[{"href":"https:\/\/www.alqueria.es\/blogs\/alqueriaamarillanaranja\/wp-json\/wp\/v2\/posts\/7200","targetHints":{"allow":["GET"]}}],"collection":[{"href":"https:\/\/www.alqueria.es\/blogs\/alqueriaamarillanaranja\/wp-json\/wp\/v2\/posts"}],"about":[{"href":"https:\/\/www.alqueria.es\/blogs\/alqueriaamarillanaranja\/wp-json\/wp\/v2\/types\/post"}],"author":[{"embeddable":true,"href":"https:\/\/www.alqueria.es\/blogs\/alqueriaamarillanaranja\/wp-json\/wp\/v2\/users\/23"}],"replies":[{"embeddable":true,"href":"https:\/\/www.alqueria.es\/blogs\/alqueriaamarillanaranja\/wp-json\/wp\/v2\/comments?post=7200"}],"version-history":[{"count":0,"href":"https:\/\/www.alqueria.es\/blogs\/alqueriaamarillanaranja\/wp-json\/wp\/v2\/posts\/7200\/revisions"}],"wp:attachment":[{"href":"https:\/\/www.alqueria.es\/blogs\/alqueriaamarillanaranja\/wp-json\/wp\/v2\/media?parent=7200"}],"wp:term":[{"taxonomy":"category","embeddable":true,"href":"https:\/\/www.alqueria.es\/blogs\/alqueriaamarillanaranja\/wp-json\/wp\/v2\/categories?post=7200"},{"taxonomy":"post_tag","embeddable":true,"href":"https:\/\/www.alqueria.es\/blogs\/alqueriaamarillanaranja\/wp-json\/wp\/v2\/tags?post=7200"}],"curies":[{"name":"wp","href":"https:\/\/api.w.org\/{rel}","templated":true}]}}