{"id":7233,"date":"2013-11-14T16:37:45","date_gmt":"2013-11-14T14:37:45","guid":{"rendered":"http:\/\/alqueriaamarillanaranja.wordpress.com\/?p=7233"},"modified":"2014-02-24T12:47:22","modified_gmt":"2014-02-24T12:47:22","slug":"la-familia","status":"publish","type":"post","link":"https:\/\/www.alqueria.es\/blogs\/alqueriaamarillanaranja\/2013\/11\/14\/la-familia\/","title":{"rendered":"\u00abLa familia\u00bb"},"content":{"rendered":"<p><em><span style=\"color:#0000ff\"><a href=\"http:\/\/alqueriaamarillanaranja.files.wordpress.com\/2013\/11\/14629863-gran-familia-feliz-en-el-estilo-de-dibujos-animados-ilustracion-vectorial1.jpg\"><img decoding=\"async\" data-attachment-id=\"7234\" data-permalink=\"https:\/\/www.alqueria.es\/blogs\/alqueriaamarillanaranja\/14629863-gran-familia-feliz-en-el-estilo-de-dibujos-animados-ilustracion-vectorial1\/\" data-orig-file=\"https:\/\/www.alqueria.es\/blogs\/alqueriaamarillanaranja\/wp-content\/uploads\/sites\/9\/2013\/11\/14629863-gran-familia-feliz-en-el-estilo-de-dibujos-animados-ilustracion-vectorial1.jpg\" data-orig-size=\"1024,701\" data-comments-opened=\"1\" data-image-meta=\"{&quot;aperture&quot;:&quot;0&quot;,&quot;credit&quot;:&quot;&quot;,&quot;camera&quot;:&quot;&quot;,&quot;caption&quot;:&quot;&quot;,&quot;created_timestamp&quot;:&quot;0&quot;,&quot;copyright&quot;:&quot;&quot;,&quot;focal_length&quot;:&quot;0&quot;,&quot;iso&quot;:&quot;0&quot;,&quot;shutter_speed&quot;:&quot;0&quot;,&quot;title&quot;:&quot;&quot;}\" data-image-title=\"14629863-gran-familia-feliz-en-el-estilo-de-dibujos-animados-ilustracion-vectorial[1]\" data-image-description=\"\" data-image-caption=\"\" data-large-file=\"https:\/\/www.alqueria.es\/blogs\/alqueriaamarillanaranja\/wp-content\/uploads\/sites\/9\/2013\/11\/14629863-gran-familia-feliz-en-el-estilo-de-dibujos-animados-ilustracion-vectorial1-1024x701.jpg\" class=\"alignleft size-medium wp-image-7234\" alt=\"14629863-gran-familia-feliz-en-el-estilo-de-dibujos-animados-ilustracion-vectorial[1]\" src=\"https:\/\/cloud.alqueria.es\/wp-content\/uploads\/sites\/9\/2013\/11\/14629863-gran-familia-feliz-en-el-estilo-de-dibujos-animados-ilustracion-vectorial12.jpg\" width=\"300\" height=\"205\" \/><\/a>Tomando como referente los dos libros que hemos le\u00eddo esta semana, hoy nuestra sesi\u00f3n de juego ha girado en torno a la propuesta de <span style=\"text-decoration:underline\"><strong>\u00abLa familia\u00bb<\/strong><\/span>. Algunos quer\u00edan ser el padre, otras la madre, ten\u00edamos hijos, abuelos, t\u00edos y hasta primos. Han usado los juguetes de la cocina, los beb\u00e9s y por supuesto, los tel\u00e9fonos (dicen que los padres y las madres hablan por tel\u00e9fono&#8230;.jajaja).<\/span><\/em><\/p>\n<p><em><span style=\"color:#0000ff\">La pr\u00f3xima semana continuaremos con esta propuesta a la que yo creo que le podemos sacar mucho partido. Os pedir\u00eda que trajesen al aula todo aquello que pueda enriquecer la propuestas: juguetes, cuentos&#8230;.y sobre todo, fotos de sus familiares.\u00a0<\/span><\/em><\/p>\n<p><em><span style=\"color:#0000ff\">En nuestra asamblea de hoy hemos le\u00eddo el cuento que ha tra\u00eddo Alejandro <a href=\"https:\/\/cloud.alqueria.es\/wp-content\/uploads\/sites\/9\/2013\/11\/descarga41.jpg\"><img decoding=\"async\" data-attachment-id=\"7235\" data-permalink=\"https:\/\/www.alqueria.es\/blogs\/alqueriaamarillanaranja\/descarga4\/\" data-orig-file=\"https:\/\/www.alqueria.es\/blogs\/alqueriaamarillanaranja\/wp-content\/uploads\/sites\/9\/2013\/11\/descarga4.jpg\" data-orig-size=\"194,260\" data-comments-opened=\"1\" data-image-meta=\"{&quot;aperture&quot;:&quot;0&quot;,&quot;credit&quot;:&quot;&quot;,&quot;camera&quot;:&quot;&quot;,&quot;caption&quot;:&quot;&quot;,&quot;created_timestamp&quot;:&quot;0&quot;,&quot;copyright&quot;:&quot;&quot;,&quot;focal_length&quot;:&quot;0&quot;,&quot;iso&quot;:&quot;0&quot;,&quot;shutter_speed&quot;:&quot;0&quot;,&quot;title&quot;:&quot;&quot;}\" data-image-title=\"descarga4\" data-image-description=\"\" data-image-caption=\"\" data-large-file=\"https:\/\/www.alqueria.es\/blogs\/alqueriaamarillanaranja\/wp-content\/uploads\/sites\/9\/2013\/11\/descarga4.jpg\" class=\"alignright size-full wp-image-7235\" alt=\"descarga4\" src=\"https:\/\/cloud.alqueria.es\/wp-content\/uploads\/sites\/9\/2013\/11\/descarga41.jpg\" width=\"194\" height=\"260\" \/><\/a>de casa: \u00abEl huerto de Annie la granjera\u00bb. Con \u00e9l hemos ido haciendo un recorrido por el crecimiento de una planta, desde la siembra de las semillas hasta la recolecci\u00f3n del fruto. Adem\u00e1s hemos aprovechado para observar c\u00f3mo van nuestras \u00abplantitas\u00bb de soja, que ya est\u00e1n empezando a salir.<\/span><\/em><\/p>\n<p><em><span style=\"color:#0000ff\">Hemos intentado poner nombre a nuestros peces, pero no ha habido consenso, retomaremos el tema el pr\u00f3ximo lunes en la asamblea.<\/span><\/em><\/p>\n<p><span style=\"color:#0000ff\"><i>IMPORTANTE: os recuerdo que<span style=\"text-decoration:underline\"><strong> ma\u00f1ana es nuestra salida<\/strong><\/span> a la exposici\u00f3n de pintura. <span style=\"text-decoration:underline\"><strong>La hora de salida del centro es a las 10&#8217;00h y estaremos de regreso a la hora de comer<\/strong><\/span>. No deb\u00e9is preparar nada especial, nosotras nos encargamos de todo lo necesario para que todo salga a pedir de boca.<\/i><\/span><\/p>\n<p style=\"text-align:right\"><em><span style=\"color:#0000ff\">Loli G\u00e1lvez<\/span><\/em><\/p>\n","protected":false},"excerpt":{"rendered":"<p>Tomando como referente los dos libros que hemos le\u00eddo esta semana, hoy nuestra sesi\u00f3n de juego ha girado en torno a la propuesta de \u00abLa familia\u00bb. Algunos quer\u00edan ser el padre, otras la madre, ten\u00edamos hijos, abuelos, t\u00edos y hasta primos. Han usado los juguetes de la cocina, los beb\u00e9s y por supuesto, los tel\u00e9fonos &hellip; <a href=\"https:\/\/www.alqueria.es\/blogs\/alqueriaamarillanaranja\/2013\/11\/14\/la-familia\/\" class=\"more-link\">Seguir leyendo <span class=\"screen-reader-text\">\u00abLa familia\u00bb<\/span> <span class=\"meta-nav\">&rarr;<\/span><\/a><\/p>\n","protected":false},"author":23,"featured_media":0,"comment_status":"open","ping_status":"open","sticky":false,"template":"","format":"standard","meta":{"jetpack_post_was_ever_published":false,"_jetpack_newsletter_access":"","_jetpack_dont_email_post_to_subs":false,"_jetpack_newsletter_tier_id":0,"_jetpack_memberships_contains_paywalled_content":false,"_jetpack_memberships_contains_paid_content":false,"footnotes":"","jetpack_publicize_message":"","jetpack_publicize_feature_enabled":true,"jetpack_social_post_already_shared":true,"jetpack_social_options":{"image_generator_settings":{"template":"highway","default_image_id":0,"font":"","enabled":false},"version":2}},"categories":[6,9],"tags":[285,89,290],"class_list":["post-7233","post","type-post","status-publish","format-standard","hentry","category-clase-amarilla","category-diario-clase-amarilla","tag-alfabetizacion","tag-metodo-de-propuestas","tag-talleres-medioambientales"],"jetpack_publicize_connections":[],"jetpack_featured_media_url":"","jetpack_sharing_enabled":true,"jetpack_shortlink":"https:\/\/wp.me\/p4lG08-1SF","jetpack-related-posts":[],"_links":{"self":[{"href":"https:\/\/www.alqueria.es\/blogs\/alqueriaamarillanaranja\/wp-json\/wp\/v2\/posts\/7233","targetHints":{"allow":["GET"]}}],"collection":[{"href":"https:\/\/www.alqueria.es\/blogs\/alqueriaamarillanaranja\/wp-json\/wp\/v2\/posts"}],"about":[{"href":"https:\/\/www.alqueria.es\/blogs\/alqueriaamarillanaranja\/wp-json\/wp\/v2\/types\/post"}],"author":[{"embeddable":true,"href":"https:\/\/www.alqueria.es\/blogs\/alqueriaamarillanaranja\/wp-json\/wp\/v2\/users\/23"}],"replies":[{"embeddable":true,"href":"https:\/\/www.alqueria.es\/blogs\/alqueriaamarillanaranja\/wp-json\/wp\/v2\/comments?post=7233"}],"version-history":[{"count":0,"href":"https:\/\/www.alqueria.es\/blogs\/alqueriaamarillanaranja\/wp-json\/wp\/v2\/posts\/7233\/revisions"}],"wp:attachment":[{"href":"https:\/\/www.alqueria.es\/blogs\/alqueriaamarillanaranja\/wp-json\/wp\/v2\/media?parent=7233"}],"wp:term":[{"taxonomy":"category","embeddable":true,"href":"https:\/\/www.alqueria.es\/blogs\/alqueriaamarillanaranja\/wp-json\/wp\/v2\/categories?post=7233"},{"taxonomy":"post_tag","embeddable":true,"href":"https:\/\/www.alqueria.es\/blogs\/alqueriaamarillanaranja\/wp-json\/wp\/v2\/tags?post=7233"}],"curies":[{"name":"wp","href":"https:\/\/api.w.org\/{rel}","templated":true}]}}