{"id":7289,"date":"2013-11-19T16:22:58","date_gmt":"2013-11-19T14:22:58","guid":{"rendered":"http:\/\/alqueriaamarillanaranja.wordpress.com\/?p=7289"},"modified":"2014-02-24T12:49:05","modified_gmt":"2014-02-24T12:49:05","slug":"la-gallina-genoveva","status":"publish","type":"post","link":"https:\/\/www.alqueria.es\/blogs\/alqueriaamarillanaranja\/2013\/11\/19\/la-gallina-genoveva\/","title":{"rendered":"\u00abLa gallina Genoveva\u00bb"},"content":{"rendered":"<p><em><span style=\"color:#0000ff\">Hoy hemos le\u00eddo el cuento de \u00abLa gallina Genoveva\u00bb, que cuenta la historia <a href=\"https:\/\/cloud.alqueria.es\/wp-content\/uploads\/sites\/9\/2013\/11\/la-gallina-genoveva-97884204684021.jpg\"><img decoding=\"async\" data-attachment-id=\"7291\" data-permalink=\"https:\/\/www.alqueria.es\/blogs\/alqueriaamarillanaranja\/la-gallina-genoveva-9788420468402\/\" data-orig-file=\"https:\/\/www.alqueria.es\/blogs\/alqueriaamarillanaranja\/wp-content\/uploads\/sites\/9\/2013\/11\/la-gallina-genoveva-9788420468402.jpg\" data-orig-size=\"143,218\" data-comments-opened=\"1\" data-image-meta=\"{&quot;aperture&quot;:&quot;0&quot;,&quot;credit&quot;:&quot;&quot;,&quot;camera&quot;:&quot;&quot;,&quot;caption&quot;:&quot;&quot;,&quot;created_timestamp&quot;:&quot;0&quot;,&quot;copyright&quot;:&quot;&quot;,&quot;focal_length&quot;:&quot;0&quot;,&quot;iso&quot;:&quot;0&quot;,&quot;shutter_speed&quot;:&quot;0&quot;,&quot;title&quot;:&quot;&quot;}\" data-image-title=\"la-gallina-genoveva-9788420468402\" data-image-description=\"\" data-image-caption=\"\" data-large-file=\"https:\/\/www.alqueria.es\/blogs\/alqueriaamarillanaranja\/wp-content\/uploads\/sites\/9\/2013\/11\/la-gallina-genoveva-9788420468402.jpg\" class=\"alignright size-full wp-image-7291\" alt=\"la-gallina-genoveva-9788420468402\" src=\"https:\/\/cloud.alqueria.es\/wp-content\/uploads\/sites\/9\/2013\/11\/la-gallina-genoveva-97884204684021.jpg\" width=\"143\" height=\"218\" \/><\/a>de una ni\u00f1a a la que su abuelo le regala una gallina que est\u00e1 un poco loca&#8230;..<\/span><\/em><\/p>\n<p><em><span style=\"color:#0000ff\">Despu\u00e9s de leerlo y de repasar en voz alta:<\/span><\/em><\/p>\n<p><em><span style=\"color:#0000ff\">&#8211; Los personajes<\/span><\/em><\/p>\n<p><em><span style=\"color:#0000ff\">&#8211; El nombre de la gallina<\/span><\/em><\/p>\n<p><em><span style=\"color:#0000ff\">&#8211; Las partes del cuerpo de la gallina, sus colores&#8230;&#8230;<\/span><\/em><\/p>\n<p><em><span style=\"color:#0000ff\">&#8211; \u00bfC\u00f3mo se comportaba Genoveva?<\/span><\/em><\/p>\n<p><em><span style=\"color:#0000ff\">Hablamos de lo que es una mascota, y les pregunto: y nosotros, \u00bfen nuestra clase tenemos alguna mascota?. Algunos se han quedado pensando, y otros en seguida han respondido que s\u00ed, nuestros peces. Hemos aprovechado este momento para ponerles nombre, porque los pobres llevan ya con nosotros casi una semana y todav\u00eda no sabemos c\u00f3mo llamarlos. Despu\u00e9s de algunas propuestas como Nemo, Pececitos, Nadadores&#8230;&#8230;..hemos llegado al acuerdo de llamarlos\u00a0<\/span><span style=\"color:#ff6600\">PEPE Y DORITA<\/span><span style=\"color:#0000ff\">, unos nombres muy simp\u00e1ticos. Tambi\u00e9n acordamos que Pepe (es el naranja) y Dorita (es la de color amarillo).\u00a0<\/span><\/em><\/p>\n<p><em><span style=\"color:#0000ff\">Tras el debate hemos tenido un taller de dibujo en el que cada uno ha dibujado a su propia Genoveva. Hemos seguido las siguientes instrucciones: primero un cuerpo \u00abredondito\u00bb, \u00bfcu\u00e1ntas patas tiene una gallina?, ahora sus ojos, y su pico de color naranja, en la cabeza la cresta&#8230;&#8230;y \u00a1 ya tenemos una gallina ! Los dibujos est\u00e1n gracios\u00edsimos, pod\u00e9is verlos en el tabl\u00f3n.<\/span><\/em><\/p>\n<p><em><span style=\"color:#0000ff\"><a href=\"https:\/\/cloud.alqueria.es\/wp-content\/uploads\/sites\/9\/2013\/11\/images11.jpg\"><img decoding=\"async\" data-attachment-id=\"7290\" data-permalink=\"https:\/\/www.alqueria.es\/blogs\/alqueriaamarillanaranja\/images-28\/\" data-orig-file=\"https:\/\/www.alqueria.es\/blogs\/alqueriaamarillanaranja\/wp-content\/uploads\/sites\/9\/2013\/11\/images1.jpg\" data-orig-size=\"256,192\" data-comments-opened=\"1\" data-image-meta=\"{&quot;aperture&quot;:&quot;0&quot;,&quot;credit&quot;:&quot;&quot;,&quot;camera&quot;:&quot;&quot;,&quot;caption&quot;:&quot;&quot;,&quot;created_timestamp&quot;:&quot;0&quot;,&quot;copyright&quot;:&quot;&quot;,&quot;focal_length&quot;:&quot;0&quot;,&quot;iso&quot;:&quot;0&quot;,&quot;shutter_speed&quot;:&quot;0&quot;,&quot;title&quot;:&quot;&quot;}\" data-image-title=\"images\" data-image-description=\"\" data-image-caption=\"\" data-large-file=\"https:\/\/www.alqueria.es\/blogs\/alqueriaamarillanaranja\/wp-content\/uploads\/sites\/9\/2013\/11\/images1.jpg\" class=\"alignleft size-full wp-image-7290\" alt=\"images\" src=\"https:\/\/cloud.alqueria.es\/wp-content\/uploads\/sites\/9\/2013\/11\/images11.jpg\" width=\"256\" height=\"192\" \/><\/a>En el patio hemos ido al gallinero a comprobar que las gallinas \u00abde verdad\u00bb tambi\u00e9n tienen todo eso que nosotros hemos dibujado. Y una vez all\u00ed, todos han sabido diferenciar sus partes. \u00a1Muy bien!<\/span><\/em><\/p>\n<p><em><span style=\"color:#0000ff\">Hoy despide el grupo Alba, hasta ma\u00f1ana.<\/span><\/em><\/p>\n<p style=\"text-align:right\"><em><span style=\"color:#0000ff\">Loli G\u00e1lvez<\/span><\/em><\/p>\n","protected":false},"excerpt":{"rendered":"<p>Hoy hemos le\u00eddo el cuento de \u00abLa gallina Genoveva\u00bb, que cuenta la historia de una ni\u00f1a a la que su abuelo le regala una gallina que est\u00e1 un poco loca&#8230;.. Despu\u00e9s de leerlo y de repasar en voz alta: &#8211; Los personajes &#8211; El nombre de la gallina &#8211; Las partes del cuerpo de la &hellip; <a href=\"https:\/\/www.alqueria.es\/blogs\/alqueriaamarillanaranja\/2013\/11\/19\/la-gallina-genoveva\/\" class=\"more-link\">Seguir leyendo <span class=\"screen-reader-text\">\u00abLa gallina Genoveva\u00bb<\/span> <span class=\"meta-nav\">&rarr;<\/span><\/a><\/p>\n","protected":false},"author":23,"featured_media":0,"comment_status":"open","ping_status":"open","sticky":false,"template":"","format":"standard","meta":{"jetpack_post_was_ever_published":false,"_jetpack_newsletter_access":"","_jetpack_dont_email_post_to_subs":false,"_jetpack_newsletter_tier_id":0,"_jetpack_memberships_contains_paywalled_content":false,"_jetpack_memberships_contains_paid_content":false,"footnotes":"","jetpack_publicize_message":"","jetpack_publicize_feature_enabled":true,"jetpack_social_post_already_shared":true,"jetpack_social_options":{"image_generator_settings":{"template":"highway","default_image_id":0,"font":"","enabled":false},"version":2}},"categories":[5,6,9],"tags":[285,290],"class_list":["post-7289","post","type-post","status-publish","format-standard","hentry","category-alfabetizacion","category-clase-amarilla","category-diario-clase-amarilla","tag-alfabetizacion","tag-talleres-medioambientales"],"jetpack_publicize_connections":[],"jetpack_featured_media_url":"","jetpack_sharing_enabled":true,"jetpack_shortlink":"https:\/\/wp.me\/p4lG08-1Tz","jetpack-related-posts":[],"_links":{"self":[{"href":"https:\/\/www.alqueria.es\/blogs\/alqueriaamarillanaranja\/wp-json\/wp\/v2\/posts\/7289","targetHints":{"allow":["GET"]}}],"collection":[{"href":"https:\/\/www.alqueria.es\/blogs\/alqueriaamarillanaranja\/wp-json\/wp\/v2\/posts"}],"about":[{"href":"https:\/\/www.alqueria.es\/blogs\/alqueriaamarillanaranja\/wp-json\/wp\/v2\/types\/post"}],"author":[{"embeddable":true,"href":"https:\/\/www.alqueria.es\/blogs\/alqueriaamarillanaranja\/wp-json\/wp\/v2\/users\/23"}],"replies":[{"embeddable":true,"href":"https:\/\/www.alqueria.es\/blogs\/alqueriaamarillanaranja\/wp-json\/wp\/v2\/comments?post=7289"}],"version-history":[{"count":0,"href":"https:\/\/www.alqueria.es\/blogs\/alqueriaamarillanaranja\/wp-json\/wp\/v2\/posts\/7289\/revisions"}],"wp:attachment":[{"href":"https:\/\/www.alqueria.es\/blogs\/alqueriaamarillanaranja\/wp-json\/wp\/v2\/media?parent=7289"}],"wp:term":[{"taxonomy":"category","embeddable":true,"href":"https:\/\/www.alqueria.es\/blogs\/alqueriaamarillanaranja\/wp-json\/wp\/v2\/categories?post=7289"},{"taxonomy":"post_tag","embeddable":true,"href":"https:\/\/www.alqueria.es\/blogs\/alqueriaamarillanaranja\/wp-json\/wp\/v2\/tags?post=7289"}],"curies":[{"name":"wp","href":"https:\/\/api.w.org\/{rel}","templated":true}]}}