{"id":7331,"date":"2013-11-21T16:39:49","date_gmt":"2013-11-21T14:39:49","guid":{"rendered":"http:\/\/alqueriaamarillanaranja.wordpress.com\/?p=7331"},"modified":"2014-02-24T12:47:58","modified_gmt":"2014-02-24T12:47:58","slug":"jugamos-a-las-familias","status":"publish","type":"post","link":"https:\/\/www.alqueria.es\/blogs\/alqueriaamarillanaranja\/2013\/11\/21\/jugamos-a-las-familias\/","title":{"rendered":"Jugamos a las familias"},"content":{"rendered":"<p><a href=\"http:\/\/alqueriaamarillanaranja.files.wordpress.com\/2013\/11\/11272601-gran-familia-de-tres-generaciones-de-arboles-de-abuelos-a-nietos-y-mascotas1.jpg\"><img decoding=\"async\" data-attachment-id=\"7332\" data-permalink=\"https:\/\/www.alqueria.es\/blogs\/alqueriaamarillanaranja\/11272601-gran-familia-de-tres-generaciones-de-arboles-de-abuelos-a-nietos-y-mascotas1-2\/\" data-orig-file=\"https:\/\/www.alqueria.es\/blogs\/alqueriaamarillanaranja\/wp-content\/uploads\/sites\/9\/2013\/11\/11272601-gran-familia-de-tres-generaciones-de-arboles-de-abuelos-a-nietos-y-mascotas1.jpg\" data-orig-size=\"1024,1024\" data-comments-opened=\"1\" data-image-meta=\"{&quot;aperture&quot;:&quot;0&quot;,&quot;credit&quot;:&quot;&quot;,&quot;camera&quot;:&quot;&quot;,&quot;caption&quot;:&quot;&quot;,&quot;created_timestamp&quot;:&quot;0&quot;,&quot;copyright&quot;:&quot;&quot;,&quot;focal_length&quot;:&quot;0&quot;,&quot;iso&quot;:&quot;0&quot;,&quot;shutter_speed&quot;:&quot;0&quot;,&quot;title&quot;:&quot;&quot;}\" data-image-title=\"11272601-gran-familia-de-tres-generaciones-de-arboles-de-abuelos-a-nietos-y-mascotas[1]\" data-image-description=\"\" data-image-caption=\"\" data-large-file=\"https:\/\/www.alqueria.es\/blogs\/alqueriaamarillanaranja\/wp-content\/uploads\/sites\/9\/2013\/11\/11272601-gran-familia-de-tres-generaciones-de-arboles-de-abuelos-a-nietos-y-mascotas1-1024x1024.jpg\" class=\"alignleft  wp-image-7332\" alt=\"11272601-gran-familia-de-tres-generaciones-de-arboles-de-abuelos-a-nietos-y-mascotas[1]\" src=\"https:\/\/cloud.alqueria.es\/wp-content\/uploads\/sites\/9\/2013\/11\/11272601-gran-familia-de-tres-generaciones-de-arboles-de-abuelos-a-nietos-y-mascotas11.jpg\" width=\"240\" height=\"240\" \/><\/a>Hoy nuestro compa\u00f1ero Alejandro ha tra\u00eddo a clase un \u00e1lbum con fotograf\u00edas de su familia. Hemos visto que en una familia adem\u00e1s de las personas que componen el n\u00facleo m\u00e1s cercano (padres y hermanos) existen otros familiares que tambi\u00e9n son muy importantes para nosotros. Hemos hablado de los titos, los primos y como no, de la inigualable figura de los abuelos.<span style=\"text-decoration:underline\"><br \/>\n<\/span><\/p>\n<p>Todos quer\u00edan contar entusiasmados que ellos tambi\u00e9n ten\u00edan t\u00edos y primos, las cosas que hacen con sus abuelos&#8230;..es un tema que les motiva much\u00edsimo, pues les toca en lo m\u00e1s cercano que tienen.<\/p>\n<p>Tambi\u00e9n hemos aprovechado este momento de charla para hablar sobre los roles que desempe\u00f1an los diferentes miembros de una familia. Ante la pregunta: \u00ab\u00bfQu\u00e9 cosas hacen los padres y las madres?\u00bb estas han sido las respuestas:<\/p>\n<p>&#8211; Trabajan<\/p>\n<p>&#8211; Van a comprar<\/p>\n<p>&#8211; Hacen la comida<\/p>\n<p>&#8211; Llevan a los ni\u00f1os al cole<\/p>\n<p>Luego, poco a poco hemos ido profundizando en el tema de los trabajos y los oficios y les he ido preguntando uno por uno si sab\u00eda qu\u00e9 hac\u00edan sus padres en el trabajo, y estas han sido las respuestas mayoritarias:<\/p>\n<p>&#8211; Mi pap\u00e1\/mam\u00e1 en su trabajo, trabaja.<\/p>\n<p>&#8211; Trabaja con el ordenador.<\/p>\n<p>&#8211; Pone fotos en el ordenador.<\/p>\n<p>Tengo que contaros una an\u00e9cdota que me parece digna de mencionar, ha sido gracios\u00edsimo, aunque ella se ha tomado la pregunta muy en serio y ha respondido con la misma seriedad. Ante esta pregunta que os comento, \u00bfqu\u00e9 hace tu pap\u00e1\/mam\u00e1 en su trabajo?, Laura ha respondido lo siguiente:<\/p>\n<p>&#8211; Mi mam\u00e1 trabaja en otro planeta<\/p>\n<p>&#8211; Ahhhh, \u00bfs\u00ed?<\/p>\n<p>&#8211; Si, cogiendo zanahorias.<\/p>\n<p>&#8211; \u00bfY para qu\u00e9 quiere tu mam\u00e1 tantas zanahorias?<\/p>\n<p>&#8211; Pues para llevarlas a casa&#8230;..<\/p>\n<p>Jajaja, los compa\u00f1eros no pens\u00e9is que se han sorprendido, no, lo han tomado <a href=\"https:\/\/cloud.alqueria.es\/wp-content\/uploads\/sites\/9\/2013\/11\/imagescayb409l1.jpg\"><img decoding=\"async\" data-attachment-id=\"7333\" data-permalink=\"https:\/\/www.alqueria.es\/blogs\/alqueriaamarillanaranja\/imagescayb409l\/\" data-orig-file=\"https:\/\/www.alqueria.es\/blogs\/alqueriaamarillanaranja\/wp-content\/uploads\/sites\/9\/2013\/11\/imagescayb409l.jpg\" data-orig-size=\"200,180\" data-comments-opened=\"1\" data-image-meta=\"{&quot;aperture&quot;:&quot;0&quot;,&quot;credit&quot;:&quot;&quot;,&quot;camera&quot;:&quot;&quot;,&quot;caption&quot;:&quot;&quot;,&quot;created_timestamp&quot;:&quot;0&quot;,&quot;copyright&quot;:&quot;&quot;,&quot;focal_length&quot;:&quot;0&quot;,&quot;iso&quot;:&quot;0&quot;,&quot;shutter_speed&quot;:&quot;0&quot;,&quot;title&quot;:&quot;&quot;}\" data-image-title=\"imagesCAYB409L\" data-image-description=\"\" data-image-caption=\"\" data-large-file=\"https:\/\/www.alqueria.es\/blogs\/alqueriaamarillanaranja\/wp-content\/uploads\/sites\/9\/2013\/11\/imagescayb409l.jpg\" class=\"alignright size-full wp-image-7333\" alt=\"imagesCAYB409L\" src=\"https:\/\/cloud.alqueria.es\/wp-content\/uploads\/sites\/9\/2013\/11\/imagescayb409l1.jpg\" width=\"200\" height=\"180\" \/><\/a>como lo m\u00e1s normal del mundo. \u00bfVosotros no conoc\u00e9is a nadie que trabaje en otro planeta cogiendo zanahorias?<\/p>\n<p>Como pod\u00e9is comprobar, a estas edades el mundo de la imaginaci\u00f3n forma parte de su d\u00eda a d\u00eda como la propia realidad.<\/p>\n<p>Loli G\u00e1lvez<\/p>\n","protected":false},"excerpt":{"rendered":"<p>Hoy nuestro compa\u00f1ero Alejandro ha tra\u00eddo a clase un \u00e1lbum con fotograf\u00edas de su familia. Hemos visto que en una familia adem\u00e1s de las personas que componen el n\u00facleo m\u00e1s cercano (padres y hermanos) existen otros familiares que tambi\u00e9n son muy importantes para nosotros. Hemos hablado de los titos, los primos y como no, de &hellip; <a href=\"https:\/\/www.alqueria.es\/blogs\/alqueriaamarillanaranja\/2013\/11\/21\/jugamos-a-las-familias\/\" class=\"more-link\">Seguir leyendo <span class=\"screen-reader-text\">Jugamos a las familias<\/span> <span class=\"meta-nav\">&rarr;<\/span><\/a><\/p>\n","protected":false},"author":23,"featured_media":0,"comment_status":"open","ping_status":"open","sticky":false,"template":"","format":"standard","meta":{"jetpack_post_was_ever_published":false,"_jetpack_newsletter_access":"","_jetpack_dont_email_post_to_subs":false,"_jetpack_newsletter_tier_id":0,"_jetpack_memberships_contains_paywalled_content":false,"_jetpack_memberships_contains_paid_content":false,"footnotes":"","jetpack_publicize_message":"","jetpack_publicize_feature_enabled":true,"jetpack_social_post_already_shared":true,"jetpack_social_options":{"image_generator_settings":{"template":"highway","default_image_id":0,"font":"","enabled":false},"version":2}},"categories":[6,9],"tags":[89,92],"class_list":["post-7331","post","type-post","status-publish","format-standard","hentry","category-clase-amarilla","category-diario-clase-amarilla","tag-metodo-de-propuestas","tag-mi-familia"],"jetpack_publicize_connections":[],"jetpack_featured_media_url":"","jetpack_sharing_enabled":true,"jetpack_shortlink":"https:\/\/wp.me\/p4lG08-1Uf","jetpack-related-posts":[],"_links":{"self":[{"href":"https:\/\/www.alqueria.es\/blogs\/alqueriaamarillanaranja\/wp-json\/wp\/v2\/posts\/7331","targetHints":{"allow":["GET"]}}],"collection":[{"href":"https:\/\/www.alqueria.es\/blogs\/alqueriaamarillanaranja\/wp-json\/wp\/v2\/posts"}],"about":[{"href":"https:\/\/www.alqueria.es\/blogs\/alqueriaamarillanaranja\/wp-json\/wp\/v2\/types\/post"}],"author":[{"embeddable":true,"href":"https:\/\/www.alqueria.es\/blogs\/alqueriaamarillanaranja\/wp-json\/wp\/v2\/users\/23"}],"replies":[{"embeddable":true,"href":"https:\/\/www.alqueria.es\/blogs\/alqueriaamarillanaranja\/wp-json\/wp\/v2\/comments?post=7331"}],"version-history":[{"count":0,"href":"https:\/\/www.alqueria.es\/blogs\/alqueriaamarillanaranja\/wp-json\/wp\/v2\/posts\/7331\/revisions"}],"wp:attachment":[{"href":"https:\/\/www.alqueria.es\/blogs\/alqueriaamarillanaranja\/wp-json\/wp\/v2\/media?parent=7331"}],"wp:term":[{"taxonomy":"category","embeddable":true,"href":"https:\/\/www.alqueria.es\/blogs\/alqueriaamarillanaranja\/wp-json\/wp\/v2\/categories?post=7331"},{"taxonomy":"post_tag","embeddable":true,"href":"https:\/\/www.alqueria.es\/blogs\/alqueriaamarillanaranja\/wp-json\/wp\/v2\/tags?post=7331"}],"curies":[{"name":"wp","href":"https:\/\/api.w.org\/{rel}","templated":true}]}}