{"id":7337,"date":"2013-11-22T16:30:48","date_gmt":"2013-11-22T14:30:48","guid":{"rendered":"http:\/\/alqueriaamarillanaranja.wordpress.com\/?p=7337"},"modified":"2014-02-24T12:46:14","modified_gmt":"2014-02-24T12:46:14","slug":"la-cara-el-reflejo-del-alma","status":"publish","type":"post","link":"https:\/\/www.alqueria.es\/blogs\/alqueriaamarillanaranja\/2013\/11\/22\/la-cara-el-reflejo-del-alma\/","title":{"rendered":"La cara el reflejo del alma&#8230;."},"content":{"rendered":"<p style=\"text-align:left\"><em><span style=\"color:#0000ff\"><a href=\"https:\/\/cloud.alqueria.es\/wp-content\/uploads\/sites\/9\/2013\/11\/1590819-foto-de-un-adorable-nino-feliz-haciendo-trivialidades11.jpg\"><img decoding=\"async\" data-attachment-id=\"7338\" data-permalink=\"https:\/\/www.alqueria.es\/blogs\/alqueriaamarillanaranja\/1590819-foto-de-un-adorable-nino-feliz-haciendo-trivialidades1-2\/\" data-orig-file=\"https:\/\/www.alqueria.es\/blogs\/alqueriaamarillanaranja\/wp-content\/uploads\/sites\/9\/2013\/11\/1590819-foto-de-un-adorable-nino-feliz-haciendo-trivialidades1.jpg\" data-orig-size=\"112,168\" data-comments-opened=\"1\" data-image-meta=\"{&quot;aperture&quot;:&quot;0&quot;,&quot;credit&quot;:&quot;&quot;,&quot;camera&quot;:&quot;&quot;,&quot;caption&quot;:&quot;&quot;,&quot;created_timestamp&quot;:&quot;0&quot;,&quot;copyright&quot;:&quot;&quot;,&quot;focal_length&quot;:&quot;0&quot;,&quot;iso&quot;:&quot;0&quot;,&quot;shutter_speed&quot;:&quot;0&quot;,&quot;title&quot;:&quot;&quot;}\" data-image-title=\"1590819-foto-de-un-adorable-nino-feliz-haciendo-trivialidades[1]\" data-image-description=\"\" data-image-caption=\"\" data-large-file=\"https:\/\/www.alqueria.es\/blogs\/alqueriaamarillanaranja\/wp-content\/uploads\/sites\/9\/2013\/11\/1590819-foto-de-un-adorable-nino-feliz-haciendo-trivialidades1.jpg\" class=\"alignleft  wp-image-7338\" alt=\"1590819-foto-de-un-adorable-nino-feliz-haciendo-trivialidades[1]\" src=\"https:\/\/cloud.alqueria.es\/wp-content\/uploads\/sites\/9\/2013\/11\/1590819-foto-de-un-adorable-nino-feliz-haciendo-trivialidades11.jpg\" width=\"90\" height=\"134\" \/><\/a>La actividad central de la ma\u00f1ana ha sido un taller de expresi\u00f3n en el que adem\u00e1s de maquillarnos, hemos estado practicando diferentes gestos faciales para expresar con nuestra cara: ALEGR\u00cdA, TRISTEZA, ENFADO. Estas son las tres emociones b\u00e1sicas que trabajamos en clase a diario con nuestro \u00abTren de las emociones\u00bb.<\/span><\/em><\/p>\n<p style=\"text-align:left\"><em><span style=\"color:#0000ff\">Ha sido una actividad muy graciosa pues adem\u00e1s de ver las <a href=\"http:\/\/alqueriaamarillanaranja.files.wordpress.com\/2013\/11\/carita-triste-de-nina1.jpg\"><img decoding=\"async\" data-attachment-id=\"7339\" data-permalink=\"https:\/\/www.alqueria.es\/blogs\/alqueriaamarillanaranja\/carita-triste-de-nina1\/\" data-orig-file=\"https:\/\/www.alqueria.es\/blogs\/alqueriaamarillanaranja\/wp-content\/uploads\/sites\/9\/2013\/11\/carita-triste-de-nina1.jpg\" data-orig-size=\"400,265\" data-comments-opened=\"1\" data-image-meta=\"{&quot;aperture&quot;:&quot;0&quot;,&quot;credit&quot;:&quot;&quot;,&quot;camera&quot;:&quot;&quot;,&quot;caption&quot;:&quot;&quot;,&quot;created_timestamp&quot;:&quot;0&quot;,&quot;copyright&quot;:&quot;&quot;,&quot;focal_length&quot;:&quot;0&quot;,&quot;iso&quot;:&quot;0&quot;,&quot;shutter_speed&quot;:&quot;0&quot;,&quot;title&quot;:&quot;&quot;}\" data-image-title=\"carita-triste-de-nina[1]\" data-image-description=\"\" data-image-caption=\"\" data-large-file=\"https:\/\/www.alqueria.es\/blogs\/alqueriaamarillanaranja\/wp-content\/uploads\/sites\/9\/2013\/11\/carita-triste-de-nina1.jpg\" class=\"alignright size-thumbnail wp-image-7339\" alt=\"carita-triste-de-nina[1]\" src=\"https:\/\/cloud.alqueria.es\/wp-content\/uploads\/sites\/9\/2013\/11\/carita-triste-de-nina11.jpg\" width=\"150\" height=\"99\" \/><\/a>expresiones en la cara de los compa\u00f1eros tambi\u00e9n hemos practicado frente al espejo y se han sorprendido al verse a ellos mismos cambiando de actitud a trav\u00e9s de sus gestos.<\/span><\/em><\/p>\n<p style=\"text-align:left\"><a href=\"http:\/\/alqueriaamarillanaranja.files.wordpress.com\/2013\/11\/imagesca0sd4rn.jpg\"><img decoding=\"async\" data-attachment-id=\"7340\" data-permalink=\"https:\/\/www.alqueria.es\/blogs\/alqueriaamarillanaranja\/imagesca0sd4rn\/\" data-orig-file=\"https:\/\/www.alqueria.es\/blogs\/alqueriaamarillanaranja\/wp-content\/uploads\/sites\/9\/2013\/11\/imagesca0sd4rn.jpg\" data-orig-size=\"275,183\" data-comments-opened=\"1\" data-image-meta=\"{&quot;aperture&quot;:&quot;0&quot;,&quot;credit&quot;:&quot;&quot;,&quot;camera&quot;:&quot;&quot;,&quot;caption&quot;:&quot;&quot;,&quot;created_timestamp&quot;:&quot;0&quot;,&quot;copyright&quot;:&quot;&quot;,&quot;focal_length&quot;:&quot;0&quot;,&quot;iso&quot;:&quot;0&quot;,&quot;shutter_speed&quot;:&quot;0&quot;,&quot;title&quot;:&quot;&quot;}\" data-image-title=\"imagesCA0SD4RN\" data-image-description=\"\" data-image-caption=\"\" data-large-file=\"https:\/\/www.alqueria.es\/blogs\/alqueriaamarillanaranja\/wp-content\/uploads\/sites\/9\/2013\/11\/imagesca0sd4rn.jpg\" class=\"alignleft size-thumbnail wp-image-7340\" alt=\"imagesCA0SD4RN\" src=\"https:\/\/cloud.alqueria.es\/wp-content\/uploads\/sites\/9\/2013\/11\/imagesca0sd4rn1.jpg\" width=\"150\" height=\"99\" \/><\/a><\/p>\n<p style=\"text-align:left\"><em><span style=\"color:#0000ff\">Por la tarde, antes de merendar, jugamos un ratito con los puzles y practicamos estrategias cognitivas de resoluci\u00f3n.<\/span><\/em><\/p>\n<p style=\"text-align:left\"><em><span style=\"color:#0000ff\">Durante el d\u00eda de hoy ha llevado la clase Silvia dado que yo he salido de viaje para asistir a u<\/span><\/em><em><span style=\"color:#0000ff\">n congreso sobre educaci\u00f3n en Madrid. A ella pod\u00e9is consultarle cualquier duda del transcurso del d\u00eda.<\/span><\/em><\/p>\n<p style=\"text-align:left\"><em><span style=\"color:#0000ff\">Nos vemos el lunes, buen fin de semana.<\/span><\/em><\/p>\n<p style=\"text-align:right\"><em><span style=\"color:#0000ff\">Loli G\u00e1lvez<\/span><\/em><\/p>\n","protected":false},"excerpt":{"rendered":"<p>La actividad central de la ma\u00f1ana ha sido un taller de expresi\u00f3n en el que adem\u00e1s de maquillarnos, hemos estado practicando diferentes gestos faciales para expresar con nuestra cara: ALEGR\u00cdA, TRISTEZA, ENFADO. Estas son las tres emociones b\u00e1sicas que trabajamos en clase a diario con nuestro \u00abTren de las emociones\u00bb. Ha sido una actividad muy &hellip; <a href=\"https:\/\/www.alqueria.es\/blogs\/alqueriaamarillanaranja\/2013\/11\/22\/la-cara-el-reflejo-del-alma\/\" class=\"more-link\">Seguir leyendo <span class=\"screen-reader-text\">La cara el reflejo del alma&#8230;.<\/span> <span class=\"meta-nav\">&rarr;<\/span><\/a><\/p>\n","protected":false},"author":23,"featured_media":0,"comment_status":"open","ping_status":"open","sticky":false,"template":"","format":"standard","meta":{"jetpack_post_was_ever_published":false,"_jetpack_newsletter_access":"","_jetpack_dont_email_post_to_subs":false,"_jetpack_newsletter_tier_id":0,"_jetpack_memberships_contains_paywalled_content":false,"_jetpack_memberships_contains_paid_content":false,"footnotes":"","jetpack_publicize_message":"","jetpack_publicize_feature_enabled":true,"jetpack_social_post_already_shared":true,"jetpack_social_options":{"image_generator_settings":{"template":"highway","default_image_id":0,"font":"","enabled":false},"version":2}},"categories":[6,9],"tags":[47],"class_list":["post-7337","post","type-post","status-publish","format-standard","hentry","category-clase-amarilla","category-diario-clase-amarilla","tag-educacion-emocional"],"jetpack_publicize_connections":[],"jetpack_featured_media_url":"","jetpack_sharing_enabled":true,"jetpack_shortlink":"https:\/\/wp.me\/p4lG08-1Ul","jetpack-related-posts":[],"_links":{"self":[{"href":"https:\/\/www.alqueria.es\/blogs\/alqueriaamarillanaranja\/wp-json\/wp\/v2\/posts\/7337","targetHints":{"allow":["GET"]}}],"collection":[{"href":"https:\/\/www.alqueria.es\/blogs\/alqueriaamarillanaranja\/wp-json\/wp\/v2\/posts"}],"about":[{"href":"https:\/\/www.alqueria.es\/blogs\/alqueriaamarillanaranja\/wp-json\/wp\/v2\/types\/post"}],"author":[{"embeddable":true,"href":"https:\/\/www.alqueria.es\/blogs\/alqueriaamarillanaranja\/wp-json\/wp\/v2\/users\/23"}],"replies":[{"embeddable":true,"href":"https:\/\/www.alqueria.es\/blogs\/alqueriaamarillanaranja\/wp-json\/wp\/v2\/comments?post=7337"}],"version-history":[{"count":0,"href":"https:\/\/www.alqueria.es\/blogs\/alqueriaamarillanaranja\/wp-json\/wp\/v2\/posts\/7337\/revisions"}],"wp:attachment":[{"href":"https:\/\/www.alqueria.es\/blogs\/alqueriaamarillanaranja\/wp-json\/wp\/v2\/media?parent=7337"}],"wp:term":[{"taxonomy":"category","embeddable":true,"href":"https:\/\/www.alqueria.es\/blogs\/alqueriaamarillanaranja\/wp-json\/wp\/v2\/categories?post=7337"},{"taxonomy":"post_tag","embeddable":true,"href":"https:\/\/www.alqueria.es\/blogs\/alqueriaamarillanaranja\/wp-json\/wp\/v2\/tags?post=7337"}],"curies":[{"name":"wp","href":"https:\/\/api.w.org\/{rel}","templated":true}]}}