{"id":74803,"date":"2025-01-20T17:06:47","date_gmt":"2025-01-20T16:06:47","guid":{"rendered":"https:\/\/www.alqueria.es\/blogs\/alqueriaamarillanaranja\/?p=74803"},"modified":"2025-01-20T17:06:47","modified_gmt":"2025-01-20T16:06:47","slug":"proyecto-de-ciclo-el-vivero","status":"publish","type":"post","link":"https:\/\/www.alqueria.es\/blogs\/alqueriaamarillanaranja\/2025\/01\/20\/proyecto-de-ciclo-el-vivero\/","title":{"rendered":"PROYECTO DE CICLO: EL VIVERO."},"content":{"rendered":"<p><strong>Como ya os mencion\u00e9 en la reuni\u00f3n de grupo, en este mes de enero, damos inicio al Proyecto de ciclo: *El Vivero*. Relacionando la tem\u00e1tica de nuestro Plan de Centro Anual \u00abAprender para Emprender\u00bb.<\/strong><\/p>\n<p><img decoding=\"async\" data-attachment-id=\"74822\" data-permalink=\"https:\/\/www.alqueria.es\/blogs\/alqueriaamarillanaranja\/2025\/01\/20\/proyecto-de-ciclo-el-vivero\/vecteezy_flea-market-concept-with-plant-shop_6891152\/\" data-orig-file=\"https:\/\/cloud.alqueria.es\/wp-content\/uploads\/sites\/9\/2025\/01\/vecteezy_flea-market-concept-with-plant-shop_6891152.jpg\" data-orig-size=\"1843,1920\" data-comments-opened=\"1\" data-image-meta=\"{&quot;aperture&quot;:&quot;0&quot;,&quot;credit&quot;:&quot;&quot;,&quot;camera&quot;:&quot;&quot;,&quot;caption&quot;:&quot;&quot;,&quot;created_timestamp&quot;:&quot;0&quot;,&quot;copyright&quot;:&quot;&quot;,&quot;focal_length&quot;:&quot;0&quot;,&quot;iso&quot;:&quot;0&quot;,&quot;shutter_speed&quot;:&quot;0&quot;,&quot;title&quot;:&quot;&quot;,&quot;orientation&quot;:&quot;0&quot;}\" data-image-title=\"vecteezy_flea-market-concept-with-plant-shop_6891152\" data-image-description=\"\" data-image-caption=\"\" data-large-file=\"https:\/\/cloud.alqueria.es\/wp-content\/uploads\/sites\/9\/2025\/01\/vecteezy_flea-market-concept-with-plant-shop_6891152-983x1024.jpg\" class=\"alignright wp-image-74822 size-medium\" src=\"https:\/\/cloud.alqueria.es\/wp-content\/uploads\/sites\/9\/2025\/01\/vecteezy_flea-market-concept-with-plant-shop_6891152-288x300.jpg\" alt=\"\" width=\"288\" height=\"300\" srcset=\"https:\/\/cloud.alqueria.es\/wp-content\/uploads\/sites\/9\/2025\/01\/vecteezy_flea-market-concept-with-plant-shop_6891152-288x300.jpg 288w, https:\/\/cloud.alqueria.es\/wp-content\/uploads\/sites\/9\/2025\/01\/vecteezy_flea-market-concept-with-plant-shop_6891152-983x1024.jpg 983w, https:\/\/cloud.alqueria.es\/wp-content\/uploads\/sites\/9\/2025\/01\/vecteezy_flea-market-concept-with-plant-shop_6891152-768x800.jpg 768w, https:\/\/cloud.alqueria.es\/wp-content\/uploads\/sites\/9\/2025\/01\/vecteezy_flea-market-concept-with-plant-shop_6891152-1474x1536.jpg 1474w, https:\/\/cloud.alqueria.es\/wp-content\/uploads\/sites\/9\/2025\/01\/vecteezy_flea-market-concept-with-plant-shop_6891152.jpg 1843w\" sizes=\"(max-width: 288px) 100vw, 288px\" \/><\/p>\n<p><strong>A lo largo de los pr\u00f3ximos meses llevaremos a cabo esta actividad de siembra, que se desarrollar\u00e1 durante las Tardes cooperativas, aunque dedicaremos algunas sesiones en la franja horaria de la ma\u00f1ana para que el resto del grupo se involucre en dicha actividad. \u00a0<\/strong><\/p>\n<p><img decoding=\"async\" data-attachment-id=\"74806\" data-permalink=\"https:\/\/www.alqueria.es\/blogs\/alqueriaamarillanaranja\/2025\/01\/20\/proyecto-de-ciclo-el-vivero\/photo-2025-01-19-17-38-40-17\/\" data-orig-file=\"https:\/\/cloud.alqueria.es\/wp-content\/uploads\/sites\/9\/2025\/01\/PHOTO-2025-01-19-17-38-40-17.jpg\" data-orig-size=\"417,626\" data-comments-opened=\"1\" data-image-meta=\"{&quot;aperture&quot;:&quot;0&quot;,&quot;credit&quot;:&quot;&quot;,&quot;camera&quot;:&quot;&quot;,&quot;caption&quot;:&quot;&quot;,&quot;created_timestamp&quot;:&quot;0&quot;,&quot;copyright&quot;:&quot;&quot;,&quot;focal_length&quot;:&quot;0&quot;,&quot;iso&quot;:&quot;0&quot;,&quot;shutter_speed&quot;:&quot;0&quot;,&quot;title&quot;:&quot;&quot;,&quot;orientation&quot;:&quot;0&quot;}\" data-image-title=\"PHOTO-2025-01-19-17-38-40 17\" data-image-description=\"\" data-image-caption=\"\" data-large-file=\"https:\/\/cloud.alqueria.es\/wp-content\/uploads\/sites\/9\/2025\/01\/PHOTO-2025-01-19-17-38-40-17.jpg\" class=\"alignleft wp-image-74806 size-thumbnail\" src=\"https:\/\/cloud.alqueria.es\/wp-content\/uploads\/sites\/9\/2025\/01\/PHOTO-2025-01-19-17-38-40-17-150x150.jpg\" alt=\"\" width=\"150\" height=\"150\" \/><\/p>\n<p><strong>Nuestro objetivo ser\u00e1 plantar esquejes en tetrabriks, los cuales cuidaremos y regaremos durante todos estos meses, con la idea de montar una tienda del vivero para vender nuestras plantas a las familias y compa\u00f1eros de primaria durante el mes de abril. El dinero obtenido se destinar\u00e1 a la compra de libros para la biblioteca del colegio.<\/strong><\/p>\n<p><strong>Gracias a este Proyecto de Ciclo 3-6 a\u00f1os podremos:\u00a0<\/strong><\/p>\n<p><strong>&#8211; Conocer diferentes tipos de plantas.<\/strong><br \/>\n<strong>&#8211; Identificar los distintos m\u00e9todos de siembra.<\/strong><br \/>\n<strong>&#8211; Colaborar en el riego y cuidado de las plantas.<\/strong><br \/>\n<strong>&#8211; Asignar un valor econ\u00f3mico a las plantas.<\/strong><br \/>\n<strong>&#8211; Aprender a sumar y restar cantidades con estrategias mediante el proceso de compra y venta.<\/strong><br \/>\n<strong>&#8211; Crear publicidad para nuestro vivero elaborando un cartel anunciador.<\/strong><br \/>\n<strong>&#8211; Organizar y montar la tienda.<\/strong><br \/>\n<strong>&#8211; Contabilizar el dinero recaudado.<\/strong><br \/>\n<strong>&#8211; Utilizar las ganancias para comprar nuevos ejemplares para la biblioteca del centro.<\/strong><\/p>\n<p><strong>Para comenzar dicha actividad necesitamos \u00a0<span style=\"color: #ff00ff\">vuestra colaboraci\u00f3n,<\/span> deb\u00e9is ir trayendo al aula <span style=\"color: #ff00ff\">tetrabriks lavados y cortados<\/span>, los cuales usaremos de maceteros, reciclando estos <\/strong><strong>envases.<\/strong><\/p>\n<p><img decoding=\"async\" data-attachment-id=\"74823\" data-permalink=\"https:\/\/www.alqueria.es\/blogs\/alqueriaamarillanaranja\/2025\/01\/20\/proyecto-de-ciclo-el-vivero\/vecteezy_isolated-milk-box-in-cartoon-style_11478716\/\" data-orig-file=\"https:\/\/cloud.alqueria.es\/wp-content\/uploads\/sites\/9\/2025\/01\/vecteezy_isolated-milk-box-in-cartoon-style_11478716.jpg\" data-orig-size=\"1112,1920\" data-comments-opened=\"1\" data-image-meta=\"{&quot;aperture&quot;:&quot;0&quot;,&quot;credit&quot;:&quot;&quot;,&quot;camera&quot;:&quot;&quot;,&quot;caption&quot;:&quot;&quot;,&quot;created_timestamp&quot;:&quot;0&quot;,&quot;copyright&quot;:&quot;&quot;,&quot;focal_length&quot;:&quot;0&quot;,&quot;iso&quot;:&quot;0&quot;,&quot;shutter_speed&quot;:&quot;0&quot;,&quot;title&quot;:&quot;&quot;,&quot;orientation&quot;:&quot;0&quot;}\" data-image-title=\"vecteezy_isolated-milk-box-in-cartoon-style_11478716\" data-image-description=\"\" data-image-caption=\"\" data-large-file=\"https:\/\/cloud.alqueria.es\/wp-content\/uploads\/sites\/9\/2025\/01\/vecteezy_isolated-milk-box-in-cartoon-style_11478716-593x1024.jpg\" class=\"aligncenter wp-image-74823 size-medium\" src=\"https:\/\/cloud.alqueria.es\/wp-content\/uploads\/sites\/9\/2025\/01\/vecteezy_isolated-milk-box-in-cartoon-style_11478716-174x300.jpg\" alt=\"\" width=\"174\" height=\"300\" srcset=\"https:\/\/cloud.alqueria.es\/wp-content\/uploads\/sites\/9\/2025\/01\/vecteezy_isolated-milk-box-in-cartoon-style_11478716-174x300.jpg 174w, https:\/\/cloud.alqueria.es\/wp-content\/uploads\/sites\/9\/2025\/01\/vecteezy_isolated-milk-box-in-cartoon-style_11478716-593x1024.jpg 593w, https:\/\/cloud.alqueria.es\/wp-content\/uploads\/sites\/9\/2025\/01\/vecteezy_isolated-milk-box-in-cartoon-style_11478716-768x1326.jpg 768w, https:\/\/cloud.alqueria.es\/wp-content\/uploads\/sites\/9\/2025\/01\/vecteezy_isolated-milk-box-in-cartoon-style_11478716-890x1536.jpg 890w, https:\/\/cloud.alqueria.es\/wp-content\/uploads\/sites\/9\/2025\/01\/vecteezy_isolated-milk-box-in-cartoon-style_11478716.jpg 1112w\" sizes=\"(max-width: 174px) 100vw, 174px\" \/><\/p>\n<p><strong><img decoding=\"async\" data-attachment-id=\"74805\" data-permalink=\"https:\/\/www.alqueria.es\/blogs\/alqueriaamarillanaranja\/2025\/01\/20\/proyecto-de-ciclo-el-vivero\/photo-2025-01-19-17-38-40-18\/\" data-orig-file=\"https:\/\/cloud.alqueria.es\/wp-content\/uploads\/sites\/9\/2025\/01\/PHOTO-2025-01-19-17-38-40-18.jpg\" data-orig-size=\"640,640\" data-comments-opened=\"1\" data-image-meta=\"{&quot;aperture&quot;:&quot;0&quot;,&quot;credit&quot;:&quot;&quot;,&quot;camera&quot;:&quot;&quot;,&quot;caption&quot;:&quot;&quot;,&quot;created_timestamp&quot;:&quot;0&quot;,&quot;copyright&quot;:&quot;&quot;,&quot;focal_length&quot;:&quot;0&quot;,&quot;iso&quot;:&quot;0&quot;,&quot;shutter_speed&quot;:&quot;0&quot;,&quot;title&quot;:&quot;&quot;,&quot;orientation&quot;:&quot;0&quot;}\" data-image-title=\"PHOTO-2025-01-19-17-38-40 18\" data-image-description=\"\" data-image-caption=\"\" data-large-file=\"https:\/\/cloud.alqueria.es\/wp-content\/uploads\/sites\/9\/2025\/01\/PHOTO-2025-01-19-17-38-40-18.jpg\" class=\"alignleft wp-image-74805 size-thumbnail\" src=\"https:\/\/cloud.alqueria.es\/wp-content\/uploads\/sites\/9\/2025\/01\/PHOTO-2025-01-19-17-38-40-18-150x150.jpg\" alt=\"\" width=\"150\" height=\"150\" srcset=\"https:\/\/cloud.alqueria.es\/wp-content\/uploads\/sites\/9\/2025\/01\/PHOTO-2025-01-19-17-38-40-18-150x150.jpg 150w, https:\/\/cloud.alqueria.es\/wp-content\/uploads\/sites\/9\/2025\/01\/PHOTO-2025-01-19-17-38-40-18-300x300.jpg 300w, https:\/\/cloud.alqueria.es\/wp-content\/uploads\/sites\/9\/2025\/01\/PHOTO-2025-01-19-17-38-40-18.jpg 640w\" sizes=\"(max-width: 150px) 100vw, 150px\" \/>Y tambi\u00e9n pod\u00e9is<span style=\"color: #ff00ff\"> traer esquejes<\/span> de plantas que teng\u00e1is en vuestra casa o de familiares. Un esqueje es un \u00a0<\/strong><b>fragmento de tallo, o tambi\u00e9n de hoja o ra\u00edz, desgajado o cortado de una planta el cual introduciremos en la tierra \u00a0para que enra\u00edce con intenci\u00f3n de reproducirla<\/b>.<\/p>\n<p>&nbsp;<\/p>\n<p><strong>El viernes pasado dedicamos nuestra Tarde Cooperativa a la presentaci\u00f3n de dicha actividad y realizamos la b\u00fasqueda de esquejes de plantas en nuestro jard\u00edn. Distinguimos diferentes plantas: lirios, violetas y papiros. Cortamos tallos de papiros y los introducimos en agua para que salgan ra\u00edces.<\/strong><\/p>\n<div class=\"tiled-gallery type-square tiled-gallery-unresized\" data-original-width=\"474\" data-carousel-extra='{&quot;blog_id&quot;:9,&quot;permalink&quot;:&quot;https:\\\/\\\/www.alqueria.es\\\/blogs\\\/alqueriaamarillanaranja\\\/2025\\\/01\\\/20\\\/proyecto-de-ciclo-el-vivero\\\/&quot;,&quot;likes_blog_id&quot;:64271688}' itemscope itemtype=\"http:\/\/schema.org\/ImageGallery\" > <div class=\"gallery-row\" style=\"width: 474px; height: 474px;\" data-original-width=\"474\" data-original-height=\"474\" > <div class=\"gallery-group\" style=\"width: 474px; height: 474px;\" data-original-width=\"474\" data-original-height=\"474\" > <div class=\"tiled-gallery-item \" itemprop=\"associatedMedia\" itemscope itemtype=\"http:\/\/schema.org\/ImageObject\"> <a href=\"https:\/\/www.alqueria.es\/blogs\/alqueriaamarillanaranja\/2025\/01\/20\/proyecto-de-ciclo-el-vivero\/photo-2025-01-19-17-38-40-12\/\" border=\"0\" itemprop=\"url\"> <meta itemprop=\"width\" content=\"470\"> <meta itemprop=\"height\" content=\"470\"> <img decoding=\"async\" class=\"\" data-attachment-id=\"74811\" data-orig-file=\"https:\/\/cloud.alqueria.es\/wp-content\/uploads\/sites\/9\/2025\/01\/PHOTO-2025-01-19-17-38-40-12.jpg\" data-orig-size=\"1600,1200\" data-comments-opened=\"1\" data-image-meta=\"{&quot;aperture&quot;:&quot;0&quot;,&quot;credit&quot;:&quot;&quot;,&quot;camera&quot;:&quot;&quot;,&quot;caption&quot;:&quot;&quot;,&quot;created_timestamp&quot;:&quot;0&quot;,&quot;copyright&quot;:&quot;&quot;,&quot;focal_length&quot;:&quot;0&quot;,&quot;iso&quot;:&quot;0&quot;,&quot;shutter_speed&quot;:&quot;0&quot;,&quot;title&quot;:&quot;&quot;,&quot;orientation&quot;:&quot;0&quot;}\" data-image-title=\"PHOTO-2025-01-19-17-38-40 12\" data-image-description=\"\" data-medium-file=\"https:\/\/cloud.alqueria.es\/wp-content\/uploads\/sites\/9\/2025\/01\/PHOTO-2025-01-19-17-38-40-12-300x225.jpg\" data-large-file=\"https:\/\/cloud.alqueria.es\/wp-content\/uploads\/sites\/9\/2025\/01\/PHOTO-2025-01-19-17-38-40-12-1024x768.jpg\" src=\"https:\/\/i0.wp.com\/cloud.alqueria.es\/wp-content\/uploads\/sites\/9\/2025\/01\/PHOTO-2025-01-19-17-38-40-12.jpg?w=470&#038;h=470&#038;crop=1&#038;ssl=1\" width=\"470\" height=\"470\" loading=\"lazy\" data-original-width=\"470\" data-original-height=\"470\" itemprop=\"http:\/\/schema.org\/image\" title=\"PHOTO-2025-01-19-17-38-40 12\" alt=\"PHOTO-2025-01-19-17-38-40 12\" style=\"width: 470px; height: 470px;\" \/> <\/a> <\/div> <\/div> <\/div> <div class=\"gallery-row\" style=\"width: 474px; height: 158px;\" data-original-width=\"474\" data-original-height=\"158\" > <div class=\"gallery-group\" style=\"width: 158px; height: 158px;\" data-original-width=\"158\" data-original-height=\"158\" > <div class=\"tiled-gallery-item \" itemprop=\"associatedMedia\" itemscope itemtype=\"http:\/\/schema.org\/ImageObject\"> <a href=\"https:\/\/www.alqueria.es\/blogs\/alqueriaamarillanaranja\/2025\/01\/20\/proyecto-de-ciclo-el-vivero\/photo-2025-01-19-17-38-40-7\/\" border=\"0\" itemprop=\"url\"> <meta itemprop=\"width\" content=\"154\"> <meta itemprop=\"height\" content=\"154\"> <img decoding=\"async\" class=\"\" data-attachment-id=\"74816\" data-orig-file=\"https:\/\/cloud.alqueria.es\/wp-content\/uploads\/sites\/9\/2025\/01\/PHOTO-2025-01-19-17-38-40-7.jpg\" data-orig-size=\"1200,1600\" data-comments-opened=\"1\" data-image-meta=\"{&quot;aperture&quot;:&quot;0&quot;,&quot;credit&quot;:&quot;&quot;,&quot;camera&quot;:&quot;&quot;,&quot;caption&quot;:&quot;&quot;,&quot;created_timestamp&quot;:&quot;0&quot;,&quot;copyright&quot;:&quot;&quot;,&quot;focal_length&quot;:&quot;0&quot;,&quot;iso&quot;:&quot;0&quot;,&quot;shutter_speed&quot;:&quot;0&quot;,&quot;title&quot;:&quot;&quot;,&quot;orientation&quot;:&quot;0&quot;}\" data-image-title=\"PHOTO-2025-01-19-17-38-40 7\" data-image-description=\"\" data-medium-file=\"https:\/\/cloud.alqueria.es\/wp-content\/uploads\/sites\/9\/2025\/01\/PHOTO-2025-01-19-17-38-40-7-225x300.jpg\" data-large-file=\"https:\/\/cloud.alqueria.es\/wp-content\/uploads\/sites\/9\/2025\/01\/PHOTO-2025-01-19-17-38-40-7-768x1024.jpg\" src=\"https:\/\/i0.wp.com\/cloud.alqueria.es\/wp-content\/uploads\/sites\/9\/2025\/01\/PHOTO-2025-01-19-17-38-40-7.jpg?w=154&#038;h=154&#038;crop=1&#038;ssl=1\" width=\"154\" height=\"154\" loading=\"lazy\" data-original-width=\"154\" data-original-height=\"154\" itemprop=\"http:\/\/schema.org\/image\" title=\"PHOTO-2025-01-19-17-38-40 7\" alt=\"PHOTO-2025-01-19-17-38-40 7\" style=\"width: 154px; height: 154px;\" \/> <\/a> <\/div> <\/div> <div class=\"gallery-group\" style=\"width: 158px; height: 158px;\" data-original-width=\"158\" data-original-height=\"158\" > <div class=\"tiled-gallery-item \" itemprop=\"associatedMedia\" itemscope itemtype=\"http:\/\/schema.org\/ImageObject\"> <a href=\"https:\/\/www.alqueria.es\/blogs\/alqueriaamarillanaranja\/2025\/01\/20\/proyecto-de-ciclo-el-vivero\/photo-2025-01-19-17-38-40-5\/\" border=\"0\" itemprop=\"url\"> <meta itemprop=\"width\" content=\"154\"> <meta itemprop=\"height\" content=\"154\"> <img decoding=\"async\" class=\"\" data-attachment-id=\"74818\" data-orig-file=\"https:\/\/cloud.alqueria.es\/wp-content\/uploads\/sites\/9\/2025\/01\/PHOTO-2025-01-19-17-38-40-5.jpg\" data-orig-size=\"1200,1600\" data-comments-opened=\"1\" data-image-meta=\"{&quot;aperture&quot;:&quot;0&quot;,&quot;credit&quot;:&quot;&quot;,&quot;camera&quot;:&quot;&quot;,&quot;caption&quot;:&quot;&quot;,&quot;created_timestamp&quot;:&quot;0&quot;,&quot;copyright&quot;:&quot;&quot;,&quot;focal_length&quot;:&quot;0&quot;,&quot;iso&quot;:&quot;0&quot;,&quot;shutter_speed&quot;:&quot;0&quot;,&quot;title&quot;:&quot;&quot;,&quot;orientation&quot;:&quot;0&quot;}\" data-image-title=\"PHOTO-2025-01-19-17-38-40 5\" data-image-description=\"\" data-medium-file=\"https:\/\/cloud.alqueria.es\/wp-content\/uploads\/sites\/9\/2025\/01\/PHOTO-2025-01-19-17-38-40-5-225x300.jpg\" data-large-file=\"https:\/\/cloud.alqueria.es\/wp-content\/uploads\/sites\/9\/2025\/01\/PHOTO-2025-01-19-17-38-40-5-768x1024.jpg\" src=\"https:\/\/i0.wp.com\/cloud.alqueria.es\/wp-content\/uploads\/sites\/9\/2025\/01\/PHOTO-2025-01-19-17-38-40-5.jpg?w=154&#038;h=154&#038;crop=1&#038;ssl=1\" width=\"154\" height=\"154\" loading=\"lazy\" data-original-width=\"154\" data-original-height=\"154\" itemprop=\"http:\/\/schema.org\/image\" title=\"PHOTO-2025-01-19-17-38-40 5\" alt=\"PHOTO-2025-01-19-17-38-40 5\" style=\"width: 154px; height: 154px;\" \/> <\/a> <\/div> <\/div> <div class=\"gallery-group\" style=\"width: 158px; height: 158px;\" data-original-width=\"158\" data-original-height=\"158\" > <div class=\"tiled-gallery-item \" itemprop=\"associatedMedia\" itemscope itemtype=\"http:\/\/schema.org\/ImageObject\"> <a href=\"https:\/\/www.alqueria.es\/blogs\/alqueriaamarillanaranja\/2025\/01\/20\/proyecto-de-ciclo-el-vivero\/photo-2025-01-19-17-38-40-4\/\" border=\"0\" itemprop=\"url\"> <meta itemprop=\"width\" content=\"154\"> <meta itemprop=\"height\" content=\"154\"> <img decoding=\"async\" class=\"\" data-attachment-id=\"74819\" data-orig-file=\"https:\/\/cloud.alqueria.es\/wp-content\/uploads\/sites\/9\/2025\/01\/PHOTO-2025-01-19-17-38-40-4.jpg\" data-orig-size=\"1200,1600\" data-comments-opened=\"1\" data-image-meta=\"{&quot;aperture&quot;:&quot;0&quot;,&quot;credit&quot;:&quot;&quot;,&quot;camera&quot;:&quot;&quot;,&quot;caption&quot;:&quot;&quot;,&quot;created_timestamp&quot;:&quot;0&quot;,&quot;copyright&quot;:&quot;&quot;,&quot;focal_length&quot;:&quot;0&quot;,&quot;iso&quot;:&quot;0&quot;,&quot;shutter_speed&quot;:&quot;0&quot;,&quot;title&quot;:&quot;&quot;,&quot;orientation&quot;:&quot;0&quot;}\" data-image-title=\"PHOTO-2025-01-19-17-38-40 4\" data-image-description=\"\" data-medium-file=\"https:\/\/cloud.alqueria.es\/wp-content\/uploads\/sites\/9\/2025\/01\/PHOTO-2025-01-19-17-38-40-4-225x300.jpg\" data-large-file=\"https:\/\/cloud.alqueria.es\/wp-content\/uploads\/sites\/9\/2025\/01\/PHOTO-2025-01-19-17-38-40-4-768x1024.jpg\" src=\"https:\/\/i0.wp.com\/cloud.alqueria.es\/wp-content\/uploads\/sites\/9\/2025\/01\/PHOTO-2025-01-19-17-38-40-4.jpg?w=154&#038;h=154&#038;crop=1&#038;ssl=1\" width=\"154\" height=\"154\" loading=\"lazy\" data-original-width=\"154\" data-original-height=\"154\" itemprop=\"http:\/\/schema.org\/image\" title=\"PHOTO-2025-01-19-17-38-40 4\" alt=\"PHOTO-2025-01-19-17-38-40 4\" style=\"width: 154px; height: 154px;\" \/> <\/a> <\/div> <\/div> <\/div> <div class=\"gallery-row\" style=\"width: 474px; height: 158px;\" data-original-width=\"474\" data-original-height=\"158\" > <div class=\"gallery-group\" style=\"width: 158px; height: 158px;\" data-original-width=\"158\" data-original-height=\"158\" > <div class=\"tiled-gallery-item \" itemprop=\"associatedMedia\" itemscope itemtype=\"http:\/\/schema.org\/ImageObject\"> <a href=\"https:\/\/www.alqueria.es\/blogs\/alqueriaamarillanaranja\/2025\/01\/20\/proyecto-de-ciclo-el-vivero\/photo-2025-01-19-17-38-40\/\" border=\"0\" itemprop=\"url\"> <meta itemprop=\"width\" content=\"154\"> <meta itemprop=\"height\" content=\"154\"> <img decoding=\"async\" class=\"\" data-attachment-id=\"74804\" data-orig-file=\"https:\/\/cloud.alqueria.es\/wp-content\/uploads\/sites\/9\/2025\/01\/PHOTO-2025-01-19-17-38-40.jpg\" data-orig-size=\"1200,1600\" data-comments-opened=\"1\" data-image-meta=\"{&quot;aperture&quot;:&quot;0&quot;,&quot;credit&quot;:&quot;&quot;,&quot;camera&quot;:&quot;&quot;,&quot;caption&quot;:&quot;&quot;,&quot;created_timestamp&quot;:&quot;0&quot;,&quot;copyright&quot;:&quot;&quot;,&quot;focal_length&quot;:&quot;0&quot;,&quot;iso&quot;:&quot;0&quot;,&quot;shutter_speed&quot;:&quot;0&quot;,&quot;title&quot;:&quot;&quot;,&quot;orientation&quot;:&quot;0&quot;}\" data-image-title=\"PHOTO-2025-01-19-17-38-40\" data-image-description=\"\" data-medium-file=\"https:\/\/cloud.alqueria.es\/wp-content\/uploads\/sites\/9\/2025\/01\/PHOTO-2025-01-19-17-38-40-225x300.jpg\" data-large-file=\"https:\/\/cloud.alqueria.es\/wp-content\/uploads\/sites\/9\/2025\/01\/PHOTO-2025-01-19-17-38-40-768x1024.jpg\" src=\"https:\/\/i0.wp.com\/cloud.alqueria.es\/wp-content\/uploads\/sites\/9\/2025\/01\/PHOTO-2025-01-19-17-38-40.jpg?w=154&#038;h=154&#038;crop=1&#038;ssl=1\" width=\"154\" height=\"154\" loading=\"lazy\" data-original-width=\"154\" data-original-height=\"154\" itemprop=\"http:\/\/schema.org\/image\" title=\"PHOTO-2025-01-19-17-38-40\" alt=\"PHOTO-2025-01-19-17-38-40\" style=\"width: 154px; height: 154px;\" \/> <\/a> <\/div> <\/div> <div class=\"gallery-group\" style=\"width: 158px; height: 158px;\" data-original-width=\"158\" data-original-height=\"158\" > <div class=\"tiled-gallery-item \" itemprop=\"associatedMedia\" itemscope itemtype=\"http:\/\/schema.org\/ImageObject\"> <a href=\"https:\/\/www.alqueria.es\/blogs\/alqueriaamarillanaranja\/2025\/01\/20\/proyecto-de-ciclo-el-vivero\/photo-2025-01-19-17-38-40-16\/\" border=\"0\" itemprop=\"url\"> <meta itemprop=\"width\" content=\"154\"> <meta itemprop=\"height\" content=\"154\"> <img decoding=\"async\" class=\"\" data-attachment-id=\"74807\" data-orig-file=\"https:\/\/cloud.alqueria.es\/wp-content\/uploads\/sites\/9\/2025\/01\/PHOTO-2025-01-19-17-38-40-16.jpg\" data-orig-size=\"1200,1600\" data-comments-opened=\"1\" data-image-meta=\"{&quot;aperture&quot;:&quot;0&quot;,&quot;credit&quot;:&quot;&quot;,&quot;camera&quot;:&quot;&quot;,&quot;caption&quot;:&quot;&quot;,&quot;created_timestamp&quot;:&quot;0&quot;,&quot;copyright&quot;:&quot;&quot;,&quot;focal_length&quot;:&quot;0&quot;,&quot;iso&quot;:&quot;0&quot;,&quot;shutter_speed&quot;:&quot;0&quot;,&quot;title&quot;:&quot;&quot;,&quot;orientation&quot;:&quot;0&quot;}\" data-image-title=\"PHOTO-2025-01-19-17-38-40 16\" data-image-description=\"\" data-medium-file=\"https:\/\/cloud.alqueria.es\/wp-content\/uploads\/sites\/9\/2025\/01\/PHOTO-2025-01-19-17-38-40-16-225x300.jpg\" data-large-file=\"https:\/\/cloud.alqueria.es\/wp-content\/uploads\/sites\/9\/2025\/01\/PHOTO-2025-01-19-17-38-40-16-768x1024.jpg\" src=\"https:\/\/i0.wp.com\/cloud.alqueria.es\/wp-content\/uploads\/sites\/9\/2025\/01\/PHOTO-2025-01-19-17-38-40-16.jpg?w=154&#038;h=154&#038;crop=1&#038;ssl=1\" width=\"154\" height=\"154\" loading=\"lazy\" data-original-width=\"154\" data-original-height=\"154\" itemprop=\"http:\/\/schema.org\/image\" title=\"PHOTO-2025-01-19-17-38-40 16\" alt=\"PHOTO-2025-01-19-17-38-40 16\" style=\"width: 154px; height: 154px;\" \/> <\/a> <\/div> <\/div> <div class=\"gallery-group\" style=\"width: 158px; height: 158px;\" data-original-width=\"158\" data-original-height=\"158\" > <div class=\"tiled-gallery-item \" itemprop=\"associatedMedia\" itemscope itemtype=\"http:\/\/schema.org\/ImageObject\"> <a href=\"https:\/\/www.alqueria.es\/blogs\/alqueriaamarillanaranja\/2025\/01\/20\/proyecto-de-ciclo-el-vivero\/photo-2025-01-19-17-38-40-2\/\" border=\"0\" itemprop=\"url\"> <meta itemprop=\"width\" content=\"154\"> <meta itemprop=\"height\" content=\"154\"> <img decoding=\"async\" class=\"\" data-attachment-id=\"74821\" data-orig-file=\"https:\/\/cloud.alqueria.es\/wp-content\/uploads\/sites\/9\/2025\/01\/PHOTO-2025-01-19-17-38-40-2.jpg\" data-orig-size=\"1200,1600\" data-comments-opened=\"1\" data-image-meta=\"{&quot;aperture&quot;:&quot;0&quot;,&quot;credit&quot;:&quot;&quot;,&quot;camera&quot;:&quot;&quot;,&quot;caption&quot;:&quot;&quot;,&quot;created_timestamp&quot;:&quot;0&quot;,&quot;copyright&quot;:&quot;&quot;,&quot;focal_length&quot;:&quot;0&quot;,&quot;iso&quot;:&quot;0&quot;,&quot;shutter_speed&quot;:&quot;0&quot;,&quot;title&quot;:&quot;&quot;,&quot;orientation&quot;:&quot;0&quot;}\" data-image-title=\"PHOTO-2025-01-19-17-38-40 2\" data-image-description=\"\" data-medium-file=\"https:\/\/cloud.alqueria.es\/wp-content\/uploads\/sites\/9\/2025\/01\/PHOTO-2025-01-19-17-38-40-2-225x300.jpg\" data-large-file=\"https:\/\/cloud.alqueria.es\/wp-content\/uploads\/sites\/9\/2025\/01\/PHOTO-2025-01-19-17-38-40-2-768x1024.jpg\" src=\"https:\/\/i0.wp.com\/cloud.alqueria.es\/wp-content\/uploads\/sites\/9\/2025\/01\/PHOTO-2025-01-19-17-38-40-2.jpg?w=154&#038;h=154&#038;crop=1&#038;ssl=1\" width=\"154\" height=\"154\" loading=\"lazy\" data-original-width=\"154\" data-original-height=\"154\" itemprop=\"http:\/\/schema.org\/image\" title=\"PHOTO-2025-01-19-17-38-40 2\" alt=\"PHOTO-2025-01-19-17-38-40 2\" style=\"width: 154px; height: 154px;\" \/> <\/a> <\/div> <\/div> <\/div> <div class=\"gallery-row\" style=\"width: 474px; height: 158px;\" data-original-width=\"474\" data-original-height=\"158\" > <div class=\"gallery-group\" style=\"width: 158px; height: 158px;\" data-original-width=\"158\" data-original-height=\"158\" > <div class=\"tiled-gallery-item \" itemprop=\"associatedMedia\" itemscope itemtype=\"http:\/\/schema.org\/ImageObject\"> <a href=\"https:\/\/www.alqueria.es\/blogs\/alqueriaamarillanaranja\/2025\/01\/20\/proyecto-de-ciclo-el-vivero\/photo-2025-01-19-17-38-40-3\/\" border=\"0\" itemprop=\"url\"> <meta itemprop=\"width\" content=\"154\"> <meta itemprop=\"height\" content=\"154\"> <img decoding=\"async\" class=\"\" data-attachment-id=\"74820\" data-orig-file=\"https:\/\/cloud.alqueria.es\/wp-content\/uploads\/sites\/9\/2025\/01\/PHOTO-2025-01-19-17-38-40-3.jpg\" data-orig-size=\"1600,1200\" data-comments-opened=\"1\" data-image-meta=\"{&quot;aperture&quot;:&quot;0&quot;,&quot;credit&quot;:&quot;&quot;,&quot;camera&quot;:&quot;&quot;,&quot;caption&quot;:&quot;&quot;,&quot;created_timestamp&quot;:&quot;0&quot;,&quot;copyright&quot;:&quot;&quot;,&quot;focal_length&quot;:&quot;0&quot;,&quot;iso&quot;:&quot;0&quot;,&quot;shutter_speed&quot;:&quot;0&quot;,&quot;title&quot;:&quot;&quot;,&quot;orientation&quot;:&quot;0&quot;}\" data-image-title=\"PHOTO-2025-01-19-17-38-40 3\" data-image-description=\"\" data-medium-file=\"https:\/\/cloud.alqueria.es\/wp-content\/uploads\/sites\/9\/2025\/01\/PHOTO-2025-01-19-17-38-40-3-300x225.jpg\" data-large-file=\"https:\/\/cloud.alqueria.es\/wp-content\/uploads\/sites\/9\/2025\/01\/PHOTO-2025-01-19-17-38-40-3-1024x768.jpg\" src=\"https:\/\/i0.wp.com\/cloud.alqueria.es\/wp-content\/uploads\/sites\/9\/2025\/01\/PHOTO-2025-01-19-17-38-40-3.jpg?w=154&#038;h=154&#038;crop=1&#038;ssl=1\" width=\"154\" height=\"154\" loading=\"lazy\" data-original-width=\"154\" data-original-height=\"154\" itemprop=\"http:\/\/schema.org\/image\" title=\"PHOTO-2025-01-19-17-38-40 3\" alt=\"PHOTO-2025-01-19-17-38-40 3\" style=\"width: 154px; height: 154px;\" \/> <\/a> <\/div> <\/div> <div class=\"gallery-group\" style=\"width: 158px; height: 158px;\" data-original-width=\"158\" data-original-height=\"158\" > <div class=\"tiled-gallery-item \" itemprop=\"associatedMedia\" itemscope itemtype=\"http:\/\/schema.org\/ImageObject\"> <a href=\"https:\/\/www.alqueria.es\/blogs\/alqueriaamarillanaranja\/2025\/01\/20\/proyecto-de-ciclo-el-vivero\/photo-2025-01-19-17-38-40-8\/\" border=\"0\" itemprop=\"url\"> <meta itemprop=\"width\" content=\"154\"> <meta itemprop=\"height\" content=\"154\"> <img decoding=\"async\" class=\"\" data-attachment-id=\"74815\" data-orig-file=\"https:\/\/cloud.alqueria.es\/wp-content\/uploads\/sites\/9\/2025\/01\/PHOTO-2025-01-19-17-38-40-8.jpg\" data-orig-size=\"1200,1600\" data-comments-opened=\"1\" data-image-meta=\"{&quot;aperture&quot;:&quot;0&quot;,&quot;credit&quot;:&quot;&quot;,&quot;camera&quot;:&quot;&quot;,&quot;caption&quot;:&quot;&quot;,&quot;created_timestamp&quot;:&quot;0&quot;,&quot;copyright&quot;:&quot;&quot;,&quot;focal_length&quot;:&quot;0&quot;,&quot;iso&quot;:&quot;0&quot;,&quot;shutter_speed&quot;:&quot;0&quot;,&quot;title&quot;:&quot;&quot;,&quot;orientation&quot;:&quot;0&quot;}\" data-image-title=\"PHOTO-2025-01-19-17-38-40 8\" data-image-description=\"\" data-medium-file=\"https:\/\/cloud.alqueria.es\/wp-content\/uploads\/sites\/9\/2025\/01\/PHOTO-2025-01-19-17-38-40-8-225x300.jpg\" data-large-file=\"https:\/\/cloud.alqueria.es\/wp-content\/uploads\/sites\/9\/2025\/01\/PHOTO-2025-01-19-17-38-40-8-768x1024.jpg\" src=\"https:\/\/i0.wp.com\/cloud.alqueria.es\/wp-content\/uploads\/sites\/9\/2025\/01\/PHOTO-2025-01-19-17-38-40-8.jpg?w=154&#038;h=154&#038;crop=1&#038;ssl=1\" width=\"154\" height=\"154\" loading=\"lazy\" data-original-width=\"154\" data-original-height=\"154\" itemprop=\"http:\/\/schema.org\/image\" title=\"PHOTO-2025-01-19-17-38-40 8\" alt=\"PHOTO-2025-01-19-17-38-40 8\" style=\"width: 154px; height: 154px;\" \/> <\/a> <\/div> <\/div> <div class=\"gallery-group\" style=\"width: 158px; height: 158px;\" data-original-width=\"158\" data-original-height=\"158\" > <div class=\"tiled-gallery-item \" itemprop=\"associatedMedia\" itemscope itemtype=\"http:\/\/schema.org\/ImageObject\"> <a href=\"https:\/\/www.alqueria.es\/blogs\/alqueriaamarillanaranja\/2025\/01\/20\/proyecto-de-ciclo-el-vivero\/photo-2025-01-19-17-38-40-13\/\" border=\"0\" itemprop=\"url\"> <meta itemprop=\"width\" content=\"154\"> <meta itemprop=\"height\" content=\"154\"> <img decoding=\"async\" class=\"\" data-attachment-id=\"74810\" data-orig-file=\"https:\/\/cloud.alqueria.es\/wp-content\/uploads\/sites\/9\/2025\/01\/PHOTO-2025-01-19-17-38-40-13.jpg\" data-orig-size=\"1200,1600\" data-comments-opened=\"1\" data-image-meta=\"{&quot;aperture&quot;:&quot;0&quot;,&quot;credit&quot;:&quot;&quot;,&quot;camera&quot;:&quot;&quot;,&quot;caption&quot;:&quot;&quot;,&quot;created_timestamp&quot;:&quot;0&quot;,&quot;copyright&quot;:&quot;&quot;,&quot;focal_length&quot;:&quot;0&quot;,&quot;iso&quot;:&quot;0&quot;,&quot;shutter_speed&quot;:&quot;0&quot;,&quot;title&quot;:&quot;&quot;,&quot;orientation&quot;:&quot;0&quot;}\" data-image-title=\"PHOTO-2025-01-19-17-38-40 13\" data-image-description=\"\" data-medium-file=\"https:\/\/cloud.alqueria.es\/wp-content\/uploads\/sites\/9\/2025\/01\/PHOTO-2025-01-19-17-38-40-13-225x300.jpg\" data-large-file=\"https:\/\/cloud.alqueria.es\/wp-content\/uploads\/sites\/9\/2025\/01\/PHOTO-2025-01-19-17-38-40-13-768x1024.jpg\" src=\"https:\/\/i0.wp.com\/cloud.alqueria.es\/wp-content\/uploads\/sites\/9\/2025\/01\/PHOTO-2025-01-19-17-38-40-13.jpg?w=154&#038;h=154&#038;crop=1&#038;ssl=1\" width=\"154\" height=\"154\" loading=\"lazy\" data-original-width=\"154\" data-original-height=\"154\" itemprop=\"http:\/\/schema.org\/image\" title=\"PHOTO-2025-01-19-17-38-40 13\" alt=\"PHOTO-2025-01-19-17-38-40 13\" style=\"width: 154px; height: 154px;\" \/> <\/a> <\/div> <\/div> <\/div> <div class=\"gallery-row\" style=\"width: 474px; height: 158px;\" data-original-width=\"474\" data-original-height=\"158\" > <div class=\"gallery-group\" style=\"width: 158px; height: 158px;\" data-original-width=\"158\" data-original-height=\"158\" > <div class=\"tiled-gallery-item \" itemprop=\"associatedMedia\" itemscope itemtype=\"http:\/\/schema.org\/ImageObject\"> <a href=\"https:\/\/www.alqueria.es\/blogs\/alqueriaamarillanaranja\/2025\/01\/20\/proyecto-de-ciclo-el-vivero\/photo-2025-01-19-17-38-40-15\/\" border=\"0\" itemprop=\"url\"> <meta itemprop=\"width\" content=\"154\"> <meta itemprop=\"height\" content=\"154\"> <img decoding=\"async\" class=\"\" data-attachment-id=\"74808\" data-orig-file=\"https:\/\/cloud.alqueria.es\/wp-content\/uploads\/sites\/9\/2025\/01\/PHOTO-2025-01-19-17-38-40-15.jpg\" data-orig-size=\"1200,1600\" data-comments-opened=\"1\" data-image-meta=\"{&quot;aperture&quot;:&quot;0&quot;,&quot;credit&quot;:&quot;&quot;,&quot;camera&quot;:&quot;&quot;,&quot;caption&quot;:&quot;&quot;,&quot;created_timestamp&quot;:&quot;0&quot;,&quot;copyright&quot;:&quot;&quot;,&quot;focal_length&quot;:&quot;0&quot;,&quot;iso&quot;:&quot;0&quot;,&quot;shutter_speed&quot;:&quot;0&quot;,&quot;title&quot;:&quot;&quot;,&quot;orientation&quot;:&quot;0&quot;}\" data-image-title=\"PHOTO-2025-01-19-17-38-40 15\" data-image-description=\"\" data-medium-file=\"https:\/\/cloud.alqueria.es\/wp-content\/uploads\/sites\/9\/2025\/01\/PHOTO-2025-01-19-17-38-40-15-225x300.jpg\" data-large-file=\"https:\/\/cloud.alqueria.es\/wp-content\/uploads\/sites\/9\/2025\/01\/PHOTO-2025-01-19-17-38-40-15-768x1024.jpg\" src=\"https:\/\/i0.wp.com\/cloud.alqueria.es\/wp-content\/uploads\/sites\/9\/2025\/01\/PHOTO-2025-01-19-17-38-40-15.jpg?w=154&#038;h=154&#038;crop=1&#038;ssl=1\" width=\"154\" height=\"154\" loading=\"lazy\" data-original-width=\"154\" data-original-height=\"154\" itemprop=\"http:\/\/schema.org\/image\" title=\"PHOTO-2025-01-19-17-38-40 15\" alt=\"PHOTO-2025-01-19-17-38-40 15\" style=\"width: 154px; height: 154px;\" \/> <\/a> <\/div> <\/div> <div class=\"gallery-group\" style=\"width: 158px; height: 158px;\" data-original-width=\"158\" data-original-height=\"158\" > <div class=\"tiled-gallery-item \" itemprop=\"associatedMedia\" itemscope itemtype=\"http:\/\/schema.org\/ImageObject\"> <a href=\"https:\/\/www.alqueria.es\/blogs\/alqueriaamarillanaranja\/2025\/01\/20\/proyecto-de-ciclo-el-vivero\/photo-2025-01-19-17-38-40-14\/\" border=\"0\" itemprop=\"url\"> <meta itemprop=\"width\" content=\"154\"> <meta itemprop=\"height\" content=\"154\"> <img decoding=\"async\" class=\"\" data-attachment-id=\"74809\" data-orig-file=\"https:\/\/cloud.alqueria.es\/wp-content\/uploads\/sites\/9\/2025\/01\/PHOTO-2025-01-19-17-38-40-14.jpg\" data-orig-size=\"1600,1200\" data-comments-opened=\"1\" data-image-meta=\"{&quot;aperture&quot;:&quot;0&quot;,&quot;credit&quot;:&quot;&quot;,&quot;camera&quot;:&quot;&quot;,&quot;caption&quot;:&quot;&quot;,&quot;created_timestamp&quot;:&quot;0&quot;,&quot;copyright&quot;:&quot;&quot;,&quot;focal_length&quot;:&quot;0&quot;,&quot;iso&quot;:&quot;0&quot;,&quot;shutter_speed&quot;:&quot;0&quot;,&quot;title&quot;:&quot;&quot;,&quot;orientation&quot;:&quot;0&quot;}\" data-image-title=\"PHOTO-2025-01-19-17-38-40 14\" data-image-description=\"\" data-medium-file=\"https:\/\/cloud.alqueria.es\/wp-content\/uploads\/sites\/9\/2025\/01\/PHOTO-2025-01-19-17-38-40-14-300x225.jpg\" data-large-file=\"https:\/\/cloud.alqueria.es\/wp-content\/uploads\/sites\/9\/2025\/01\/PHOTO-2025-01-19-17-38-40-14-1024x768.jpg\" src=\"https:\/\/i0.wp.com\/cloud.alqueria.es\/wp-content\/uploads\/sites\/9\/2025\/01\/PHOTO-2025-01-19-17-38-40-14.jpg?w=154&#038;h=154&#038;crop=1&#038;ssl=1\" width=\"154\" height=\"154\" loading=\"lazy\" data-original-width=\"154\" data-original-height=\"154\" itemprop=\"http:\/\/schema.org\/image\" title=\"PHOTO-2025-01-19-17-38-40 14\" alt=\"PHOTO-2025-01-19-17-38-40 14\" style=\"width: 154px; height: 154px;\" \/> <\/a> <\/div> <\/div> <div class=\"gallery-group\" style=\"width: 158px; height: 158px;\" data-original-width=\"158\" data-original-height=\"158\" > <div class=\"tiled-gallery-item \" itemprop=\"associatedMedia\" itemscope itemtype=\"http:\/\/schema.org\/ImageObject\"> <a href=\"https:\/\/www.alqueria.es\/blogs\/alqueriaamarillanaranja\/2025\/01\/20\/proyecto-de-ciclo-el-vivero\/photo-2025-01-19-17-38-40-11\/\" border=\"0\" itemprop=\"url\"> <meta itemprop=\"width\" content=\"154\"> <meta itemprop=\"height\" content=\"154\"> <img decoding=\"async\" class=\"\" data-attachment-id=\"74812\" data-orig-file=\"https:\/\/cloud.alqueria.es\/wp-content\/uploads\/sites\/9\/2025\/01\/PHOTO-2025-01-19-17-38-40-11.jpg\" data-orig-size=\"1600,1200\" data-comments-opened=\"1\" data-image-meta=\"{&quot;aperture&quot;:&quot;0&quot;,&quot;credit&quot;:&quot;&quot;,&quot;camera&quot;:&quot;&quot;,&quot;caption&quot;:&quot;&quot;,&quot;created_timestamp&quot;:&quot;0&quot;,&quot;copyright&quot;:&quot;&quot;,&quot;focal_length&quot;:&quot;0&quot;,&quot;iso&quot;:&quot;0&quot;,&quot;shutter_speed&quot;:&quot;0&quot;,&quot;title&quot;:&quot;&quot;,&quot;orientation&quot;:&quot;0&quot;}\" data-image-title=\"PHOTO-2025-01-19-17-38-40 11\" data-image-description=\"\" data-medium-file=\"https:\/\/cloud.alqueria.es\/wp-content\/uploads\/sites\/9\/2025\/01\/PHOTO-2025-01-19-17-38-40-11-300x225.jpg\" data-large-file=\"https:\/\/cloud.alqueria.es\/wp-content\/uploads\/sites\/9\/2025\/01\/PHOTO-2025-01-19-17-38-40-11-1024x768.jpg\" src=\"https:\/\/i0.wp.com\/cloud.alqueria.es\/wp-content\/uploads\/sites\/9\/2025\/01\/PHOTO-2025-01-19-17-38-40-11.jpg?w=154&#038;h=154&#038;crop=1&#038;ssl=1\" width=\"154\" height=\"154\" loading=\"lazy\" data-original-width=\"154\" data-original-height=\"154\" itemprop=\"http:\/\/schema.org\/image\" title=\"PHOTO-2025-01-19-17-38-40 11\" alt=\"PHOTO-2025-01-19-17-38-40 11\" style=\"width: 154px; height: 154px;\" \/> <\/a> <\/div> <\/div> <\/div> <\/div>\n<p><strong>Es muy importante la colaboraci\u00f3n y motivaci\u00f3n en dicha actividad para poder realizar nuestra tienda.<\/strong><\/p>\n<p><strong>Un abrazo,\u00a0<\/strong><\/p>\n<p><strong>Eva Oliva<\/strong><\/p>\n","protected":false},"excerpt":{"rendered":"<p>Como ya os mencion\u00e9 en la reuni\u00f3n de grupo, en este mes de enero, damos inicio al Proyecto de ciclo: *El Vivero*. Relacionando la tem\u00e1tica de nuestro Plan de Centro Anual \u00abAprender para Emprender\u00bb. A lo largo de los pr\u00f3ximos meses llevaremos a cabo esta actividad de siembra, que se desarrollar\u00e1 durante las Tardes cooperativas, &hellip; <a href=\"https:\/\/www.alqueria.es\/blogs\/alqueriaamarillanaranja\/2025\/01\/20\/proyecto-de-ciclo-el-vivero\/\" class=\"more-link\">Seguir leyendo <span class=\"screen-reader-text\">PROYECTO DE CICLO: EL VIVERO.<\/span> <span class=\"meta-nav\">&rarr;<\/span><\/a><\/p>\n","protected":false},"author":23,"featured_media":0,"comment_status":"open","ping_status":"open","sticky":false,"template":"","format":"standard","meta":{"jetpack_post_was_ever_published":false,"_jetpack_newsletter_access":"","_jetpack_dont_email_post_to_subs":false,"_jetpack_newsletter_tier_id":0,"_jetpack_memberships_contains_paywalled_content":false,"_jetpack_memberships_contains_paid_content":false,"footnotes":"","jetpack_publicize_message":"","jetpack_publicize_feature_enabled":true,"jetpack_social_post_already_shared":true,"jetpack_social_options":{"image_generator_settings":{"template":"highway","default_image_id":0,"font":"","enabled":false},"version":2}},"categories":[7,8,860,920],"tags":[],"class_list":["post-74803","post","type-post","status-publish","format-standard","hentry","category-clase-naranja","category-diario","category-tardes-cooperativas","category-vivero"],"jetpack_publicize_connections":[],"jetpack_featured_media_url":"","jetpack_sharing_enabled":true,"jetpack_shortlink":"https:\/\/wp.me\/p4lG08-jsv","jetpack-related-posts":[],"_links":{"self":[{"href":"https:\/\/www.alqueria.es\/blogs\/alqueriaamarillanaranja\/wp-json\/wp\/v2\/posts\/74803","targetHints":{"allow":["GET"]}}],"collection":[{"href":"https:\/\/www.alqueria.es\/blogs\/alqueriaamarillanaranja\/wp-json\/wp\/v2\/posts"}],"about":[{"href":"https:\/\/www.alqueria.es\/blogs\/alqueriaamarillanaranja\/wp-json\/wp\/v2\/types\/post"}],"author":[{"embeddable":true,"href":"https:\/\/www.alqueria.es\/blogs\/alqueriaamarillanaranja\/wp-json\/wp\/v2\/users\/23"}],"replies":[{"embeddable":true,"href":"https:\/\/www.alqueria.es\/blogs\/alqueriaamarillanaranja\/wp-json\/wp\/v2\/comments?post=74803"}],"version-history":[{"count":2,"href":"https:\/\/www.alqueria.es\/blogs\/alqueriaamarillanaranja\/wp-json\/wp\/v2\/posts\/74803\/revisions"}],"predecessor-version":[{"id":74825,"href":"https:\/\/www.alqueria.es\/blogs\/alqueriaamarillanaranja\/wp-json\/wp\/v2\/posts\/74803\/revisions\/74825"}],"wp:attachment":[{"href":"https:\/\/www.alqueria.es\/blogs\/alqueriaamarillanaranja\/wp-json\/wp\/v2\/media?parent=74803"}],"wp:term":[{"taxonomy":"category","embeddable":true,"href":"https:\/\/www.alqueria.es\/blogs\/alqueriaamarillanaranja\/wp-json\/wp\/v2\/categories?post=74803"},{"taxonomy":"post_tag","embeddable":true,"href":"https:\/\/www.alqueria.es\/blogs\/alqueriaamarillanaranja\/wp-json\/wp\/v2\/tags?post=74803"}],"curies":[{"name":"wp","href":"https:\/\/api.w.org\/{rel}","templated":true}]}}