{"id":7560,"date":"2013-12-05T15:25:19","date_gmt":"2013-12-05T14:25:19","guid":{"rendered":"http:\/\/alqueriaamarillanaranja.wordpress.com\/?p=7560"},"modified":"2014-02-24T12:47:53","modified_gmt":"2014-02-24T12:47:53","slug":"nos-vamos-de-puente","status":"publish","type":"post","link":"https:\/\/www.alqueria.es\/blogs\/alqueriaamarillanaranja\/2013\/12\/05\/nos-vamos-de-puente\/","title":{"rendered":"Nos vamos de puente&#8230;"},"content":{"rendered":"<p><em><span style=\"color:#0000ff\">Hoy hemos tenido un d\u00eda espl\u00e9ndido:<a href=\"http:\/\/alqueriaamarillanaranja.files.wordpress.com\/2013\/12\/6994260-kind-tekenen-van-plaats-onder-de-zon1.jpg\"><img decoding=\"async\" data-attachment-id=\"7565\" data-permalink=\"https:\/\/www.alqueria.es\/blogs\/alqueriaamarillanaranja\/6994260-kind-tekenen-van-plaats-onder-de-zon1\/\" data-orig-file=\"https:\/\/www.alqueria.es\/blogs\/alqueriaamarillanaranja\/wp-content\/uploads\/sites\/9\/2013\/12\/6994260-kind-tekenen-van-plaats-onder-de-zon1.jpg\" data-orig-size=\"1024,1024\" data-comments-opened=\"1\" data-image-meta=\"{&quot;aperture&quot;:&quot;0&quot;,&quot;credit&quot;:&quot;&quot;,&quot;camera&quot;:&quot;&quot;,&quot;caption&quot;:&quot;&quot;,&quot;created_timestamp&quot;:&quot;0&quot;,&quot;copyright&quot;:&quot;&quot;,&quot;focal_length&quot;:&quot;0&quot;,&quot;iso&quot;:&quot;0&quot;,&quot;shutter_speed&quot;:&quot;0&quot;,&quot;title&quot;:&quot;&quot;}\" data-image-title=\"6994260-kind-tekenen-van-plaats-onder-de-zon[1]\" data-image-description=\"\" data-image-caption=\"\" data-large-file=\"https:\/\/www.alqueria.es\/blogs\/alqueriaamarillanaranja\/wp-content\/uploads\/sites\/9\/2013\/12\/6994260-kind-tekenen-van-plaats-onder-de-zon1-1024x1024.jpg\" class=\"alignright  wp-image-7565\" alt=\"6994260-kind-tekenen-van-plaats-onder-de-zon[1]\" src=\"https:\/\/cloud.alqueria.es\/wp-content\/uploads\/sites\/9\/2013\/12\/6994260-kind-tekenen-van-plaats-onder-de-zon11.jpg\" width=\"240\" height=\"240\" \/><\/a><\/span><\/em><\/p>\n<p><em><span style=\"color:#0000ff\">&#8211; A primera hora, en nuestra sesi\u00f3n motriz, jugamos con los t\u00faneles y las telas gigantes que convierten nuestra clase en un mundo diferente abierto a la imaginaci\u00f3n.<\/span><\/em><\/p>\n<p><em><span style=\"color:#0000ff\">&#8211; Despu\u00e9s durante el juego libre, estas son las propuestas que escogen: la cocinita (que es su favorita&#8230;), los beb\u00e9s y las casitas. La sesi\u00f3n ha sido muy tranquila y se ha alargado hasta bien entrada la ma\u00f1ana.<\/span><\/em><\/p>\n<p><em><span style=\"color:#0000ff\">&#8211; Tras el juego, nos relajamos en las mesas y tenemos un taller de pintura en el que el soporte era mucho m\u00e1s peque\u00f1o de lo habitual, por lo que han tenido que ce\u00f1irse al espacio. Para pintar hemos usado t\u00e9mpera y bastoncillos de algod\u00f3n.<\/span><\/em><\/p>\n<p><em><span style=\"color:#0000ff\">&#8211; Y despu\u00e9s de reponer fuerzas con la fruta, bajamos al patio donde hemos disfrutado de un tiempo magn\u00edfico. Parec\u00eda un aut\u00e9ntico d\u00eda de primavera. En este espacio uno de los juegos que m\u00e1s les gusta es el del lobo y la casita; es un juego en el que participan en grupo y lo pasan \u00a1fenomenal!<\/span><\/em><\/p>\n<p><span style=\"text-decoration:underline\"><span style=\"color:#ff0000\"><em>IMPORTANTE:<\/em><\/span><\/span><\/p>\n<p><em><span style=\"color:#0000ff\">1. Os recuerdo que ma\u00f1ana viernes y el pr\u00f3ximo lunes el centro permanecer\u00e1 cerrado. As\u00ed que nos vemos el martes.<\/span><\/em><\/p>\n<p><em><span style=\"color:#0000ff\">2. Os hemos preparado un material para que <span style=\"text-decoration:underline\">durante el puente<\/span> hag\u00e1is con vuestros hijos e hijas una<span style=\"text-decoration:underline\"> estrella de navidad<\/span>. Lo m\u00e1s importante es que ellos participen en la actividad y que se\u00e1is lo m\u00e1s creativos posible, todo vale. Con estas estrellas daremos a nuestra clase un aire m\u00e1s festivo y navide\u00f1o como preparaci\u00f3n para las vacaciones. Espero vuestras creaciones. En la puerta de la clase he colgado una que he hecho yo a modo de ejemplo.<\/span><\/em><\/p>\n<p style=\"text-align:center\"><span style=\"text-decoration:underline\"><em><span style=\"color:#0000ff\">Espero que disfrut\u00e9is de este puente con vuestros hijos.<\/span><\/em><\/span><\/p>\n<p style=\"text-align:center\"><a href=\"https:\/\/cloud.alqueria.es\/wp-content\/uploads\/sites\/9\/2013\/12\/images-12.jpg\"><img decoding=\"async\" data-attachment-id=\"7563\" data-permalink=\"https:\/\/www.alqueria.es\/blogs\/alqueriaamarillanaranja\/images-1-3\/\" data-orig-file=\"https:\/\/www.alqueria.es\/blogs\/alqueriaamarillanaranja\/wp-content\/uploads\/sites\/9\/2013\/12\/images-1.jpg\" data-orig-size=\"252,145\" data-comments-opened=\"1\" data-image-meta=\"{&quot;aperture&quot;:&quot;0&quot;,&quot;credit&quot;:&quot;&quot;,&quot;camera&quot;:&quot;&quot;,&quot;caption&quot;:&quot;&quot;,&quot;created_timestamp&quot;:&quot;0&quot;,&quot;copyright&quot;:&quot;&quot;,&quot;focal_length&quot;:&quot;0&quot;,&quot;iso&quot;:&quot;0&quot;,&quot;shutter_speed&quot;:&quot;0&quot;,&quot;title&quot;:&quot;&quot;}\" data-image-title=\"images (1)\" data-image-description=\"\" data-image-caption=\"\" data-large-file=\"https:\/\/www.alqueria.es\/blogs\/alqueriaamarillanaranja\/wp-content\/uploads\/sites\/9\/2013\/12\/images-1.jpg\" class=\"aligncenter size-full wp-image-7563\" alt=\"images (1)\" src=\"https:\/\/cloud.alqueria.es\/wp-content\/uploads\/sites\/9\/2013\/12\/images-12.jpg\" width=\"252\" height=\"145\" \/><\/a><\/p>\n<p style=\"text-align:center\">\n","protected":false},"excerpt":{"rendered":"<p>Hoy hemos tenido un d\u00eda espl\u00e9ndido: &#8211; A primera hora, en nuestra sesi\u00f3n motriz, jugamos con los t\u00faneles y las telas gigantes que convierten nuestra clase en un mundo diferente abierto a la imaginaci\u00f3n. &#8211; Despu\u00e9s durante el juego libre, estas son las propuestas que escogen: la cocinita (que es su favorita&#8230;), los beb\u00e9s y &hellip; <a href=\"https:\/\/www.alqueria.es\/blogs\/alqueriaamarillanaranja\/2013\/12\/05\/nos-vamos-de-puente\/\" class=\"more-link\">Seguir leyendo <span class=\"screen-reader-text\">Nos vamos de puente&#8230;<\/span> <span class=\"meta-nav\">&rarr;<\/span><\/a><\/p>\n","protected":false},"author":23,"featured_media":0,"comment_status":"open","ping_status":"open","sticky":false,"template":"","format":"standard","meta":{"jetpack_post_was_ever_published":false,"_jetpack_newsletter_access":"","_jetpack_dont_email_post_to_subs":false,"_jetpack_newsletter_tier_id":0,"_jetpack_memberships_contains_paywalled_content":false,"_jetpack_memberships_contains_paid_content":false,"footnotes":"","jetpack_publicize_message":"","jetpack_publicize_feature_enabled":true,"jetpack_social_post_already_shared":true,"jetpack_social_options":{"image_generator_settings":{"template":"highway","default_image_id":0,"font":"","enabled":false},"version":2}},"categories":[6,9,18],"tags":[89,289],"class_list":["post-7560","post","type-post","status-publish","format-standard","hentry","category-clase-amarilla","category-diario-clase-amarilla","category-talleres","tag-metodo-de-propuestas","tag-talleres-creativos"],"jetpack_publicize_connections":[],"jetpack_featured_media_url":"","jetpack_sharing_enabled":true,"jetpack_shortlink":"https:\/\/wp.me\/p4lG08-1XW","jetpack-related-posts":[],"_links":{"self":[{"href":"https:\/\/www.alqueria.es\/blogs\/alqueriaamarillanaranja\/wp-json\/wp\/v2\/posts\/7560","targetHints":{"allow":["GET"]}}],"collection":[{"href":"https:\/\/www.alqueria.es\/blogs\/alqueriaamarillanaranja\/wp-json\/wp\/v2\/posts"}],"about":[{"href":"https:\/\/www.alqueria.es\/blogs\/alqueriaamarillanaranja\/wp-json\/wp\/v2\/types\/post"}],"author":[{"embeddable":true,"href":"https:\/\/www.alqueria.es\/blogs\/alqueriaamarillanaranja\/wp-json\/wp\/v2\/users\/23"}],"replies":[{"embeddable":true,"href":"https:\/\/www.alqueria.es\/blogs\/alqueriaamarillanaranja\/wp-json\/wp\/v2\/comments?post=7560"}],"version-history":[{"count":0,"href":"https:\/\/www.alqueria.es\/blogs\/alqueriaamarillanaranja\/wp-json\/wp\/v2\/posts\/7560\/revisions"}],"wp:attachment":[{"href":"https:\/\/www.alqueria.es\/blogs\/alqueriaamarillanaranja\/wp-json\/wp\/v2\/media?parent=7560"}],"wp:term":[{"taxonomy":"category","embeddable":true,"href":"https:\/\/www.alqueria.es\/blogs\/alqueriaamarillanaranja\/wp-json\/wp\/v2\/categories?post=7560"},{"taxonomy":"post_tag","embeddable":true,"href":"https:\/\/www.alqueria.es\/blogs\/alqueriaamarillanaranja\/wp-json\/wp\/v2\/tags?post=7560"}],"curies":[{"name":"wp","href":"https:\/\/api.w.org\/{rel}","templated":true}]}}