{"id":7621,"date":"2013-12-13T15:56:19","date_gmt":"2013-12-13T14:56:19","guid":{"rendered":"http:\/\/alqueriaamarillanaranja.wordpress.com\/?p=7621"},"modified":"2014-02-24T12:47:24","modified_gmt":"2014-02-24T12:47:24","slug":"adios-a-los-panales","status":"publish","type":"post","link":"https:\/\/www.alqueria.es\/blogs\/alqueriaamarillanaranja\/2013\/12\/13\/adios-a-los-panales\/","title":{"rendered":"\u00a1Adi\u00f3s a los pa\u00f1ales!"},"content":{"rendered":"<p><em>Esta ma\u00f1ana hemos tenido sesi\u00f3n intensiva psicomotriz con los bloques de goma-espuma.<\/em>\u00a0<em>Durante buena parte de la ma\u00f1ana hemos disfrutado con este material: apilando, construyendo, saltando, trepando, volteando&#8230;&#8230;.Han descargado mucha energ\u00eda y lo han pasado genial.<\/em><\/p>\n<p><em>En la asamblea ha repartido la fruta Mart\u00edn, y despu\u00e9s hacemos un repaso general con Lindley de todo lo que hemos aprendido durante este trimestre en ingl\u00e9s. Para ello usa unas l\u00e1minas visuales. Adem\u00e1s leen un nuevo cuento sobre el invierno, la nieve y los \u00absnowmen\u00bb.<\/em><\/p>\n<p><em><a href=\"https:\/\/cloud.alqueria.es\/wp-content\/uploads\/sites\/9\/2013\/12\/01.jpg\"><img decoding=\"async\" data-attachment-id=\"7624\" data-permalink=\"https:\/\/www.alqueria.es\/blogs\/alqueriaamarillanaranja\/0\/\" data-orig-file=\"https:\/\/www.alqueria.es\/blogs\/alqueriaamarillanaranja\/wp-content\/uploads\/sites\/9\/2013\/12\/0.jpg\" data-orig-size=\"200,164\" data-comments-opened=\"1\" data-image-meta=\"{&quot;aperture&quot;:&quot;0&quot;,&quot;credit&quot;:&quot;&quot;,&quot;camera&quot;:&quot;&quot;,&quot;caption&quot;:&quot;&quot;,&quot;created_timestamp&quot;:&quot;0&quot;,&quot;copyright&quot;:&quot;&quot;,&quot;focal_length&quot;:&quot;0&quot;,&quot;iso&quot;:&quot;0&quot;,&quot;shutter_speed&quot;:&quot;0&quot;,&quot;title&quot;:&quot;&quot;}\" data-image-title=\"0\" data-image-description=\"\" data-image-caption=\"\" data-large-file=\"https:\/\/www.alqueria.es\/blogs\/alqueriaamarillanaranja\/wp-content\/uploads\/sites\/9\/2013\/12\/0.jpg\" class=\"alignleft size-full wp-image-7624\" alt=\"0\" src=\"https:\/\/cloud.alqueria.es\/wp-content\/uploads\/sites\/9\/2013\/12\/01.jpg\" width=\"200\" height=\"164\" \/><\/a>Adem\u00e1s hoy, hemos le\u00eddo un cuento muy \u00abinteresante\u00bb que ha tra\u00eddo Alicia, se titula \u00ab\u00a1Adi\u00f3s a los pa\u00f1ales!\u00bb. Trata un tema \u00abde inter\u00e9s general\u00bb tanto por parte de las familias como de los ni\u00f1os en estas edades, la retirada del pa\u00f1al. A partir de los dos a\u00f1os los ni\u00f1os y ni\u00f1as tienen una motivaci\u00f3n especial por crecer y hacerse mayores. Todo lo que implique un avance madurativo para ellos es un reto. En la clase amarilla la gran mayor\u00eda de nuestros ni\u00f1os que a\u00fan tienen pa\u00f1al, est\u00e1n en una fase bastante avanzada del proceso de control de esf\u00ednteres. A partir del segundo trimestre \u00a1comenzaremos a retirar <a href=\"https:\/\/cloud.alqueria.es\/wp-content\/uploads\/sites\/9\/2013\/12\/images-112.jpg\"><img decoding=\"async\" data-attachment-id=\"7625\" data-permalink=\"https:\/\/www.alqueria.es\/blogs\/alqueriaamarillanaranja\/images-1-4\/\" data-orig-file=\"https:\/\/www.alqueria.es\/blogs\/alqueriaamarillanaranja\/wp-content\/uploads\/sites\/9\/2013\/12\/images-11.jpg\" data-orig-size=\"185,272\" data-comments-opened=\"1\" data-image-meta=\"{&quot;aperture&quot;:&quot;0&quot;,&quot;credit&quot;:&quot;&quot;,&quot;camera&quot;:&quot;&quot;,&quot;caption&quot;:&quot;&quot;,&quot;created_timestamp&quot;:&quot;0&quot;,&quot;copyright&quot;:&quot;&quot;,&quot;focal_length&quot;:&quot;0&quot;,&quot;iso&quot;:&quot;0&quot;,&quot;shutter_speed&quot;:&quot;0&quot;,&quot;title&quot;:&quot;&quot;}\" data-image-title=\"images (1)\" data-image-description=\"\" data-image-caption=\"\" data-large-file=\"https:\/\/www.alqueria.es\/blogs\/alqueriaamarillanaranja\/wp-content\/uploads\/sites\/9\/2013\/12\/images-11.jpg\" class=\"alignright  wp-image-7625\" alt=\"images (1)\" src=\"https:\/\/cloud.alqueria.es\/wp-content\/uploads\/sites\/9\/2013\/12\/images-112.jpg\" width=\"130\" height=\"190\" \/><\/a>pa\u00f1ales!. Y espero que durante estas vacaciones de navidad algunos valientes se atrevan y nos sorprendan en Enero con una buena noticia. Desde aqu\u00ed os animo a que viv\u00e1is el proceso con la mayor naturalidad posible.<\/em><\/p>\n<p><em>Os deseo un buen fin de semana. Los d\u00edas que nos quedan de trimestre van a ser intensos y van a estar llenos de actividades.<\/em><\/p>\n<p style=\"text-align:right\"><em>Loli G\u00e1lvez<\/em><\/p>\n","protected":false},"excerpt":{"rendered":"<p>Esta ma\u00f1ana hemos tenido sesi\u00f3n intensiva psicomotriz con los bloques de goma-espuma.\u00a0Durante buena parte de la ma\u00f1ana hemos disfrutado con este material: apilando, construyendo, saltando, trepando, volteando&#8230;&#8230;.Han descargado mucha energ\u00eda y lo han pasado genial. En la asamblea ha repartido la fruta Mart\u00edn, y despu\u00e9s hacemos un repaso general con Lindley de todo lo que &hellip; <a href=\"https:\/\/www.alqueria.es\/blogs\/alqueriaamarillanaranja\/2013\/12\/13\/adios-a-los-panales\/\" class=\"more-link\">Seguir leyendo <span class=\"screen-reader-text\">\u00a1Adi\u00f3s a los pa\u00f1ales!<\/span> <span class=\"meta-nav\">&rarr;<\/span><\/a><\/p>\n","protected":false},"author":23,"featured_media":0,"comment_status":"open","ping_status":"open","sticky":false,"template":"","format":"standard","meta":{"jetpack_post_was_ever_published":false,"_jetpack_newsletter_access":"","_jetpack_dont_email_post_to_subs":false,"_jetpack_newsletter_tier_id":0,"_jetpack_memberships_contains_paywalled_content":false,"_jetpack_memberships_contains_paid_content":false,"footnotes":"","jetpack_publicize_message":"","jetpack_publicize_feature_enabled":true,"jetpack_social_post_already_shared":true,"jetpack_social_options":{"image_generator_settings":{"template":"highway","default_image_id":0,"font":"","enabled":false},"version":2}},"categories":[6,9],"tags":[],"class_list":["post-7621","post","type-post","status-publish","format-standard","hentry","category-clase-amarilla","category-diario-clase-amarilla"],"jetpack_publicize_connections":[],"jetpack_featured_media_url":"","jetpack_sharing_enabled":true,"jetpack_shortlink":"https:\/\/wp.me\/p4lG08-1YV","jetpack-related-posts":[],"_links":{"self":[{"href":"https:\/\/www.alqueria.es\/blogs\/alqueriaamarillanaranja\/wp-json\/wp\/v2\/posts\/7621","targetHints":{"allow":["GET"]}}],"collection":[{"href":"https:\/\/www.alqueria.es\/blogs\/alqueriaamarillanaranja\/wp-json\/wp\/v2\/posts"}],"about":[{"href":"https:\/\/www.alqueria.es\/blogs\/alqueriaamarillanaranja\/wp-json\/wp\/v2\/types\/post"}],"author":[{"embeddable":true,"href":"https:\/\/www.alqueria.es\/blogs\/alqueriaamarillanaranja\/wp-json\/wp\/v2\/users\/23"}],"replies":[{"embeddable":true,"href":"https:\/\/www.alqueria.es\/blogs\/alqueriaamarillanaranja\/wp-json\/wp\/v2\/comments?post=7621"}],"version-history":[{"count":0,"href":"https:\/\/www.alqueria.es\/blogs\/alqueriaamarillanaranja\/wp-json\/wp\/v2\/posts\/7621\/revisions"}],"wp:attachment":[{"href":"https:\/\/www.alqueria.es\/blogs\/alqueriaamarillanaranja\/wp-json\/wp\/v2\/media?parent=7621"}],"wp:term":[{"taxonomy":"category","embeddable":true,"href":"https:\/\/www.alqueria.es\/blogs\/alqueriaamarillanaranja\/wp-json\/wp\/v2\/categories?post=7621"},{"taxonomy":"post_tag","embeddable":true,"href":"https:\/\/www.alqueria.es\/blogs\/alqueriaamarillanaranja\/wp-json\/wp\/v2\/tags?post=7621"}],"curies":[{"name":"wp","href":"https:\/\/api.w.org\/{rel}","templated":true}]}}