{"id":76639,"date":"2025-03-31T22:52:14","date_gmt":"2025-03-31T20:52:14","guid":{"rendered":"https:\/\/www.alqueria.es\/blogs\/alqueriaamarillanaranja\/?p=76639"},"modified":"2025-03-31T22:52:14","modified_gmt":"2025-03-31T20:52:14","slug":"libro-viajero-y-cumpleanos-de-mateo","status":"publish","type":"post","link":"https:\/\/www.alqueria.es\/blogs\/alqueriaamarillanaranja\/2025\/03\/31\/libro-viajero-y-cumpleanos-de-mateo\/","title":{"rendered":"LIBRO VIAJERO Y CUMPLEA\u00d1OS DE MATEO"},"content":{"rendered":"<p><strong>Estimadas familias,<\/strong><\/p>\n<p><strong>Hoy os quiero hablar del\u00a0 <span style=\"color: #ff00ff\">\u00abLibro Viajero\u00bb<\/span>, como actividad importante dentro de la Semana de la Lectura.<\/strong><\/p>\n<p><strong>Desde hace ya algunos a\u00f1os, en el ciclo 0-3, llevamos a cabo una actividad dentro de nuestra Semana de la Lectura, que llamamos Libro viajero y en el que las familias colaboran ya que estos peques no saben escribir, ni leer je, je, je.<\/strong><\/p>\n<p><strong>El viernes voy a entregar un folio decorado con sus s\u00edmbolos en el que vosotros ten\u00e9is que escribir algo relacionado con los gustos y preferencias de vuestros hijos e hijas. Ten\u00e9is que relacionarlo con los cuentos que m\u00e1s les gustan y que cont\u00e1is en casa, alguna poes\u00eda, canci\u00f3n, retah\u00edla\u2026.que dig\u00e1is en casa y que sea significativo para ellos y ellas. Pod\u00e9is incluir fotos, dibujos, pegatinas etc. Lo importante es que lo realic\u00e9is con ellos y ellas,\u00a0 y que participen en la creaci\u00f3n.<\/strong><\/p>\n<p><strong>Cuando tengamos todas las hojas, vamos a crear un libro que viajar\u00e1 con nosotros durante este curso y despu\u00e9s en la carpeta hasta vuestra casa. Dentro de la semana de la lectura programaremos un d\u00eda para su presentaci\u00f3n y lectura, y formar\u00e1 parte como libro de la biblioteca hasta que finalice el curso.<\/strong><\/p>\n<div id=\"gallery-69467-1-slideshow\" class=\"jetpack-slideshow-window jetpack-slideshow jetpack-slideshow-black\" data-trans=\"fade\" data-autostart=\"1\" data-gallery=\"[{&quot;src&quot;:&quot;https:\\\/\\\/cloud.alqueria.es\\\/wp-content\\\/uploads\\\/sites\\\/9\\\/2024\\\/04\\\/20240408_133725.jpg&quot;,&quot;id&quot;:&quot;69473&quot;,&quot;title&quot;:&quot;20240408_133725&quot;,&quot;alt&quot;:&quot;&quot;,&quot;caption&quot;:&quot;&quot;,&quot;itemprop&quot;:&quot;image&quot;},{&quot;src&quot;:&quot;https:\\\/\\\/cloud.alqueria.es\\\/wp-content\\\/uploads\\\/sites\\\/9\\\/2024\\\/04\\\/20240408_133708.jpg&quot;,&quot;id&quot;:&quot;69472&quot;,&quot;title&quot;:&quot;20240408_133708&quot;,&quot;alt&quot;:&quot;&quot;,&quot;caption&quot;:&quot;&quot;,&quot;itemprop&quot;:&quot;image&quot;},{&quot;src&quot;:&quot;https:\\\/\\\/cloud.alqueria.es\\\/wp-content\\\/uploads\\\/sites\\\/9\\\/2024\\\/04\\\/20240408_133641.jpg&quot;,&quot;id&quot;:&quot;69471&quot;,&quot;title&quot;:&quot;20240408_133641&quot;,&quot;alt&quot;:&quot;&quot;,&quot;caption&quot;:&quot;&quot;,&quot;itemprop&quot;:&quot;image&quot;},{&quot;src&quot;:&quot;https:\\\/\\\/cloud.alqueria.es\\\/wp-content\\\/uploads\\\/sites\\\/9\\\/2024\\\/04\\\/20240408_133523.jpg&quot;,&quot;id&quot;:&quot;69470&quot;,&quot;title&quot;:&quot;20240408_133523&quot;,&quot;alt&quot;:&quot;&quot;,&quot;caption&quot;:&quot;&quot;,&quot;itemprop&quot;:&quot;image&quot;},{&quot;src&quot;:&quot;https:\\\/\\\/cloud.alqueria.es\\\/wp-content\\\/uploads\\\/sites\\\/9\\\/2024\\\/04\\\/20240408_133440.jpg&quot;,&quot;id&quot;:&quot;69469&quot;,&quot;title&quot;:&quot;20240408_133440&quot;,&quot;alt&quot;:&quot;&quot;,&quot;caption&quot;:&quot;&quot;,&quot;itemprop&quot;:&quot;image&quot;},{&quot;src&quot;:&quot;https:\\\/\\\/cloud.alqueria.es\\\/wp-content\\\/uploads\\\/sites\\\/9\\\/2024\\\/04\\\/20240408_134102.jpg&quot;,&quot;id&quot;:&quot;69468&quot;,&quot;title&quot;:&quot;20240408_134102&quot;,&quot;alt&quot;:&quot;&quot;,&quot;caption&quot;:&quot;&quot;,&quot;itemprop&quot;:&quot;image&quot;}]\" data-processed=\"true\">\n<div class=\"jetpack-slideshow-slide\">\n<div class=\"jetpack-slideshow-slide-caption\"><strong>Os dejaremos como orientaci\u00f3n el libro que hicieron el curso pasado los azulitos.<\/strong><\/div>\n<\/div>\n<div class=\"jetpack-slideshow-controls\"><\/div>\n<\/div>\n<p><strong>Tendr\u00e9is una semana para hacerlo en casa y una vez aqu\u00ed lo iremos archivando para ir elaborando nuestro libro.<\/strong><\/p>\n<p><strong>Si tras la lectura de esta entrada os surge alguna consulta lo resolvemos en el momento.<\/strong><\/p>\n<p><strong>Hoy celebramos el cumplea\u00f1os de Mateo, que cumple sus tres a\u00f1os.<\/strong><\/p>\n<p><img decoding=\"async\" data-attachment-id=\"76640\" data-permalink=\"https:\/\/www.alqueria.es\/blogs\/alqueriaamarillanaranja\/2025\/03\/31\/libro-viajero-y-cumpleanos-de-mateo\/20250331_103633\/\" data-orig-file=\"https:\/\/cloud.alqueria.es\/wp-content\/uploads\/sites\/9\/2025\/03\/20250331_103633.jpg\" data-orig-size=\"1428,804\" data-comments-opened=\"1\" data-image-meta=\"{&quot;aperture&quot;:&quot;1.8&quot;,&quot;credit&quot;:&quot;&quot;,&quot;camera&quot;:&quot;Galaxy A15&quot;,&quot;caption&quot;:&quot;&quot;,&quot;created_timestamp&quot;:&quot;1743417393&quot;,&quot;copyright&quot;:&quot;&quot;,&quot;focal_length&quot;:&quot;3.98&quot;,&quot;iso&quot;:&quot;125&quot;,&quot;shutter_speed&quot;:&quot;0.02&quot;,&quot;title&quot;:&quot;&quot;,&quot;orientation&quot;:&quot;1&quot;}\" data-image-title=\"20250331_103633\" data-image-description=\"\" data-image-caption=\"\" data-large-file=\"https:\/\/cloud.alqueria.es\/wp-content\/uploads\/sites\/9\/2025\/03\/20250331_103633-1024x577.jpg\" class=\"aligncenter size-large wp-image-76640\" src=\"https:\/\/cloud.alqueria.es\/wp-content\/uploads\/sites\/9\/2025\/03\/20250331_103633-1024x577.jpg\" alt=\"\" width=\"474\" height=\"267\" srcset=\"https:\/\/cloud.alqueria.es\/wp-content\/uploads\/sites\/9\/2025\/03\/20250331_103633-1024x577.jpg 1024w, https:\/\/cloud.alqueria.es\/wp-content\/uploads\/sites\/9\/2025\/03\/20250331_103633-300x169.jpg 300w, https:\/\/cloud.alqueria.es\/wp-content\/uploads\/sites\/9\/2025\/03\/20250331_103633-768x432.jpg 768w, https:\/\/cloud.alqueria.es\/wp-content\/uploads\/sites\/9\/2025\/03\/20250331_103633.jpg 1428w\" sizes=\"(max-width: 474px) 100vw, 474px\" \/><\/p>\n<p><strong>Ha sido un d\u00eda especial para \u00e9l y para todos los compa\u00f1eros y compa\u00f1eras porque solemos cambiar la rutina y seguimos el protocolo de los d\u00edas de cumplea\u00f1os que tanto les gustan.<\/strong><\/p>\n<p><strong>Primero le hacemos un bonito dibujo y despu\u00e9s, tras soplar la vela, nos invita a un trozo de bizcocho que les ha gustado mucho.<\/strong><\/p>\n<div class=\"tiled-gallery type-rectangular tiled-gallery-unresized\" data-original-width=\"474\" data-carousel-extra='{&quot;blog_id&quot;:9,&quot;permalink&quot;:&quot;https:\\\/\\\/www.alqueria.es\\\/blogs\\\/alqueriaamarillanaranja\\\/2025\\\/03\\\/31\\\/libro-viajero-y-cumpleanos-de-mateo\\\/&quot;,&quot;likes_blog_id&quot;:64271688}' itemscope itemtype=\"http:\/\/schema.org\/ImageGallery\" > <div class=\"gallery-row\" style=\"width: 474px; height: 216px;\" data-original-width=\"474\" data-original-height=\"216\" > <div class=\"gallery-group images-2\" style=\"width: 93px; height: 216px;\" data-original-width=\"93\" data-original-height=\"216\" > <div class=\"tiled-gallery-item tiled-gallery-item-small\" itemprop=\"associatedMedia\" itemscope itemtype=\"http:\/\/schema.org\/ImageObject\"> <a href=\"https:\/\/www.alqueria.es\/blogs\/alqueriaamarillanaranja\/2025\/03\/31\/libro-viajero-y-cumpleanos-de-mateo\/20250331_103956\/\" border=\"0\" itemprop=\"url\"> <meta itemprop=\"width\" content=\"89\"> <meta itemprop=\"height\" content=\"158\"> <img decoding=\"async\" class=\"\" data-attachment-id=\"76641\" data-orig-file=\"https:\/\/cloud.alqueria.es\/wp-content\/uploads\/sites\/9\/2025\/03\/20250331_103956.jpg\" data-orig-size=\"918,1632\" data-comments-opened=\"1\" data-image-meta=\"{&quot;aperture&quot;:&quot;1.8&quot;,&quot;credit&quot;:&quot;&quot;,&quot;camera&quot;:&quot;Galaxy A15&quot;,&quot;caption&quot;:&quot;&quot;,&quot;created_timestamp&quot;:&quot;1743417596&quot;,&quot;copyright&quot;:&quot;&quot;,&quot;focal_length&quot;:&quot;3.98&quot;,&quot;iso&quot;:&quot;100&quot;,&quot;shutter_speed&quot;:&quot;0.02&quot;,&quot;title&quot;:&quot;&quot;,&quot;orientation&quot;:&quot;1&quot;}\" data-image-title=\"20250331_103956\" data-image-description=\"\" data-medium-file=\"https:\/\/cloud.alqueria.es\/wp-content\/uploads\/sites\/9\/2025\/03\/20250331_103956-169x300.jpg\" data-large-file=\"https:\/\/cloud.alqueria.es\/wp-content\/uploads\/sites\/9\/2025\/03\/20250331_103956-576x1024.jpg\" src=\"https:\/\/i0.wp.com\/cloud.alqueria.es\/wp-content\/uploads\/sites\/9\/2025\/03\/20250331_103956.jpg?w=89&#038;h=158&#038;ssl=1\" srcset=\"https:\/\/cloud.alqueria.es\/wp-content\/uploads\/sites\/9\/2025\/03\/20250331_103956.jpg 918w, https:\/\/cloud.alqueria.es\/wp-content\/uploads\/sites\/9\/2025\/03\/20250331_103956-169x300.jpg 169w, https:\/\/cloud.alqueria.es\/wp-content\/uploads\/sites\/9\/2025\/03\/20250331_103956-576x1024.jpg 576w, https:\/\/cloud.alqueria.es\/wp-content\/uploads\/sites\/9\/2025\/03\/20250331_103956-768x1365.jpg 768w, https:\/\/cloud.alqueria.es\/wp-content\/uploads\/sites\/9\/2025\/03\/20250331_103956-864x1536.jpg 864w\" width=\"89\" height=\"158\" loading=\"lazy\" data-original-width=\"89\" data-original-height=\"158\" itemprop=\"http:\/\/schema.org\/image\" title=\"20250331_103956\" alt=\"20250331_103956\" style=\"width: 89px; height: 158px;\" \/> <\/a> <\/div> <div class=\"tiled-gallery-item tiled-gallery-item-small\" itemprop=\"associatedMedia\" itemscope itemtype=\"http:\/\/schema.org\/ImageObject\"> <a href=\"https:\/\/www.alqueria.es\/blogs\/alqueriaamarillanaranja\/2025\/03\/31\/libro-viajero-y-cumpleanos-de-mateo\/20250331_104311\/\" border=\"0\" itemprop=\"url\"> <meta itemprop=\"width\" content=\"89\"> <meta itemprop=\"height\" content=\"50\"> <img decoding=\"async\" class=\"\" data-attachment-id=\"76642\" data-orig-file=\"https:\/\/cloud.alqueria.es\/wp-content\/uploads\/sites\/9\/2025\/03\/20250331_104311.jpg\" data-orig-size=\"1632,918\" data-comments-opened=\"1\" data-image-meta=\"{&quot;aperture&quot;:&quot;1.8&quot;,&quot;credit&quot;:&quot;&quot;,&quot;camera&quot;:&quot;Galaxy A15&quot;,&quot;caption&quot;:&quot;&quot;,&quot;created_timestamp&quot;:&quot;1743417792&quot;,&quot;copyright&quot;:&quot;&quot;,&quot;focal_length&quot;:&quot;3.98&quot;,&quot;iso&quot;:&quot;50&quot;,&quot;shutter_speed&quot;:&quot;0.02&quot;,&quot;title&quot;:&quot;&quot;,&quot;orientation&quot;:&quot;1&quot;}\" data-image-title=\"20250331_104311\" data-image-description=\"\" data-medium-file=\"https:\/\/cloud.alqueria.es\/wp-content\/uploads\/sites\/9\/2025\/03\/20250331_104311-300x169.jpg\" data-large-file=\"https:\/\/cloud.alqueria.es\/wp-content\/uploads\/sites\/9\/2025\/03\/20250331_104311-1024x576.jpg\" src=\"https:\/\/i0.wp.com\/cloud.alqueria.es\/wp-content\/uploads\/sites\/9\/2025\/03\/20250331_104311.jpg?w=89&#038;h=50&#038;ssl=1\" srcset=\"https:\/\/cloud.alqueria.es\/wp-content\/uploads\/sites\/9\/2025\/03\/20250331_104311.jpg 1632w, https:\/\/cloud.alqueria.es\/wp-content\/uploads\/sites\/9\/2025\/03\/20250331_104311-300x169.jpg 300w, https:\/\/cloud.alqueria.es\/wp-content\/uploads\/sites\/9\/2025\/03\/20250331_104311-1024x576.jpg 1024w, https:\/\/cloud.alqueria.es\/wp-content\/uploads\/sites\/9\/2025\/03\/20250331_104311-768x432.jpg 768w, https:\/\/cloud.alqueria.es\/wp-content\/uploads\/sites\/9\/2025\/03\/20250331_104311-1536x864.jpg 1536w, https:\/\/cloud.alqueria.es\/wp-content\/uploads\/sites\/9\/2025\/03\/20250331_104311-672x372.jpg 672w, https:\/\/cloud.alqueria.es\/wp-content\/uploads\/sites\/9\/2025\/03\/20250331_104311-1038x576.jpg 1038w\" width=\"89\" height=\"50\" loading=\"lazy\" data-original-width=\"89\" data-original-height=\"50\" itemprop=\"http:\/\/schema.org\/image\" title=\"20250331_104311\" alt=\"20250331_104311\" style=\"width: 89px; height: 50px;\" \/> <\/a> <\/div> <\/div> <!-- close group --> <div class=\"gallery-group images-1\" style=\"width: 381px; height: 216px;\" data-original-width=\"381\" data-original-height=\"216\" > <div class=\"tiled-gallery-item tiled-gallery-item-large\" itemprop=\"associatedMedia\" itemscope itemtype=\"http:\/\/schema.org\/ImageObject\"> <a href=\"https:\/\/www.alqueria.es\/blogs\/alqueriaamarillanaranja\/2025\/03\/31\/libro-viajero-y-cumpleanos-de-mateo\/20250331_104321\/\" border=\"0\" itemprop=\"url\"> <meta itemprop=\"width\" content=\"377\"> <meta itemprop=\"height\" content=\"212\"> <img decoding=\"async\" class=\"\" data-attachment-id=\"76643\" data-orig-file=\"https:\/\/cloud.alqueria.es\/wp-content\/uploads\/sites\/9\/2025\/03\/20250331_104321.jpg\" data-orig-size=\"1632,918\" data-comments-opened=\"1\" data-image-meta=\"{&quot;aperture&quot;:&quot;1.8&quot;,&quot;credit&quot;:&quot;&quot;,&quot;camera&quot;:&quot;Galaxy A15&quot;,&quot;caption&quot;:&quot;&quot;,&quot;created_timestamp&quot;:&quot;1743417802&quot;,&quot;copyright&quot;:&quot;&quot;,&quot;focal_length&quot;:&quot;3.98&quot;,&quot;iso&quot;:&quot;100&quot;,&quot;shutter_speed&quot;:&quot;0.02&quot;,&quot;title&quot;:&quot;&quot;,&quot;orientation&quot;:&quot;1&quot;}\" data-image-title=\"20250331_104321\" data-image-description=\"\" data-medium-file=\"https:\/\/cloud.alqueria.es\/wp-content\/uploads\/sites\/9\/2025\/03\/20250331_104321-300x169.jpg\" data-large-file=\"https:\/\/cloud.alqueria.es\/wp-content\/uploads\/sites\/9\/2025\/03\/20250331_104321-1024x576.jpg\" src=\"https:\/\/i0.wp.com\/cloud.alqueria.es\/wp-content\/uploads\/sites\/9\/2025\/03\/20250331_104321.jpg?w=377&#038;h=212&#038;ssl=1\" srcset=\"https:\/\/cloud.alqueria.es\/wp-content\/uploads\/sites\/9\/2025\/03\/20250331_104321.jpg 1632w, https:\/\/cloud.alqueria.es\/wp-content\/uploads\/sites\/9\/2025\/03\/20250331_104321-300x169.jpg 300w, https:\/\/cloud.alqueria.es\/wp-content\/uploads\/sites\/9\/2025\/03\/20250331_104321-1024x576.jpg 1024w, https:\/\/cloud.alqueria.es\/wp-content\/uploads\/sites\/9\/2025\/03\/20250331_104321-768x432.jpg 768w, https:\/\/cloud.alqueria.es\/wp-content\/uploads\/sites\/9\/2025\/03\/20250331_104321-1536x864.jpg 1536w\" width=\"377\" height=\"212\" loading=\"lazy\" data-original-width=\"377\" data-original-height=\"212\" itemprop=\"http:\/\/schema.org\/image\" title=\"20250331_104321\" alt=\"20250331_104321\" style=\"width: 377px; height: 212px;\" \/> <\/a> <\/div> <\/div> <!-- close group --> <\/div> <!-- close row --> <\/div>\n<p><strong>Terminamos esta celebraci\u00f3n en el Parque, donde disfrutamos de un espl\u00e9ndido d\u00eda de sol.\u00a0<\/strong><\/p>\n<p><strong>Os dejo una foto de lo bonitas y grandes que est\u00e1n nuestras habas.<\/strong><\/p>\n<p><img decoding=\"async\" data-attachment-id=\"76644\" data-permalink=\"https:\/\/www.alqueria.es\/blogs\/alqueriaamarillanaranja\/2025\/03\/31\/libro-viajero-y-cumpleanos-de-mateo\/20250331_114010\/\" data-orig-file=\"https:\/\/cloud.alqueria.es\/wp-content\/uploads\/sites\/9\/2025\/03\/20250331_114010.jpg\" data-orig-size=\"1413,876\" data-comments-opened=\"1\" data-image-meta=\"{&quot;aperture&quot;:&quot;1.8&quot;,&quot;credit&quot;:&quot;&quot;,&quot;camera&quot;:&quot;Galaxy A15&quot;,&quot;caption&quot;:&quot;&quot;,&quot;created_timestamp&quot;:&quot;1743421210&quot;,&quot;copyright&quot;:&quot;&quot;,&quot;focal_length&quot;:&quot;3.98&quot;,&quot;iso&quot;:&quot;20&quot;,&quot;shutter_speed&quot;:&quot;0.0051&quot;,&quot;title&quot;:&quot;&quot;,&quot;orientation&quot;:&quot;1&quot;}\" data-image-title=\"20250331_114010\" data-image-description=\"\" data-image-caption=\"\" data-large-file=\"https:\/\/cloud.alqueria.es\/wp-content\/uploads\/sites\/9\/2025\/03\/20250331_114010-1024x635.jpg\" class=\"aligncenter size-large wp-image-76644\" src=\"https:\/\/cloud.alqueria.es\/wp-content\/uploads\/sites\/9\/2025\/03\/20250331_114010-1024x635.jpg\" alt=\"\" width=\"474\" height=\"294\" srcset=\"https:\/\/cloud.alqueria.es\/wp-content\/uploads\/sites\/9\/2025\/03\/20250331_114010-1024x635.jpg 1024w, https:\/\/cloud.alqueria.es\/wp-content\/uploads\/sites\/9\/2025\/03\/20250331_114010-300x186.jpg 300w, https:\/\/cloud.alqueria.es\/wp-content\/uploads\/sites\/9\/2025\/03\/20250331_114010-768x476.jpg 768w, https:\/\/cloud.alqueria.es\/wp-content\/uploads\/sites\/9\/2025\/03\/20250331_114010.jpg 1413w\" sizes=\"(max-width: 474px) 100vw, 474px\" \/><\/p>\n<p><strong>Hasta ma\u00f1ana familias.<\/strong><\/p>\n<p><strong>Carmen<\/strong><\/p>\n","protected":false},"excerpt":{"rendered":"<p>Estimadas familias, Hoy os quiero hablar del\u00a0 \u00abLibro Viajero\u00bb, como actividad importante dentro de la Semana de la Lectura. Desde hace ya algunos a\u00f1os, en el ciclo 0-3, llevamos a cabo una actividad dentro de nuestra Semana de la Lectura, que llamamos Libro viajero y en el que las familias colaboran ya que estos peques &hellip; <a href=\"https:\/\/www.alqueria.es\/blogs\/alqueriaamarillanaranja\/2025\/03\/31\/libro-viajero-y-cumpleanos-de-mateo\/\" class=\"more-link\">Seguir leyendo <span class=\"screen-reader-text\">LIBRO VIAJERO Y CUMPLEA\u00d1OS DE MATEO<\/span> <span class=\"meta-nav\">&rarr;<\/span><\/a><\/p>\n","protected":false},"author":23,"featured_media":0,"comment_status":"open","ping_status":"open","sticky":false,"template":"","format":"standard","meta":{"jetpack_post_was_ever_published":false,"_jetpack_newsletter_access":"","_jetpack_dont_email_post_to_subs":false,"_jetpack_newsletter_tier_id":0,"_jetpack_memberships_contains_paywalled_content":false,"_jetpack_memberships_contains_paid_content":false,"footnotes":"","jetpack_publicize_message":"","jetpack_publicize_feature_enabled":true,"jetpack_social_post_already_shared":true,"jetpack_social_options":{"image_generator_settings":{"template":"highway","default_image_id":0,"font":"","enabled":false},"version":2}},"categories":[6,9,14],"tags":[720,995],"class_list":["post-76639","post","type-post","status-publish","format-standard","hentry","category-clase-amarilla","category-diario-clase-amarilla","category-fiestas-y-dias-especiales","tag-celebracion-de-cumpleanos","tag-libro-viajero"],"jetpack_publicize_connections":[],"jetpack_featured_media_url":"","jetpack_sharing_enabled":true,"jetpack_shortlink":"https:\/\/wp.me\/p4lG08-jW7","jetpack-related-posts":[],"_links":{"self":[{"href":"https:\/\/www.alqueria.es\/blogs\/alqueriaamarillanaranja\/wp-json\/wp\/v2\/posts\/76639","targetHints":{"allow":["GET"]}}],"collection":[{"href":"https:\/\/www.alqueria.es\/blogs\/alqueriaamarillanaranja\/wp-json\/wp\/v2\/posts"}],"about":[{"href":"https:\/\/www.alqueria.es\/blogs\/alqueriaamarillanaranja\/wp-json\/wp\/v2\/types\/post"}],"author":[{"embeddable":true,"href":"https:\/\/www.alqueria.es\/blogs\/alqueriaamarillanaranja\/wp-json\/wp\/v2\/users\/23"}],"replies":[{"embeddable":true,"href":"https:\/\/www.alqueria.es\/blogs\/alqueriaamarillanaranja\/wp-json\/wp\/v2\/comments?post=76639"}],"version-history":[{"count":1,"href":"https:\/\/www.alqueria.es\/blogs\/alqueriaamarillanaranja\/wp-json\/wp\/v2\/posts\/76639\/revisions"}],"predecessor-version":[{"id":76645,"href":"https:\/\/www.alqueria.es\/blogs\/alqueriaamarillanaranja\/wp-json\/wp\/v2\/posts\/76639\/revisions\/76645"}],"wp:attachment":[{"href":"https:\/\/www.alqueria.es\/blogs\/alqueriaamarillanaranja\/wp-json\/wp\/v2\/media?parent=76639"}],"wp:term":[{"taxonomy":"category","embeddable":true,"href":"https:\/\/www.alqueria.es\/blogs\/alqueriaamarillanaranja\/wp-json\/wp\/v2\/categories?post=76639"},{"taxonomy":"post_tag","embeddable":true,"href":"https:\/\/www.alqueria.es\/blogs\/alqueriaamarillanaranja\/wp-json\/wp\/v2\/tags?post=76639"}],"curies":[{"name":"wp","href":"https:\/\/api.w.org\/{rel}","templated":true}]}}