{"id":77101,"date":"2025-04-23T18:50:01","date_gmt":"2025-04-23T16:50:01","guid":{"rendered":"https:\/\/www.alqueria.es\/blogs\/alqueriaamarillanaranja\/?p=77101"},"modified":"2025-04-23T18:50:01","modified_gmt":"2025-04-23T16:50:01","slug":"tercera-jornada-semana-de-la-lectura-cuentos-multilingues","status":"publish","type":"post","link":"https:\/\/www.alqueria.es\/blogs\/alqueriaamarillanaranja\/2025\/04\/23\/tercera-jornada-semana-de-la-lectura-cuentos-multilingues\/","title":{"rendered":"TERCERA JORNADA SEMANA DE LA LECTURA. CUENTOS MULTIL\u00cdNG\u00dcES"},"content":{"rendered":"<p><strong>Hola familias,<\/strong><\/p>\n<p><strong>Ya estamos en la mitad de la semana y seguimos inmersos en el mundo de los cuentos y de la fantas\u00eda. Hoy les ha tocado el turno a algunas familias que han venido a leernos cuentos en otros <span style=\"color: #ff00ff\">idiomas<\/span> muy diferentes al nuestro (franc\u00e9s, ingl\u00e9s, portugu\u00e9s y alem\u00e1n).\u00a0<\/strong><\/p>\n<div class=\"tiled-gallery type-rectangular tiled-gallery-unresized\" data-original-width=\"474\" data-carousel-extra='{&quot;blog_id&quot;:9,&quot;permalink&quot;:&quot;https:\\\/\\\/www.alqueria.es\\\/blogs\\\/alqueriaamarillanaranja\\\/2025\\\/04\\\/23\\\/tercera-jornada-semana-de-la-lectura-cuentos-multilingues\\\/&quot;,&quot;likes_blog_id&quot;:64271688}' itemscope itemtype=\"http:\/\/schema.org\/ImageGallery\" > <div class=\"gallery-row\" style=\"width: 474px; height: 190px;\" data-original-width=\"474\" data-original-height=\"190\" > <div class=\"gallery-group images-2\" style=\"width: 100px; height: 190px;\" data-original-width=\"100\" data-original-height=\"190\" > <div class=\"tiled-gallery-item tiled-gallery-item-small\" itemprop=\"associatedMedia\" itemscope itemtype=\"http:\/\/schema.org\/ImageObject\"> <a href=\"https:\/\/www.alqueria.es\/blogs\/alqueriaamarillanaranja\/2025\/04\/23\/tercera-jornada-semana-de-la-lectura-cuentos-multilingues\/20250423_162324\/\" border=\"0\" itemprop=\"url\"> <meta itemprop=\"width\" content=\"96\"> <meta itemprop=\"height\" content=\"92\"> <img decoding=\"async\" class=\"\" data-attachment-id=\"77110\" data-orig-file=\"https:\/\/cloud.alqueria.es\/wp-content\/uploads\/sites\/9\/2025\/04\/20250423_162324.jpg\" data-orig-size=\"918,881\" data-comments-opened=\"1\" data-image-meta=\"{&quot;aperture&quot;:&quot;1.8&quot;,&quot;credit&quot;:&quot;&quot;,&quot;camera&quot;:&quot;Galaxy A15&quot;,&quot;caption&quot;:&quot;&quot;,&quot;created_timestamp&quot;:&quot;1745425405&quot;,&quot;copyright&quot;:&quot;&quot;,&quot;focal_length&quot;:&quot;3.98&quot;,&quot;iso&quot;:&quot;250&quot;,&quot;shutter_speed&quot;:&quot;0.02&quot;,&quot;title&quot;:&quot;&quot;,&quot;orientation&quot;:&quot;1&quot;}\" data-image-title=\"20250423_162324\" data-image-description=\"\" data-medium-file=\"https:\/\/cloud.alqueria.es\/wp-content\/uploads\/sites\/9\/2025\/04\/20250423_162324-300x288.jpg\" data-large-file=\"https:\/\/cloud.alqueria.es\/wp-content\/uploads\/sites\/9\/2025\/04\/20250423_162324.jpg\" src=\"https:\/\/i0.wp.com\/cloud.alqueria.es\/wp-content\/uploads\/sites\/9\/2025\/04\/20250423_162324.jpg?w=96&#038;h=92&#038;ssl=1\" srcset=\"https:\/\/cloud.alqueria.es\/wp-content\/uploads\/sites\/9\/2025\/04\/20250423_162324.jpg 918w, https:\/\/cloud.alqueria.es\/wp-content\/uploads\/sites\/9\/2025\/04\/20250423_162324-300x288.jpg 300w, https:\/\/cloud.alqueria.es\/wp-content\/uploads\/sites\/9\/2025\/04\/20250423_162324-768x737.jpg 768w\" width=\"96\" height=\"92\" loading=\"lazy\" data-original-width=\"96\" data-original-height=\"92\" itemprop=\"http:\/\/schema.org\/image\" title=\"20250423_162324\" alt=\"20250423_162324\" style=\"width: 96px; height: 92px;\" \/> <\/a> <\/div> <div class=\"tiled-gallery-item tiled-gallery-item-small\" itemprop=\"associatedMedia\" itemscope itemtype=\"http:\/\/schema.org\/ImageObject\"> <a href=\"https:\/\/www.alqueria.es\/blogs\/alqueriaamarillanaranja\/2025\/04\/23\/tercera-jornada-semana-de-la-lectura-cuentos-multilingues\/20250423_162315\/\" border=\"0\" itemprop=\"url\"> <meta itemprop=\"width\" content=\"96\"> <meta itemprop=\"height\" content=\"90\"> <img decoding=\"async\" class=\"\" data-attachment-id=\"77108\" data-orig-file=\"https:\/\/cloud.alqueria.es\/wp-content\/uploads\/sites\/9\/2025\/04\/20250423_162315.jpg\" data-orig-size=\"900,851\" data-comments-opened=\"1\" data-image-meta=\"{&quot;aperture&quot;:&quot;1.8&quot;,&quot;credit&quot;:&quot;&quot;,&quot;camera&quot;:&quot;Galaxy A15&quot;,&quot;caption&quot;:&quot;&quot;,&quot;created_timestamp&quot;:&quot;1745425396&quot;,&quot;copyright&quot;:&quot;&quot;,&quot;focal_length&quot;:&quot;3.98&quot;,&quot;iso&quot;:&quot;250&quot;,&quot;shutter_speed&quot;:&quot;0.0199&quot;,&quot;title&quot;:&quot;&quot;,&quot;orientation&quot;:&quot;1&quot;}\" data-image-title=\"20250423_162315\" data-image-description=\"\" data-medium-file=\"https:\/\/cloud.alqueria.es\/wp-content\/uploads\/sites\/9\/2025\/04\/20250423_162315-300x284.jpg\" data-large-file=\"https:\/\/cloud.alqueria.es\/wp-content\/uploads\/sites\/9\/2025\/04\/20250423_162315.jpg\" src=\"https:\/\/i0.wp.com\/cloud.alqueria.es\/wp-content\/uploads\/sites\/9\/2025\/04\/20250423_162315.jpg?w=96&#038;h=90&#038;ssl=1\" srcset=\"https:\/\/cloud.alqueria.es\/wp-content\/uploads\/sites\/9\/2025\/04\/20250423_162315.jpg 900w, https:\/\/cloud.alqueria.es\/wp-content\/uploads\/sites\/9\/2025\/04\/20250423_162315-300x284.jpg 300w, https:\/\/cloud.alqueria.es\/wp-content\/uploads\/sites\/9\/2025\/04\/20250423_162315-768x726.jpg 768w\" width=\"96\" height=\"90\" loading=\"lazy\" data-original-width=\"96\" data-original-height=\"90\" itemprop=\"http:\/\/schema.org\/image\" title=\"20250423_162315\" alt=\"20250423_162315\" style=\"width: 96px; height: 90px;\" \/> <\/a> <\/div> <\/div> <!-- close group --> <div class=\"gallery-group images-1\" style=\"width: 190px; height: 190px;\" data-original-width=\"190\" data-original-height=\"190\" > <div class=\"tiled-gallery-item tiled-gallery-item-small\" itemprop=\"associatedMedia\" itemscope itemtype=\"http:\/\/schema.org\/ImageObject\"> <a href=\"https:\/\/www.alqueria.es\/blogs\/alqueriaamarillanaranja\/2025\/04\/23\/tercera-jornada-semana-de-la-lectura-cuentos-multilingues\/20250423_162310\/\" border=\"0\" itemprop=\"url\"> <meta itemprop=\"width\" content=\"186\"> <meta itemprop=\"height\" content=\"186\"> <img decoding=\"async\" class=\"\" data-attachment-id=\"77107\" data-orig-file=\"https:\/\/cloud.alqueria.es\/wp-content\/uploads\/sites\/9\/2025\/04\/20250423_162310.jpg\" data-orig-size=\"772,772\" data-comments-opened=\"1\" data-image-meta=\"{&quot;aperture&quot;:&quot;1.8&quot;,&quot;credit&quot;:&quot;&quot;,&quot;camera&quot;:&quot;Galaxy A15&quot;,&quot;caption&quot;:&quot;&quot;,&quot;created_timestamp&quot;:&quot;1745425391&quot;,&quot;copyright&quot;:&quot;&quot;,&quot;focal_length&quot;:&quot;3.98&quot;,&quot;iso&quot;:&quot;250&quot;,&quot;shutter_speed&quot;:&quot;0.03&quot;,&quot;title&quot;:&quot;&quot;,&quot;orientation&quot;:&quot;1&quot;}\" data-image-title=\"20250423_162310\" data-image-description=\"\" data-medium-file=\"https:\/\/cloud.alqueria.es\/wp-content\/uploads\/sites\/9\/2025\/04\/20250423_162310-300x300.jpg\" data-large-file=\"https:\/\/cloud.alqueria.es\/wp-content\/uploads\/sites\/9\/2025\/04\/20250423_162310.jpg\" src=\"https:\/\/i0.wp.com\/cloud.alqueria.es\/wp-content\/uploads\/sites\/9\/2025\/04\/20250423_162310.jpg?w=186&#038;h=186&#038;crop=1&#038;ssl=1\" srcset=\"https:\/\/cloud.alqueria.es\/wp-content\/uploads\/sites\/9\/2025\/04\/20250423_162310.jpg 772w, https:\/\/cloud.alqueria.es\/wp-content\/uploads\/sites\/9\/2025\/04\/20250423_162310-300x300.jpg 300w, https:\/\/cloud.alqueria.es\/wp-content\/uploads\/sites\/9\/2025\/04\/20250423_162310-150x150.jpg 150w, https:\/\/cloud.alqueria.es\/wp-content\/uploads\/sites\/9\/2025\/04\/20250423_162310-768x768.jpg 768w\" width=\"186\" height=\"186\" loading=\"lazy\" data-original-width=\"186\" data-original-height=\"186\" itemprop=\"http:\/\/schema.org\/image\" title=\"20250423_162310\" alt=\"20250423_162310\" style=\"width: 186px; height: 186px;\" \/> <\/a> <\/div> <\/div> <!-- close group --> <div class=\"gallery-group images-1\" style=\"width: 184px; height: 190px;\" data-original-width=\"184\" data-original-height=\"190\" > <div class=\"tiled-gallery-item tiled-gallery-item-small\" itemprop=\"associatedMedia\" itemscope itemtype=\"http:\/\/schema.org\/ImageObject\"> <a href=\"https:\/\/www.alqueria.es\/blogs\/alqueriaamarillanaranja\/2025\/04\/23\/tercera-jornada-semana-de-la-lectura-cuentos-multilingues\/20250423_162320\/\" border=\"0\" itemprop=\"url\"> <meta itemprop=\"width\" content=\"180\"> <meta itemprop=\"height\" content=\"186\"> <img decoding=\"async\" class=\"\" data-attachment-id=\"77109\" data-orig-file=\"https:\/\/cloud.alqueria.es\/wp-content\/uploads\/sites\/9\/2025\/04\/20250423_162320.jpg\" data-orig-size=\"698,721\" data-comments-opened=\"1\" data-image-meta=\"{&quot;aperture&quot;:&quot;1.8&quot;,&quot;credit&quot;:&quot;&quot;,&quot;camera&quot;:&quot;Galaxy A15&quot;,&quot;caption&quot;:&quot;&quot;,&quot;created_timestamp&quot;:&quot;1745425401&quot;,&quot;copyright&quot;:&quot;&quot;,&quot;focal_length&quot;:&quot;3.98&quot;,&quot;iso&quot;:&quot;250&quot;,&quot;shutter_speed&quot;:&quot;0.0199&quot;,&quot;title&quot;:&quot;&quot;,&quot;orientation&quot;:&quot;1&quot;}\" data-image-title=\"20250423_162320\" data-image-description=\"\" data-medium-file=\"https:\/\/cloud.alqueria.es\/wp-content\/uploads\/sites\/9\/2025\/04\/20250423_162320-290x300.jpg\" data-large-file=\"https:\/\/cloud.alqueria.es\/wp-content\/uploads\/sites\/9\/2025\/04\/20250423_162320.jpg\" src=\"https:\/\/i0.wp.com\/cloud.alqueria.es\/wp-content\/uploads\/sites\/9\/2025\/04\/20250423_162320.jpg?w=180&#038;h=186&#038;ssl=1\" srcset=\"https:\/\/cloud.alqueria.es\/wp-content\/uploads\/sites\/9\/2025\/04\/20250423_162320.jpg 698w, https:\/\/cloud.alqueria.es\/wp-content\/uploads\/sites\/9\/2025\/04\/20250423_162320-290x300.jpg 290w\" width=\"180\" height=\"186\" loading=\"lazy\" data-original-width=\"180\" data-original-height=\"186\" itemprop=\"http:\/\/schema.org\/image\" title=\"20250423_162320\" alt=\"20250423_162320\" style=\"width: 180px; height: 186px;\" \/> <\/a> <\/div> <\/div> <!-- close group --> <\/div> <!-- close row --> <\/div>\n<p class=\"\" data-start=\"908\" data-end=\"1312\"><strong>Escuchar sonidos y estructuras ling\u00fc\u00edsticas distintas estimula el desarrollo del lenguaje, la atenci\u00f3n y la memoria. Y aunque los ni\u00f1os no entiendan cada palabra, su imaginaci\u00f3n, su o\u00eddo y su sensibilidad est\u00e1n muy atentos y activos. A menudo, las ilustraciones, la entonaci\u00f3n, los gestos y las emociones ayudan a comprender el sentido general del cuento, creando una experiencia rica y completa.<\/strong><\/p>\n<p class=\"jetpack-slideshow-noscript robots-nocontent\">El pase de diapositivas requiere JavaScript.<\/p><div id=\"gallery-77101-1-slideshow\" class=\"jetpack-slideshow-window jetpack-slideshow jetpack-slideshow-black\" data-trans=\"fade\" data-autostart=\"1\" data-gallery=\"[{&quot;src&quot;:&quot;https:\\\/\\\/cloud.alqueria.es\\\/wp-content\\\/uploads\\\/sites\\\/9\\\/2025\\\/04\\\/20250423_100540.jpg&quot;,&quot;id&quot;:&quot;77117&quot;,&quot;title&quot;:&quot;20250423_100540&quot;,&quot;alt&quot;:&quot;&quot;,&quot;caption&quot;:&quot;&quot;,&quot;itemprop&quot;:&quot;image&quot;},{&quot;src&quot;:&quot;https:\\\/\\\/cloud.alqueria.es\\\/wp-content\\\/uploads\\\/sites\\\/9\\\/2025\\\/04\\\/20250423_100458.jpg&quot;,&quot;id&quot;:&quot;77118&quot;,&quot;title&quot;:&quot;20250423_100458&quot;,&quot;alt&quot;:&quot;&quot;,&quot;caption&quot;:&quot;&quot;,&quot;itemprop&quot;:&quot;image&quot;},{&quot;src&quot;:&quot;https:\\\/\\\/cloud.alqueria.es\\\/wp-content\\\/uploads\\\/sites\\\/9\\\/2025\\\/04\\\/20250423_100809.jpg&quot;,&quot;id&quot;:&quot;77116&quot;,&quot;title&quot;:&quot;20250423_100809&quot;,&quot;alt&quot;:&quot;&quot;,&quot;caption&quot;:&quot;&quot;,&quot;itemprop&quot;:&quot;image&quot;},{&quot;src&quot;:&quot;https:\\\/\\\/cloud.alqueria.es\\\/wp-content\\\/uploads\\\/sites\\\/9\\\/2025\\\/04\\\/20250423_101308.jpg&quot;,&quot;id&quot;:&quot;77115&quot;,&quot;title&quot;:&quot;20250423_101308&quot;,&quot;alt&quot;:&quot;&quot;,&quot;caption&quot;:&quot;&quot;,&quot;itemprop&quot;:&quot;image&quot;},{&quot;src&quot;:&quot;https:\\\/\\\/cloud.alqueria.es\\\/wp-content\\\/uploads\\\/sites\\\/9\\\/2025\\\/04\\\/20250423_102128.jpg&quot;,&quot;id&quot;:&quot;77114&quot;,&quot;title&quot;:&quot;20250423_102128&quot;,&quot;alt&quot;:&quot;&quot;,&quot;caption&quot;:&quot;&quot;,&quot;itemprop&quot;:&quot;image&quot;},{&quot;src&quot;:&quot;https:\\\/\\\/cloud.alqueria.es\\\/wp-content\\\/uploads\\\/sites\\\/9\\\/2025\\\/04\\\/20250423_102730.jpg&quot;,&quot;id&quot;:&quot;77113&quot;,&quot;title&quot;:&quot;20250423_102730&quot;,&quot;alt&quot;:&quot;&quot;,&quot;caption&quot;:&quot;&quot;,&quot;itemprop&quot;:&quot;image&quot;}]\" itemscope itemtype=\"https:\/\/schema.org\/ImageGallery\"><\/div>\n<p class=\"\" data-start=\"1314\" data-end=\"1542\"><strong>Por eso, durante esta semana, viajaremos a trav\u00e9s de las palabras a otros rincones del mundo. Lo haremos con respeto, con entusiasmo, y con el deseo de seguir alimentando en los ni\u00f1os el amor por la lectura\u2026 en todas sus formas.<\/strong><\/p>\n<p data-start=\"1314\" data-end=\"1542\"><span style=\"color: #ff00ff\"><strong>Gracias a Sara, Mar\u00eda, Elena y Jose por participar en este d\u00eda tan especial.<\/strong><\/span><\/p>\n<p data-start=\"1314\" data-end=\"1542\"><img decoding=\"async\" data-attachment-id=\"77112\" data-permalink=\"https:\/\/www.alqueria.es\/blogs\/alqueriaamarillanaranja\/2025\/04\/23\/tercera-jornada-semana-de-la-lectura-cuentos-multilingues\/20250423_103709\/\" data-orig-file=\"https:\/\/cloud.alqueria.es\/wp-content\/uploads\/sites\/9\/2025\/04\/20250423_103709.jpg\" data-orig-size=\"1444,918\" data-comments-opened=\"1\" data-image-meta=\"{&quot;aperture&quot;:&quot;1.8&quot;,&quot;credit&quot;:&quot;&quot;,&quot;camera&quot;:&quot;Galaxy A15&quot;,&quot;caption&quot;:&quot;&quot;,&quot;created_timestamp&quot;:&quot;1745404629&quot;,&quot;copyright&quot;:&quot;&quot;,&quot;focal_length&quot;:&quot;3.98&quot;,&quot;iso&quot;:&quot;200&quot;,&quot;shutter_speed&quot;:&quot;0.02&quot;,&quot;title&quot;:&quot;&quot;,&quot;orientation&quot;:&quot;1&quot;}\" data-image-title=\"20250423_103709\" data-image-description=\"\" data-image-caption=\"\" data-large-file=\"https:\/\/cloud.alqueria.es\/wp-content\/uploads\/sites\/9\/2025\/04\/20250423_103709-1024x651.jpg\" class=\"aligncenter size-full wp-image-77112\" src=\"https:\/\/cloud.alqueria.es\/wp-content\/uploads\/sites\/9\/2025\/04\/20250423_103709.jpg\" alt=\"\" width=\"1444\" height=\"918\" srcset=\"https:\/\/cloud.alqueria.es\/wp-content\/uploads\/sites\/9\/2025\/04\/20250423_103709.jpg 1444w, https:\/\/cloud.alqueria.es\/wp-content\/uploads\/sites\/9\/2025\/04\/20250423_103709-300x191.jpg 300w, https:\/\/cloud.alqueria.es\/wp-content\/uploads\/sites\/9\/2025\/04\/20250423_103709-1024x651.jpg 1024w, https:\/\/cloud.alqueria.es\/wp-content\/uploads\/sites\/9\/2025\/04\/20250423_103709-768x488.jpg 768w\" sizes=\"(max-width: 1444px) 100vw, 1444px\" \/><\/p>\n<p data-start=\"1314\" data-end=\"1542\"><strong><img decoding=\"async\" data-attachment-id=\"77111\" data-permalink=\"https:\/\/www.alqueria.es\/blogs\/alqueriaamarillanaranja\/2025\/04\/23\/tercera-jornada-semana-de-la-lectura-cuentos-multilingues\/20250423_113818\/\" data-orig-file=\"https:\/\/cloud.alqueria.es\/wp-content\/uploads\/sites\/9\/2025\/04\/20250423_113818.jpg\" data-orig-size=\"918,1386\" data-comments-opened=\"1\" data-image-meta=\"{&quot;aperture&quot;:&quot;1.8&quot;,&quot;credit&quot;:&quot;&quot;,&quot;camera&quot;:&quot;Galaxy A15&quot;,&quot;caption&quot;:&quot;&quot;,&quot;created_timestamp&quot;:&quot;1745408298&quot;,&quot;copyright&quot;:&quot;&quot;,&quot;focal_length&quot;:&quot;3.98&quot;,&quot;iso&quot;:&quot;20&quot;,&quot;shutter_speed&quot;:&quot;0.0016&quot;,&quot;title&quot;:&quot;&quot;,&quot;orientation&quot;:&quot;1&quot;}\" data-image-title=\"20250423_113818\" data-image-description=\"\" data-image-caption=\"\" data-large-file=\"https:\/\/cloud.alqueria.es\/wp-content\/uploads\/sites\/9\/2025\/04\/20250423_113818-678x1024.jpg\" class=\"alignleft size-medium wp-image-77111\" src=\"https:\/\/cloud.alqueria.es\/wp-content\/uploads\/sites\/9\/2025\/04\/20250423_113818-199x300.jpg\" alt=\"\" width=\"199\" height=\"300\" srcset=\"https:\/\/cloud.alqueria.es\/wp-content\/uploads\/sites\/9\/2025\/04\/20250423_113818-199x300.jpg 199w, https:\/\/cloud.alqueria.es\/wp-content\/uploads\/sites\/9\/2025\/04\/20250423_113818-678x1024.jpg 678w, https:\/\/cloud.alqueria.es\/wp-content\/uploads\/sites\/9\/2025\/04\/20250423_113818-768x1160.jpg 768w, https:\/\/cloud.alqueria.es\/wp-content\/uploads\/sites\/9\/2025\/04\/20250423_113818.jpg 918w\" sizes=\"(max-width: 199px) 100vw, 199px\" \/>Despu\u00e9s de esta actividad, tomamos unas ricas mandarinas para poder bajarnos a disfrutar del\u00a0 espacio exterior.\u00a1\u00a1 Nuestras habas est\u00e1n muy grandes y muy ricas!! Degustamos algunas en el Parque y cogemos para que pod\u00e1is probarlas en casa.<\/strong><\/p>\n<p data-start=\"1314\" data-end=\"1542\"><strong>Hoy tambi\u00e9n celebramos el <span style=\"color: #ff00ff\">D\u00eda del libro<\/span>, para ellos y ellas \u00abel cumplea\u00f1os de los libros y los cuentos\u00bb; por ello se llevan a casa su maceta para cuidarla con mucho cari\u00f1o y poder ver como crece.<\/strong><\/p>\n<p data-start=\"1314\" data-end=\"1542\"><span style=\"color: #ff00ff\"><strong>Os agradezco mucho las aportaciones de cuentos que hab\u00e9is hecho para la biblioteca del aula, se que para ellos y ellas es muy importante el hecho de elegir qu\u00e9 libro van a compartir con sus compa\u00f1eros y compa\u00f1eras de la clase amarilla y eso hay que valorarlo.<\/strong><\/span><\/p>\n<p data-start=\"1314\" data-end=\"1542\"><strong>Por la tarde contamos con <span style=\"color: #ff00ff\">Isabel<\/span> (abuela de Daniela, grupo azul) y <span style=\"color: #ff00ff\">Virginia<\/span> ( madre de Daniel, grupo azul), que nos han emocionado con el cuento del <span style=\"color: #ffcc00\">P\u00c1JARO AMARILLO<\/span> y unos bonitos <span style=\"color: #ffcc00\">poemas de Mar Benegas.<\/span><\/strong><\/p>\n<div class=\"tiled-gallery type-rectangular tiled-gallery-unresized\" data-original-width=\"474\" data-carousel-extra='{&quot;blog_id&quot;:9,&quot;permalink&quot;:&quot;https:\\\/\\\/www.alqueria.es\\\/blogs\\\/alqueriaamarillanaranja\\\/2025\\\/04\\\/23\\\/tercera-jornada-semana-de-la-lectura-cuentos-multilingues\\\/&quot;,&quot;likes_blog_id&quot;:64271688}' itemscope itemtype=\"http:\/\/schema.org\/ImageGallery\" > <div class=\"gallery-row\" style=\"width: 474px; height: 123px;\" data-original-width=\"474\" data-original-height=\"123\" > <div class=\"gallery-group images-2\" style=\"width: 106px; height: 123px;\" data-original-width=\"106\" data-original-height=\"123\" > <div class=\"tiled-gallery-item tiled-gallery-item-small\" itemprop=\"associatedMedia\" itemscope itemtype=\"http:\/\/schema.org\/ImageObject\"> <a href=\"https:\/\/www.alqueria.es\/blogs\/alqueriaamarillanaranja\/2025\/04\/23\/tercera-jornada-semana-de-la-lectura-cuentos-multilingues\/20250423_153530\/\" border=\"0\" itemprop=\"url\"> <meta itemprop=\"width\" content=\"102\"> <meta itemprop=\"height\" content=\"58\"> <img decoding=\"async\" class=\"\" data-attachment-id=\"77102\" data-orig-file=\"https:\/\/cloud.alqueria.es\/wp-content\/uploads\/sites\/9\/2025\/04\/20250423_153530.jpg\" data-orig-size=\"1632,918\" data-comments-opened=\"1\" data-image-meta=\"{&quot;aperture&quot;:&quot;1.8&quot;,&quot;credit&quot;:&quot;&quot;,&quot;camera&quot;:&quot;Galaxy A15&quot;,&quot;caption&quot;:&quot;&quot;,&quot;created_timestamp&quot;:&quot;1745422531&quot;,&quot;copyright&quot;:&quot;&quot;,&quot;focal_length&quot;:&quot;3.98&quot;,&quot;iso&quot;:&quot;160&quot;,&quot;shutter_speed&quot;:&quot;0.0199&quot;,&quot;title&quot;:&quot;&quot;,&quot;orientation&quot;:&quot;1&quot;}\" data-image-title=\"20250423_153530\" data-image-description=\"\" data-medium-file=\"https:\/\/cloud.alqueria.es\/wp-content\/uploads\/sites\/9\/2025\/04\/20250423_153530-300x169.jpg\" data-large-file=\"https:\/\/cloud.alqueria.es\/wp-content\/uploads\/sites\/9\/2025\/04\/20250423_153530-1024x576.jpg\" src=\"https:\/\/i0.wp.com\/cloud.alqueria.es\/wp-content\/uploads\/sites\/9\/2025\/04\/20250423_153530.jpg?w=102&#038;h=58&#038;ssl=1\" srcset=\"https:\/\/cloud.alqueria.es\/wp-content\/uploads\/sites\/9\/2025\/04\/20250423_153530.jpg 1632w, https:\/\/cloud.alqueria.es\/wp-content\/uploads\/sites\/9\/2025\/04\/20250423_153530-300x169.jpg 300w, https:\/\/cloud.alqueria.es\/wp-content\/uploads\/sites\/9\/2025\/04\/20250423_153530-1024x576.jpg 1024w, https:\/\/cloud.alqueria.es\/wp-content\/uploads\/sites\/9\/2025\/04\/20250423_153530-768x432.jpg 768w, https:\/\/cloud.alqueria.es\/wp-content\/uploads\/sites\/9\/2025\/04\/20250423_153530-1536x864.jpg 1536w, https:\/\/cloud.alqueria.es\/wp-content\/uploads\/sites\/9\/2025\/04\/20250423_153530-1038x576.jpg 1038w\" width=\"102\" height=\"58\" loading=\"lazy\" data-original-width=\"102\" data-original-height=\"58\" itemprop=\"http:\/\/schema.org\/image\" title=\"20250423_153530\" alt=\"20250423_153530\" style=\"width: 102px; height: 58px;\" \/> <\/a> <\/div> <div class=\"tiled-gallery-item tiled-gallery-item-small\" itemprop=\"associatedMedia\" itemscope itemtype=\"http:\/\/schema.org\/ImageObject\"> <a href=\"https:\/\/www.alqueria.es\/blogs\/alqueriaamarillanaranja\/2025\/04\/23\/tercera-jornada-semana-de-la-lectura-cuentos-multilingues\/20250423_153825\/\" border=\"0\" itemprop=\"url\"> <meta itemprop=\"width\" content=\"102\"> <meta itemprop=\"height\" content=\"57\"> <img decoding=\"async\" class=\"\" data-attachment-id=\"77103\" data-orig-file=\"https:\/\/cloud.alqueria.es\/wp-content\/uploads\/sites\/9\/2025\/04\/20250423_153825.jpg\" data-orig-size=\"1632,918\" data-comments-opened=\"1\" data-image-meta=\"{&quot;aperture&quot;:&quot;1.8&quot;,&quot;credit&quot;:&quot;&quot;,&quot;camera&quot;:&quot;Galaxy A15&quot;,&quot;caption&quot;:&quot;&quot;,&quot;created_timestamp&quot;:&quot;1745422706&quot;,&quot;copyright&quot;:&quot;&quot;,&quot;focal_length&quot;:&quot;3.98&quot;,&quot;iso&quot;:&quot;200&quot;,&quot;shutter_speed&quot;:&quot;0.0199&quot;,&quot;title&quot;:&quot;&quot;,&quot;orientation&quot;:&quot;1&quot;}\" data-image-title=\"20250423_153825\" data-image-description=\"\" data-medium-file=\"https:\/\/cloud.alqueria.es\/wp-content\/uploads\/sites\/9\/2025\/04\/20250423_153825-300x169.jpg\" data-large-file=\"https:\/\/cloud.alqueria.es\/wp-content\/uploads\/sites\/9\/2025\/04\/20250423_153825-1024x576.jpg\" src=\"https:\/\/i0.wp.com\/cloud.alqueria.es\/wp-content\/uploads\/sites\/9\/2025\/04\/20250423_153825.jpg?w=102&#038;h=57&#038;ssl=1\" srcset=\"https:\/\/cloud.alqueria.es\/wp-content\/uploads\/sites\/9\/2025\/04\/20250423_153825.jpg 1632w, https:\/\/cloud.alqueria.es\/wp-content\/uploads\/sites\/9\/2025\/04\/20250423_153825-300x169.jpg 300w, https:\/\/cloud.alqueria.es\/wp-content\/uploads\/sites\/9\/2025\/04\/20250423_153825-1024x576.jpg 1024w, https:\/\/cloud.alqueria.es\/wp-content\/uploads\/sites\/9\/2025\/04\/20250423_153825-768x432.jpg 768w, https:\/\/cloud.alqueria.es\/wp-content\/uploads\/sites\/9\/2025\/04\/20250423_153825-1536x864.jpg 1536w, https:\/\/cloud.alqueria.es\/wp-content\/uploads\/sites\/9\/2025\/04\/20250423_153825-672x372.jpg 672w, https:\/\/cloud.alqueria.es\/wp-content\/uploads\/sites\/9\/2025\/04\/20250423_153825-1038x576.jpg 1038w\" width=\"102\" height=\"57\" loading=\"lazy\" data-original-width=\"102\" data-original-height=\"57\" itemprop=\"http:\/\/schema.org\/image\" title=\"20250423_153825\" alt=\"20250423_153825\" style=\"width: 102px; height: 57px;\" \/> <\/a> <\/div> <\/div> <!-- close group --> <div class=\"gallery-group images-1\" style=\"width: 215px; height: 123px;\" data-original-width=\"215\" data-original-height=\"123\" > <div class=\"tiled-gallery-item tiled-gallery-item-small\" itemprop=\"associatedMedia\" itemscope itemtype=\"http:\/\/schema.org\/ImageObject\"> <a href=\"https:\/\/www.alqueria.es\/blogs\/alqueriaamarillanaranja\/2025\/04\/23\/tercera-jornada-semana-de-la-lectura-cuentos-multilingues\/20250423_154023\/\" border=\"0\" itemprop=\"url\"> <meta itemprop=\"width\" content=\"211\"> <meta itemprop=\"height\" content=\"119\"> <img decoding=\"async\" class=\"\" data-attachment-id=\"77104\" data-orig-file=\"https:\/\/cloud.alqueria.es\/wp-content\/uploads\/sites\/9\/2025\/04\/20250423_154023.jpg\" data-orig-size=\"1632,918\" data-comments-opened=\"1\" data-image-meta=\"{&quot;aperture&quot;:&quot;1.8&quot;,&quot;credit&quot;:&quot;&quot;,&quot;camera&quot;:&quot;Galaxy A15&quot;,&quot;caption&quot;:&quot;&quot;,&quot;created_timestamp&quot;:&quot;1745422824&quot;,&quot;copyright&quot;:&quot;&quot;,&quot;focal_length&quot;:&quot;3.98&quot;,&quot;iso&quot;:&quot;200&quot;,&quot;shutter_speed&quot;:&quot;0.0199&quot;,&quot;title&quot;:&quot;&quot;,&quot;orientation&quot;:&quot;1&quot;}\" data-image-title=\"20250423_154023\" data-image-description=\"\" data-medium-file=\"https:\/\/cloud.alqueria.es\/wp-content\/uploads\/sites\/9\/2025\/04\/20250423_154023-300x169.jpg\" data-large-file=\"https:\/\/cloud.alqueria.es\/wp-content\/uploads\/sites\/9\/2025\/04\/20250423_154023-1024x576.jpg\" src=\"https:\/\/i0.wp.com\/cloud.alqueria.es\/wp-content\/uploads\/sites\/9\/2025\/04\/20250423_154023.jpg?w=211&#038;h=119&#038;ssl=1\" srcset=\"https:\/\/cloud.alqueria.es\/wp-content\/uploads\/sites\/9\/2025\/04\/20250423_154023.jpg 1632w, https:\/\/cloud.alqueria.es\/wp-content\/uploads\/sites\/9\/2025\/04\/20250423_154023-300x169.jpg 300w, https:\/\/cloud.alqueria.es\/wp-content\/uploads\/sites\/9\/2025\/04\/20250423_154023-1024x576.jpg 1024w, https:\/\/cloud.alqueria.es\/wp-content\/uploads\/sites\/9\/2025\/04\/20250423_154023-768x432.jpg 768w, https:\/\/cloud.alqueria.es\/wp-content\/uploads\/sites\/9\/2025\/04\/20250423_154023-1536x864.jpg 1536w\" width=\"211\" height=\"119\" loading=\"lazy\" data-original-width=\"211\" data-original-height=\"119\" itemprop=\"http:\/\/schema.org\/image\" title=\"20250423_154023\" alt=\"20250423_154023\" style=\"width: 211px; height: 119px;\" \/> <\/a> <\/div> <\/div> <!-- close group --> <div class=\"gallery-group images-1\" style=\"width: 153px; height: 123px;\" data-original-width=\"153\" data-original-height=\"123\" > <div class=\"tiled-gallery-item tiled-gallery-item-small\" itemprop=\"associatedMedia\" itemscope itemtype=\"http:\/\/schema.org\/ImageObject\"> <a href=\"https:\/\/www.alqueria.es\/blogs\/alqueriaamarillanaranja\/2025\/04\/23\/tercera-jornada-semana-de-la-lectura-cuentos-multilingues\/20250423_155126\/\" border=\"0\" itemprop=\"url\"> <meta itemprop=\"width\" content=\"149\"> <meta itemprop=\"height\" content=\"119\"> <img decoding=\"async\" class=\"\" data-attachment-id=\"77105\" data-orig-file=\"https:\/\/cloud.alqueria.es\/wp-content\/uploads\/sites\/9\/2025\/04\/20250423_155126.jpg\" data-orig-size=\"1033,822\" data-comments-opened=\"1\" data-image-meta=\"{&quot;aperture&quot;:&quot;1.8&quot;,&quot;credit&quot;:&quot;&quot;,&quot;camera&quot;:&quot;Galaxy A15&quot;,&quot;caption&quot;:&quot;&quot;,&quot;created_timestamp&quot;:&quot;1745423486&quot;,&quot;copyright&quot;:&quot;&quot;,&quot;focal_length&quot;:&quot;3.98&quot;,&quot;iso&quot;:&quot;200&quot;,&quot;shutter_speed&quot;:&quot;0.0199&quot;,&quot;title&quot;:&quot;&quot;,&quot;orientation&quot;:&quot;1&quot;}\" data-image-title=\"20250423_155126\" data-image-description=\"\" data-medium-file=\"https:\/\/cloud.alqueria.es\/wp-content\/uploads\/sites\/9\/2025\/04\/20250423_155126-300x239.jpg\" data-large-file=\"https:\/\/cloud.alqueria.es\/wp-content\/uploads\/sites\/9\/2025\/04\/20250423_155126-1024x815.jpg\" src=\"https:\/\/i0.wp.com\/cloud.alqueria.es\/wp-content\/uploads\/sites\/9\/2025\/04\/20250423_155126.jpg?w=149&#038;h=119&#038;ssl=1\" srcset=\"https:\/\/cloud.alqueria.es\/wp-content\/uploads\/sites\/9\/2025\/04\/20250423_155126.jpg 1033w, https:\/\/cloud.alqueria.es\/wp-content\/uploads\/sites\/9\/2025\/04\/20250423_155126-300x239.jpg 300w, https:\/\/cloud.alqueria.es\/wp-content\/uploads\/sites\/9\/2025\/04\/20250423_155126-1024x815.jpg 1024w, https:\/\/cloud.alqueria.es\/wp-content\/uploads\/sites\/9\/2025\/04\/20250423_155126-768x611.jpg 768w\" width=\"149\" height=\"119\" loading=\"lazy\" data-original-width=\"149\" data-original-height=\"119\" itemprop=\"http:\/\/schema.org\/image\" title=\"20250423_155126\" alt=\"20250423_155126\" style=\"width: 149px; height: 119px;\" \/> <\/a> <\/div> <\/div> <!-- close group --> <\/div> <!-- close row --> <\/div>\n<p><strong>Muchas gracias a Isabel y Virginia por su colaboraci\u00f3n en este d\u00eda.<\/strong><\/p>\n<p><img decoding=\"async\" data-attachment-id=\"77106\" data-permalink=\"https:\/\/www.alqueria.es\/blogs\/alqueriaamarillanaranja\/2025\/04\/23\/tercera-jornada-semana-de-la-lectura-cuentos-multilingues\/20250423_155839\/\" data-orig-file=\"https:\/\/cloud.alqueria.es\/wp-content\/uploads\/sites\/9\/2025\/04\/20250423_155839.jpg\" data-orig-size=\"1490,918\" data-comments-opened=\"1\" data-image-meta=\"{&quot;aperture&quot;:&quot;1.8&quot;,&quot;credit&quot;:&quot;&quot;,&quot;camera&quot;:&quot;Galaxy A15&quot;,&quot;caption&quot;:&quot;&quot;,&quot;created_timestamp&quot;:&quot;1745423923&quot;,&quot;copyright&quot;:&quot;&quot;,&quot;focal_length&quot;:&quot;3.98&quot;,&quot;iso&quot;:&quot;250&quot;,&quot;shutter_speed&quot;:&quot;0.0199&quot;,&quot;title&quot;:&quot;&quot;,&quot;orientation&quot;:&quot;1&quot;}\" data-image-title=\"20250423_155839\" data-image-description=\"\" data-image-caption=\"\" data-large-file=\"https:\/\/cloud.alqueria.es\/wp-content\/uploads\/sites\/9\/2025\/04\/20250423_155839-1024x631.jpg\" class=\"aligncenter size-full wp-image-77106\" src=\"https:\/\/cloud.alqueria.es\/wp-content\/uploads\/sites\/9\/2025\/04\/20250423_155839.jpg\" alt=\"\" width=\"1490\" height=\"918\" srcset=\"https:\/\/cloud.alqueria.es\/wp-content\/uploads\/sites\/9\/2025\/04\/20250423_155839.jpg 1490w, https:\/\/cloud.alqueria.es\/wp-content\/uploads\/sites\/9\/2025\/04\/20250423_155839-300x185.jpg 300w, https:\/\/cloud.alqueria.es\/wp-content\/uploads\/sites\/9\/2025\/04\/20250423_155839-1024x631.jpg 1024w, https:\/\/cloud.alqueria.es\/wp-content\/uploads\/sites\/9\/2025\/04\/20250423_155839-768x473.jpg 768w\" sizes=\"(max-width: 1490px) 100vw, 1490px\" \/><\/p>\n<p><strong>Que pas\u00e9is una feliz tarde de primavera.<\/strong><\/p>\n","protected":false},"excerpt":{"rendered":"<p>Hola familias, Ya estamos en la mitad de la semana y seguimos inmersos en el mundo de los cuentos y de la fantas\u00eda. Hoy les ha tocado el turno a algunas familias que han venido a leernos cuentos en otros idiomas muy diferentes al nuestro (franc\u00e9s, ingl\u00e9s, portugu\u00e9s y alem\u00e1n).\u00a0 Escuchar sonidos y estructuras ling\u00fc\u00edsticas &hellip; <a href=\"https:\/\/www.alqueria.es\/blogs\/alqueriaamarillanaranja\/2025\/04\/23\/tercera-jornada-semana-de-la-lectura-cuentos-multilingues\/\" class=\"more-link\">Seguir leyendo <span class=\"screen-reader-text\">TERCERA JORNADA SEMANA DE LA LECTURA. CUENTOS MULTIL\u00cdNG\u00dcES<\/span> <span class=\"meta-nav\">&rarr;<\/span><\/a><\/p>\n","protected":false},"author":23,"featured_media":0,"comment_status":"open","ping_status":"open","sticky":false,"template":"","format":"standard","meta":{"jetpack_post_was_ever_published":false,"_jetpack_newsletter_access":"","_jetpack_dont_email_post_to_subs":false,"_jetpack_newsletter_tier_id":0,"_jetpack_memberships_contains_paywalled_content":false,"_jetpack_memberships_contains_paid_content":false,"footnotes":"","jetpack_publicize_message":"","jetpack_publicize_feature_enabled":true,"jetpack_social_post_already_shared":true,"jetpack_social_options":{"image_generator_settings":{"template":"highway","default_image_id":0,"font":"","enabled":false},"version":2}},"categories":[6,9,14],"tags":[804,1007,1080,1075],"class_list":["post-77101","post","type-post","status-publish","format-standard","hentry","category-clase-amarilla","category-diario-clase-amarilla","category-fiestas-y-dias-especiales","tag-cuentos-multilingues","tag-participacion-familiar","tag-recolectamos-habas","tag-semana-de-la-lectura-infantil-2025"],"jetpack_publicize_connections":[],"jetpack_featured_media_url":"","jetpack_sharing_enabled":true,"jetpack_shortlink":"https:\/\/wp.me\/p4lG08-k3z","jetpack-related-posts":[],"_links":{"self":[{"href":"https:\/\/www.alqueria.es\/blogs\/alqueriaamarillanaranja\/wp-json\/wp\/v2\/posts\/77101","targetHints":{"allow":["GET"]}}],"collection":[{"href":"https:\/\/www.alqueria.es\/blogs\/alqueriaamarillanaranja\/wp-json\/wp\/v2\/posts"}],"about":[{"href":"https:\/\/www.alqueria.es\/blogs\/alqueriaamarillanaranja\/wp-json\/wp\/v2\/types\/post"}],"author":[{"embeddable":true,"href":"https:\/\/www.alqueria.es\/blogs\/alqueriaamarillanaranja\/wp-json\/wp\/v2\/users\/23"}],"replies":[{"embeddable":true,"href":"https:\/\/www.alqueria.es\/blogs\/alqueriaamarillanaranja\/wp-json\/wp\/v2\/comments?post=77101"}],"version-history":[{"count":3,"href":"https:\/\/www.alqueria.es\/blogs\/alqueriaamarillanaranja\/wp-json\/wp\/v2\/posts\/77101\/revisions"}],"predecessor-version":[{"id":77122,"href":"https:\/\/www.alqueria.es\/blogs\/alqueriaamarillanaranja\/wp-json\/wp\/v2\/posts\/77101\/revisions\/77122"}],"wp:attachment":[{"href":"https:\/\/www.alqueria.es\/blogs\/alqueriaamarillanaranja\/wp-json\/wp\/v2\/media?parent=77101"}],"wp:term":[{"taxonomy":"category","embeddable":true,"href":"https:\/\/www.alqueria.es\/blogs\/alqueriaamarillanaranja\/wp-json\/wp\/v2\/categories?post=77101"},{"taxonomy":"post_tag","embeddable":true,"href":"https:\/\/www.alqueria.es\/blogs\/alqueriaamarillanaranja\/wp-json\/wp\/v2\/tags?post=77101"}],"curies":[{"name":"wp","href":"https:\/\/api.w.org\/{rel}","templated":true}]}}