{"id":77226,"date":"2025-04-25T19:26:15","date_gmt":"2025-04-25T17:26:15","guid":{"rendered":"https:\/\/www.alqueria.es\/blogs\/alqueriaamarillanaranja\/?p=77226"},"modified":"2025-04-25T19:26:15","modified_gmt":"2025-04-25T17:26:15","slug":"clausura-semana-de-la-lectura-infantil-2","status":"publish","type":"post","link":"https:\/\/www.alqueria.es\/blogs\/alqueriaamarillanaranja\/2025\/04\/25\/clausura-semana-de-la-lectura-infantil-2\/","title":{"rendered":"CLAUSURA SEMANA DE LA LECTURA INFANTIL."},"content":{"rendered":"<p><strong>Queridas familias, <span class=\"Apple-converted-space\">\u00a0<\/span><\/strong><\/p>\n<p><strong>Hoy, viernes, ponemos el broche final a una semana llena de magia, cuentos, risas y mucha ilusi\u00f3n. Ha sido un viaje incre\u00edble en el que los \u00abNaranjitas\u00bb han explorado mundos fant\u00e1sticos, compartiendo historias y disfrutando de cada actividad con una sonrisa. <span class=\"Apple-converted-space\">\u00a0<\/span><\/strong><\/p>\n<p><img decoding=\"async\" data-attachment-id=\"77256\" data-permalink=\"https:\/\/www.alqueria.es\/blogs\/alqueriaamarillanaranja\/2025\/04\/25\/clausura-semana-de-la-lectura-infantil-2\/photo-2025-04-23-22-51-15\/\" data-orig-file=\"https:\/\/cloud.alqueria.es\/wp-content\/uploads\/sites\/9\/2025\/04\/PHOTO-2025-04-23-22-51-15.jpg\" data-orig-size=\"960,936\" data-comments-opened=\"1\" data-image-meta=\"{&quot;aperture&quot;:&quot;0&quot;,&quot;credit&quot;:&quot;&quot;,&quot;camera&quot;:&quot;&quot;,&quot;caption&quot;:&quot;&quot;,&quot;created_timestamp&quot;:&quot;0&quot;,&quot;copyright&quot;:&quot;&quot;,&quot;focal_length&quot;:&quot;0&quot;,&quot;iso&quot;:&quot;0&quot;,&quot;shutter_speed&quot;:&quot;0&quot;,&quot;title&quot;:&quot;&quot;,&quot;orientation&quot;:&quot;0&quot;}\" data-image-title=\"PHOTO-2025-04-23-22-51-15\" data-image-description=\"\" data-image-caption=\"\" data-large-file=\"https:\/\/cloud.alqueria.es\/wp-content\/uploads\/sites\/9\/2025\/04\/PHOTO-2025-04-23-22-51-15.jpg\" class=\"aligncenter wp-image-77256 size-medium\" src=\"https:\/\/cloud.alqueria.es\/wp-content\/uploads\/sites\/9\/2025\/04\/PHOTO-2025-04-23-22-51-15-300x293.jpg\" alt=\"\" width=\"300\" height=\"293\" srcset=\"https:\/\/cloud.alqueria.es\/wp-content\/uploads\/sites\/9\/2025\/04\/PHOTO-2025-04-23-22-51-15-300x293.jpg 300w, https:\/\/cloud.alqueria.es\/wp-content\/uploads\/sites\/9\/2025\/04\/PHOTO-2025-04-23-22-51-15-768x749.jpg 768w, https:\/\/cloud.alqueria.es\/wp-content\/uploads\/sites\/9\/2025\/04\/PHOTO-2025-04-23-22-51-15.jpg 960w\" sizes=\"(max-width: 300px) 100vw, 300px\" \/><\/p>\n<p><strong>Como siempre, esta semana no hubiera sido posible sin vuestra <span style=\"color: #ff6600\">colaboraci\u00f3n.<\/span> Cada gesto, cada ayuda, por peque\u00f1a que parezca, ha sumado para hacer de estos d\u00edas algo inolvidable. <span style=\"color: #ff6600\">A las familias que hab\u00e9is participado, \u00a1mil gracias! Y a las que a\u00fan no lo hab\u00e9is hecho, os animamos a uniros el pr\u00f3ximo curso\u2026<\/span> \u00a1Seguro que os enamorar\u00e1 tanto como a nosotros! <span class=\"Apple-converted-space\">\u00a0<\/span><\/strong><\/p>\n<p><img decoding=\"async\" data-attachment-id=\"77257\" data-permalink=\"https:\/\/www.alqueria.es\/blogs\/alqueriaamarillanaranja\/2025\/04\/25\/clausura-semana-de-la-lectura-infantil-2\/pngtree-gracias-vector-art-with-stylized-spanish-typography-expressing-gratitude-vector-png-image_33614508\/\" data-orig-file=\"https:\/\/cloud.alqueria.es\/wp-content\/uploads\/sites\/9\/2025\/04\/pngtree-gracias-vector-art-with-stylized-spanish-typography-expressing-gratitude-vector-png-image_33614508.png\" data-orig-size=\"1203,360\" data-comments-opened=\"1\" data-image-meta=\"{&quot;aperture&quot;:&quot;0&quot;,&quot;credit&quot;:&quot;&quot;,&quot;camera&quot;:&quot;&quot;,&quot;caption&quot;:&quot;&quot;,&quot;created_timestamp&quot;:&quot;0&quot;,&quot;copyright&quot;:&quot;&quot;,&quot;focal_length&quot;:&quot;0&quot;,&quot;iso&quot;:&quot;0&quot;,&quot;shutter_speed&quot;:&quot;0&quot;,&quot;title&quot;:&quot;&quot;,&quot;orientation&quot;:&quot;0&quot;}\" data-image-title=\"pngtree-gracias-vector-art-with-stylized-spanish-typography-expressing-gratitude-vector-png-image_33614508\" data-image-description=\"\" data-image-caption=\"\" data-large-file=\"https:\/\/cloud.alqueria.es\/wp-content\/uploads\/sites\/9\/2025\/04\/pngtree-gracias-vector-art-with-stylized-spanish-typography-expressing-gratitude-vector-png-image_33614508-1024x306.png\" class=\"aligncenter size-full wp-image-77257\" src=\"https:\/\/cloud.alqueria.es\/wp-content\/uploads\/sites\/9\/2025\/04\/pngtree-gracias-vector-art-with-stylized-spanish-typography-expressing-gratitude-vector-png-image_33614508.png\" alt=\"\" width=\"1203\" height=\"360\" srcset=\"https:\/\/cloud.alqueria.es\/wp-content\/uploads\/sites\/9\/2025\/04\/pngtree-gracias-vector-art-with-stylized-spanish-typography-expressing-gratitude-vector-png-image_33614508.png 1203w, https:\/\/cloud.alqueria.es\/wp-content\/uploads\/sites\/9\/2025\/04\/pngtree-gracias-vector-art-with-stylized-spanish-typography-expressing-gratitude-vector-png-image_33614508-300x90.png 300w, https:\/\/cloud.alqueria.es\/wp-content\/uploads\/sites\/9\/2025\/04\/pngtree-gracias-vector-art-with-stylized-spanish-typography-expressing-gratitude-vector-png-image_33614508-1024x306.png 1024w, https:\/\/cloud.alqueria.es\/wp-content\/uploads\/sites\/9\/2025\/04\/pngtree-gracias-vector-art-with-stylized-spanish-typography-expressing-gratitude-vector-png-image_33614508-768x230.png 768w\" sizes=\"(max-width: 1203px) 100vw, 1203px\" \/><\/p>\n<p><strong>La ma\u00f1ana comienza con un <span style=\"color: #ff6600\">cuento motor:<\/span><\/strong><span style=\"color: #ff6600\"><span class=\"Apple-converted-space\">\u00a0<\/span><b>\u00abUna tribu india en Alquer\u00eda\u00bb. <span style=\"color: #000000\">D<\/span><\/b><\/span><strong><span style=\"color: #000000\">e<\/span> la mano de Alberto (nuestro profe de Educaci\u00f3n F\u00edsica), Daniel y Cayetano (los alumnos de pr\u00e1cticas). Nos convertimos en una tribu india y superamos pruebas incre\u00edbles ejercitando nuestro cuerpo mientras seguimos el hilo de la historia:\u00a0<\/strong><\/p>\n<p><img decoding=\"async\" data-attachment-id=\"77229\" data-permalink=\"https:\/\/www.alqueria.es\/blogs\/alqueriaamarillanaranja\/2025\/04\/25\/clausura-semana-de-la-lectura-infantil-2\/photo-2025-04-25-13-40-07\/\" data-orig-file=\"https:\/\/cloud.alqueria.es\/wp-content\/uploads\/sites\/9\/2025\/04\/PHOTO-2025-04-25-13-40-07.jpg\" data-orig-size=\"1600,1200\" data-comments-opened=\"1\" data-image-meta=\"{&quot;aperture&quot;:&quot;0&quot;,&quot;credit&quot;:&quot;&quot;,&quot;camera&quot;:&quot;&quot;,&quot;caption&quot;:&quot;&quot;,&quot;created_timestamp&quot;:&quot;0&quot;,&quot;copyright&quot;:&quot;&quot;,&quot;focal_length&quot;:&quot;0&quot;,&quot;iso&quot;:&quot;0&quot;,&quot;shutter_speed&quot;:&quot;0&quot;,&quot;title&quot;:&quot;&quot;,&quot;orientation&quot;:&quot;0&quot;}\" data-image-title=\"PHOTO-2025-04-25-13-40-07\" data-image-description=\"\" data-image-caption=\"\" data-large-file=\"https:\/\/cloud.alqueria.es\/wp-content\/uploads\/sites\/9\/2025\/04\/PHOTO-2025-04-25-13-40-07-1024x768.jpg\" class=\"aligncenter size-full wp-image-77229\" src=\"https:\/\/cloud.alqueria.es\/wp-content\/uploads\/sites\/9\/2025\/04\/PHOTO-2025-04-25-13-40-07.jpg\" alt=\"\" width=\"1600\" height=\"1200\" srcset=\"https:\/\/cloud.alqueria.es\/wp-content\/uploads\/sites\/9\/2025\/04\/PHOTO-2025-04-25-13-40-07.jpg 1600w, https:\/\/cloud.alqueria.es\/wp-content\/uploads\/sites\/9\/2025\/04\/PHOTO-2025-04-25-13-40-07-300x225.jpg 300w, https:\/\/cloud.alqueria.es\/wp-content\/uploads\/sites\/9\/2025\/04\/PHOTO-2025-04-25-13-40-07-1024x768.jpg 1024w, https:\/\/cloud.alqueria.es\/wp-content\/uploads\/sites\/9\/2025\/04\/PHOTO-2025-04-25-13-40-07-768x576.jpg 768w, https:\/\/cloud.alqueria.es\/wp-content\/uploads\/sites\/9\/2025\/04\/PHOTO-2025-04-25-13-40-07-1536x1152.jpg 1536w\" sizes=\"(max-width: 1600px) 100vw, 1600px\" \/><\/p>\n<p><img decoding=\"async\" data-attachment-id=\"77242\" data-permalink=\"https:\/\/www.alqueria.es\/blogs\/alqueriaamarillanaranja\/2025\/04\/25\/clausura-semana-de-la-lectura-infantil-2\/photo-2025-04-25-13-40-07-4\/\" data-orig-file=\"https:\/\/cloud.alqueria.es\/wp-content\/uploads\/sites\/9\/2025\/04\/PHOTO-2025-04-25-13-40-07-4.jpg\" data-orig-size=\"1600,1200\" data-comments-opened=\"1\" data-image-meta=\"{&quot;aperture&quot;:&quot;0&quot;,&quot;credit&quot;:&quot;&quot;,&quot;camera&quot;:&quot;&quot;,&quot;caption&quot;:&quot;&quot;,&quot;created_timestamp&quot;:&quot;0&quot;,&quot;copyright&quot;:&quot;&quot;,&quot;focal_length&quot;:&quot;0&quot;,&quot;iso&quot;:&quot;0&quot;,&quot;shutter_speed&quot;:&quot;0&quot;,&quot;title&quot;:&quot;&quot;,&quot;orientation&quot;:&quot;0&quot;}\" data-image-title=\"PHOTO-2025-04-25-13-40-07 4\" data-image-description=\"\" data-image-caption=\"\" data-large-file=\"https:\/\/cloud.alqueria.es\/wp-content\/uploads\/sites\/9\/2025\/04\/PHOTO-2025-04-25-13-40-07-4-1024x768.jpg\" class=\"aligncenter size-full wp-image-77242\" src=\"https:\/\/cloud.alqueria.es\/wp-content\/uploads\/sites\/9\/2025\/04\/PHOTO-2025-04-25-13-40-07-4.jpg\" alt=\"\" width=\"1600\" height=\"1200\" srcset=\"https:\/\/cloud.alqueria.es\/wp-content\/uploads\/sites\/9\/2025\/04\/PHOTO-2025-04-25-13-40-07-4.jpg 1600w, https:\/\/cloud.alqueria.es\/wp-content\/uploads\/sites\/9\/2025\/04\/PHOTO-2025-04-25-13-40-07-4-300x225.jpg 300w, https:\/\/cloud.alqueria.es\/wp-content\/uploads\/sites\/9\/2025\/04\/PHOTO-2025-04-25-13-40-07-4-1024x768.jpg 1024w, https:\/\/cloud.alqueria.es\/wp-content\/uploads\/sites\/9\/2025\/04\/PHOTO-2025-04-25-13-40-07-4-768x576.jpg 768w, https:\/\/cloud.alqueria.es\/wp-content\/uploads\/sites\/9\/2025\/04\/PHOTO-2025-04-25-13-40-07-4-1536x1152.jpg 1536w\" sizes=\"(max-width: 1600px) 100vw, 1600px\" \/><\/p>\n<p><strong>Cabalgamos en zigzag sobre nuestros caballos.<\/strong><\/p>\n<div class=\"tiled-gallery type-rectangular tiled-gallery-unresized\" data-original-width=\"474\" data-carousel-extra='{&quot;blog_id&quot;:9,&quot;permalink&quot;:&quot;https:\\\/\\\/www.alqueria.es\\\/blogs\\\/alqueriaamarillanaranja\\\/2025\\\/04\\\/25\\\/clausura-semana-de-la-lectura-infantil-2\\\/&quot;,&quot;likes_blog_id&quot;:64271688}' itemscope itemtype=\"http:\/\/schema.org\/ImageGallery\" > <div class=\"gallery-row\" style=\"width: 474px; height: 397px;\" data-original-width=\"474\" data-original-height=\"397\" > <div class=\"gallery-group images-3\" style=\"width: 175px; height: 397px;\" data-original-width=\"175\" data-original-height=\"397\" > <div class=\"tiled-gallery-item tiled-gallery-item-small\" itemprop=\"associatedMedia\" itemscope itemtype=\"http:\/\/schema.org\/ImageObject\"> <a href=\"https:\/\/www.alqueria.es\/blogs\/alqueriaamarillanaranja\/2025\/04\/25\/clausura-semana-de-la-lectura-infantil-2\/photo-2025-04-25-13-40-07-3\/\" border=\"0\" itemprop=\"url\"> <meta itemprop=\"width\" content=\"171\"> <meta itemprop=\"height\" content=\"129\"> <img decoding=\"async\" class=\"\" data-attachment-id=\"77243\" data-orig-file=\"https:\/\/cloud.alqueria.es\/wp-content\/uploads\/sites\/9\/2025\/04\/PHOTO-2025-04-25-13-40-07-3.jpg\" data-orig-size=\"1600,1200\" data-comments-opened=\"1\" data-image-meta=\"{&quot;aperture&quot;:&quot;0&quot;,&quot;credit&quot;:&quot;&quot;,&quot;camera&quot;:&quot;&quot;,&quot;caption&quot;:&quot;&quot;,&quot;created_timestamp&quot;:&quot;0&quot;,&quot;copyright&quot;:&quot;&quot;,&quot;focal_length&quot;:&quot;0&quot;,&quot;iso&quot;:&quot;0&quot;,&quot;shutter_speed&quot;:&quot;0&quot;,&quot;title&quot;:&quot;&quot;,&quot;orientation&quot;:&quot;0&quot;}\" data-image-title=\"PHOTO-2025-04-25-13-40-07 3\" data-image-description=\"\" data-medium-file=\"https:\/\/cloud.alqueria.es\/wp-content\/uploads\/sites\/9\/2025\/04\/PHOTO-2025-04-25-13-40-07-3-300x225.jpg\" data-large-file=\"https:\/\/cloud.alqueria.es\/wp-content\/uploads\/sites\/9\/2025\/04\/PHOTO-2025-04-25-13-40-07-3-1024x768.jpg\" src=\"https:\/\/i0.wp.com\/cloud.alqueria.es\/wp-content\/uploads\/sites\/9\/2025\/04\/PHOTO-2025-04-25-13-40-07-3.jpg?w=171&#038;h=129&#038;ssl=1\" srcset=\"https:\/\/cloud.alqueria.es\/wp-content\/uploads\/sites\/9\/2025\/04\/PHOTO-2025-04-25-13-40-07-3.jpg 1600w, https:\/\/cloud.alqueria.es\/wp-content\/uploads\/sites\/9\/2025\/04\/PHOTO-2025-04-25-13-40-07-3-300x225.jpg 300w, https:\/\/cloud.alqueria.es\/wp-content\/uploads\/sites\/9\/2025\/04\/PHOTO-2025-04-25-13-40-07-3-1024x768.jpg 1024w, https:\/\/cloud.alqueria.es\/wp-content\/uploads\/sites\/9\/2025\/04\/PHOTO-2025-04-25-13-40-07-3-768x576.jpg 768w, https:\/\/cloud.alqueria.es\/wp-content\/uploads\/sites\/9\/2025\/04\/PHOTO-2025-04-25-13-40-07-3-1536x1152.jpg 1536w\" width=\"171\" height=\"129\" loading=\"lazy\" data-original-width=\"171\" data-original-height=\"129\" itemprop=\"http:\/\/schema.org\/image\" title=\"PHOTO-2025-04-25-13-40-07 3\" alt=\"PHOTO-2025-04-25-13-40-07 3\" style=\"width: 171px; height: 129px;\" \/> <\/a> <\/div> <div class=\"tiled-gallery-item tiled-gallery-item-small\" itemprop=\"associatedMedia\" itemscope itemtype=\"http:\/\/schema.org\/ImageObject\"> <a href=\"https:\/\/www.alqueria.es\/blogs\/alqueriaamarillanaranja\/2025\/04\/25\/clausura-semana-de-la-lectura-infantil-2\/photo-2025-04-25-13-40-07-16\/\" border=\"0\" itemprop=\"url\"> <meta itemprop=\"width\" content=\"171\"> <meta itemprop=\"height\" content=\"128\"> <img decoding=\"async\" class=\"\" data-attachment-id=\"77230\" data-orig-file=\"https:\/\/cloud.alqueria.es\/wp-content\/uploads\/sites\/9\/2025\/04\/PHOTO-2025-04-25-13-40-07-16.jpg\" data-orig-size=\"1600,1200\" data-comments-opened=\"1\" data-image-meta=\"{&quot;aperture&quot;:&quot;0&quot;,&quot;credit&quot;:&quot;&quot;,&quot;camera&quot;:&quot;&quot;,&quot;caption&quot;:&quot;&quot;,&quot;created_timestamp&quot;:&quot;0&quot;,&quot;copyright&quot;:&quot;&quot;,&quot;focal_length&quot;:&quot;0&quot;,&quot;iso&quot;:&quot;0&quot;,&quot;shutter_speed&quot;:&quot;0&quot;,&quot;title&quot;:&quot;&quot;,&quot;orientation&quot;:&quot;0&quot;}\" data-image-title=\"PHOTO-2025-04-25-13-40-07 16\" data-image-description=\"\" data-medium-file=\"https:\/\/cloud.alqueria.es\/wp-content\/uploads\/sites\/9\/2025\/04\/PHOTO-2025-04-25-13-40-07-16-300x225.jpg\" data-large-file=\"https:\/\/cloud.alqueria.es\/wp-content\/uploads\/sites\/9\/2025\/04\/PHOTO-2025-04-25-13-40-07-16-1024x768.jpg\" src=\"https:\/\/i0.wp.com\/cloud.alqueria.es\/wp-content\/uploads\/sites\/9\/2025\/04\/PHOTO-2025-04-25-13-40-07-16.jpg?w=171&#038;h=128&#038;ssl=1\" srcset=\"https:\/\/cloud.alqueria.es\/wp-content\/uploads\/sites\/9\/2025\/04\/PHOTO-2025-04-25-13-40-07-16.jpg 1600w, https:\/\/cloud.alqueria.es\/wp-content\/uploads\/sites\/9\/2025\/04\/PHOTO-2025-04-25-13-40-07-16-300x225.jpg 300w, https:\/\/cloud.alqueria.es\/wp-content\/uploads\/sites\/9\/2025\/04\/PHOTO-2025-04-25-13-40-07-16-1024x768.jpg 1024w, https:\/\/cloud.alqueria.es\/wp-content\/uploads\/sites\/9\/2025\/04\/PHOTO-2025-04-25-13-40-07-16-768x576.jpg 768w, https:\/\/cloud.alqueria.es\/wp-content\/uploads\/sites\/9\/2025\/04\/PHOTO-2025-04-25-13-40-07-16-1536x1152.jpg 1536w\" width=\"171\" height=\"128\" loading=\"lazy\" data-original-width=\"171\" data-original-height=\"128\" itemprop=\"http:\/\/schema.org\/image\" title=\"PHOTO-2025-04-25-13-40-07 16\" alt=\"PHOTO-2025-04-25-13-40-07 16\" style=\"width: 171px; height: 128px;\" \/> <\/a> <\/div> <div class=\"tiled-gallery-item tiled-gallery-item-small\" itemprop=\"associatedMedia\" itemscope itemtype=\"http:\/\/schema.org\/ImageObject\"> <a href=\"https:\/\/www.alqueria.es\/blogs\/alqueriaamarillanaranja\/2025\/04\/25\/clausura-semana-de-la-lectura-infantil-2\/photo-2025-04-25-13-40-07-2\/\" border=\"0\" itemprop=\"url\"> <meta itemprop=\"width\" content=\"171\"> <meta itemprop=\"height\" content=\"128\"> <img decoding=\"async\" class=\"\" data-attachment-id=\"77244\" data-orig-file=\"https:\/\/cloud.alqueria.es\/wp-content\/uploads\/sites\/9\/2025\/04\/PHOTO-2025-04-25-13-40-07-2.jpg\" data-orig-size=\"1600,1200\" data-comments-opened=\"1\" data-image-meta=\"{&quot;aperture&quot;:&quot;0&quot;,&quot;credit&quot;:&quot;&quot;,&quot;camera&quot;:&quot;&quot;,&quot;caption&quot;:&quot;&quot;,&quot;created_timestamp&quot;:&quot;0&quot;,&quot;copyright&quot;:&quot;&quot;,&quot;focal_length&quot;:&quot;0&quot;,&quot;iso&quot;:&quot;0&quot;,&quot;shutter_speed&quot;:&quot;0&quot;,&quot;title&quot;:&quot;&quot;,&quot;orientation&quot;:&quot;0&quot;}\" data-image-title=\"PHOTO-2025-04-25-13-40-07 2\" data-image-description=\"\" data-medium-file=\"https:\/\/cloud.alqueria.es\/wp-content\/uploads\/sites\/9\/2025\/04\/PHOTO-2025-04-25-13-40-07-2-300x225.jpg\" data-large-file=\"https:\/\/cloud.alqueria.es\/wp-content\/uploads\/sites\/9\/2025\/04\/PHOTO-2025-04-25-13-40-07-2-1024x768.jpg\" src=\"https:\/\/i0.wp.com\/cloud.alqueria.es\/wp-content\/uploads\/sites\/9\/2025\/04\/PHOTO-2025-04-25-13-40-07-2.jpg?w=171&#038;h=128&#038;ssl=1\" srcset=\"https:\/\/cloud.alqueria.es\/wp-content\/uploads\/sites\/9\/2025\/04\/PHOTO-2025-04-25-13-40-07-2.jpg 1600w, https:\/\/cloud.alqueria.es\/wp-content\/uploads\/sites\/9\/2025\/04\/PHOTO-2025-04-25-13-40-07-2-300x225.jpg 300w, https:\/\/cloud.alqueria.es\/wp-content\/uploads\/sites\/9\/2025\/04\/PHOTO-2025-04-25-13-40-07-2-1024x768.jpg 1024w, https:\/\/cloud.alqueria.es\/wp-content\/uploads\/sites\/9\/2025\/04\/PHOTO-2025-04-25-13-40-07-2-768x576.jpg 768w, https:\/\/cloud.alqueria.es\/wp-content\/uploads\/sites\/9\/2025\/04\/PHOTO-2025-04-25-13-40-07-2-1536x1152.jpg 1536w\" width=\"171\" height=\"128\" loading=\"lazy\" data-original-width=\"171\" data-original-height=\"128\" itemprop=\"http:\/\/schema.org\/image\" title=\"PHOTO-2025-04-25-13-40-07 2\" alt=\"PHOTO-2025-04-25-13-40-07 2\" style=\"width: 171px; height: 128px;\" \/> <\/a> <\/div> <\/div> <!-- close group --> <div class=\"gallery-group images-1\" style=\"width: 299px; height: 397px;\" data-original-width=\"299\" data-original-height=\"397\" > <div class=\"tiled-gallery-item tiled-gallery-item-large\" itemprop=\"associatedMedia\" itemscope itemtype=\"http:\/\/schema.org\/ImageObject\"> <a href=\"https:\/\/www.alqueria.es\/blogs\/alqueriaamarillanaranja\/2025\/04\/25\/clausura-semana-de-la-lectura-infantil-2\/photo-2025-04-25-13-40-07-11\/\" border=\"0\" itemprop=\"url\"> <meta itemprop=\"width\" content=\"295\"> <meta itemprop=\"height\" content=\"393\"> <img decoding=\"async\" class=\"\" data-attachment-id=\"77235\" data-orig-file=\"https:\/\/cloud.alqueria.es\/wp-content\/uploads\/sites\/9\/2025\/04\/PHOTO-2025-04-25-13-40-07-11.jpg\" data-orig-size=\"1200,1600\" data-comments-opened=\"1\" data-image-meta=\"{&quot;aperture&quot;:&quot;0&quot;,&quot;credit&quot;:&quot;&quot;,&quot;camera&quot;:&quot;&quot;,&quot;caption&quot;:&quot;&quot;,&quot;created_timestamp&quot;:&quot;0&quot;,&quot;copyright&quot;:&quot;&quot;,&quot;focal_length&quot;:&quot;0&quot;,&quot;iso&quot;:&quot;0&quot;,&quot;shutter_speed&quot;:&quot;0&quot;,&quot;title&quot;:&quot;&quot;,&quot;orientation&quot;:&quot;0&quot;}\" data-image-title=\"PHOTO-2025-04-25-13-40-07 11\" data-image-description=\"\" data-medium-file=\"https:\/\/cloud.alqueria.es\/wp-content\/uploads\/sites\/9\/2025\/04\/PHOTO-2025-04-25-13-40-07-11-225x300.jpg\" data-large-file=\"https:\/\/cloud.alqueria.es\/wp-content\/uploads\/sites\/9\/2025\/04\/PHOTO-2025-04-25-13-40-07-11-768x1024.jpg\" src=\"https:\/\/i0.wp.com\/cloud.alqueria.es\/wp-content\/uploads\/sites\/9\/2025\/04\/PHOTO-2025-04-25-13-40-07-11.jpg?w=295&#038;h=393&#038;ssl=1\" srcset=\"https:\/\/cloud.alqueria.es\/wp-content\/uploads\/sites\/9\/2025\/04\/PHOTO-2025-04-25-13-40-07-11.jpg 1200w, https:\/\/cloud.alqueria.es\/wp-content\/uploads\/sites\/9\/2025\/04\/PHOTO-2025-04-25-13-40-07-11-225x300.jpg 225w, https:\/\/cloud.alqueria.es\/wp-content\/uploads\/sites\/9\/2025\/04\/PHOTO-2025-04-25-13-40-07-11-768x1024.jpg 768w, https:\/\/cloud.alqueria.es\/wp-content\/uploads\/sites\/9\/2025\/04\/PHOTO-2025-04-25-13-40-07-11-1152x1536.jpg 1152w\" width=\"295\" height=\"393\" loading=\"lazy\" data-original-width=\"295\" data-original-height=\"393\" itemprop=\"http:\/\/schema.org\/image\" title=\"PHOTO-2025-04-25-13-40-07 11\" alt=\"PHOTO-2025-04-25-13-40-07 11\" style=\"width: 295px; height: 393px;\" \/> <\/a> <\/div> <\/div> <!-- close group --> <\/div> <!-- close row --> <\/div>\n<p><strong>Saltamos por un mar evitando a cocodrilos. <span class=\"Apple-converted-space\">\u00a0<\/span><\/strong><\/p>\n<p><img decoding=\"async\" data-attachment-id=\"77237\" data-permalink=\"https:\/\/www.alqueria.es\/blogs\/alqueriaamarillanaranja\/2025\/04\/25\/clausura-semana-de-la-lectura-infantil-2\/photo-2025-04-25-13-40-07-9\/\" data-orig-file=\"https:\/\/cloud.alqueria.es\/wp-content\/uploads\/sites\/9\/2025\/04\/PHOTO-2025-04-25-13-40-07-9.jpg\" data-orig-size=\"1600,1200\" data-comments-opened=\"1\" data-image-meta=\"{&quot;aperture&quot;:&quot;0&quot;,&quot;credit&quot;:&quot;&quot;,&quot;camera&quot;:&quot;&quot;,&quot;caption&quot;:&quot;&quot;,&quot;created_timestamp&quot;:&quot;0&quot;,&quot;copyright&quot;:&quot;&quot;,&quot;focal_length&quot;:&quot;0&quot;,&quot;iso&quot;:&quot;0&quot;,&quot;shutter_speed&quot;:&quot;0&quot;,&quot;title&quot;:&quot;&quot;,&quot;orientation&quot;:&quot;0&quot;}\" data-image-title=\"PHOTO-2025-04-25-13-40-07 9\" data-image-description=\"\" data-image-caption=\"\" data-large-file=\"https:\/\/cloud.alqueria.es\/wp-content\/uploads\/sites\/9\/2025\/04\/PHOTO-2025-04-25-13-40-07-9-1024x768.jpg\" class=\"aligncenter size-full wp-image-77237\" src=\"https:\/\/cloud.alqueria.es\/wp-content\/uploads\/sites\/9\/2025\/04\/PHOTO-2025-04-25-13-40-07-9.jpg\" alt=\"\" width=\"1600\" height=\"1200\" srcset=\"https:\/\/cloud.alqueria.es\/wp-content\/uploads\/sites\/9\/2025\/04\/PHOTO-2025-04-25-13-40-07-9.jpg 1600w, https:\/\/cloud.alqueria.es\/wp-content\/uploads\/sites\/9\/2025\/04\/PHOTO-2025-04-25-13-40-07-9-300x225.jpg 300w, https:\/\/cloud.alqueria.es\/wp-content\/uploads\/sites\/9\/2025\/04\/PHOTO-2025-04-25-13-40-07-9-1024x768.jpg 1024w, https:\/\/cloud.alqueria.es\/wp-content\/uploads\/sites\/9\/2025\/04\/PHOTO-2025-04-25-13-40-07-9-768x576.jpg 768w, https:\/\/cloud.alqueria.es\/wp-content\/uploads\/sites\/9\/2025\/04\/PHOTO-2025-04-25-13-40-07-9-1536x1152.jpg 1536w\" sizes=\"(max-width: 1600px) 100vw, 1600px\" \/><\/p>\n<p><strong>Caminamos con equilibrio por un puente. <span class=\"Apple-converted-space\">\u00a0<\/span><\/strong><\/p>\n<div class=\"tiled-gallery type-rectangular tiled-gallery-unresized\" data-original-width=\"474\" data-carousel-extra='{&quot;blog_id&quot;:9,&quot;permalink&quot;:&quot;https:\\\/\\\/www.alqueria.es\\\/blogs\\\/alqueriaamarillanaranja\\\/2025\\\/04\\\/25\\\/clausura-semana-de-la-lectura-infantil-2\\\/&quot;,&quot;likes_blog_id&quot;:64271688}' itemscope itemtype=\"http:\/\/schema.org\/ImageGallery\" > <div class=\"gallery-row\" style=\"width: 474px; height: 179px;\" data-original-width=\"474\" data-original-height=\"179\" > <div class=\"gallery-group images-1\" style=\"width: 237px; height: 179px;\" data-original-width=\"237\" data-original-height=\"179\" > <div class=\"tiled-gallery-item tiled-gallery-item-small\" itemprop=\"associatedMedia\" itemscope itemtype=\"http:\/\/schema.org\/ImageObject\"> <a href=\"https:\/\/www.alqueria.es\/blogs\/alqueriaamarillanaranja\/2025\/04\/25\/clausura-semana-de-la-lectura-infantil-2\/photo-2025-04-25-13-40-07-8\/\" border=\"0\" itemprop=\"url\"> <meta itemprop=\"width\" content=\"233\"> <meta itemprop=\"height\" content=\"175\"> <img decoding=\"async\" class=\"\" data-attachment-id=\"77238\" data-orig-file=\"https:\/\/cloud.alqueria.es\/wp-content\/uploads\/sites\/9\/2025\/04\/PHOTO-2025-04-25-13-40-07-8.jpg\" data-orig-size=\"1600,1200\" data-comments-opened=\"1\" data-image-meta=\"{&quot;aperture&quot;:&quot;0&quot;,&quot;credit&quot;:&quot;&quot;,&quot;camera&quot;:&quot;&quot;,&quot;caption&quot;:&quot;&quot;,&quot;created_timestamp&quot;:&quot;0&quot;,&quot;copyright&quot;:&quot;&quot;,&quot;focal_length&quot;:&quot;0&quot;,&quot;iso&quot;:&quot;0&quot;,&quot;shutter_speed&quot;:&quot;0&quot;,&quot;title&quot;:&quot;&quot;,&quot;orientation&quot;:&quot;0&quot;}\" data-image-title=\"PHOTO-2025-04-25-13-40-07 8\" data-image-description=\"\" data-medium-file=\"https:\/\/cloud.alqueria.es\/wp-content\/uploads\/sites\/9\/2025\/04\/PHOTO-2025-04-25-13-40-07-8-300x225.jpg\" data-large-file=\"https:\/\/cloud.alqueria.es\/wp-content\/uploads\/sites\/9\/2025\/04\/PHOTO-2025-04-25-13-40-07-8-1024x768.jpg\" src=\"https:\/\/i0.wp.com\/cloud.alqueria.es\/wp-content\/uploads\/sites\/9\/2025\/04\/PHOTO-2025-04-25-13-40-07-8.jpg?w=233&#038;h=175&#038;ssl=1\" srcset=\"https:\/\/cloud.alqueria.es\/wp-content\/uploads\/sites\/9\/2025\/04\/PHOTO-2025-04-25-13-40-07-8.jpg 1600w, https:\/\/cloud.alqueria.es\/wp-content\/uploads\/sites\/9\/2025\/04\/PHOTO-2025-04-25-13-40-07-8-300x225.jpg 300w, https:\/\/cloud.alqueria.es\/wp-content\/uploads\/sites\/9\/2025\/04\/PHOTO-2025-04-25-13-40-07-8-1024x768.jpg 1024w, https:\/\/cloud.alqueria.es\/wp-content\/uploads\/sites\/9\/2025\/04\/PHOTO-2025-04-25-13-40-07-8-768x576.jpg 768w, https:\/\/cloud.alqueria.es\/wp-content\/uploads\/sites\/9\/2025\/04\/PHOTO-2025-04-25-13-40-07-8-1536x1152.jpg 1536w\" width=\"233\" height=\"175\" loading=\"lazy\" data-original-width=\"233\" data-original-height=\"175\" itemprop=\"http:\/\/schema.org\/image\" title=\"PHOTO-2025-04-25-13-40-07 8\" alt=\"PHOTO-2025-04-25-13-40-07 8\" style=\"width: 233px; height: 175px;\" \/> <\/a> <\/div> <\/div> <!-- close group --> <div class=\"gallery-group images-1\" style=\"width: 237px; height: 179px;\" data-original-width=\"237\" data-original-height=\"179\" > <div class=\"tiled-gallery-item tiled-gallery-item-small\" itemprop=\"associatedMedia\" itemscope itemtype=\"http:\/\/schema.org\/ImageObject\"> <a href=\"https:\/\/www.alqueria.es\/blogs\/alqueriaamarillanaranja\/2025\/04\/25\/clausura-semana-de-la-lectura-infantil-2\/photo-2025-04-25-13-40-07-13\/\" border=\"0\" itemprop=\"url\"> <meta itemprop=\"width\" content=\"233\"> <meta itemprop=\"height\" content=\"175\"> <img decoding=\"async\" class=\"\" data-attachment-id=\"77233\" data-orig-file=\"https:\/\/cloud.alqueria.es\/wp-content\/uploads\/sites\/9\/2025\/04\/PHOTO-2025-04-25-13-40-07-13.jpg\" data-orig-size=\"1600,1200\" data-comments-opened=\"1\" data-image-meta=\"{&quot;aperture&quot;:&quot;0&quot;,&quot;credit&quot;:&quot;&quot;,&quot;camera&quot;:&quot;&quot;,&quot;caption&quot;:&quot;&quot;,&quot;created_timestamp&quot;:&quot;0&quot;,&quot;copyright&quot;:&quot;&quot;,&quot;focal_length&quot;:&quot;0&quot;,&quot;iso&quot;:&quot;0&quot;,&quot;shutter_speed&quot;:&quot;0&quot;,&quot;title&quot;:&quot;&quot;,&quot;orientation&quot;:&quot;0&quot;}\" data-image-title=\"PHOTO-2025-04-25-13-40-07 13\" data-image-description=\"\" data-medium-file=\"https:\/\/cloud.alqueria.es\/wp-content\/uploads\/sites\/9\/2025\/04\/PHOTO-2025-04-25-13-40-07-13-300x225.jpg\" data-large-file=\"https:\/\/cloud.alqueria.es\/wp-content\/uploads\/sites\/9\/2025\/04\/PHOTO-2025-04-25-13-40-07-13-1024x768.jpg\" src=\"https:\/\/i0.wp.com\/cloud.alqueria.es\/wp-content\/uploads\/sites\/9\/2025\/04\/PHOTO-2025-04-25-13-40-07-13.jpg?w=233&#038;h=175&#038;ssl=1\" srcset=\"https:\/\/cloud.alqueria.es\/wp-content\/uploads\/sites\/9\/2025\/04\/PHOTO-2025-04-25-13-40-07-13.jpg 1600w, https:\/\/cloud.alqueria.es\/wp-content\/uploads\/sites\/9\/2025\/04\/PHOTO-2025-04-25-13-40-07-13-300x225.jpg 300w, https:\/\/cloud.alqueria.es\/wp-content\/uploads\/sites\/9\/2025\/04\/PHOTO-2025-04-25-13-40-07-13-1024x768.jpg 1024w, https:\/\/cloud.alqueria.es\/wp-content\/uploads\/sites\/9\/2025\/04\/PHOTO-2025-04-25-13-40-07-13-768x576.jpg 768w, https:\/\/cloud.alqueria.es\/wp-content\/uploads\/sites\/9\/2025\/04\/PHOTO-2025-04-25-13-40-07-13-1536x1152.jpg 1536w\" width=\"233\" height=\"175\" loading=\"lazy\" data-original-width=\"233\" data-original-height=\"175\" itemprop=\"http:\/\/schema.org\/image\" title=\"PHOTO-2025-04-25-13-40-07 13\" alt=\"PHOTO-2025-04-25-13-40-07 13\" style=\"width: 233px; height: 175px;\" \/> <\/a> <\/div> <\/div> <!-- close group --> <\/div> <!-- close row --> <\/div>\n<p><strong>Lanzamos flechas de cari\u00f1o a un oso triste para alegrar su coraz\u00f3n. <span class=\"Apple-converted-space\">\u00a0<\/span><\/strong><\/p>\n<p><img decoding=\"async\" data-attachment-id=\"77241\" data-permalink=\"https:\/\/www.alqueria.es\/blogs\/alqueriaamarillanaranja\/2025\/04\/25\/clausura-semana-de-la-lectura-infantil-2\/photo-2025-04-25-13-40-07-5\/\" data-orig-file=\"https:\/\/cloud.alqueria.es\/wp-content\/uploads\/sites\/9\/2025\/04\/PHOTO-2025-04-25-13-40-07-5.jpg\" data-orig-size=\"1600,1200\" data-comments-opened=\"1\" data-image-meta=\"{&quot;aperture&quot;:&quot;0&quot;,&quot;credit&quot;:&quot;&quot;,&quot;camera&quot;:&quot;&quot;,&quot;caption&quot;:&quot;&quot;,&quot;created_timestamp&quot;:&quot;0&quot;,&quot;copyright&quot;:&quot;&quot;,&quot;focal_length&quot;:&quot;0&quot;,&quot;iso&quot;:&quot;0&quot;,&quot;shutter_speed&quot;:&quot;0&quot;,&quot;title&quot;:&quot;&quot;,&quot;orientation&quot;:&quot;0&quot;}\" data-image-title=\"PHOTO-2025-04-25-13-40-07 5\" data-image-description=\"\" data-image-caption=\"\" data-large-file=\"https:\/\/cloud.alqueria.es\/wp-content\/uploads\/sites\/9\/2025\/04\/PHOTO-2025-04-25-13-40-07-5-1024x768.jpg\" class=\"aligncenter size-full wp-image-77241\" src=\"https:\/\/cloud.alqueria.es\/wp-content\/uploads\/sites\/9\/2025\/04\/PHOTO-2025-04-25-13-40-07-5.jpg\" alt=\"\" width=\"1600\" height=\"1200\" srcset=\"https:\/\/cloud.alqueria.es\/wp-content\/uploads\/sites\/9\/2025\/04\/PHOTO-2025-04-25-13-40-07-5.jpg 1600w, https:\/\/cloud.alqueria.es\/wp-content\/uploads\/sites\/9\/2025\/04\/PHOTO-2025-04-25-13-40-07-5-300x225.jpg 300w, https:\/\/cloud.alqueria.es\/wp-content\/uploads\/sites\/9\/2025\/04\/PHOTO-2025-04-25-13-40-07-5-1024x768.jpg 1024w, https:\/\/cloud.alqueria.es\/wp-content\/uploads\/sites\/9\/2025\/04\/PHOTO-2025-04-25-13-40-07-5-768x576.jpg 768w, https:\/\/cloud.alqueria.es\/wp-content\/uploads\/sites\/9\/2025\/04\/PHOTO-2025-04-25-13-40-07-5-1536x1152.jpg 1536w\" sizes=\"(max-width: 1600px) 100vw, 1600px\" \/><\/p>\n<p><strong>\u00a1Y lo conseguimos!<\/strong><\/p>\n<p><strong>Como buenos indios, nos ganamos una pluma sagrada por nuestro trabajo en equipo. <span class=\"Apple-converted-space\">\u00a0<\/span><\/strong><\/p>\n<p><img decoding=\"async\" data-attachment-id=\"77231\" data-permalink=\"https:\/\/www.alqueria.es\/blogs\/alqueriaamarillanaranja\/2025\/04\/25\/clausura-semana-de-la-lectura-infantil-2\/photo-2025-04-25-13-40-07-15\/\" data-orig-file=\"https:\/\/cloud.alqueria.es\/wp-content\/uploads\/sites\/9\/2025\/04\/PHOTO-2025-04-25-13-40-07-15.jpg\" data-orig-size=\"1600,1200\" data-comments-opened=\"1\" data-image-meta=\"{&quot;aperture&quot;:&quot;0&quot;,&quot;credit&quot;:&quot;&quot;,&quot;camera&quot;:&quot;&quot;,&quot;caption&quot;:&quot;&quot;,&quot;created_timestamp&quot;:&quot;0&quot;,&quot;copyright&quot;:&quot;&quot;,&quot;focal_length&quot;:&quot;0&quot;,&quot;iso&quot;:&quot;0&quot;,&quot;shutter_speed&quot;:&quot;0&quot;,&quot;title&quot;:&quot;&quot;,&quot;orientation&quot;:&quot;0&quot;}\" data-image-title=\"PHOTO-2025-04-25-13-40-07 15\" data-image-description=\"\" data-image-caption=\"\" data-large-file=\"https:\/\/cloud.alqueria.es\/wp-content\/uploads\/sites\/9\/2025\/04\/PHOTO-2025-04-25-13-40-07-15-1024x768.jpg\" class=\"aligncenter size-full wp-image-77231\" src=\"https:\/\/cloud.alqueria.es\/wp-content\/uploads\/sites\/9\/2025\/04\/PHOTO-2025-04-25-13-40-07-15.jpg\" alt=\"\" width=\"1600\" height=\"1200\" srcset=\"https:\/\/cloud.alqueria.es\/wp-content\/uploads\/sites\/9\/2025\/04\/PHOTO-2025-04-25-13-40-07-15.jpg 1600w, https:\/\/cloud.alqueria.es\/wp-content\/uploads\/sites\/9\/2025\/04\/PHOTO-2025-04-25-13-40-07-15-300x225.jpg 300w, https:\/\/cloud.alqueria.es\/wp-content\/uploads\/sites\/9\/2025\/04\/PHOTO-2025-04-25-13-40-07-15-1024x768.jpg 1024w, https:\/\/cloud.alqueria.es\/wp-content\/uploads\/sites\/9\/2025\/04\/PHOTO-2025-04-25-13-40-07-15-768x576.jpg 768w, https:\/\/cloud.alqueria.es\/wp-content\/uploads\/sites\/9\/2025\/04\/PHOTO-2025-04-25-13-40-07-15-1536x1152.jpg 1536w\" sizes=\"(max-width: 1600px) 100vw, 1600px\" \/><\/p>\n<p><span style=\"color: #ff6600\"><strong>\u00a1GRACIAS CHICOS!<\/strong><\/span><\/p>\n<p><img decoding=\"async\" data-attachment-id=\"77239\" data-permalink=\"https:\/\/www.alqueria.es\/blogs\/alqueriaamarillanaranja\/2025\/04\/25\/clausura-semana-de-la-lectura-infantil-2\/photo-2025-04-25-13-40-07-7\/\" data-orig-file=\"https:\/\/cloud.alqueria.es\/wp-content\/uploads\/sites\/9\/2025\/04\/PHOTO-2025-04-25-13-40-07-7.jpg\" data-orig-size=\"1600,1200\" data-comments-opened=\"1\" data-image-meta=\"{&quot;aperture&quot;:&quot;0&quot;,&quot;credit&quot;:&quot;&quot;,&quot;camera&quot;:&quot;&quot;,&quot;caption&quot;:&quot;&quot;,&quot;created_timestamp&quot;:&quot;0&quot;,&quot;copyright&quot;:&quot;&quot;,&quot;focal_length&quot;:&quot;0&quot;,&quot;iso&quot;:&quot;0&quot;,&quot;shutter_speed&quot;:&quot;0&quot;,&quot;title&quot;:&quot;&quot;,&quot;orientation&quot;:&quot;0&quot;}\" data-image-title=\"PHOTO-2025-04-25-13-40-07 7\" data-image-description=\"\" data-image-caption=\"\" data-large-file=\"https:\/\/cloud.alqueria.es\/wp-content\/uploads\/sites\/9\/2025\/04\/PHOTO-2025-04-25-13-40-07-7-1024x768.jpg\" class=\"aligncenter size-full wp-image-77239\" src=\"https:\/\/cloud.alqueria.es\/wp-content\/uploads\/sites\/9\/2025\/04\/PHOTO-2025-04-25-13-40-07-7.jpg\" alt=\"\" width=\"1600\" height=\"1200\" srcset=\"https:\/\/cloud.alqueria.es\/wp-content\/uploads\/sites\/9\/2025\/04\/PHOTO-2025-04-25-13-40-07-7.jpg 1600w, https:\/\/cloud.alqueria.es\/wp-content\/uploads\/sites\/9\/2025\/04\/PHOTO-2025-04-25-13-40-07-7-300x225.jpg 300w, https:\/\/cloud.alqueria.es\/wp-content\/uploads\/sites\/9\/2025\/04\/PHOTO-2025-04-25-13-40-07-7-1024x768.jpg 1024w, https:\/\/cloud.alqueria.es\/wp-content\/uploads\/sites\/9\/2025\/04\/PHOTO-2025-04-25-13-40-07-7-768x576.jpg 768w, https:\/\/cloud.alqueria.es\/wp-content\/uploads\/sites\/9\/2025\/04\/PHOTO-2025-04-25-13-40-07-7-1536x1152.jpg 1536w\" sizes=\"(max-width: 1600px) 100vw, 1600px\" \/><\/p>\n<p><strong>Despu\u00e9s, descubrimos los <span style=\"color: #ff6600\">nuevos libros<\/span> que hemos comprado con la <span style=\"color: #ff6600\">recaudaci\u00f3n del Vivero de Infantil.<\/span> \u00a1Estamos seguros de que los disfrutaremos much\u00edsimo! <span class=\"Apple-converted-space\">\u00a0<\/span><\/strong><\/p>\n<p><img decoding=\"async\" data-attachment-id=\"77232\" data-permalink=\"https:\/\/www.alqueria.es\/blogs\/alqueriaamarillanaranja\/2025\/04\/25\/clausura-semana-de-la-lectura-infantil-2\/photo-2025-04-25-13-40-07-14\/\" data-orig-file=\"https:\/\/cloud.alqueria.es\/wp-content\/uploads\/sites\/9\/2025\/04\/PHOTO-2025-04-25-13-40-07-14.jpg\" data-orig-size=\"1600,1021\" data-comments-opened=\"1\" data-image-meta=\"{&quot;aperture&quot;:&quot;0&quot;,&quot;credit&quot;:&quot;&quot;,&quot;camera&quot;:&quot;&quot;,&quot;caption&quot;:&quot;&quot;,&quot;created_timestamp&quot;:&quot;0&quot;,&quot;copyright&quot;:&quot;&quot;,&quot;focal_length&quot;:&quot;0&quot;,&quot;iso&quot;:&quot;0&quot;,&quot;shutter_speed&quot;:&quot;0&quot;,&quot;title&quot;:&quot;&quot;,&quot;orientation&quot;:&quot;0&quot;}\" data-image-title=\"PHOTO-2025-04-25-13-40-07 14\" data-image-description=\"\" data-image-caption=\"\" data-large-file=\"https:\/\/cloud.alqueria.es\/wp-content\/uploads\/sites\/9\/2025\/04\/PHOTO-2025-04-25-13-40-07-14-1024x653.jpg\" class=\"aligncenter size-full wp-image-77232\" src=\"https:\/\/cloud.alqueria.es\/wp-content\/uploads\/sites\/9\/2025\/04\/PHOTO-2025-04-25-13-40-07-14.jpg\" alt=\"\" width=\"1600\" height=\"1021\" srcset=\"https:\/\/cloud.alqueria.es\/wp-content\/uploads\/sites\/9\/2025\/04\/PHOTO-2025-04-25-13-40-07-14.jpg 1600w, https:\/\/cloud.alqueria.es\/wp-content\/uploads\/sites\/9\/2025\/04\/PHOTO-2025-04-25-13-40-07-14-300x191.jpg 300w, https:\/\/cloud.alqueria.es\/wp-content\/uploads\/sites\/9\/2025\/04\/PHOTO-2025-04-25-13-40-07-14-1024x653.jpg 1024w, https:\/\/cloud.alqueria.es\/wp-content\/uploads\/sites\/9\/2025\/04\/PHOTO-2025-04-25-13-40-07-14-768x490.jpg 768w, https:\/\/cloud.alqueria.es\/wp-content\/uploads\/sites\/9\/2025\/04\/PHOTO-2025-04-25-13-40-07-14-1536x980.jpg 1536w\" sizes=\"(max-width: 1600px) 100vw, 1600px\" \/><\/p>\n<p><strong>Por la tarde, <span style=\"color: #ff6600\">las familias del grupo verde<\/span> nos sorprenden con una maravillosa obra de teatro basada en <span style=\"color: #ff6600\">\u201cEl Libro de la Selva\u00bb.<\/span> Ha sido el colof\u00f3n perfecto para esta semana tan especial, y m\u00e1s emotivo a\u00fan porque ellas se despiden de Infantil.<\/strong><\/p>\n<p><strong>\u00a1Qu\u00e9 manera tan bonita de cerrar esta etapa! <span class=\"Apple-converted-space\">\u00a0<\/span><\/strong><\/p>\n<div class=\"tiled-gallery type-rectangular tiled-gallery-unresized\" data-original-width=\"474\" data-carousel-extra='{&quot;blog_id&quot;:9,&quot;permalink&quot;:&quot;https:\\\/\\\/www.alqueria.es\\\/blogs\\\/alqueriaamarillanaranja\\\/2025\\\/04\\\/25\\\/clausura-semana-de-la-lectura-infantil-2\\\/&quot;,&quot;likes_blog_id&quot;:64271688}' itemscope itemtype=\"http:\/\/schema.org\/ImageGallery\" > <div class=\"gallery-row\" style=\"width: 474px; height: 238px;\" data-original-width=\"474\" data-original-height=\"238\" > <div class=\"gallery-group images-1\" style=\"width: 316px; height: 238px;\" data-original-width=\"316\" data-original-height=\"238\" > <div class=\"tiled-gallery-item tiled-gallery-item-large\" itemprop=\"associatedMedia\" itemscope itemtype=\"http:\/\/schema.org\/ImageObject\"> <a href=\"https:\/\/www.alqueria.es\/blogs\/alqueriaamarillanaranja\/2025\/04\/25\/clausura-semana-de-la-lectura-infantil-2\/photo-2025-04-25-19-15-35\/\" border=\"0\" itemprop=\"url\"> <meta itemprop=\"width\" content=\"312\"> <meta itemprop=\"height\" content=\"234\"> <img decoding=\"async\" class=\"\" data-attachment-id=\"77246\" data-orig-file=\"https:\/\/cloud.alqueria.es\/wp-content\/uploads\/sites\/9\/2025\/04\/PHOTO-2025-04-25-19-15-35.jpg\" data-orig-size=\"1600,1200\" data-comments-opened=\"1\" data-image-meta=\"{&quot;aperture&quot;:&quot;0&quot;,&quot;credit&quot;:&quot;&quot;,&quot;camera&quot;:&quot;&quot;,&quot;caption&quot;:&quot;&quot;,&quot;created_timestamp&quot;:&quot;0&quot;,&quot;copyright&quot;:&quot;&quot;,&quot;focal_length&quot;:&quot;0&quot;,&quot;iso&quot;:&quot;0&quot;,&quot;shutter_speed&quot;:&quot;0&quot;,&quot;title&quot;:&quot;&quot;,&quot;orientation&quot;:&quot;0&quot;}\" data-image-title=\"PHOTO-2025-04-25-19-15-35\" data-image-description=\"\" data-medium-file=\"https:\/\/cloud.alqueria.es\/wp-content\/uploads\/sites\/9\/2025\/04\/PHOTO-2025-04-25-19-15-35-300x225.jpg\" data-large-file=\"https:\/\/cloud.alqueria.es\/wp-content\/uploads\/sites\/9\/2025\/04\/PHOTO-2025-04-25-19-15-35-1024x768.jpg\" src=\"https:\/\/i0.wp.com\/cloud.alqueria.es\/wp-content\/uploads\/sites\/9\/2025\/04\/PHOTO-2025-04-25-19-15-35.jpg?w=312&#038;h=234&#038;ssl=1\" srcset=\"https:\/\/cloud.alqueria.es\/wp-content\/uploads\/sites\/9\/2025\/04\/PHOTO-2025-04-25-19-15-35.jpg 1600w, https:\/\/cloud.alqueria.es\/wp-content\/uploads\/sites\/9\/2025\/04\/PHOTO-2025-04-25-19-15-35-300x225.jpg 300w, https:\/\/cloud.alqueria.es\/wp-content\/uploads\/sites\/9\/2025\/04\/PHOTO-2025-04-25-19-15-35-1024x768.jpg 1024w, https:\/\/cloud.alqueria.es\/wp-content\/uploads\/sites\/9\/2025\/04\/PHOTO-2025-04-25-19-15-35-768x576.jpg 768w, https:\/\/cloud.alqueria.es\/wp-content\/uploads\/sites\/9\/2025\/04\/PHOTO-2025-04-25-19-15-35-1536x1152.jpg 1536w\" width=\"312\" height=\"234\" loading=\"lazy\" data-original-width=\"312\" data-original-height=\"234\" itemprop=\"http:\/\/schema.org\/image\" title=\"PHOTO-2025-04-25-19-15-35\" alt=\"PHOTO-2025-04-25-19-15-35\" style=\"width: 312px; height: 234px;\" \/> <\/a> <\/div> <\/div> <!-- close group --> <div class=\"gallery-group images-2\" style=\"width: 158px; height: 238px;\" data-original-width=\"158\" data-original-height=\"238\" > <div class=\"tiled-gallery-item tiled-gallery-item-small\" itemprop=\"associatedMedia\" itemscope itemtype=\"http:\/\/schema.org\/ImageObject\"> <a href=\"https:\/\/www.alqueria.es\/blogs\/alqueriaamarillanaranja\/2025\/04\/25\/clausura-semana-de-la-lectura-infantil-2\/photo-2025-04-25-19-15-35-8\/\" border=\"0\" itemprop=\"url\"> <meta itemprop=\"width\" content=\"154\"> <meta itemprop=\"height\" content=\"115\"> <img decoding=\"async\" class=\"\" data-attachment-id=\"77248\" data-orig-file=\"https:\/\/cloud.alqueria.es\/wp-content\/uploads\/sites\/9\/2025\/04\/PHOTO-2025-04-25-19-15-35-8.jpg\" data-orig-size=\"1600,1200\" data-comments-opened=\"1\" data-image-meta=\"{&quot;aperture&quot;:&quot;0&quot;,&quot;credit&quot;:&quot;&quot;,&quot;camera&quot;:&quot;&quot;,&quot;caption&quot;:&quot;&quot;,&quot;created_timestamp&quot;:&quot;0&quot;,&quot;copyright&quot;:&quot;&quot;,&quot;focal_length&quot;:&quot;0&quot;,&quot;iso&quot;:&quot;0&quot;,&quot;shutter_speed&quot;:&quot;0&quot;,&quot;title&quot;:&quot;&quot;,&quot;orientation&quot;:&quot;0&quot;}\" data-image-title=\"PHOTO-2025-04-25-19-15-35 8\" data-image-description=\"\" data-medium-file=\"https:\/\/cloud.alqueria.es\/wp-content\/uploads\/sites\/9\/2025\/04\/PHOTO-2025-04-25-19-15-35-8-300x225.jpg\" data-large-file=\"https:\/\/cloud.alqueria.es\/wp-content\/uploads\/sites\/9\/2025\/04\/PHOTO-2025-04-25-19-15-35-8-1024x768.jpg\" src=\"https:\/\/i0.wp.com\/cloud.alqueria.es\/wp-content\/uploads\/sites\/9\/2025\/04\/PHOTO-2025-04-25-19-15-35-8.jpg?w=154&#038;h=115&#038;ssl=1\" srcset=\"https:\/\/cloud.alqueria.es\/wp-content\/uploads\/sites\/9\/2025\/04\/PHOTO-2025-04-25-19-15-35-8.jpg 1600w, https:\/\/cloud.alqueria.es\/wp-content\/uploads\/sites\/9\/2025\/04\/PHOTO-2025-04-25-19-15-35-8-300x225.jpg 300w, https:\/\/cloud.alqueria.es\/wp-content\/uploads\/sites\/9\/2025\/04\/PHOTO-2025-04-25-19-15-35-8-1024x768.jpg 1024w, https:\/\/cloud.alqueria.es\/wp-content\/uploads\/sites\/9\/2025\/04\/PHOTO-2025-04-25-19-15-35-8-768x576.jpg 768w, https:\/\/cloud.alqueria.es\/wp-content\/uploads\/sites\/9\/2025\/04\/PHOTO-2025-04-25-19-15-35-8-1536x1152.jpg 1536w\" width=\"154\" height=\"115\" loading=\"lazy\" data-original-width=\"154\" data-original-height=\"115\" itemprop=\"http:\/\/schema.org\/image\" title=\"PHOTO-2025-04-25-19-15-35 8\" alt=\"PHOTO-2025-04-25-19-15-35 8\" style=\"width: 154px; height: 115px;\" \/> <\/a> <\/div> <div class=\"tiled-gallery-item tiled-gallery-item-small\" itemprop=\"associatedMedia\" itemscope itemtype=\"http:\/\/schema.org\/ImageObject\"> <a href=\"https:\/\/www.alqueria.es\/blogs\/alqueriaamarillanaranja\/2025\/04\/25\/clausura-semana-de-la-lectura-infantil-2\/photo-2025-04-25-19-15-35-7\/\" border=\"0\" itemprop=\"url\"> <meta itemprop=\"width\" content=\"154\"> <meta itemprop=\"height\" content=\"115\"> <img decoding=\"async\" class=\"\" data-attachment-id=\"77249\" data-orig-file=\"https:\/\/cloud.alqueria.es\/wp-content\/uploads\/sites\/9\/2025\/04\/PHOTO-2025-04-25-19-15-35-7.jpg\" data-orig-size=\"1600,1200\" data-comments-opened=\"1\" data-image-meta=\"{&quot;aperture&quot;:&quot;0&quot;,&quot;credit&quot;:&quot;&quot;,&quot;camera&quot;:&quot;&quot;,&quot;caption&quot;:&quot;&quot;,&quot;created_timestamp&quot;:&quot;0&quot;,&quot;copyright&quot;:&quot;&quot;,&quot;focal_length&quot;:&quot;0&quot;,&quot;iso&quot;:&quot;0&quot;,&quot;shutter_speed&quot;:&quot;0&quot;,&quot;title&quot;:&quot;&quot;,&quot;orientation&quot;:&quot;0&quot;}\" data-image-title=\"PHOTO-2025-04-25-19-15-35 7\" data-image-description=\"\" data-medium-file=\"https:\/\/cloud.alqueria.es\/wp-content\/uploads\/sites\/9\/2025\/04\/PHOTO-2025-04-25-19-15-35-7-300x225.jpg\" data-large-file=\"https:\/\/cloud.alqueria.es\/wp-content\/uploads\/sites\/9\/2025\/04\/PHOTO-2025-04-25-19-15-35-7-1024x768.jpg\" src=\"https:\/\/i0.wp.com\/cloud.alqueria.es\/wp-content\/uploads\/sites\/9\/2025\/04\/PHOTO-2025-04-25-19-15-35-7.jpg?w=154&#038;h=115&#038;ssl=1\" srcset=\"https:\/\/cloud.alqueria.es\/wp-content\/uploads\/sites\/9\/2025\/04\/PHOTO-2025-04-25-19-15-35-7.jpg 1600w, https:\/\/cloud.alqueria.es\/wp-content\/uploads\/sites\/9\/2025\/04\/PHOTO-2025-04-25-19-15-35-7-300x225.jpg 300w, https:\/\/cloud.alqueria.es\/wp-content\/uploads\/sites\/9\/2025\/04\/PHOTO-2025-04-25-19-15-35-7-1024x768.jpg 1024w, https:\/\/cloud.alqueria.es\/wp-content\/uploads\/sites\/9\/2025\/04\/PHOTO-2025-04-25-19-15-35-7-768x576.jpg 768w, https:\/\/cloud.alqueria.es\/wp-content\/uploads\/sites\/9\/2025\/04\/PHOTO-2025-04-25-19-15-35-7-1536x1152.jpg 1536w\" width=\"154\" height=\"115\" loading=\"lazy\" data-original-width=\"154\" data-original-height=\"115\" itemprop=\"http:\/\/schema.org\/image\" title=\"PHOTO-2025-04-25-19-15-35 7\" alt=\"PHOTO-2025-04-25-19-15-35 7\" style=\"width: 154px; height: 115px;\" \/> <\/a> <\/div> <\/div> <!-- close group --> <\/div> <!-- close row --> <div class=\"gallery-row\" style=\"width: 474px; height: 335px;\" data-original-width=\"474\" data-original-height=\"335\" > <div class=\"gallery-group images-2\" style=\"width: 222px; height: 335px;\" data-original-width=\"222\" data-original-height=\"335\" > <div class=\"tiled-gallery-item tiled-gallery-item-small\" itemprop=\"associatedMedia\" itemscope itemtype=\"http:\/\/schema.org\/ImageObject\"> <a href=\"https:\/\/www.alqueria.es\/blogs\/alqueriaamarillanaranja\/2025\/04\/25\/clausura-semana-de-la-lectura-infantil-2\/photo-2025-04-25-19-15-35-6\/\" border=\"0\" itemprop=\"url\"> <meta itemprop=\"width\" content=\"218\"> <meta itemprop=\"height\" content=\"164\"> <img decoding=\"async\" class=\"\" data-attachment-id=\"77250\" data-orig-file=\"https:\/\/cloud.alqueria.es\/wp-content\/uploads\/sites\/9\/2025\/04\/PHOTO-2025-04-25-19-15-35-6.jpg\" data-orig-size=\"1600,1200\" data-comments-opened=\"1\" data-image-meta=\"{&quot;aperture&quot;:&quot;0&quot;,&quot;credit&quot;:&quot;&quot;,&quot;camera&quot;:&quot;&quot;,&quot;caption&quot;:&quot;&quot;,&quot;created_timestamp&quot;:&quot;0&quot;,&quot;copyright&quot;:&quot;&quot;,&quot;focal_length&quot;:&quot;0&quot;,&quot;iso&quot;:&quot;0&quot;,&quot;shutter_speed&quot;:&quot;0&quot;,&quot;title&quot;:&quot;&quot;,&quot;orientation&quot;:&quot;0&quot;}\" data-image-title=\"PHOTO-2025-04-25-19-15-35 6\" data-image-description=\"\" data-medium-file=\"https:\/\/cloud.alqueria.es\/wp-content\/uploads\/sites\/9\/2025\/04\/PHOTO-2025-04-25-19-15-35-6-300x225.jpg\" data-large-file=\"https:\/\/cloud.alqueria.es\/wp-content\/uploads\/sites\/9\/2025\/04\/PHOTO-2025-04-25-19-15-35-6-1024x768.jpg\" src=\"https:\/\/i0.wp.com\/cloud.alqueria.es\/wp-content\/uploads\/sites\/9\/2025\/04\/PHOTO-2025-04-25-19-15-35-6.jpg?w=218&#038;h=164&#038;ssl=1\" srcset=\"https:\/\/cloud.alqueria.es\/wp-content\/uploads\/sites\/9\/2025\/04\/PHOTO-2025-04-25-19-15-35-6.jpg 1600w, https:\/\/cloud.alqueria.es\/wp-content\/uploads\/sites\/9\/2025\/04\/PHOTO-2025-04-25-19-15-35-6-300x225.jpg 300w, https:\/\/cloud.alqueria.es\/wp-content\/uploads\/sites\/9\/2025\/04\/PHOTO-2025-04-25-19-15-35-6-1024x768.jpg 1024w, https:\/\/cloud.alqueria.es\/wp-content\/uploads\/sites\/9\/2025\/04\/PHOTO-2025-04-25-19-15-35-6-768x576.jpg 768w, https:\/\/cloud.alqueria.es\/wp-content\/uploads\/sites\/9\/2025\/04\/PHOTO-2025-04-25-19-15-35-6-1536x1152.jpg 1536w\" width=\"218\" height=\"164\" loading=\"lazy\" data-original-width=\"218\" data-original-height=\"164\" itemprop=\"http:\/\/schema.org\/image\" title=\"PHOTO-2025-04-25-19-15-35 6\" alt=\"PHOTO-2025-04-25-19-15-35 6\" style=\"width: 218px; height: 164px;\" \/> <\/a> <\/div> <div class=\"tiled-gallery-item tiled-gallery-item-small\" itemprop=\"associatedMedia\" itemscope itemtype=\"http:\/\/schema.org\/ImageObject\"> <a href=\"https:\/\/www.alqueria.es\/blogs\/alqueriaamarillanaranja\/2025\/04\/25\/clausura-semana-de-la-lectura-infantil-2\/photo-2025-04-25-19-15-35-5\/\" border=\"0\" itemprop=\"url\"> <meta itemprop=\"width\" content=\"218\"> <meta itemprop=\"height\" content=\"163\"> <img decoding=\"async\" class=\"\" data-attachment-id=\"77251\" data-orig-file=\"https:\/\/cloud.alqueria.es\/wp-content\/uploads\/sites\/9\/2025\/04\/PHOTO-2025-04-25-19-15-35-5.jpg\" data-orig-size=\"1600,1200\" data-comments-opened=\"1\" data-image-meta=\"{&quot;aperture&quot;:&quot;0&quot;,&quot;credit&quot;:&quot;&quot;,&quot;camera&quot;:&quot;&quot;,&quot;caption&quot;:&quot;&quot;,&quot;created_timestamp&quot;:&quot;0&quot;,&quot;copyright&quot;:&quot;&quot;,&quot;focal_length&quot;:&quot;0&quot;,&quot;iso&quot;:&quot;0&quot;,&quot;shutter_speed&quot;:&quot;0&quot;,&quot;title&quot;:&quot;&quot;,&quot;orientation&quot;:&quot;0&quot;}\" data-image-title=\"PHOTO-2025-04-25-19-15-35 5\" data-image-description=\"\" data-medium-file=\"https:\/\/cloud.alqueria.es\/wp-content\/uploads\/sites\/9\/2025\/04\/PHOTO-2025-04-25-19-15-35-5-300x225.jpg\" data-large-file=\"https:\/\/cloud.alqueria.es\/wp-content\/uploads\/sites\/9\/2025\/04\/PHOTO-2025-04-25-19-15-35-5-1024x768.jpg\" src=\"https:\/\/i0.wp.com\/cloud.alqueria.es\/wp-content\/uploads\/sites\/9\/2025\/04\/PHOTO-2025-04-25-19-15-35-5.jpg?w=218&#038;h=163&#038;ssl=1\" srcset=\"https:\/\/cloud.alqueria.es\/wp-content\/uploads\/sites\/9\/2025\/04\/PHOTO-2025-04-25-19-15-35-5.jpg 1600w, https:\/\/cloud.alqueria.es\/wp-content\/uploads\/sites\/9\/2025\/04\/PHOTO-2025-04-25-19-15-35-5-300x225.jpg 300w, https:\/\/cloud.alqueria.es\/wp-content\/uploads\/sites\/9\/2025\/04\/PHOTO-2025-04-25-19-15-35-5-1024x768.jpg 1024w, https:\/\/cloud.alqueria.es\/wp-content\/uploads\/sites\/9\/2025\/04\/PHOTO-2025-04-25-19-15-35-5-768x576.jpg 768w, https:\/\/cloud.alqueria.es\/wp-content\/uploads\/sites\/9\/2025\/04\/PHOTO-2025-04-25-19-15-35-5-1536x1152.jpg 1536w\" width=\"218\" height=\"163\" loading=\"lazy\" data-original-width=\"218\" data-original-height=\"163\" itemprop=\"http:\/\/schema.org\/image\" title=\"PHOTO-2025-04-25-19-15-35 5\" alt=\"PHOTO-2025-04-25-19-15-35 5\" style=\"width: 218px; height: 163px;\" \/> <\/a> <\/div> <\/div> <!-- close group --> <div class=\"gallery-group images-1\" style=\"width: 252px; height: 335px;\" data-original-width=\"252\" data-original-height=\"335\" > <div class=\"tiled-gallery-item tiled-gallery-item-small\" itemprop=\"associatedMedia\" itemscope itemtype=\"http:\/\/schema.org\/ImageObject\"> <a href=\"https:\/\/www.alqueria.es\/blogs\/alqueriaamarillanaranja\/2025\/04\/25\/clausura-semana-de-la-lectura-infantil-2\/photo-2025-04-25-19-15-35-4\/\" border=\"0\" itemprop=\"url\"> <meta itemprop=\"width\" content=\"248\"> <meta itemprop=\"height\" content=\"331\"> <img decoding=\"async\" class=\"\" data-attachment-id=\"77252\" data-orig-file=\"https:\/\/cloud.alqueria.es\/wp-content\/uploads\/sites\/9\/2025\/04\/PHOTO-2025-04-25-19-15-35-4.jpg\" data-orig-size=\"1200,1600\" data-comments-opened=\"1\" data-image-meta=\"{&quot;aperture&quot;:&quot;0&quot;,&quot;credit&quot;:&quot;&quot;,&quot;camera&quot;:&quot;&quot;,&quot;caption&quot;:&quot;&quot;,&quot;created_timestamp&quot;:&quot;0&quot;,&quot;copyright&quot;:&quot;&quot;,&quot;focal_length&quot;:&quot;0&quot;,&quot;iso&quot;:&quot;0&quot;,&quot;shutter_speed&quot;:&quot;0&quot;,&quot;title&quot;:&quot;&quot;,&quot;orientation&quot;:&quot;0&quot;}\" data-image-title=\"PHOTO-2025-04-25-19-15-35 4\" data-image-description=\"\" data-medium-file=\"https:\/\/cloud.alqueria.es\/wp-content\/uploads\/sites\/9\/2025\/04\/PHOTO-2025-04-25-19-15-35-4-225x300.jpg\" data-large-file=\"https:\/\/cloud.alqueria.es\/wp-content\/uploads\/sites\/9\/2025\/04\/PHOTO-2025-04-25-19-15-35-4-768x1024.jpg\" src=\"https:\/\/i0.wp.com\/cloud.alqueria.es\/wp-content\/uploads\/sites\/9\/2025\/04\/PHOTO-2025-04-25-19-15-35-4.jpg?w=248&#038;h=331&#038;ssl=1\" srcset=\"https:\/\/cloud.alqueria.es\/wp-content\/uploads\/sites\/9\/2025\/04\/PHOTO-2025-04-25-19-15-35-4.jpg 1200w, https:\/\/cloud.alqueria.es\/wp-content\/uploads\/sites\/9\/2025\/04\/PHOTO-2025-04-25-19-15-35-4-225x300.jpg 225w, https:\/\/cloud.alqueria.es\/wp-content\/uploads\/sites\/9\/2025\/04\/PHOTO-2025-04-25-19-15-35-4-768x1024.jpg 768w, https:\/\/cloud.alqueria.es\/wp-content\/uploads\/sites\/9\/2025\/04\/PHOTO-2025-04-25-19-15-35-4-1152x1536.jpg 1152w\" width=\"248\" height=\"331\" loading=\"lazy\" data-original-width=\"248\" data-original-height=\"331\" itemprop=\"http:\/\/schema.org\/image\" title=\"PHOTO-2025-04-25-19-15-35 4\" alt=\"PHOTO-2025-04-25-19-15-35 4\" style=\"width: 248px; height: 331px;\" \/> <\/a> <\/div> <\/div> <!-- close group --> <\/div> <!-- close row --> <div class=\"gallery-row\" style=\"width: 474px; height: 228px;\" data-original-width=\"474\" data-original-height=\"228\" > <div class=\"gallery-group images-1\" style=\"width: 302px; height: 228px;\" data-original-width=\"302\" data-original-height=\"228\" > <div class=\"tiled-gallery-item tiled-gallery-item-large\" itemprop=\"associatedMedia\" itemscope itemtype=\"http:\/\/schema.org\/ImageObject\"> <a href=\"https:\/\/www.alqueria.es\/blogs\/alqueriaamarillanaranja\/2025\/04\/25\/clausura-semana-de-la-lectura-infantil-2\/photo-2025-04-25-19-15-35-3\/\" border=\"0\" itemprop=\"url\"> <meta itemprop=\"width\" content=\"298\"> <meta itemprop=\"height\" content=\"224\"> <img decoding=\"async\" class=\"\" data-attachment-id=\"77253\" data-orig-file=\"https:\/\/cloud.alqueria.es\/wp-content\/uploads\/sites\/9\/2025\/04\/PHOTO-2025-04-25-19-15-35-3.jpg\" data-orig-size=\"1600,1200\" data-comments-opened=\"1\" data-image-meta=\"{&quot;aperture&quot;:&quot;0&quot;,&quot;credit&quot;:&quot;&quot;,&quot;camera&quot;:&quot;&quot;,&quot;caption&quot;:&quot;&quot;,&quot;created_timestamp&quot;:&quot;0&quot;,&quot;copyright&quot;:&quot;&quot;,&quot;focal_length&quot;:&quot;0&quot;,&quot;iso&quot;:&quot;0&quot;,&quot;shutter_speed&quot;:&quot;0&quot;,&quot;title&quot;:&quot;&quot;,&quot;orientation&quot;:&quot;0&quot;}\" data-image-title=\"PHOTO-2025-04-25-19-15-35 3\" data-image-description=\"\" data-medium-file=\"https:\/\/cloud.alqueria.es\/wp-content\/uploads\/sites\/9\/2025\/04\/PHOTO-2025-04-25-19-15-35-3-300x225.jpg\" data-large-file=\"https:\/\/cloud.alqueria.es\/wp-content\/uploads\/sites\/9\/2025\/04\/PHOTO-2025-04-25-19-15-35-3-1024x768.jpg\" src=\"https:\/\/i0.wp.com\/cloud.alqueria.es\/wp-content\/uploads\/sites\/9\/2025\/04\/PHOTO-2025-04-25-19-15-35-3.jpg?w=298&#038;h=224&#038;ssl=1\" srcset=\"https:\/\/cloud.alqueria.es\/wp-content\/uploads\/sites\/9\/2025\/04\/PHOTO-2025-04-25-19-15-35-3.jpg 1600w, https:\/\/cloud.alqueria.es\/wp-content\/uploads\/sites\/9\/2025\/04\/PHOTO-2025-04-25-19-15-35-3-300x225.jpg 300w, https:\/\/cloud.alqueria.es\/wp-content\/uploads\/sites\/9\/2025\/04\/PHOTO-2025-04-25-19-15-35-3-1024x768.jpg 1024w, https:\/\/cloud.alqueria.es\/wp-content\/uploads\/sites\/9\/2025\/04\/PHOTO-2025-04-25-19-15-35-3-768x576.jpg 768w, https:\/\/cloud.alqueria.es\/wp-content\/uploads\/sites\/9\/2025\/04\/PHOTO-2025-04-25-19-15-35-3-1536x1152.jpg 1536w\" width=\"298\" height=\"224\" loading=\"lazy\" data-original-width=\"298\" data-original-height=\"224\" itemprop=\"http:\/\/schema.org\/image\" title=\"PHOTO-2025-04-25-19-15-35 3\" alt=\"PHOTO-2025-04-25-19-15-35 3\" style=\"width: 298px; height: 224px;\" \/> <\/a> <\/div> <\/div> <!-- close group --> <div class=\"gallery-group images-1\" style=\"width: 172px; height: 228px;\" data-original-width=\"172\" data-original-height=\"228\" > <div class=\"tiled-gallery-item tiled-gallery-item-small\" itemprop=\"associatedMedia\" itemscope itemtype=\"http:\/\/schema.org\/ImageObject\"> <a href=\"https:\/\/www.alqueria.es\/blogs\/alqueriaamarillanaranja\/2025\/04\/25\/clausura-semana-de-la-lectura-infantil-2\/photo-2025-04-25-19-15-35-2\/\" border=\"0\" itemprop=\"url\"> <meta itemprop=\"width\" content=\"168\"> <meta itemprop=\"height\" content=\"224\"> <img decoding=\"async\" class=\"\" data-attachment-id=\"77254\" data-orig-file=\"https:\/\/cloud.alqueria.es\/wp-content\/uploads\/sites\/9\/2025\/04\/PHOTO-2025-04-25-19-15-35-2.jpg\" data-orig-size=\"1200,1600\" data-comments-opened=\"1\" data-image-meta=\"{&quot;aperture&quot;:&quot;0&quot;,&quot;credit&quot;:&quot;&quot;,&quot;camera&quot;:&quot;&quot;,&quot;caption&quot;:&quot;&quot;,&quot;created_timestamp&quot;:&quot;0&quot;,&quot;copyright&quot;:&quot;&quot;,&quot;focal_length&quot;:&quot;0&quot;,&quot;iso&quot;:&quot;0&quot;,&quot;shutter_speed&quot;:&quot;0&quot;,&quot;title&quot;:&quot;&quot;,&quot;orientation&quot;:&quot;0&quot;}\" data-image-title=\"PHOTO-2025-04-25-19-15-35 2\" data-image-description=\"\" data-medium-file=\"https:\/\/cloud.alqueria.es\/wp-content\/uploads\/sites\/9\/2025\/04\/PHOTO-2025-04-25-19-15-35-2-225x300.jpg\" data-large-file=\"https:\/\/cloud.alqueria.es\/wp-content\/uploads\/sites\/9\/2025\/04\/PHOTO-2025-04-25-19-15-35-2-768x1024.jpg\" src=\"https:\/\/i0.wp.com\/cloud.alqueria.es\/wp-content\/uploads\/sites\/9\/2025\/04\/PHOTO-2025-04-25-19-15-35-2.jpg?w=168&#038;h=224&#038;ssl=1\" srcset=\"https:\/\/cloud.alqueria.es\/wp-content\/uploads\/sites\/9\/2025\/04\/PHOTO-2025-04-25-19-15-35-2.jpg 1200w, https:\/\/cloud.alqueria.es\/wp-content\/uploads\/sites\/9\/2025\/04\/PHOTO-2025-04-25-19-15-35-2-225x300.jpg 225w, https:\/\/cloud.alqueria.es\/wp-content\/uploads\/sites\/9\/2025\/04\/PHOTO-2025-04-25-19-15-35-2-768x1024.jpg 768w, https:\/\/cloud.alqueria.es\/wp-content\/uploads\/sites\/9\/2025\/04\/PHOTO-2025-04-25-19-15-35-2-1152x1536.jpg 1152w\" width=\"168\" height=\"224\" loading=\"lazy\" data-original-width=\"168\" data-original-height=\"224\" itemprop=\"http:\/\/schema.org\/image\" title=\"PHOTO-2025-04-25-19-15-35 2\" alt=\"PHOTO-2025-04-25-19-15-35 2\" style=\"width: 168px; height: 224px;\" \/> <\/a> <\/div> <\/div> <!-- close group --> <\/div> <!-- close row --> <\/div>\n<p><img decoding=\"async\" data-attachment-id=\"77247\" data-permalink=\"https:\/\/www.alqueria.es\/blogs\/alqueriaamarillanaranja\/2025\/04\/25\/clausura-semana-de-la-lectura-infantil-2\/photo-2025-04-25-19-15-35-9\/\" data-orig-file=\"https:\/\/cloud.alqueria.es\/wp-content\/uploads\/sites\/9\/2025\/04\/PHOTO-2025-04-25-19-15-35-9.jpg\" data-orig-size=\"1600,1200\" data-comments-opened=\"1\" data-image-meta=\"{&quot;aperture&quot;:&quot;0&quot;,&quot;credit&quot;:&quot;&quot;,&quot;camera&quot;:&quot;&quot;,&quot;caption&quot;:&quot;&quot;,&quot;created_timestamp&quot;:&quot;0&quot;,&quot;copyright&quot;:&quot;&quot;,&quot;focal_length&quot;:&quot;0&quot;,&quot;iso&quot;:&quot;0&quot;,&quot;shutter_speed&quot;:&quot;0&quot;,&quot;title&quot;:&quot;&quot;,&quot;orientation&quot;:&quot;0&quot;}\" data-image-title=\"PHOTO-2025-04-25-19-15-35 9\" data-image-description=\"\" data-image-caption=\"\" data-large-file=\"https:\/\/cloud.alqueria.es\/wp-content\/uploads\/sites\/9\/2025\/04\/PHOTO-2025-04-25-19-15-35-9-1024x768.jpg\" class=\"aligncenter size-full wp-image-77247\" src=\"https:\/\/cloud.alqueria.es\/wp-content\/uploads\/sites\/9\/2025\/04\/PHOTO-2025-04-25-19-15-35-9.jpg\" alt=\"\" width=\"1600\" height=\"1200\" srcset=\"https:\/\/cloud.alqueria.es\/wp-content\/uploads\/sites\/9\/2025\/04\/PHOTO-2025-04-25-19-15-35-9.jpg 1600w, https:\/\/cloud.alqueria.es\/wp-content\/uploads\/sites\/9\/2025\/04\/PHOTO-2025-04-25-19-15-35-9-300x225.jpg 300w, https:\/\/cloud.alqueria.es\/wp-content\/uploads\/sites\/9\/2025\/04\/PHOTO-2025-04-25-19-15-35-9-1024x768.jpg 1024w, https:\/\/cloud.alqueria.es\/wp-content\/uploads\/sites\/9\/2025\/04\/PHOTO-2025-04-25-19-15-35-9-768x576.jpg 768w, https:\/\/cloud.alqueria.es\/wp-content\/uploads\/sites\/9\/2025\/04\/PHOTO-2025-04-25-19-15-35-9-1536x1152.jpg 1536w\" sizes=\"(max-width: 1600px) 100vw, 1600px\" \/><\/p>\n<p><span style=\"color: #ff0000\"><strong>GRACIAS de coraz\u00f3n, por hacer posible esta semana. Por vuestro tiempo, vuestra creatividad y vuestro cari\u00f1o. Espero que estos recuerdos queden guardados para siempre en vuestra memoria (\u00a1y en la de nuestros peques!). <span class=\"Apple-converted-space\">\u00a0<\/span><\/strong><\/span><\/p>\n<p><img decoding=\"async\" data-attachment-id=\"77245\" data-permalink=\"https:\/\/www.alqueria.es\/blogs\/alqueriaamarillanaranja\/2025\/04\/25\/clausura-semana-de-la-lectura-infantil-2\/photo-2025-04-25-19-13-09\/\" data-orig-file=\"https:\/\/cloud.alqueria.es\/wp-content\/uploads\/sites\/9\/2025\/04\/PHOTO-2025-04-25-19-13-09.jpg\" data-orig-size=\"2048,1536\" data-comments-opened=\"1\" data-image-meta=\"{&quot;aperture&quot;:&quot;0&quot;,&quot;credit&quot;:&quot;&quot;,&quot;camera&quot;:&quot;&quot;,&quot;caption&quot;:&quot;&quot;,&quot;created_timestamp&quot;:&quot;0&quot;,&quot;copyright&quot;:&quot;&quot;,&quot;focal_length&quot;:&quot;0&quot;,&quot;iso&quot;:&quot;0&quot;,&quot;shutter_speed&quot;:&quot;0&quot;,&quot;title&quot;:&quot;&quot;,&quot;orientation&quot;:&quot;0&quot;}\" data-image-title=\"PHOTO-2025-04-25-19-13-09\" data-image-description=\"\" data-image-caption=\"\" data-large-file=\"https:\/\/cloud.alqueria.es\/wp-content\/uploads\/sites\/9\/2025\/04\/PHOTO-2025-04-25-19-13-09-1024x768.jpg\" class=\"aligncenter size-full wp-image-77245\" src=\"https:\/\/cloud.alqueria.es\/wp-content\/uploads\/sites\/9\/2025\/04\/PHOTO-2025-04-25-19-13-09.jpg\" alt=\"\" width=\"2048\" height=\"1536\" srcset=\"https:\/\/cloud.alqueria.es\/wp-content\/uploads\/sites\/9\/2025\/04\/PHOTO-2025-04-25-19-13-09.jpg 2048w, https:\/\/cloud.alqueria.es\/wp-content\/uploads\/sites\/9\/2025\/04\/PHOTO-2025-04-25-19-13-09-300x225.jpg 300w, https:\/\/cloud.alqueria.es\/wp-content\/uploads\/sites\/9\/2025\/04\/PHOTO-2025-04-25-19-13-09-1024x768.jpg 1024w, https:\/\/cloud.alqueria.es\/wp-content\/uploads\/sites\/9\/2025\/04\/PHOTO-2025-04-25-19-13-09-768x576.jpg 768w, https:\/\/cloud.alqueria.es\/wp-content\/uploads\/sites\/9\/2025\/04\/PHOTO-2025-04-25-19-13-09-1536x1152.jpg 1536w\" sizes=\"(max-width: 2048px) 100vw, 2048px\" \/><\/p>\n<p><strong>Nos vemos el lunes con las pilas cargadas y muchas m\u00e1s historias por vivir. <span class=\"Apple-converted-space\">\u00a0<\/span><\/strong><\/p>\n<p><strong>Un abrazo enorme, <span class=\"Apple-converted-space\">\u00a0<\/span><\/strong><\/p>\n<p><strong>Eva Oliva<\/strong><\/p>\n","protected":false},"excerpt":{"rendered":"<p>Queridas familias, \u00a0 Hoy, viernes, ponemos el broche final a una semana llena de magia, cuentos, risas y mucha ilusi\u00f3n. Ha sido un viaje incre\u00edble en el que los \u00abNaranjitas\u00bb han explorado mundos fant\u00e1sticos, compartiendo historias y disfrutando de cada actividad con una sonrisa. \u00a0 Como siempre, esta semana no hubiera sido posible sin vuestra &hellip; <a href=\"https:\/\/www.alqueria.es\/blogs\/alqueriaamarillanaranja\/2025\/04\/25\/clausura-semana-de-la-lectura-infantil-2\/\" class=\"more-link\">Seguir leyendo <span class=\"screen-reader-text\">CLAUSURA SEMANA DE LA LECTURA INFANTIL.<\/span> <span class=\"meta-nav\">&rarr;<\/span><\/a><\/p>\n","protected":false},"author":23,"featured_media":0,"comment_status":"open","ping_status":"open","sticky":false,"template":"","format":"standard","meta":{"jetpack_post_was_ever_published":false,"_jetpack_newsletter_access":"","_jetpack_dont_email_post_to_subs":false,"_jetpack_newsletter_tier_id":0,"_jetpack_memberships_contains_paywalled_content":false,"_jetpack_memberships_contains_paid_content":false,"footnotes":"","jetpack_publicize_message":"","jetpack_publicize_feature_enabled":true,"jetpack_social_post_already_shared":true,"jetpack_social_options":{"image_generator_settings":{"template":"highway","default_image_id":0,"font":"","enabled":false},"version":2}},"categories":[5,7,8,682],"tags":[],"class_list":["post-77226","post","type-post","status-publish","format-standard","hentry","category-alfabetizacion","category-clase-naranja","category-diario","category-semana-de-la-lectura"],"jetpack_publicize_connections":[],"jetpack_featured_media_url":"","jetpack_sharing_enabled":true,"jetpack_shortlink":"https:\/\/wp.me\/p4lG08-k5A","jetpack-related-posts":[],"_links":{"self":[{"href":"https:\/\/www.alqueria.es\/blogs\/alqueriaamarillanaranja\/wp-json\/wp\/v2\/posts\/77226","targetHints":{"allow":["GET"]}}],"collection":[{"href":"https:\/\/www.alqueria.es\/blogs\/alqueriaamarillanaranja\/wp-json\/wp\/v2\/posts"}],"about":[{"href":"https:\/\/www.alqueria.es\/blogs\/alqueriaamarillanaranja\/wp-json\/wp\/v2\/types\/post"}],"author":[{"embeddable":true,"href":"https:\/\/www.alqueria.es\/blogs\/alqueriaamarillanaranja\/wp-json\/wp\/v2\/users\/23"}],"replies":[{"embeddable":true,"href":"https:\/\/www.alqueria.es\/blogs\/alqueriaamarillanaranja\/wp-json\/wp\/v2\/comments?post=77226"}],"version-history":[{"count":2,"href":"https:\/\/www.alqueria.es\/blogs\/alqueriaamarillanaranja\/wp-json\/wp\/v2\/posts\/77226\/revisions"}],"predecessor-version":[{"id":77258,"href":"https:\/\/www.alqueria.es\/blogs\/alqueriaamarillanaranja\/wp-json\/wp\/v2\/posts\/77226\/revisions\/77258"}],"wp:attachment":[{"href":"https:\/\/www.alqueria.es\/blogs\/alqueriaamarillanaranja\/wp-json\/wp\/v2\/media?parent=77226"}],"wp:term":[{"taxonomy":"category","embeddable":true,"href":"https:\/\/www.alqueria.es\/blogs\/alqueriaamarillanaranja\/wp-json\/wp\/v2\/categories?post=77226"},{"taxonomy":"post_tag","embeddable":true,"href":"https:\/\/www.alqueria.es\/blogs\/alqueriaamarillanaranja\/wp-json\/wp\/v2\/tags?post=77226"}],"curies":[{"name":"wp","href":"https:\/\/api.w.org\/{rel}","templated":true}]}}