{"id":7727,"date":"2013-12-18T16:25:52","date_gmt":"2013-12-18T15:25:52","guid":{"rendered":"http:\/\/alqueriaamarillanaranja.wordpress.com\/?p=7727"},"modified":"2013-12-18T16:25:52","modified_gmt":"2013-12-18T15:25:52","slug":"que-dia-mas-especial","status":"publish","type":"post","link":"https:\/\/www.alqueria.es\/blogs\/alqueriaamarillanaranja\/2013\/12\/18\/que-dia-mas-especial\/","title":{"rendered":"\u00a1\u00a1QU\u00c9 DIA M\u00c1S ESPECIAL!!"},"content":{"rendered":"<p style=\"text-align:justify\"><span style=\"color:#000000\">Hoy tenemos un d\u00eda muy pero que muy completo.<\/span><\/p>\n<p style=\"text-align:justify\"><span style=\"color:#000000\"><a href=\"https:\/\/cloud.alqueria.es\/wp-content\/uploads\/sites\/9\/2013\/12\/foto3543.jpg\"><span style=\"color:#000000\"><img decoding=\"async\" data-attachment-id=\"7728\" data-permalink=\"https:\/\/www.alqueria.es\/blogs\/alqueriaamarillanaranja\/2013\/12\/18\/que-dia-mas-especial\/foto3543\/\" data-orig-file=\"https:\/\/www.alqueria.es\/blogs\/alqueriaamarillanaranja\/wp-content\/uploads\/sites\/9\/2013\/12\/foto3543.jpg\" data-orig-size=\"768,1024\" data-comments-opened=\"1\" data-image-meta=\"{&quot;aperture&quot;:&quot;0&quot;,&quot;credit&quot;:&quot;&quot;,&quot;camera&quot;:&quot;&quot;,&quot;caption&quot;:&quot;&quot;,&quot;created_timestamp&quot;:&quot;0&quot;,&quot;copyright&quot;:&quot;&quot;,&quot;focal_length&quot;:&quot;0&quot;,&quot;iso&quot;:&quot;0&quot;,&quot;shutter_speed&quot;:&quot;0&quot;,&quot;title&quot;:&quot;&quot;}\" data-image-title=\"Foto3543\" data-image-description=\"\" data-image-caption=\"\" data-large-file=\"https:\/\/www.alqueria.es\/blogs\/alqueriaamarillanaranja\/wp-content\/uploads\/sites\/9\/2013\/12\/foto3543-768x1024.jpg\" class=\"alignleft size-thumbnail wp-image-7728\" alt=\"Foto3543\" src=\"https:\/\/cloud.alqueria.es\/wp-content\/uploads\/sites\/9\/2013\/12\/foto3543.jpg?w=112\" width=\"112\" height=\"150\" srcset=\"https:\/\/www.alqueria.es\/blogs\/alqueriaamarillanaranja\/wp-content\/uploads\/sites\/9\/2013\/12\/foto3543.jpg 768w, https:\/\/www.alqueria.es\/blogs\/alqueriaamarillanaranja\/wp-content\/uploads\/sites\/9\/2013\/12\/foto3543-225x300.jpg 225w\" sizes=\"(max-width: 112px) 100vw, 112px\" \/><\/span><\/a>A primera hora nos sentamos\u00a0para hacerle un bonito dibujo a<span style=\"color:#ff0000\"> Guillermo<\/span>, que hoy celebra sus tres a\u00f1os. Despu\u00e9s preparamos el bizcocho y le cantamos \u00a1Cumplea\u00f1os feliz!, Guillermo sopla la vela con la ayuda de su hermana Irene. Como es costumbre nos reparte un rico bizcocho.<span style=\"color:#ff0000\"> \u00a1FELICIDADES GUILLERMO!<\/span><a href=\"https:\/\/cloud.alqueria.es\/wp-content\/uploads\/sites\/9\/2013\/12\/foto3542.jpg\"><span style=\"color:#000000\"><img decoding=\"async\" data-attachment-id=\"7729\" data-permalink=\"https:\/\/www.alqueria.es\/blogs\/alqueriaamarillanaranja\/2013\/12\/18\/que-dia-mas-especial\/foto3542\/\" data-orig-file=\"https:\/\/www.alqueria.es\/blogs\/alqueriaamarillanaranja\/wp-content\/uploads\/sites\/9\/2013\/12\/foto3542.jpg\" data-orig-size=\"768,1024\" data-comments-opened=\"1\" data-image-meta=\"{&quot;aperture&quot;:&quot;0&quot;,&quot;credit&quot;:&quot;&quot;,&quot;camera&quot;:&quot;&quot;,&quot;caption&quot;:&quot;&quot;,&quot;created_timestamp&quot;:&quot;0&quot;,&quot;copyright&quot;:&quot;&quot;,&quot;focal_length&quot;:&quot;0&quot;,&quot;iso&quot;:&quot;0&quot;,&quot;shutter_speed&quot;:&quot;0&quot;,&quot;title&quot;:&quot;&quot;}\" data-image-title=\"Foto3542\" data-image-description=\"\" data-image-caption=\"\" data-large-file=\"https:\/\/www.alqueria.es\/blogs\/alqueriaamarillanaranja\/wp-content\/uploads\/sites\/9\/2013\/12\/foto3542-768x1024.jpg\" class=\"alignright size-thumbnail wp-image-7729\" alt=\"Foto3542\" src=\"https:\/\/cloud.alqueria.es\/wp-content\/uploads\/sites\/9\/2013\/12\/foto3542.jpg?w=112\" width=\"112\" height=\"150\" srcset=\"https:\/\/www.alqueria.es\/blogs\/alqueriaamarillanaranja\/wp-content\/uploads\/sites\/9\/2013\/12\/foto3542.jpg 768w, https:\/\/www.alqueria.es\/blogs\/alqueriaamarillanaranja\/wp-content\/uploads\/sites\/9\/2013\/12\/foto3542-225x300.jpg 225w\" sizes=\"(max-width: 112px) 100vw, 112px\" \/><\/span><\/a><\/span><\/p>\n<p style=\"text-align:justify\"><span style=\"color:#000000\">En la clase de ingles hacemos nuestro<span style=\"color:#ff0000\"> taller de cocina<\/span>, se lo han pasado genial haciendo la masa y cort\u00e1ndola con los moldes de figuras navide\u00f1as. Ha sido una actividad muy significativa\u00a0pues las han hecho ellos\/as solos. Hemos tenido mucha higiene antes de comenzar el taller, lav\u00e1ndonos y con el delantal. Al dividir la clase en dos grupos, los que no han tra\u00eddo delantal, han tenido la oportunidad de que se los dejaran sus compa\u00f1eros\/as.<\/span><\/p>\n<p style=\"text-align:justify\"><span style=\"color:#000000\">Despu\u00e9s de todo el trabajo como cocineros\/as, tenemos una sorpresa en la clase amarilla, las alumnas de pr\u00e1cticas escenifican un cuento titulado: \u00abEl Hada del Invierno\u00bb. Ha sido muy bonito y lo hemos disfrutado toda la etapa juntos.<\/span><\/p>\n<p style=\"text-align:justify\"><span style=\"color:#000000\">Y para terminar la ma\u00f1ana, tenemos otra sorpresa en el comedor: todo estaba precioso con manteles, servilletas rojas y centros con velas, se han quedado embobados al ver el comedor tan bonito. Tenemos nuestra comida especial de navidad cuyo men\u00fa ha sido el siguiente:<a href=\"https:\/\/cloud.alqueria.es\/wp-content\/uploads\/sites\/9\/2013\/12\/foto3587.jpg\"><img decoding=\"async\" data-attachment-id=\"7730\" data-permalink=\"https:\/\/www.alqueria.es\/blogs\/alqueriaamarillanaranja\/2013\/12\/18\/que-dia-mas-especial\/foto3587\/\" data-orig-file=\"https:\/\/www.alqueria.es\/blogs\/alqueriaamarillanaranja\/wp-content\/uploads\/sites\/9\/2013\/12\/foto3587.jpg\" data-orig-size=\"1024,748\" data-comments-opened=\"1\" data-image-meta=\"{&quot;aperture&quot;:&quot;0&quot;,&quot;credit&quot;:&quot;&quot;,&quot;camera&quot;:&quot;&quot;,&quot;caption&quot;:&quot;&quot;,&quot;created_timestamp&quot;:&quot;0&quot;,&quot;copyright&quot;:&quot;&quot;,&quot;focal_length&quot;:&quot;0&quot;,&quot;iso&quot;:&quot;0&quot;,&quot;shutter_speed&quot;:&quot;0&quot;,&quot;title&quot;:&quot;&quot;}\" data-image-title=\"Foto3587\" data-image-description=\"\" data-image-caption=\"\" data-large-file=\"https:\/\/www.alqueria.es\/blogs\/alqueriaamarillanaranja\/wp-content\/uploads\/sites\/9\/2013\/12\/foto3587-1024x748.jpg\" class=\"alignright size-thumbnail wp-image-7730\" alt=\"Foto3587\" src=\"https:\/\/cloud.alqueria.es\/wp-content\/uploads\/sites\/9\/2013\/12\/foto3587.jpg?w=150\" width=\"150\" height=\"109\" srcset=\"https:\/\/www.alqueria.es\/blogs\/alqueriaamarillanaranja\/wp-content\/uploads\/sites\/9\/2013\/12\/foto3587.jpg 1024w, https:\/\/www.alqueria.es\/blogs\/alqueriaamarillanaranja\/wp-content\/uploads\/sites\/9\/2013\/12\/foto3587-300x219.jpg 300w\" sizes=\"(max-width: 150px) 100vw, 150px\" \/><\/a><\/span><\/p>\n<p style=\"text-align:justify\"><span style=\"color:#000000\">Aqu\u00ed os pongo unas fotos para que ve\u00e1is lo bien que lo hemos pasado en este d\u00eda:<\/span><\/p>\n<p style=\"text-align:justify\"><span style=\"color:#000000\"><p class=\"jetpack-slideshow-noscript robots-nocontent\">El pase de diapositivas requiere JavaScript.<\/p><div id=\"gallery-7727-1-slideshow\" class=\"jetpack-slideshow-window jetpack-slideshow jetpack-slideshow-black\" data-trans=\"fade\" data-autostart=\"1\" data-gallery=\"[{&quot;src&quot;:&quot;https:\\\/\\\/www.alqueria.es\\\/blogs\\\/alqueriaamarillanaranja\\\/wp-content\\\/uploads\\\/sites\\\/9\\\/2013\\\/12\\\/foto3544.jpg&quot;,&quot;id&quot;:&quot;7733&quot;,&quot;title&quot;:&quot;Foto3544&quot;,&quot;alt&quot;:&quot;&quot;,&quot;caption&quot;:&quot;&quot;,&quot;itemprop&quot;:&quot;image&quot;},{&quot;src&quot;:&quot;https:\\\/\\\/www.alqueria.es\\\/blogs\\\/alqueriaamarillanaranja\\\/wp-content\\\/uploads\\\/sites\\\/9\\\/2013\\\/12\\\/foto3545.jpg&quot;,&quot;id&quot;:&quot;7734&quot;,&quot;title&quot;:&quot;Foto3545&quot;,&quot;alt&quot;:&quot;&quot;,&quot;caption&quot;:&quot;&quot;,&quot;itemprop&quot;:&quot;image&quot;},{&quot;src&quot;:&quot;https:\\\/\\\/www.alqueria.es\\\/blogs\\\/alqueriaamarillanaranja\\\/wp-content\\\/uploads\\\/sites\\\/9\\\/2013\\\/12\\\/foto3547.jpg&quot;,&quot;id&quot;:&quot;7735&quot;,&quot;title&quot;:&quot;Foto3547&quot;,&quot;alt&quot;:&quot;&quot;,&quot;caption&quot;:&quot;&quot;,&quot;itemprop&quot;:&quot;image&quot;},{&quot;src&quot;:&quot;https:\\\/\\\/www.alqueria.es\\\/blogs\\\/alqueriaamarillanaranja\\\/wp-content\\\/uploads\\\/sites\\\/9\\\/2013\\\/12\\\/foto3549.jpg&quot;,&quot;id&quot;:&quot;7736&quot;,&quot;title&quot;:&quot;Foto3549&quot;,&quot;alt&quot;:&quot;&quot;,&quot;caption&quot;:&quot;&quot;,&quot;itemprop&quot;:&quot;image&quot;},{&quot;src&quot;:&quot;https:\\\/\\\/www.alqueria.es\\\/blogs\\\/alqueriaamarillanaranja\\\/wp-content\\\/uploads\\\/sites\\\/9\\\/2013\\\/12\\\/foto3559.jpg&quot;,&quot;id&quot;:&quot;7737&quot;,&quot;title&quot;:&quot;Foto3559&quot;,&quot;alt&quot;:&quot;&quot;,&quot;caption&quot;:&quot;&quot;,&quot;itemprop&quot;:&quot;image&quot;},{&quot;src&quot;:&quot;https:\\\/\\\/www.alqueria.es\\\/blogs\\\/alqueriaamarillanaranja\\\/wp-content\\\/uploads\\\/sites\\\/9\\\/2013\\\/12\\\/foto3560.jpg&quot;,&quot;id&quot;:&quot;7738&quot;,&quot;title&quot;:&quot;Foto3560&quot;,&quot;alt&quot;:&quot;&quot;,&quot;caption&quot;:&quot;&quot;,&quot;itemprop&quot;:&quot;image&quot;},{&quot;src&quot;:&quot;https:\\\/\\\/www.alqueria.es\\\/blogs\\\/alqueriaamarillanaranja\\\/wp-content\\\/uploads\\\/sites\\\/9\\\/2013\\\/12\\\/foto3561.jpg&quot;,&quot;id&quot;:&quot;7739&quot;,&quot;title&quot;:&quot;Foto3561&quot;,&quot;alt&quot;:&quot;&quot;,&quot;caption&quot;:&quot;&quot;,&quot;itemprop&quot;:&quot;image&quot;},{&quot;src&quot;:&quot;https:\\\/\\\/www.alqueria.es\\\/blogs\\\/alqueriaamarillanaranja\\\/wp-content\\\/uploads\\\/sites\\\/9\\\/2013\\\/12\\\/foto3565.jpg&quot;,&quot;id&quot;:&quot;7741&quot;,&quot;title&quot;:&quot;Foto3565&quot;,&quot;alt&quot;:&quot;&quot;,&quot;caption&quot;:&quot;&quot;,&quot;itemprop&quot;:&quot;image&quot;},{&quot;src&quot;:&quot;https:\\\/\\\/www.alqueria.es\\\/blogs\\\/alqueriaamarillanaranja\\\/wp-content\\\/uploads\\\/sites\\\/9\\\/2013\\\/12\\\/foto3572.jpg&quot;,&quot;id&quot;:&quot;7743&quot;,&quot;title&quot;:&quot;Foto3572&quot;,&quot;alt&quot;:&quot;&quot;,&quot;caption&quot;:&quot;&quot;,&quot;itemprop&quot;:&quot;image&quot;},{&quot;src&quot;:&quot;https:\\\/\\\/www.alqueria.es\\\/blogs\\\/alqueriaamarillanaranja\\\/wp-content\\\/uploads\\\/sites\\\/9\\\/2013\\\/12\\\/foto3574.jpg&quot;,&quot;id&quot;:&quot;7744&quot;,&quot;title&quot;:&quot;Foto3574&quot;,&quot;alt&quot;:&quot;&quot;,&quot;caption&quot;:&quot;&quot;,&quot;itemprop&quot;:&quot;image&quot;},{&quot;src&quot;:&quot;https:\\\/\\\/www.alqueria.es\\\/blogs\\\/alqueriaamarillanaranja\\\/wp-content\\\/uploads\\\/sites\\\/9\\\/2013\\\/12\\\/foto3577.jpg&quot;,&quot;id&quot;:&quot;7745&quot;,&quot;title&quot;:&quot;Foto3577&quot;,&quot;alt&quot;:&quot;&quot;,&quot;caption&quot;:&quot;&quot;,&quot;itemprop&quot;:&quot;image&quot;},{&quot;src&quot;:&quot;https:\\\/\\\/www.alqueria.es\\\/blogs\\\/alqueriaamarillanaranja\\\/wp-content\\\/uploads\\\/sites\\\/9\\\/2013\\\/12\\\/foto3579.jpg&quot;,&quot;id&quot;:&quot;7746&quot;,&quot;title&quot;:&quot;Foto3579&quot;,&quot;alt&quot;:&quot;&quot;,&quot;caption&quot;:&quot;&quot;,&quot;itemprop&quot;:&quot;image&quot;},{&quot;src&quot;:&quot;https:\\\/\\\/www.alqueria.es\\\/blogs\\\/alqueriaamarillanaranja\\\/wp-content\\\/uploads\\\/sites\\\/9\\\/2013\\\/12\\\/foto3580.jpg&quot;,&quot;id&quot;:&quot;7747&quot;,&quot;title&quot;:&quot;Foto3580&quot;,&quot;alt&quot;:&quot;&quot;,&quot;caption&quot;:&quot;&quot;,&quot;itemprop&quot;:&quot;image&quot;},{&quot;src&quot;:&quot;https:\\\/\\\/www.alqueria.es\\\/blogs\\\/alqueriaamarillanaranja\\\/wp-content\\\/uploads\\\/sites\\\/9\\\/2013\\\/12\\\/foto3581.jpg&quot;,&quot;id&quot;:&quot;7748&quot;,&quot;title&quot;:&quot;Foto3581&quot;,&quot;alt&quot;:&quot;&quot;,&quot;caption&quot;:&quot;&quot;,&quot;itemprop&quot;:&quot;image&quot;},{&quot;src&quot;:&quot;https:\\\/\\\/www.alqueria.es\\\/blogs\\\/alqueriaamarillanaranja\\\/wp-content\\\/uploads\\\/sites\\\/9\\\/2013\\\/12\\\/foto3582.jpg&quot;,&quot;id&quot;:&quot;7749&quot;,&quot;title&quot;:&quot;Foto3582&quot;,&quot;alt&quot;:&quot;&quot;,&quot;caption&quot;:&quot;&quot;,&quot;itemprop&quot;:&quot;image&quot;},{&quot;src&quot;:&quot;https:\\\/\\\/www.alqueria.es\\\/blogs\\\/alqueriaamarillanaranja\\\/wp-content\\\/uploads\\\/sites\\\/9\\\/2013\\\/12\\\/foto3583.jpg&quot;,&quot;id&quot;:&quot;7750&quot;,&quot;title&quot;:&quot;Foto3583&quot;,&quot;alt&quot;:&quot;&quot;,&quot;caption&quot;:&quot;&quot;,&quot;itemprop&quot;:&quot;image&quot;},{&quot;src&quot;:&quot;https:\\\/\\\/www.alqueria.es\\\/blogs\\\/alqueriaamarillanaranja\\\/wp-content\\\/uploads\\\/sites\\\/9\\\/2013\\\/12\\\/dsc06514.jpg&quot;,&quot;id&quot;:&quot;7705&quot;,&quot;title&quot;:&quot;DSC06514&quot;,&quot;alt&quot;:&quot;&quot;,&quot;caption&quot;:&quot;&quot;,&quot;itemprop&quot;:&quot;image&quot;}]\" itemscope itemtype=\"https:\/\/schema.org\/ImageGallery\"><\/div><\/p>\n<p><\/span><\/p>\n<p>&nbsp;<\/p>\n<p style=\"text-align:justify\"><span style=\"color:#000000\">OS AGRADECEMOS VUESTRA COLABORACI\u00d3N EN EL BANCO DE ALIMENTOS, HA SIDO UNA GRAN RECOGIDA, as\u00ed nos lo han hecho saber desde el banco de alimentos de Granada.<\/span><\/p>\n<p style=\"text-align:justify\"><span style=\"color:#000000\">Carmen Jim\u00e9nez<\/span><\/p>\n","protected":false},"excerpt":{"rendered":"<p>Hoy tenemos un d\u00eda muy pero que muy completo. A primera hora nos sentamos\u00a0para hacerle un bonito dibujo a Guillermo, que hoy celebra sus tres a\u00f1os. Despu\u00e9s preparamos el bizcocho y le cantamos \u00a1Cumplea\u00f1os feliz!, Guillermo sopla la vela con la ayuda de su hermana Irene. Como es costumbre nos reparte un rico bizcocho. \u00a1FELICIDADES &hellip; <a href=\"https:\/\/www.alqueria.es\/blogs\/alqueriaamarillanaranja\/2013\/12\/18\/que-dia-mas-especial\/\" class=\"more-link\">Seguir leyendo <span class=\"screen-reader-text\">\u00a1\u00a1QU\u00c9 DIA M\u00c1S ESPECIAL!!<\/span> <span class=\"meta-nav\">&rarr;<\/span><\/a><\/p>\n","protected":false},"author":23,"featured_media":0,"comment_status":"open","ping_status":"open","sticky":false,"template":"","format":"standard","meta":{"jetpack_post_was_ever_published":false,"_jetpack_newsletter_access":"","_jetpack_dont_email_post_to_subs":false,"_jetpack_newsletter_tier_id":0,"_jetpack_memberships_contains_paywalled_content":false,"_jetpack_memberships_contains_paid_content":false,"footnotes":"","jetpack_publicize_message":"","jetpack_publicize_feature_enabled":true,"jetpack_social_post_already_shared":true,"jetpack_social_options":{"image_generator_settings":{"template":"highway","default_image_id":0,"font":"","enabled":false},"version":2}},"categories":[7,8,13],"tags":[],"class_list":["post-7727","post","type-post","status-publish","format-standard","hentry","category-clase-naranja","category-diario","category-fiestas-y-dias-de-significacion-especial"],"jetpack_publicize_connections":[],"jetpack_featured_media_url":"","jetpack_sharing_enabled":true,"jetpack_shortlink":"https:\/\/wp.me\/p4lG08-20D","jetpack-related-posts":[],"_links":{"self":[{"href":"https:\/\/www.alqueria.es\/blogs\/alqueriaamarillanaranja\/wp-json\/wp\/v2\/posts\/7727","targetHints":{"allow":["GET"]}}],"collection":[{"href":"https:\/\/www.alqueria.es\/blogs\/alqueriaamarillanaranja\/wp-json\/wp\/v2\/posts"}],"about":[{"href":"https:\/\/www.alqueria.es\/blogs\/alqueriaamarillanaranja\/wp-json\/wp\/v2\/types\/post"}],"author":[{"embeddable":true,"href":"https:\/\/www.alqueria.es\/blogs\/alqueriaamarillanaranja\/wp-json\/wp\/v2\/users\/23"}],"replies":[{"embeddable":true,"href":"https:\/\/www.alqueria.es\/blogs\/alqueriaamarillanaranja\/wp-json\/wp\/v2\/comments?post=7727"}],"version-history":[{"count":0,"href":"https:\/\/www.alqueria.es\/blogs\/alqueriaamarillanaranja\/wp-json\/wp\/v2\/posts\/7727\/revisions"}],"wp:attachment":[{"href":"https:\/\/www.alqueria.es\/blogs\/alqueriaamarillanaranja\/wp-json\/wp\/v2\/media?parent=7727"}],"wp:term":[{"taxonomy":"category","embeddable":true,"href":"https:\/\/www.alqueria.es\/blogs\/alqueriaamarillanaranja\/wp-json\/wp\/v2\/categories?post=7727"},{"taxonomy":"post_tag","embeddable":true,"href":"https:\/\/www.alqueria.es\/blogs\/alqueriaamarillanaranja\/wp-json\/wp\/v2\/tags?post=7727"}],"curies":[{"name":"wp","href":"https:\/\/api.w.org\/{rel}","templated":true}]}}