{"id":7758,"date":"2013-12-19T16:12:14","date_gmt":"2013-12-19T15:12:14","guid":{"rendered":"http:\/\/alqueriaamarillanaranja.wordpress.com\/?p=7758"},"modified":"2013-12-19T16:12:14","modified_gmt":"2013-12-19T15:12:14","slug":"entrega-de-trabajos-y-cumpleanos-de-elio","status":"publish","type":"post","link":"https:\/\/www.alqueria.es\/blogs\/alqueriaamarillanaranja\/2013\/12\/19\/entrega-de-trabajos-y-cumpleanos-de-elio\/","title":{"rendered":"ENTREGA DE TRABAJOS Y CUMPLEA\u00d1OS DE ELIO"},"content":{"rendered":"<p style=\"text-align:justify\"><span style=\"color:#000000\">Empezamos la ma\u00f1ana con juego libre, han disfrutado con los beb\u00e9s, los carritos, los animales y el tren. Cada uno se busca su grupo de juego y lo desarrollan con gran creatividad e imaginaci\u00f3n, las mesas les sirven como casita o escondite.<\/span><\/p>\n<p style=\"text-align:justify\"><span style=\"color:#000000\">Mientras jugaban preparamos las carpetas que os entregamos hoy. Se\u00a0colocan\u00a0alrededor y les cuento que son todos los trabajos que hemos hecho durante este trimestre y que en la Navidad podr\u00e1n verlos con toda la familia. Hay que dedicarles un ratito pues son sus trabajos y para ellos es muy importante compartirlos con vosotros.<\/span><\/p>\n<p style=\"text-align:justify\"><span style=\"color:#000000\"><a href=\"https:\/\/cloud.alqueria.es\/wp-content\/uploads\/sites\/9\/2013\/12\/foto3590.jpg\"><img decoding=\"async\" data-attachment-id=\"7773\" data-permalink=\"https:\/\/www.alqueria.es\/blogs\/alqueriaamarillanaranja\/2013\/12\/19\/entrega-de-trabajos-y-cumpleanos-de-elio\/foto3590\/\" data-orig-file=\"https:\/\/www.alqueria.es\/blogs\/alqueriaamarillanaranja\/wp-content\/uploads\/sites\/9\/2013\/12\/foto3590.jpg\" data-orig-size=\"768,1024\" data-comments-opened=\"1\" data-image-meta=\"{&quot;aperture&quot;:&quot;0&quot;,&quot;credit&quot;:&quot;&quot;,&quot;camera&quot;:&quot;&quot;,&quot;caption&quot;:&quot;&quot;,&quot;created_timestamp&quot;:&quot;0&quot;,&quot;copyright&quot;:&quot;&quot;,&quot;focal_length&quot;:&quot;0&quot;,&quot;iso&quot;:&quot;0&quot;,&quot;shutter_speed&quot;:&quot;0&quot;,&quot;title&quot;:&quot;&quot;}\" data-image-title=\"Foto3590\" data-image-description=\"\" data-image-caption=\"\" data-large-file=\"https:\/\/www.alqueria.es\/blogs\/alqueriaamarillanaranja\/wp-content\/uploads\/sites\/9\/2013\/12\/foto3590-768x1024.jpg\" class=\"alignleft size-medium wp-image-7773\" alt=\"Foto3590\" src=\"https:\/\/cloud.alqueria.es\/wp-content\/uploads\/sites\/9\/2013\/12\/foto3590.jpg?w=225\" width=\"225\" height=\"300\" srcset=\"https:\/\/www.alqueria.es\/blogs\/alqueriaamarillanaranja\/wp-content\/uploads\/sites\/9\/2013\/12\/foto3590.jpg 768w, https:\/\/www.alqueria.es\/blogs\/alqueriaamarillanaranja\/wp-content\/uploads\/sites\/9\/2013\/12\/foto3590-225x300.jpg 225w\" sizes=\"(max-width: 225px) 100vw, 225px\" \/><\/a>Por la tarde, celebramos el \u00faltimo cumplea\u00f1os de este a\u00f1o, el de<span style=\"color:#ff0000\">\u00a0ELIO<\/span>. Le hacemos su dibujo y para merendar tenemos zumo y un rico bizcocho que nos reparte con mucha ilusi\u00f3n el homenajeado.<\/span><\/p>\n<p style=\"text-align:justify\"><span style=\"color:#000000\"><a href=\"https:\/\/cloud.alqueria.es\/wp-content\/uploads\/sites\/9\/2013\/12\/foto3591.jpg\"><img decoding=\"async\" data-attachment-id=\"7774\" data-permalink=\"https:\/\/www.alqueria.es\/blogs\/alqueriaamarillanaranja\/2013\/12\/19\/entrega-de-trabajos-y-cumpleanos-de-elio\/foto3591\/\" data-orig-file=\"https:\/\/www.alqueria.es\/blogs\/alqueriaamarillanaranja\/wp-content\/uploads\/sites\/9\/2013\/12\/foto3591.jpg\" data-orig-size=\"899,1024\" data-comments-opened=\"1\" data-image-meta=\"{&quot;aperture&quot;:&quot;0&quot;,&quot;credit&quot;:&quot;&quot;,&quot;camera&quot;:&quot;&quot;,&quot;caption&quot;:&quot;&quot;,&quot;created_timestamp&quot;:&quot;0&quot;,&quot;copyright&quot;:&quot;&quot;,&quot;focal_length&quot;:&quot;0&quot;,&quot;iso&quot;:&quot;0&quot;,&quot;shutter_speed&quot;:&quot;0&quot;,&quot;title&quot;:&quot;&quot;}\" data-image-title=\"Foto3591\" data-image-description=\"\" data-image-caption=\"\" data-large-file=\"https:\/\/www.alqueria.es\/blogs\/alqueriaamarillanaranja\/wp-content\/uploads\/sites\/9\/2013\/12\/foto3591-899x1024.jpg\" class=\"alignright size-medium wp-image-7774\" alt=\"Foto3591\" src=\"https:\/\/cloud.alqueria.es\/wp-content\/uploads\/sites\/9\/2013\/12\/foto3591.jpg?w=263\" width=\"263\" height=\"300\" srcset=\"https:\/\/www.alqueria.es\/blogs\/alqueriaamarillanaranja\/wp-content\/uploads\/sites\/9\/2013\/12\/foto3591.jpg 899w, https:\/\/www.alqueria.es\/blogs\/alqueriaamarillanaranja\/wp-content\/uploads\/sites\/9\/2013\/12\/foto3591-263x300.jpg 263w\" sizes=\"(max-width: 263px) 100vw, 263px\" \/><\/a><\/span><\/p>\n<p style=\"text-align:center\"><span style=\"color:#ff0000\">\u00a1\u00a1FELICIDADES ELIO!!<\/span><\/p>\n<p style=\"text-align:center\">Carmen Jim\u00e9nez<\/p>\n","protected":false},"excerpt":{"rendered":"<p>Empezamos la ma\u00f1ana con juego libre, han disfrutado con los beb\u00e9s, los carritos, los animales y el tren. Cada uno se busca su grupo de juego y lo desarrollan con gran creatividad e imaginaci\u00f3n, las mesas les sirven como casita o escondite. Mientras jugaban preparamos las carpetas que os entregamos hoy. Se\u00a0colocan\u00a0alrededor y les cuento &hellip; <a href=\"https:\/\/www.alqueria.es\/blogs\/alqueriaamarillanaranja\/2013\/12\/19\/entrega-de-trabajos-y-cumpleanos-de-elio\/\" class=\"more-link\">Seguir leyendo <span class=\"screen-reader-text\">ENTREGA DE TRABAJOS Y CUMPLEA\u00d1OS DE ELIO<\/span> <span class=\"meta-nav\">&rarr;<\/span><\/a><\/p>\n","protected":false},"author":23,"featured_media":0,"comment_status":"open","ping_status":"open","sticky":false,"template":"","format":"standard","meta":{"jetpack_post_was_ever_published":false,"_jetpack_newsletter_access":"","_jetpack_dont_email_post_to_subs":false,"_jetpack_newsletter_tier_id":0,"_jetpack_memberships_contains_paywalled_content":false,"_jetpack_memberships_contains_paid_content":false,"footnotes":"","jetpack_publicize_message":"","jetpack_publicize_feature_enabled":true,"jetpack_social_post_already_shared":true,"jetpack_social_options":{"image_generator_settings":{"template":"highway","default_image_id":0,"font":"","enabled":false},"version":2}},"categories":[7,8,13],"tags":[],"class_list":["post-7758","post","type-post","status-publish","format-standard","hentry","category-clase-naranja","category-diario","category-fiestas-y-dias-de-significacion-especial"],"jetpack_publicize_connections":[],"jetpack_featured_media_url":"","jetpack_sharing_enabled":true,"jetpack_shortlink":"https:\/\/wp.me\/p4lG08-218","jetpack-related-posts":[],"_links":{"self":[{"href":"https:\/\/www.alqueria.es\/blogs\/alqueriaamarillanaranja\/wp-json\/wp\/v2\/posts\/7758","targetHints":{"allow":["GET"]}}],"collection":[{"href":"https:\/\/www.alqueria.es\/blogs\/alqueriaamarillanaranja\/wp-json\/wp\/v2\/posts"}],"about":[{"href":"https:\/\/www.alqueria.es\/blogs\/alqueriaamarillanaranja\/wp-json\/wp\/v2\/types\/post"}],"author":[{"embeddable":true,"href":"https:\/\/www.alqueria.es\/blogs\/alqueriaamarillanaranja\/wp-json\/wp\/v2\/users\/23"}],"replies":[{"embeddable":true,"href":"https:\/\/www.alqueria.es\/blogs\/alqueriaamarillanaranja\/wp-json\/wp\/v2\/comments?post=7758"}],"version-history":[{"count":0,"href":"https:\/\/www.alqueria.es\/blogs\/alqueriaamarillanaranja\/wp-json\/wp\/v2\/posts\/7758\/revisions"}],"wp:attachment":[{"href":"https:\/\/www.alqueria.es\/blogs\/alqueriaamarillanaranja\/wp-json\/wp\/v2\/media?parent=7758"}],"wp:term":[{"taxonomy":"category","embeddable":true,"href":"https:\/\/www.alqueria.es\/blogs\/alqueriaamarillanaranja\/wp-json\/wp\/v2\/categories?post=7758"},{"taxonomy":"post_tag","embeddable":true,"href":"https:\/\/www.alqueria.es\/blogs\/alqueriaamarillanaranja\/wp-json\/wp\/v2\/tags?post=7758"}],"curies":[{"name":"wp","href":"https:\/\/api.w.org\/{rel}","templated":true}]}}