{"id":778,"date":"2012-06-12T12:20:14","date_gmt":"2012-06-12T10:20:14","guid":{"rendered":"http:\/\/alqueriaamarillanaranja.wordpress.com\/?p=778"},"modified":"2012-06-12T12:20:14","modified_gmt":"2012-06-12T10:20:14","slug":"fiesta-de-la-primavera-egipto-en-alqueria","status":"publish","type":"post","link":"https:\/\/www.alqueria.es\/blogs\/alqueriaamarillanaranja\/2012\/06\/12\/fiesta-de-la-primavera-egipto-en-alqueria\/","title":{"rendered":"FIESTA DE LA PRIMAVERA : EGIPTO EN ALQUER\u00cdA"},"content":{"rendered":"<p>La semana pasada promet\u00ed poneros en el blog algunas fotograf\u00edas representativas de nuestra fiesta final de curso, hoy cumplo con mi promesa, aqu\u00ed las teneis.<\/p>\n\n<p>Espero que lo pas\u00e1seis\u00a0bien en la fiesta y que\u00a0disfrut\u00e1seis de las actividades programadas en familia, ese era nuestro objetivo.<\/p>\n<p>Y el a\u00f1o que viene&#8230;&#8230; seguiremos viajando por las antiguas civilizaciones del Mediterr\u00e1neo. \u00bfD\u00f3nde nos tocar\u00e1 ir&#8230;.?<\/p>\n<p>Sea cual sea el tema de la fiesta lo importante ser\u00e1 vivirla juntos y compartir buenos momentos. Un saludo.<\/p>\n<p style=\"text-align:right\">Loli\u00a0G\u00e1lvez<\/p>\n","protected":false},"excerpt":{"rendered":"<p>La semana pasada promet\u00ed poneros en el blog algunas fotograf\u00edas representativas de nuestra fiesta final de curso, hoy cumplo con mi promesa, aqu\u00ed las teneis. Espero que lo pas\u00e1seis\u00a0bien en la fiesta y que\u00a0disfrut\u00e1seis de las actividades programadas en familia, ese era nuestro objetivo. Y el a\u00f1o que viene&#8230;&#8230; seguiremos viajando por las antiguas civilizaciones &hellip; <a href=\"https:\/\/www.alqueria.es\/blogs\/alqueriaamarillanaranja\/2012\/06\/12\/fiesta-de-la-primavera-egipto-en-alqueria\/\" class=\"more-link\">Seguir leyendo <span class=\"screen-reader-text\">FIESTA DE LA PRIMAVERA : EGIPTO EN ALQUER\u00cdA<\/span> <span class=\"meta-nav\">&rarr;<\/span><\/a><\/p>\n","protected":false},"author":20,"featured_media":0,"comment_status":"open","ping_status":"open","sticky":false,"template":"","format":"standard","meta":{"jetpack_post_was_ever_published":false,"_jetpack_newsletter_access":"","_jetpack_dont_email_post_to_subs":false,"_jetpack_newsletter_tier_id":0,"_jetpack_memberships_contains_paywalled_content":false,"_jetpack_memberships_contains_paid_content":false,"footnotes":"","jetpack_publicize_message":"","jetpack_publicize_feature_enabled":true,"jetpack_social_post_already_shared":true,"jetpack_social_options":{"image_generator_settings":{"template":"highway","default_image_id":0,"font":"","enabled":false},"version":2}},"categories":[7,13],"tags":[],"class_list":["post-778","post","type-post","status-publish","format-standard","hentry","category-clase-naranja","category-fiestas-y-dias-de-significacion-especial"],"jetpack_publicize_connections":[],"jetpack_featured_media_url":"","jetpack_sharing_enabled":true,"jetpack_shortlink":"https:\/\/wp.me\/p4lG08-cy","jetpack-related-posts":[],"_links":{"self":[{"href":"https:\/\/www.alqueria.es\/blogs\/alqueriaamarillanaranja\/wp-json\/wp\/v2\/posts\/778","targetHints":{"allow":["GET"]}}],"collection":[{"href":"https:\/\/www.alqueria.es\/blogs\/alqueriaamarillanaranja\/wp-json\/wp\/v2\/posts"}],"about":[{"href":"https:\/\/www.alqueria.es\/blogs\/alqueriaamarillanaranja\/wp-json\/wp\/v2\/types\/post"}],"author":[{"embeddable":true,"href":"https:\/\/www.alqueria.es\/blogs\/alqueriaamarillanaranja\/wp-json\/wp\/v2\/users\/20"}],"replies":[{"embeddable":true,"href":"https:\/\/www.alqueria.es\/blogs\/alqueriaamarillanaranja\/wp-json\/wp\/v2\/comments?post=778"}],"version-history":[{"count":0,"href":"https:\/\/www.alqueria.es\/blogs\/alqueriaamarillanaranja\/wp-json\/wp\/v2\/posts\/778\/revisions"}],"wp:attachment":[{"href":"https:\/\/www.alqueria.es\/blogs\/alqueriaamarillanaranja\/wp-json\/wp\/v2\/media?parent=778"}],"wp:term":[{"taxonomy":"category","embeddable":true,"href":"https:\/\/www.alqueria.es\/blogs\/alqueriaamarillanaranja\/wp-json\/wp\/v2\/categories?post=778"},{"taxonomy":"post_tag","embeddable":true,"href":"https:\/\/www.alqueria.es\/blogs\/alqueriaamarillanaranja\/wp-json\/wp\/v2\/tags?post=778"}],"curies":[{"name":"wp","href":"https:\/\/api.w.org\/{rel}","templated":true}]}}