{"id":7798,"date":"2013-12-20T14:00:33","date_gmt":"2013-12-20T13:00:33","guid":{"rendered":"http:\/\/alqueriaamarillanaranja.wordpress.com\/?p=7798"},"modified":"2013-12-20T14:00:33","modified_gmt":"2013-12-20T13:00:33","slug":"final-del-trimestre","status":"publish","type":"post","link":"https:\/\/www.alqueria.es\/blogs\/alqueriaamarillanaranja\/2013\/12\/20\/final-del-trimestre\/","title":{"rendered":"\u00a1\u00a1FINAL DEL TRIMESTRE!!"},"content":{"rendered":"<p><span style=\"color:#0000ff\">Bueno ya est\u00e1 aqu\u00ed la Navidad y con ella el final del primer trimestre. Han pasado muy r\u00e1pido estos cuatro meses en los que hemos ido conoci\u00e9ndonos un poco m\u00e1s y\u00a0compartiendo muchas vivencias ( actividades, fiestas, salidas&#8230;.)<\/span><\/p>\n<p><span style=\"color:#0000ff\">Hoy tenemos la despedida de trimestre con un d\u00eda tambi\u00e9n muy especial:<\/span><\/p>\n<ul>\n<li><span style=\"color:#0000ff\">Primero nos maquillamos de \u00abChinos\/as Capuchinos\u00bb y nos vamos a la clase amarilla donde compartimos toda la etapa de infantil villancicos.<\/span><\/li>\n<li><span style=\"color:#0000ff\">Despu\u00e9s bajamos al jard\u00edn, donde cada clase ha interpretado su villancico y los profes tambi\u00e9n, nosotros los naranjitas lo hemos hecho muy bien.\u00a1 OZ\u00da QU\u00c9 BIEN!<\/span><\/li>\n<li><span style=\"color:#0000ff\">Como hac\u00eda mucho fr\u00edo, jugamos en la clase con los globos que nos iban a lanzar desde el tejadillo hasta la hora de la comida.<\/span><\/li>\n<\/ul>\n<p><span style=\"color:#0000ff\"><p class=\"jetpack-slideshow-noscript robots-nocontent\">El pase de diapositivas requiere JavaScript.<\/p><div id=\"gallery-7798-1-slideshow\" class=\"jetpack-slideshow-window jetpack-slideshow jetpack-slideshow-black\" data-trans=\"fade\" data-autostart=\"1\" data-gallery=\"[{&quot;src&quot;:&quot;https:\\\/\\\/www.alqueria.es\\\/blogs\\\/alqueriaamarillanaranja\\\/wp-content\\\/uploads\\\/sites\\\/9\\\/2013\\\/12\\\/foto3593.jpg&quot;,&quot;id&quot;:&quot;7800&quot;,&quot;title&quot;:&quot;Foto3593&quot;,&quot;alt&quot;:&quot;&quot;,&quot;caption&quot;:&quot;&quot;,&quot;itemprop&quot;:&quot;image&quot;},{&quot;src&quot;:&quot;https:\\\/\\\/www.alqueria.es\\\/blogs\\\/alqueriaamarillanaranja\\\/wp-content\\\/uploads\\\/sites\\\/9\\\/2013\\\/12\\\/foto3594.jpg&quot;,&quot;id&quot;:&quot;7801&quot;,&quot;title&quot;:&quot;Foto3594&quot;,&quot;alt&quot;:&quot;&quot;,&quot;caption&quot;:&quot;&quot;,&quot;itemprop&quot;:&quot;image&quot;},{&quot;src&quot;:&quot;https:\\\/\\\/www.alqueria.es\\\/blogs\\\/alqueriaamarillanaranja\\\/wp-content\\\/uploads\\\/sites\\\/9\\\/2013\\\/12\\\/foto3595.jpg&quot;,&quot;id&quot;:&quot;7802&quot;,&quot;title&quot;:&quot;Foto3595&quot;,&quot;alt&quot;:&quot;&quot;,&quot;caption&quot;:&quot;&quot;,&quot;itemprop&quot;:&quot;image&quot;},{&quot;src&quot;:&quot;https:\\\/\\\/www.alqueria.es\\\/blogs\\\/alqueriaamarillanaranja\\\/wp-content\\\/uploads\\\/sites\\\/9\\\/2013\\\/12\\\/foto3599.jpg&quot;,&quot;id&quot;:&quot;7804&quot;,&quot;title&quot;:&quot;Foto3599&quot;,&quot;alt&quot;:&quot;&quot;,&quot;caption&quot;:&quot;&quot;,&quot;itemprop&quot;:&quot;image&quot;},{&quot;src&quot;:&quot;https:\\\/\\\/www.alqueria.es\\\/blogs\\\/alqueriaamarillanaranja\\\/wp-content\\\/uploads\\\/sites\\\/9\\\/2013\\\/12\\\/foto3602.jpg&quot;,&quot;id&quot;:&quot;7805&quot;,&quot;title&quot;:&quot;Foto3602&quot;,&quot;alt&quot;:&quot;&quot;,&quot;caption&quot;:&quot;&quot;,&quot;itemprop&quot;:&quot;image&quot;},{&quot;src&quot;:&quot;https:\\\/\\\/www.alqueria.es\\\/blogs\\\/alqueriaamarillanaranja\\\/wp-content\\\/uploads\\\/sites\\\/9\\\/2013\\\/12\\\/foto3603.jpg&quot;,&quot;id&quot;:&quot;7806&quot;,&quot;title&quot;:&quot;Foto3603&quot;,&quot;alt&quot;:&quot;&quot;,&quot;caption&quot;:&quot;&quot;,&quot;itemprop&quot;:&quot;image&quot;},{&quot;src&quot;:&quot;https:\\\/\\\/www.alqueria.es\\\/blogs\\\/alqueriaamarillanaranja\\\/wp-content\\\/uploads\\\/sites\\\/9\\\/2013\\\/12\\\/foto3604.jpg&quot;,&quot;id&quot;:&quot;7807&quot;,&quot;title&quot;:&quot;Foto3604&quot;,&quot;alt&quot;:&quot;&quot;,&quot;caption&quot;:&quot;&quot;,&quot;itemprop&quot;:&quot;image&quot;},{&quot;src&quot;:&quot;https:\\\/\\\/www.alqueria.es\\\/blogs\\\/alqueriaamarillanaranja\\\/wp-content\\\/uploads\\\/sites\\\/9\\\/2013\\\/12\\\/foto3605.jpg&quot;,&quot;id&quot;:&quot;7808&quot;,&quot;title&quot;:&quot;Foto3605&quot;,&quot;alt&quot;:&quot;&quot;,&quot;caption&quot;:&quot;&quot;,&quot;itemprop&quot;:&quot;image&quot;},{&quot;src&quot;:&quot;https:\\\/\\\/www.alqueria.es\\\/blogs\\\/alqueriaamarillanaranja\\\/wp-content\\\/uploads\\\/sites\\\/9\\\/2013\\\/12\\\/foto3606.jpg&quot;,&quot;id&quot;:&quot;7809&quot;,&quot;title&quot;:&quot;Foto3606&quot;,&quot;alt&quot;:&quot;&quot;,&quot;caption&quot;:&quot;&quot;,&quot;itemprop&quot;:&quot;image&quot;},{&quot;src&quot;:&quot;https:\\\/\\\/www.alqueria.es\\\/blogs\\\/alqueriaamarillanaranja\\\/wp-content\\\/uploads\\\/sites\\\/9\\\/2013\\\/12\\\/foto3607.jpg&quot;,&quot;id&quot;:&quot;7810&quot;,&quot;title&quot;:&quot;Foto3607&quot;,&quot;alt&quot;:&quot;&quot;,&quot;caption&quot;:&quot;&quot;,&quot;itemprop&quot;:&quot;image&quot;}]\" itemscope itemtype=\"https:\/\/schema.org\/ImageGallery\"><\/div><\/p>\n<p><\/span><\/p>\n<p>&nbsp;<\/p>\n<p><span style=\"color:#0000ff\">Me despido de todos\/as vosotros hasta el a\u00f1o que viene. Espero que pas\u00e9is unas felices fiestas en familia.<\/span><\/p>\n<p><a href=\"https:\/\/cloud.alqueria.es\/wp-content\/uploads\/sites\/9\/2013\/12\/images91r0u9ud.jpg\"><img decoding=\"async\" data-attachment-id=\"7812\" data-permalink=\"https:\/\/www.alqueria.es\/blogs\/alqueriaamarillanaranja\/2013\/12\/20\/final-del-trimestre\/images91r0u9ud\/\" data-orig-file=\"https:\/\/www.alqueria.es\/blogs\/alqueriaamarillanaranja\/wp-content\/uploads\/sites\/9\/2013\/12\/images91r0u9ud.jpg\" data-orig-size=\"288,175\" data-comments-opened=\"1\" data-image-meta=\"{&quot;aperture&quot;:&quot;0&quot;,&quot;credit&quot;:&quot;&quot;,&quot;camera&quot;:&quot;&quot;,&quot;caption&quot;:&quot;&quot;,&quot;created_timestamp&quot;:&quot;0&quot;,&quot;copyright&quot;:&quot;&quot;,&quot;focal_length&quot;:&quot;0&quot;,&quot;iso&quot;:&quot;0&quot;,&quot;shutter_speed&quot;:&quot;0&quot;,&quot;title&quot;:&quot;&quot;}\" data-image-title=\"images91R0U9UD\" data-image-description=\"\" data-image-caption=\"\" data-large-file=\"https:\/\/www.alqueria.es\/blogs\/alqueriaamarillanaranja\/wp-content\/uploads\/sites\/9\/2013\/12\/images91r0u9ud.jpg\" class=\"aligncenter size-full wp-image-7812\" alt=\"images91R0U9UD\" src=\"https:\/\/cloud.alqueria.es\/wp-content\/uploads\/sites\/9\/2013\/12\/images91r0u9ud.jpg\" width=\"288\" height=\"175\" \/><\/a><\/p>\n<p><span style=\"color:#0000ff\">Un beso<\/span><\/p>\n<p><span style=\"color:#0000ff\">Carmen Jim\u00e9nez<\/span><\/p>\n","protected":false},"excerpt":{"rendered":"<p>Bueno ya est\u00e1 aqu\u00ed la Navidad y con ella el final del primer trimestre. Han pasado muy r\u00e1pido estos cuatro meses en los que hemos ido conoci\u00e9ndonos un poco m\u00e1s y\u00a0compartiendo muchas vivencias ( actividades, fiestas, salidas&#8230;.) Hoy tenemos la despedida de trimestre con un d\u00eda tambi\u00e9n muy especial: Primero nos maquillamos de \u00abChinos\/as Capuchinos\u00bb &hellip; <a href=\"https:\/\/www.alqueria.es\/blogs\/alqueriaamarillanaranja\/2013\/12\/20\/final-del-trimestre\/\" class=\"more-link\">Seguir leyendo <span class=\"screen-reader-text\">\u00a1\u00a1FINAL DEL TRIMESTRE!!<\/span> <span class=\"meta-nav\">&rarr;<\/span><\/a><\/p>\n","protected":false},"author":23,"featured_media":0,"comment_status":"open","ping_status":"open","sticky":false,"template":"","format":"standard","meta":{"jetpack_post_was_ever_published":false,"_jetpack_newsletter_access":"","_jetpack_dont_email_post_to_subs":false,"_jetpack_newsletter_tier_id":0,"_jetpack_memberships_contains_paywalled_content":false,"_jetpack_memberships_contains_paid_content":false,"footnotes":"","jetpack_publicize_message":"","jetpack_publicize_feature_enabled":true,"jetpack_social_post_already_shared":true,"jetpack_social_options":{"image_generator_settings":{"template":"highway","default_image_id":0,"font":"","enabled":false},"version":2}},"categories":[7,8,13],"tags":[],"class_list":["post-7798","post","type-post","status-publish","format-standard","hentry","category-clase-naranja","category-diario","category-fiestas-y-dias-de-significacion-especial"],"jetpack_publicize_connections":[],"jetpack_featured_media_url":"","jetpack_sharing_enabled":true,"jetpack_shortlink":"https:\/\/wp.me\/p4lG08-21M","jetpack-related-posts":[],"_links":{"self":[{"href":"https:\/\/www.alqueria.es\/blogs\/alqueriaamarillanaranja\/wp-json\/wp\/v2\/posts\/7798","targetHints":{"allow":["GET"]}}],"collection":[{"href":"https:\/\/www.alqueria.es\/blogs\/alqueriaamarillanaranja\/wp-json\/wp\/v2\/posts"}],"about":[{"href":"https:\/\/www.alqueria.es\/blogs\/alqueriaamarillanaranja\/wp-json\/wp\/v2\/types\/post"}],"author":[{"embeddable":true,"href":"https:\/\/www.alqueria.es\/blogs\/alqueriaamarillanaranja\/wp-json\/wp\/v2\/users\/23"}],"replies":[{"embeddable":true,"href":"https:\/\/www.alqueria.es\/blogs\/alqueriaamarillanaranja\/wp-json\/wp\/v2\/comments?post=7798"}],"version-history":[{"count":0,"href":"https:\/\/www.alqueria.es\/blogs\/alqueriaamarillanaranja\/wp-json\/wp\/v2\/posts\/7798\/revisions"}],"wp:attachment":[{"href":"https:\/\/www.alqueria.es\/blogs\/alqueriaamarillanaranja\/wp-json\/wp\/v2\/media?parent=7798"}],"wp:term":[{"taxonomy":"category","embeddable":true,"href":"https:\/\/www.alqueria.es\/blogs\/alqueriaamarillanaranja\/wp-json\/wp\/v2\/categories?post=7798"},{"taxonomy":"post_tag","embeddable":true,"href":"https:\/\/www.alqueria.es\/blogs\/alqueriaamarillanaranja\/wp-json\/wp\/v2\/tags?post=7798"}],"curies":[{"name":"wp","href":"https:\/\/api.w.org\/{rel}","templated":true}]}}