{"id":78827,"date":"2025-10-22T21:17:50","date_gmt":"2025-10-22T19:17:50","guid":{"rendered":"https:\/\/www.alqueria.es\/blogs\/alqueriaamarillanaranja\/?p=78827"},"modified":"2025-10-22T21:24:09","modified_gmt":"2025-10-22T19:24:09","slug":"yoga-en-la-clase-naranja-2","status":"publish","type":"post","link":"https:\/\/www.alqueria.es\/blogs\/alqueriaamarillanaranja\/2025\/10\/22\/yoga-en-la-clase-naranja-2\/","title":{"rendered":"YOGA EN LA CLASE NARANJA."},"content":{"rendered":"<p>Buenas tardes, familias:<\/p>\n<p>Esta semana ha sido intensa y muy enriquecedora. Hemos disfrutado de m\u00faltiples experiencias que favorecen el desarrollo integral de nuestros naranjitas, combinando movimiento, cooperaci\u00f3n, juego simb\u00f3lico y contacto con la naturaleza.<\/p>\n<p>I<img decoding=\"async\" data-attachment-id=\"78852\" data-permalink=\"https:\/\/www.alqueria.es\/blogs\/alqueriaamarillanaranja\/2025\/10\/22\/yoga-en-la-clase-naranja-2\/photo-2025-10-22-21-01-25-2\/\" data-orig-file=\"https:\/\/cloud.alqueria.es\/wp-content\/uploads\/sites\/9\/2025\/10\/PHOTO-2025-10-22-21-01-25-2.jpg\" data-orig-size=\"1200,1600\" data-comments-opened=\"1\" data-image-meta=\"{&quot;aperture&quot;:&quot;0&quot;,&quot;credit&quot;:&quot;&quot;,&quot;camera&quot;:&quot;&quot;,&quot;caption&quot;:&quot;&quot;,&quot;created_timestamp&quot;:&quot;0&quot;,&quot;copyright&quot;:&quot;&quot;,&quot;focal_length&quot;:&quot;0&quot;,&quot;iso&quot;:&quot;0&quot;,&quot;shutter_speed&quot;:&quot;0&quot;,&quot;title&quot;:&quot;&quot;,&quot;orientation&quot;:&quot;0&quot;}\" data-image-title=\"PHOTO-2025-10-22-21-01-25 2\" data-image-description=\"\" data-image-caption=\"\" data-large-file=\"https:\/\/cloud.alqueria.es\/wp-content\/uploads\/sites\/9\/2025\/10\/PHOTO-2025-10-22-21-01-25-2-768x1024.jpg\" class=\"alignleft wp-image-78852 size-medium\" src=\"https:\/\/cloud.alqueria.es\/wp-content\/uploads\/sites\/9\/2025\/10\/PHOTO-2025-10-22-21-01-25-2-225x300.jpg\" alt=\"\" width=\"225\" height=\"300\" srcset=\"https:\/\/cloud.alqueria.es\/wp-content\/uploads\/sites\/9\/2025\/10\/PHOTO-2025-10-22-21-01-25-2-225x300.jpg 225w, https:\/\/cloud.alqueria.es\/wp-content\/uploads\/sites\/9\/2025\/10\/PHOTO-2025-10-22-21-01-25-2-768x1024.jpg 768w, https:\/\/cloud.alqueria.es\/wp-content\/uploads\/sites\/9\/2025\/10\/PHOTO-2025-10-22-21-01-25-2-1152x1536.jpg 1152w, https:\/\/cloud.alqueria.es\/wp-content\/uploads\/sites\/9\/2025\/10\/PHOTO-2025-10-22-21-01-25-2.jpg 1200w\" sizes=\"(max-width: 225px) 100vw, 225px\" \/>niciamos nuestras sesiones de Yoga con Marta, nuestra maestra especialista. En este primer encuentro, aprendimos las normas b\u00e1sicas: caminar despacio, descalzarnos y hablar en voz bajita. La m\u00fasica relajante y las din\u00e1micas l\u00fadicas nos ayudaron a comprender que el yoga no solo fortalece nuestro cuerpo, sino que tambi\u00e9n nos ense\u00f1a a conectar con la calma y la concentraci\u00f3n. Estas primeras experiencias son una invitaci\u00f3n a cuidar de nuestro bienestar f\u00edsico y emocional.<\/p>\n<p>(Os dejamos algunas im\u00e1genes para que pod\u00e1is vernos en acci\u00f3n.)<\/p>\n<div class=\"tiled-gallery type-square tiled-gallery-unresized\" data-original-width=\"474\" data-carousel-extra='{&quot;blog_id&quot;:9,&quot;permalink&quot;:&quot;https:\\\/\\\/www.alqueria.es\\\/blogs\\\/alqueriaamarillanaranja\\\/2025\\\/10\\\/22\\\/yoga-en-la-clase-naranja-2\\\/&quot;,&quot;likes_blog_id&quot;:64271688}' itemscope itemtype=\"http:\/\/schema.org\/ImageGallery\" > <div class=\"gallery-row\" style=\"width: 474px; height: 118px;\" data-original-width=\"474\" data-original-height=\"118\" > <div class=\"gallery-group\" style=\"width: 118px; height: 118px;\" data-original-width=\"118\" data-original-height=\"118\" > <div class=\"tiled-gallery-item \" itemprop=\"associatedMedia\" itemscope itemtype=\"http:\/\/schema.org\/ImageObject\"> <a href=\"https:\/\/www.alqueria.es\/blogs\/alqueriaamarillanaranja\/2025\/10\/22\/yoga-en-la-clase-naranja-2\/photo-2025-10-22-21-01-25-3\/\" border=\"0\" itemprop=\"url\"> <meta itemprop=\"width\" content=\"114\"> <meta itemprop=\"height\" content=\"114\"> <img decoding=\"async\" class=\"\" data-attachment-id=\"78851\" data-orig-file=\"https:\/\/cloud.alqueria.es\/wp-content\/uploads\/sites\/9\/2025\/10\/PHOTO-2025-10-22-21-01-25-3.jpg\" data-orig-size=\"1600,1200\" data-comments-opened=\"1\" data-image-meta=\"{&quot;aperture&quot;:&quot;0&quot;,&quot;credit&quot;:&quot;&quot;,&quot;camera&quot;:&quot;&quot;,&quot;caption&quot;:&quot;&quot;,&quot;created_timestamp&quot;:&quot;0&quot;,&quot;copyright&quot;:&quot;&quot;,&quot;focal_length&quot;:&quot;0&quot;,&quot;iso&quot;:&quot;0&quot;,&quot;shutter_speed&quot;:&quot;0&quot;,&quot;title&quot;:&quot;&quot;,&quot;orientation&quot;:&quot;0&quot;}\" data-image-title=\"PHOTO-2025-10-22-21-01-25 3\" data-image-description=\"\" data-medium-file=\"https:\/\/cloud.alqueria.es\/wp-content\/uploads\/sites\/9\/2025\/10\/PHOTO-2025-10-22-21-01-25-3-300x225.jpg\" data-large-file=\"https:\/\/cloud.alqueria.es\/wp-content\/uploads\/sites\/9\/2025\/10\/PHOTO-2025-10-22-21-01-25-3-1024x768.jpg\" src=\"https:\/\/i0.wp.com\/cloud.alqueria.es\/wp-content\/uploads\/sites\/9\/2025\/10\/PHOTO-2025-10-22-21-01-25-3.jpg?w=114&#038;h=114&#038;crop=1&#038;ssl=1\" width=\"114\" height=\"114\" loading=\"lazy\" data-original-width=\"114\" data-original-height=\"114\" itemprop=\"http:\/\/schema.org\/image\" title=\"PHOTO-2025-10-22-21-01-25 3\" alt=\"PHOTO-2025-10-22-21-01-25 3\" style=\"width: 114px; height: 114px;\" \/> <\/a> <\/div> <\/div> <div class=\"gallery-group\" style=\"width: 118px; height: 118px;\" data-original-width=\"118\" data-original-height=\"118\" > <div class=\"tiled-gallery-item \" itemprop=\"associatedMedia\" itemscope itemtype=\"http:\/\/schema.org\/ImageObject\"> <a href=\"https:\/\/www.alqueria.es\/blogs\/alqueriaamarillanaranja\/2025\/10\/22\/yoga-en-la-clase-naranja-2\/photo-2025-10-22-21-01-25-4\/\" border=\"0\" itemprop=\"url\"> <meta itemprop=\"width\" content=\"114\"> <meta itemprop=\"height\" content=\"114\"> <img decoding=\"async\" class=\"\" data-attachment-id=\"78850\" data-orig-file=\"https:\/\/cloud.alqueria.es\/wp-content\/uploads\/sites\/9\/2025\/10\/PHOTO-2025-10-22-21-01-25-4.jpg\" data-orig-size=\"1600,1200\" data-comments-opened=\"1\" data-image-meta=\"{&quot;aperture&quot;:&quot;0&quot;,&quot;credit&quot;:&quot;&quot;,&quot;camera&quot;:&quot;&quot;,&quot;caption&quot;:&quot;&quot;,&quot;created_timestamp&quot;:&quot;0&quot;,&quot;copyright&quot;:&quot;&quot;,&quot;focal_length&quot;:&quot;0&quot;,&quot;iso&quot;:&quot;0&quot;,&quot;shutter_speed&quot;:&quot;0&quot;,&quot;title&quot;:&quot;&quot;,&quot;orientation&quot;:&quot;0&quot;}\" data-image-title=\"PHOTO-2025-10-22-21-01-25 4\" data-image-description=\"\" data-medium-file=\"https:\/\/cloud.alqueria.es\/wp-content\/uploads\/sites\/9\/2025\/10\/PHOTO-2025-10-22-21-01-25-4-300x225.jpg\" data-large-file=\"https:\/\/cloud.alqueria.es\/wp-content\/uploads\/sites\/9\/2025\/10\/PHOTO-2025-10-22-21-01-25-4-1024x768.jpg\" src=\"https:\/\/i0.wp.com\/cloud.alqueria.es\/wp-content\/uploads\/sites\/9\/2025\/10\/PHOTO-2025-10-22-21-01-25-4.jpg?w=114&#038;h=114&#038;crop=1&#038;ssl=1\" width=\"114\" height=\"114\" loading=\"lazy\" data-original-width=\"114\" data-original-height=\"114\" itemprop=\"http:\/\/schema.org\/image\" title=\"PHOTO-2025-10-22-21-01-25 4\" alt=\"PHOTO-2025-10-22-21-01-25 4\" style=\"width: 114px; height: 114px;\" \/> <\/a> <\/div> <\/div> <div class=\"gallery-group\" style=\"width: 118px; height: 118px;\" data-original-width=\"118\" data-original-height=\"118\" > <div class=\"tiled-gallery-item \" itemprop=\"associatedMedia\" itemscope itemtype=\"http:\/\/schema.org\/ImageObject\"> <a href=\"https:\/\/www.alqueria.es\/blogs\/alqueriaamarillanaranja\/2025\/10\/22\/yoga-en-la-clase-naranja-2\/photo-2025-10-22-21-01-25-6\/\" border=\"0\" itemprop=\"url\"> <meta itemprop=\"width\" content=\"114\"> <meta itemprop=\"height\" content=\"114\"> <img decoding=\"async\" class=\"\" data-attachment-id=\"78848\" data-orig-file=\"https:\/\/cloud.alqueria.es\/wp-content\/uploads\/sites\/9\/2025\/10\/PHOTO-2025-10-22-21-01-25-6.jpg\" data-orig-size=\"1600,1200\" data-comments-opened=\"1\" data-image-meta=\"{&quot;aperture&quot;:&quot;0&quot;,&quot;credit&quot;:&quot;&quot;,&quot;camera&quot;:&quot;&quot;,&quot;caption&quot;:&quot;&quot;,&quot;created_timestamp&quot;:&quot;0&quot;,&quot;copyright&quot;:&quot;&quot;,&quot;focal_length&quot;:&quot;0&quot;,&quot;iso&quot;:&quot;0&quot;,&quot;shutter_speed&quot;:&quot;0&quot;,&quot;title&quot;:&quot;&quot;,&quot;orientation&quot;:&quot;0&quot;}\" data-image-title=\"PHOTO-2025-10-22-21-01-25 6\" data-image-description=\"\" data-medium-file=\"https:\/\/cloud.alqueria.es\/wp-content\/uploads\/sites\/9\/2025\/10\/PHOTO-2025-10-22-21-01-25-6-300x225.jpg\" data-large-file=\"https:\/\/cloud.alqueria.es\/wp-content\/uploads\/sites\/9\/2025\/10\/PHOTO-2025-10-22-21-01-25-6-1024x768.jpg\" src=\"https:\/\/i0.wp.com\/cloud.alqueria.es\/wp-content\/uploads\/sites\/9\/2025\/10\/PHOTO-2025-10-22-21-01-25-6.jpg?w=114&#038;h=114&#038;crop=1&#038;ssl=1\" width=\"114\" height=\"114\" loading=\"lazy\" data-original-width=\"114\" data-original-height=\"114\" itemprop=\"http:\/\/schema.org\/image\" title=\"PHOTO-2025-10-22-21-01-25 6\" alt=\"PHOTO-2025-10-22-21-01-25 6\" style=\"width: 114px; height: 114px;\" \/> <\/a> <\/div> <\/div> <div class=\"gallery-group\" style=\"width: 118px; height: 118px;\" data-original-width=\"118\" data-original-height=\"118\" > <div class=\"tiled-gallery-item \" itemprop=\"associatedMedia\" itemscope itemtype=\"http:\/\/schema.org\/ImageObject\"> <a href=\"https:\/\/www.alqueria.es\/blogs\/alqueriaamarillanaranja\/2025\/10\/22\/yoga-en-la-clase-naranja-2\/photo-2025-10-22-21-01-25-5\/\" border=\"0\" itemprop=\"url\"> <meta itemprop=\"width\" content=\"114\"> <meta itemprop=\"height\" content=\"114\"> <img decoding=\"async\" class=\"\" data-attachment-id=\"78849\" data-orig-file=\"https:\/\/cloud.alqueria.es\/wp-content\/uploads\/sites\/9\/2025\/10\/PHOTO-2025-10-22-21-01-25-5.jpg\" data-orig-size=\"1200,1600\" data-comments-opened=\"1\" data-image-meta=\"{&quot;aperture&quot;:&quot;0&quot;,&quot;credit&quot;:&quot;&quot;,&quot;camera&quot;:&quot;&quot;,&quot;caption&quot;:&quot;&quot;,&quot;created_timestamp&quot;:&quot;0&quot;,&quot;copyright&quot;:&quot;&quot;,&quot;focal_length&quot;:&quot;0&quot;,&quot;iso&quot;:&quot;0&quot;,&quot;shutter_speed&quot;:&quot;0&quot;,&quot;title&quot;:&quot;&quot;,&quot;orientation&quot;:&quot;0&quot;}\" data-image-title=\"PHOTO-2025-10-22-21-01-25 5\" data-image-description=\"\" data-medium-file=\"https:\/\/cloud.alqueria.es\/wp-content\/uploads\/sites\/9\/2025\/10\/PHOTO-2025-10-22-21-01-25-5-225x300.jpg\" data-large-file=\"https:\/\/cloud.alqueria.es\/wp-content\/uploads\/sites\/9\/2025\/10\/PHOTO-2025-10-22-21-01-25-5-768x1024.jpg\" src=\"https:\/\/i0.wp.com\/cloud.alqueria.es\/wp-content\/uploads\/sites\/9\/2025\/10\/PHOTO-2025-10-22-21-01-25-5.jpg?w=114&#038;h=114&#038;crop=1&#038;ssl=1\" width=\"114\" height=\"114\" loading=\"lazy\" data-original-width=\"114\" data-original-height=\"114\" itemprop=\"http:\/\/schema.org\/image\" title=\"PHOTO-2025-10-22-21-01-25 5\" alt=\"PHOTO-2025-10-22-21-01-25 5\" style=\"width: 114px; height: 114px;\" \/> <\/a> <\/div> <\/div> <\/div> <\/div>\n<p><div class=\"a25-CTUOC-hidding-box\" data-original-content=\"&lt;iframe loading=&quot;lazy&quot; title=&quot;Yoga en la clase naranja&quot; src=&quot;https:\/\/player.vimeo.com\/video\/1129638651?dnt=1&amp;amp;app_id=122963&quot; width=&quot;474&quot; height=&quot;267&quot; frameborder=&quot;0&quot; allow=&quot;autoplay; fullscreen; picture-in-picture; clipboard-write; encrypted-media; web-share&quot; referrerpolicy=&quot;strict-origin-when-cross-origin&quot;&gt;&lt;\/iframe&gt;\">Esta p\u00e1gina incluye contenido multimedia que requiere aceptar todas las cookies. Pulse aqu\u00ed para abrir la configuraci\u00f3n de cookies.<\/div><\/p>\n<p>Nuestros proyectos colaborativos siguen avanzando con entusiasmo. Hemos estado arreglando nuestro jard\u00edn, recogiendo hojas y ramas, y disfrutando del trabajo al aire libre. Los \u201cs\u00faper ayudantes\u201d est\u00e1n participando activamente en el montaje del comedor de Infantil, una tarea que realizan con gran ilusi\u00f3n. Tambi\u00e9n aprovechamos para visitar a nuestros gallos y gallinas, llev\u00e1ndoles restos de ensalada y aprendiendo as\u00ed la importancia del cuidado responsable de los seres vivos.<\/p>\n<div class=\"tiled-gallery type-square tiled-gallery-unresized\" data-original-width=\"474\" data-carousel-extra='{&quot;blog_id&quot;:9,&quot;permalink&quot;:&quot;https:\\\/\\\/www.alqueria.es\\\/blogs\\\/alqueriaamarillanaranja\\\/2025\\\/10\\\/22\\\/yoga-en-la-clase-naranja-2\\\/&quot;,&quot;likes_blog_id&quot;:64271688}' itemscope itemtype=\"http:\/\/schema.org\/ImageGallery\" > <div class=\"gallery-row\" style=\"width: 474px; height: 237px;\" data-original-width=\"474\" data-original-height=\"237\" > <div class=\"gallery-group\" style=\"width: 237px; height: 237px;\" data-original-width=\"237\" data-original-height=\"237\" > <div class=\"tiled-gallery-item \" itemprop=\"associatedMedia\" itemscope itemtype=\"http:\/\/schema.org\/ImageObject\"> <a href=\"https:\/\/www.alqueria.es\/blogs\/alqueriaamarillanaranja\/2025\/10\/22\/yoga-en-la-clase-naranja-2\/e5ef24ca-05a1-4f30-88dd-51359ec2ba7e\/\" border=\"0\" itemprop=\"url\"> <meta itemprop=\"width\" content=\"233\"> <meta itemprop=\"height\" content=\"233\"> <img decoding=\"async\" class=\"\" data-attachment-id=\"78855\" data-orig-file=\"https:\/\/cloud.alqueria.es\/wp-content\/uploads\/sites\/9\/2025\/10\/e5ef24ca-05a1-4f30-88dd-51359ec2ba7e.jpg\" data-orig-size=\"900,1600\" data-comments-opened=\"1\" data-image-meta=\"{&quot;aperture&quot;:&quot;0&quot;,&quot;credit&quot;:&quot;&quot;,&quot;camera&quot;:&quot;&quot;,&quot;caption&quot;:&quot;&quot;,&quot;created_timestamp&quot;:&quot;1759991732&quot;,&quot;copyright&quot;:&quot;&quot;,&quot;focal_length&quot;:&quot;0&quot;,&quot;iso&quot;:&quot;0&quot;,&quot;shutter_speed&quot;:&quot;0&quot;,&quot;title&quot;:&quot;&quot;,&quot;orientation&quot;:&quot;0&quot;}\" data-image-title=\"e5ef24ca-05a1-4f30-88dd-51359ec2ba7e\" data-image-description=\"\" data-medium-file=\"https:\/\/cloud.alqueria.es\/wp-content\/uploads\/sites\/9\/2025\/10\/e5ef24ca-05a1-4f30-88dd-51359ec2ba7e-169x300.jpg\" data-large-file=\"https:\/\/cloud.alqueria.es\/wp-content\/uploads\/sites\/9\/2025\/10\/e5ef24ca-05a1-4f30-88dd-51359ec2ba7e-576x1024.jpg\" src=\"https:\/\/i0.wp.com\/cloud.alqueria.es\/wp-content\/uploads\/sites\/9\/2025\/10\/e5ef24ca-05a1-4f30-88dd-51359ec2ba7e.jpg?w=233&#038;h=233&#038;crop=1&#038;ssl=1\" width=\"233\" height=\"233\" loading=\"lazy\" data-original-width=\"233\" data-original-height=\"233\" itemprop=\"http:\/\/schema.org\/image\" title=\"e5ef24ca-05a1-4f30-88dd-51359ec2ba7e\" alt=\"e5ef24ca-05a1-4f30-88dd-51359ec2ba7e\" style=\"width: 233px; height: 233px;\" \/> <\/a> <\/div> <\/div> <div class=\"gallery-group\" style=\"width: 237px; height: 237px;\" data-original-width=\"237\" data-original-height=\"237\" > <div class=\"tiled-gallery-item \" itemprop=\"associatedMedia\" itemscope itemtype=\"http:\/\/schema.org\/ImageObject\"> <a href=\"https:\/\/www.alqueria.es\/blogs\/alqueriaamarillanaranja\/2025\/10\/22\/yoga-en-la-clase-naranja-2\/photo-2025-10-22-21-01-25-10\/\" border=\"0\" itemprop=\"url\"> <meta itemprop=\"width\" content=\"233\"> <meta itemprop=\"height\" content=\"233\"> <img decoding=\"async\" class=\"\" data-attachment-id=\"78844\" data-orig-file=\"https:\/\/cloud.alqueria.es\/wp-content\/uploads\/sites\/9\/2025\/10\/PHOTO-2025-10-22-21-01-25-10.jpg\" data-orig-size=\"1200,1600\" data-comments-opened=\"1\" data-image-meta=\"{&quot;aperture&quot;:&quot;0&quot;,&quot;credit&quot;:&quot;&quot;,&quot;camera&quot;:&quot;&quot;,&quot;caption&quot;:&quot;&quot;,&quot;created_timestamp&quot;:&quot;0&quot;,&quot;copyright&quot;:&quot;&quot;,&quot;focal_length&quot;:&quot;0&quot;,&quot;iso&quot;:&quot;0&quot;,&quot;shutter_speed&quot;:&quot;0&quot;,&quot;title&quot;:&quot;&quot;,&quot;orientation&quot;:&quot;0&quot;}\" data-image-title=\"PHOTO-2025-10-22-21-01-25 10\" data-image-description=\"\" data-medium-file=\"https:\/\/cloud.alqueria.es\/wp-content\/uploads\/sites\/9\/2025\/10\/PHOTO-2025-10-22-21-01-25-10-225x300.jpg\" data-large-file=\"https:\/\/cloud.alqueria.es\/wp-content\/uploads\/sites\/9\/2025\/10\/PHOTO-2025-10-22-21-01-25-10-768x1024.jpg\" src=\"https:\/\/i0.wp.com\/cloud.alqueria.es\/wp-content\/uploads\/sites\/9\/2025\/10\/PHOTO-2025-10-22-21-01-25-10.jpg?w=233&#038;h=233&#038;crop=1&#038;ssl=1\" width=\"233\" height=\"233\" loading=\"lazy\" data-original-width=\"233\" data-original-height=\"233\" itemprop=\"http:\/\/schema.org\/image\" title=\"PHOTO-2025-10-22-21-01-25 10\" alt=\"PHOTO-2025-10-22-21-01-25 10\" style=\"width: 233px; height: 233px;\" \/> <\/a> <\/div> <\/div> <\/div> <div class=\"gallery-row\" style=\"width: 474px; height: 158px;\" data-original-width=\"474\" data-original-height=\"158\" > <div class=\"gallery-group\" style=\"width: 158px; height: 158px;\" data-original-width=\"158\" data-original-height=\"158\" > <div class=\"tiled-gallery-item \" itemprop=\"associatedMedia\" itemscope itemtype=\"http:\/\/schema.org\/ImageObject\"> <a href=\"https:\/\/www.alqueria.es\/blogs\/alqueriaamarillanaranja\/2025\/10\/22\/yoga-en-la-clase-naranja-2\/photo-2025-10-22-21-01-25-9\/\" border=\"0\" itemprop=\"url\"> <meta itemprop=\"width\" content=\"154\"> <meta itemprop=\"height\" content=\"154\"> <img decoding=\"async\" class=\"\" data-attachment-id=\"78845\" data-orig-file=\"https:\/\/cloud.alqueria.es\/wp-content\/uploads\/sites\/9\/2025\/10\/PHOTO-2025-10-22-21-01-25-9.jpg\" data-orig-size=\"1200,1600\" data-comments-opened=\"1\" data-image-meta=\"{&quot;aperture&quot;:&quot;0&quot;,&quot;credit&quot;:&quot;&quot;,&quot;camera&quot;:&quot;&quot;,&quot;caption&quot;:&quot;&quot;,&quot;created_timestamp&quot;:&quot;0&quot;,&quot;copyright&quot;:&quot;&quot;,&quot;focal_length&quot;:&quot;0&quot;,&quot;iso&quot;:&quot;0&quot;,&quot;shutter_speed&quot;:&quot;0&quot;,&quot;title&quot;:&quot;&quot;,&quot;orientation&quot;:&quot;0&quot;}\" data-image-title=\"PHOTO-2025-10-22-21-01-25 9\" data-image-description=\"\" data-medium-file=\"https:\/\/cloud.alqueria.es\/wp-content\/uploads\/sites\/9\/2025\/10\/PHOTO-2025-10-22-21-01-25-9-225x300.jpg\" data-large-file=\"https:\/\/cloud.alqueria.es\/wp-content\/uploads\/sites\/9\/2025\/10\/PHOTO-2025-10-22-21-01-25-9-768x1024.jpg\" src=\"https:\/\/i0.wp.com\/cloud.alqueria.es\/wp-content\/uploads\/sites\/9\/2025\/10\/PHOTO-2025-10-22-21-01-25-9.jpg?w=154&#038;h=154&#038;crop=1&#038;ssl=1\" width=\"154\" height=\"154\" loading=\"lazy\" data-original-width=\"154\" data-original-height=\"154\" itemprop=\"http:\/\/schema.org\/image\" title=\"PHOTO-2025-10-22-21-01-25 9\" alt=\"PHOTO-2025-10-22-21-01-25 9\" style=\"width: 154px; height: 154px;\" \/> <\/a> <\/div> <\/div> <div class=\"gallery-group\" style=\"width: 158px; height: 158px;\" data-original-width=\"158\" data-original-height=\"158\" > <div class=\"tiled-gallery-item \" itemprop=\"associatedMedia\" itemscope itemtype=\"http:\/\/schema.org\/ImageObject\"> <a href=\"https:\/\/www.alqueria.es\/blogs\/alqueriaamarillanaranja\/2025\/10\/22\/yoga-en-la-clase-naranja-2\/photo-2025-10-22-21-01-25-7\/\" border=\"0\" itemprop=\"url\"> <meta itemprop=\"width\" content=\"154\"> <meta itemprop=\"height\" content=\"154\"> <img decoding=\"async\" class=\"\" data-attachment-id=\"78847\" data-orig-file=\"https:\/\/cloud.alqueria.es\/wp-content\/uploads\/sites\/9\/2025\/10\/PHOTO-2025-10-22-21-01-25-7.jpg\" data-orig-size=\"1600,1200\" data-comments-opened=\"1\" data-image-meta=\"{&quot;aperture&quot;:&quot;0&quot;,&quot;credit&quot;:&quot;&quot;,&quot;camera&quot;:&quot;&quot;,&quot;caption&quot;:&quot;&quot;,&quot;created_timestamp&quot;:&quot;0&quot;,&quot;copyright&quot;:&quot;&quot;,&quot;focal_length&quot;:&quot;0&quot;,&quot;iso&quot;:&quot;0&quot;,&quot;shutter_speed&quot;:&quot;0&quot;,&quot;title&quot;:&quot;&quot;,&quot;orientation&quot;:&quot;0&quot;}\" data-image-title=\"PHOTO-2025-10-22-21-01-25 7\" data-image-description=\"\" data-medium-file=\"https:\/\/cloud.alqueria.es\/wp-content\/uploads\/sites\/9\/2025\/10\/PHOTO-2025-10-22-21-01-25-7-300x225.jpg\" data-large-file=\"https:\/\/cloud.alqueria.es\/wp-content\/uploads\/sites\/9\/2025\/10\/PHOTO-2025-10-22-21-01-25-7-1024x768.jpg\" src=\"https:\/\/i0.wp.com\/cloud.alqueria.es\/wp-content\/uploads\/sites\/9\/2025\/10\/PHOTO-2025-10-22-21-01-25-7.jpg?w=154&#038;h=154&#038;crop=1&#038;ssl=1\" width=\"154\" height=\"154\" loading=\"lazy\" data-original-width=\"154\" data-original-height=\"154\" itemprop=\"http:\/\/schema.org\/image\" title=\"PHOTO-2025-10-22-21-01-25 7\" alt=\"PHOTO-2025-10-22-21-01-25 7\" style=\"width: 154px; height: 154px;\" \/> <\/a> <\/div> <\/div> <div class=\"gallery-group\" style=\"width: 158px; height: 158px;\" data-original-width=\"158\" data-original-height=\"158\" > <div class=\"tiled-gallery-item \" itemprop=\"associatedMedia\" itemscope itemtype=\"http:\/\/schema.org\/ImageObject\"> <a href=\"https:\/\/www.alqueria.es\/blogs\/alqueriaamarillanaranja\/2025\/10\/22\/yoga-en-la-clase-naranja-2\/photo-2025-10-22-21-01-25-8\/\" border=\"0\" itemprop=\"url\"> <meta itemprop=\"width\" content=\"154\"> <meta itemprop=\"height\" content=\"154\"> <img decoding=\"async\" class=\"\" data-attachment-id=\"78846\" data-orig-file=\"https:\/\/cloud.alqueria.es\/wp-content\/uploads\/sites\/9\/2025\/10\/PHOTO-2025-10-22-21-01-25-8.jpg\" data-orig-size=\"1600,1200\" data-comments-opened=\"1\" data-image-meta=\"{&quot;aperture&quot;:&quot;0&quot;,&quot;credit&quot;:&quot;&quot;,&quot;camera&quot;:&quot;&quot;,&quot;caption&quot;:&quot;&quot;,&quot;created_timestamp&quot;:&quot;0&quot;,&quot;copyright&quot;:&quot;&quot;,&quot;focal_length&quot;:&quot;0&quot;,&quot;iso&quot;:&quot;0&quot;,&quot;shutter_speed&quot;:&quot;0&quot;,&quot;title&quot;:&quot;&quot;,&quot;orientation&quot;:&quot;0&quot;}\" data-image-title=\"PHOTO-2025-10-22-21-01-25 8\" data-image-description=\"\" data-medium-file=\"https:\/\/cloud.alqueria.es\/wp-content\/uploads\/sites\/9\/2025\/10\/PHOTO-2025-10-22-21-01-25-8-300x225.jpg\" data-large-file=\"https:\/\/cloud.alqueria.es\/wp-content\/uploads\/sites\/9\/2025\/10\/PHOTO-2025-10-22-21-01-25-8-1024x768.jpg\" src=\"https:\/\/i0.wp.com\/cloud.alqueria.es\/wp-content\/uploads\/sites\/9\/2025\/10\/PHOTO-2025-10-22-21-01-25-8.jpg?w=154&#038;h=154&#038;crop=1&#038;ssl=1\" width=\"154\" height=\"154\" loading=\"lazy\" data-original-width=\"154\" data-original-height=\"154\" itemprop=\"http:\/\/schema.org\/image\" title=\"PHOTO-2025-10-22-21-01-25 8\" alt=\"PHOTO-2025-10-22-21-01-25 8\" style=\"width: 154px; height: 154px;\" \/> <\/a> <\/div> <\/div> <\/div> <\/div>\n<p>En nuestra propuesta de juego: \u201cVeterinarios\u201d, reflexionamos sobre las mascotas que tenemos en casa, las visitas al veterinario y c\u00f3mo se sienten los animales cuando est\u00e1n enfermos o necesitan ayuda. A trav\u00e9s del juego simb\u00f3lico y la expresi\u00f3n gr\u00e1fica, representan sus experiencias.<\/p>\n<div class=\"tiled-gallery type-square tiled-gallery-unresized\" data-original-width=\"474\" data-carousel-extra='{&quot;blog_id&quot;:9,&quot;permalink&quot;:&quot;https:\\\/\\\/www.alqueria.es\\\/blogs\\\/alqueriaamarillanaranja\\\/2025\\\/10\\\/22\\\/yoga-en-la-clase-naranja-2\\\/&quot;,&quot;likes_blog_id&quot;:64271688}' itemscope itemtype=\"http:\/\/schema.org\/ImageGallery\" > <div class=\"gallery-row\" style=\"width: 474px; height: 158px;\" data-original-width=\"474\" data-original-height=\"158\" > <div class=\"gallery-group\" style=\"width: 158px; height: 158px;\" data-original-width=\"158\" data-original-height=\"158\" > <div class=\"tiled-gallery-item \" itemprop=\"associatedMedia\" itemscope itemtype=\"http:\/\/schema.org\/ImageObject\"> <a href=\"https:\/\/www.alqueria.es\/blogs\/alqueriaamarillanaranja\/2025\/10\/22\/yoga-en-la-clase-naranja-2\/photo-2025-10-22-21-01-25-11\/\" border=\"0\" itemprop=\"url\"> <meta itemprop=\"width\" content=\"154\"> <meta itemprop=\"height\" content=\"154\"> <img decoding=\"async\" class=\"\" data-attachment-id=\"78843\" data-orig-file=\"https:\/\/cloud.alqueria.es\/wp-content\/uploads\/sites\/9\/2025\/10\/PHOTO-2025-10-22-21-01-25-11.jpg\" data-orig-size=\"1600,1200\" data-comments-opened=\"1\" data-image-meta=\"{&quot;aperture&quot;:&quot;0&quot;,&quot;credit&quot;:&quot;&quot;,&quot;camera&quot;:&quot;&quot;,&quot;caption&quot;:&quot;&quot;,&quot;created_timestamp&quot;:&quot;0&quot;,&quot;copyright&quot;:&quot;&quot;,&quot;focal_length&quot;:&quot;0&quot;,&quot;iso&quot;:&quot;0&quot;,&quot;shutter_speed&quot;:&quot;0&quot;,&quot;title&quot;:&quot;&quot;,&quot;orientation&quot;:&quot;0&quot;}\" data-image-title=\"PHOTO-2025-10-22-21-01-25 11\" data-image-description=\"\" data-medium-file=\"https:\/\/cloud.alqueria.es\/wp-content\/uploads\/sites\/9\/2025\/10\/PHOTO-2025-10-22-21-01-25-11-300x225.jpg\" data-large-file=\"https:\/\/cloud.alqueria.es\/wp-content\/uploads\/sites\/9\/2025\/10\/PHOTO-2025-10-22-21-01-25-11-1024x768.jpg\" src=\"https:\/\/i0.wp.com\/cloud.alqueria.es\/wp-content\/uploads\/sites\/9\/2025\/10\/PHOTO-2025-10-22-21-01-25-11.jpg?w=154&#038;h=154&#038;crop=1&#038;ssl=1\" width=\"154\" height=\"154\" loading=\"lazy\" data-original-width=\"154\" data-original-height=\"154\" itemprop=\"http:\/\/schema.org\/image\" title=\"PHOTO-2025-10-22-21-01-25 11\" alt=\"PHOTO-2025-10-22-21-01-25 11\" style=\"width: 154px; height: 154px;\" \/> <\/a> <\/div> <\/div> <div class=\"gallery-group\" style=\"width: 158px; height: 158px;\" data-original-width=\"158\" data-original-height=\"158\" > <div class=\"tiled-gallery-item \" itemprop=\"associatedMedia\" itemscope itemtype=\"http:\/\/schema.org\/ImageObject\"> <a href=\"https:\/\/www.alqueria.es\/blogs\/alqueriaamarillanaranja\/2025\/10\/22\/yoga-en-la-clase-naranja-2\/photo-2025-10-22-21-01-25-12\/\" border=\"0\" itemprop=\"url\"> <meta itemprop=\"width\" content=\"154\"> <meta itemprop=\"height\" content=\"154\"> <img decoding=\"async\" class=\"\" data-attachment-id=\"78842\" data-orig-file=\"https:\/\/cloud.alqueria.es\/wp-content\/uploads\/sites\/9\/2025\/10\/PHOTO-2025-10-22-21-01-25-12.jpg\" data-orig-size=\"1200,1600\" data-comments-opened=\"1\" data-image-meta=\"{&quot;aperture&quot;:&quot;0&quot;,&quot;credit&quot;:&quot;&quot;,&quot;camera&quot;:&quot;&quot;,&quot;caption&quot;:&quot;&quot;,&quot;created_timestamp&quot;:&quot;0&quot;,&quot;copyright&quot;:&quot;&quot;,&quot;focal_length&quot;:&quot;0&quot;,&quot;iso&quot;:&quot;0&quot;,&quot;shutter_speed&quot;:&quot;0&quot;,&quot;title&quot;:&quot;&quot;,&quot;orientation&quot;:&quot;0&quot;}\" data-image-title=\"PHOTO-2025-10-22-21-01-25 12\" data-image-description=\"\" data-medium-file=\"https:\/\/cloud.alqueria.es\/wp-content\/uploads\/sites\/9\/2025\/10\/PHOTO-2025-10-22-21-01-25-12-225x300.jpg\" data-large-file=\"https:\/\/cloud.alqueria.es\/wp-content\/uploads\/sites\/9\/2025\/10\/PHOTO-2025-10-22-21-01-25-12-768x1024.jpg\" src=\"https:\/\/i0.wp.com\/cloud.alqueria.es\/wp-content\/uploads\/sites\/9\/2025\/10\/PHOTO-2025-10-22-21-01-25-12.jpg?w=154&#038;h=154&#038;crop=1&#038;ssl=1\" width=\"154\" height=\"154\" loading=\"lazy\" data-original-width=\"154\" data-original-height=\"154\" itemprop=\"http:\/\/schema.org\/image\" title=\"PHOTO-2025-10-22-21-01-25 12\" alt=\"PHOTO-2025-10-22-21-01-25 12\" style=\"width: 154px; height: 154px;\" \/> <\/a> <\/div> <\/div> <div class=\"gallery-group\" style=\"width: 158px; height: 158px;\" data-original-width=\"158\" data-original-height=\"158\" > <div class=\"tiled-gallery-item \" itemprop=\"associatedMedia\" itemscope itemtype=\"http:\/\/schema.org\/ImageObject\"> <a href=\"https:\/\/www.alqueria.es\/blogs\/alqueriaamarillanaranja\/2025\/10\/22\/yoga-en-la-clase-naranja-2\/photo-2025-10-22-21-01-25-21\/\" border=\"0\" itemprop=\"url\"> <meta itemprop=\"width\" content=\"154\"> <meta itemprop=\"height\" content=\"154\"> <img decoding=\"async\" class=\"\" data-attachment-id=\"78833\" data-orig-file=\"https:\/\/cloud.alqueria.es\/wp-content\/uploads\/sites\/9\/2025\/10\/PHOTO-2025-10-22-21-01-25-21.jpg\" data-orig-size=\"1600,1200\" data-comments-opened=\"1\" data-image-meta=\"{&quot;aperture&quot;:&quot;0&quot;,&quot;credit&quot;:&quot;&quot;,&quot;camera&quot;:&quot;&quot;,&quot;caption&quot;:&quot;&quot;,&quot;created_timestamp&quot;:&quot;0&quot;,&quot;copyright&quot;:&quot;&quot;,&quot;focal_length&quot;:&quot;0&quot;,&quot;iso&quot;:&quot;0&quot;,&quot;shutter_speed&quot;:&quot;0&quot;,&quot;title&quot;:&quot;&quot;,&quot;orientation&quot;:&quot;0&quot;}\" data-image-title=\"PHOTO-2025-10-22-21-01-25 21\" data-image-description=\"\" data-medium-file=\"https:\/\/cloud.alqueria.es\/wp-content\/uploads\/sites\/9\/2025\/10\/PHOTO-2025-10-22-21-01-25-21-300x225.jpg\" data-large-file=\"https:\/\/cloud.alqueria.es\/wp-content\/uploads\/sites\/9\/2025\/10\/PHOTO-2025-10-22-21-01-25-21-1024x768.jpg\" src=\"https:\/\/i0.wp.com\/cloud.alqueria.es\/wp-content\/uploads\/sites\/9\/2025\/10\/PHOTO-2025-10-22-21-01-25-21.jpg?w=154&#038;h=154&#038;crop=1&#038;ssl=1\" width=\"154\" height=\"154\" loading=\"lazy\" data-original-width=\"154\" data-original-height=\"154\" itemprop=\"http:\/\/schema.org\/image\" title=\"PHOTO-2025-10-22-21-01-25 21\" alt=\"PHOTO-2025-10-22-21-01-25 21\" style=\"width: 154px; height: 154px;\" \/> <\/a> <\/div> <\/div> <\/div> <\/div>\n<p>Aunque nuestra salida a la Vega tuvo que posponerse, aprovechamos el momento para trabajar en el huerto escolar. Hemos limpiado la mitad del terreno y sembrado habas. Ahora nos comprometemos a cuidarlas y regarlas con paciencia, esperando poder degustarlas en el mes de mayo. Esta experiencia conecta el aprendizaje con el ciclo natural de la vida y fomenta valores como la responsabilidad, la espera activa y la observaci\u00f3n del entorno.<\/p>\n<p><img decoding=\"async\" data-attachment-id=\"78841\" data-permalink=\"https:\/\/www.alqueria.es\/blogs\/alqueriaamarillanaranja\/2025\/10\/22\/yoga-en-la-clase-naranja-2\/photo-2025-10-22-21-01-25-13\/\" data-orig-file=\"https:\/\/cloud.alqueria.es\/wp-content\/uploads\/sites\/9\/2025\/10\/PHOTO-2025-10-22-21-01-25-13.jpg\" data-orig-size=\"1600,1200\" data-comments-opened=\"1\" data-image-meta=\"{&quot;aperture&quot;:&quot;0&quot;,&quot;credit&quot;:&quot;&quot;,&quot;camera&quot;:&quot;&quot;,&quot;caption&quot;:&quot;&quot;,&quot;created_timestamp&quot;:&quot;0&quot;,&quot;copyright&quot;:&quot;&quot;,&quot;focal_length&quot;:&quot;0&quot;,&quot;iso&quot;:&quot;0&quot;,&quot;shutter_speed&quot;:&quot;0&quot;,&quot;title&quot;:&quot;&quot;,&quot;orientation&quot;:&quot;0&quot;}\" data-image-title=\"PHOTO-2025-10-22-21-01-25 13\" data-image-description=\"\" data-image-caption=\"\" data-large-file=\"https:\/\/cloud.alqueria.es\/wp-content\/uploads\/sites\/9\/2025\/10\/PHOTO-2025-10-22-21-01-25-13-1024x768.jpg\" class=\"aligncenter wp-image-78841 size-large\" src=\"https:\/\/cloud.alqueria.es\/wp-content\/uploads\/sites\/9\/2025\/10\/PHOTO-2025-10-22-21-01-25-13-1024x768.jpg\" alt=\"\" width=\"474\" height=\"356\" srcset=\"https:\/\/cloud.alqueria.es\/wp-content\/uploads\/sites\/9\/2025\/10\/PHOTO-2025-10-22-21-01-25-13-1024x768.jpg 1024w, https:\/\/cloud.alqueria.es\/wp-content\/uploads\/sites\/9\/2025\/10\/PHOTO-2025-10-22-21-01-25-13-300x225.jpg 300w, https:\/\/cloud.alqueria.es\/wp-content\/uploads\/sites\/9\/2025\/10\/PHOTO-2025-10-22-21-01-25-13-768x576.jpg 768w, https:\/\/cloud.alqueria.es\/wp-content\/uploads\/sites\/9\/2025\/10\/PHOTO-2025-10-22-21-01-25-13-1536x1152.jpg 1536w, https:\/\/cloud.alqueria.es\/wp-content\/uploads\/sites\/9\/2025\/10\/PHOTO-2025-10-22-21-01-25-13.jpg 1600w\" sizes=\"(max-width: 474px) 100vw, 474px\" \/><\/p>\n<div class=\"tiled-gallery type-square tiled-gallery-unresized\" data-original-width=\"474\" data-carousel-extra='{&quot;blog_id&quot;:9,&quot;permalink&quot;:&quot;https:\\\/\\\/www.alqueria.es\\\/blogs\\\/alqueriaamarillanaranja\\\/2025\\\/10\\\/22\\\/yoga-en-la-clase-naranja-2\\\/&quot;,&quot;likes_blog_id&quot;:64271688}' itemscope itemtype=\"http:\/\/schema.org\/ImageGallery\" > <div class=\"gallery-row\" style=\"width: 474px; height: 158px;\" data-original-width=\"474\" data-original-height=\"158\" > <div class=\"gallery-group\" style=\"width: 158px; height: 158px;\" data-original-width=\"158\" data-original-height=\"158\" > <div class=\"tiled-gallery-item \" itemprop=\"associatedMedia\" itemscope itemtype=\"http:\/\/schema.org\/ImageObject\"> <a href=\"https:\/\/www.alqueria.es\/blogs\/alqueriaamarillanaranja\/2025\/10\/22\/yoga-en-la-clase-naranja-2\/photo-2025-10-22-21-01-25-14\/\" border=\"0\" itemprop=\"url\"> <meta itemprop=\"width\" content=\"154\"> <meta itemprop=\"height\" content=\"154\"> <img decoding=\"async\" class=\"\" data-attachment-id=\"78840\" data-orig-file=\"https:\/\/cloud.alqueria.es\/wp-content\/uploads\/sites\/9\/2025\/10\/PHOTO-2025-10-22-21-01-25-14.jpg\" data-orig-size=\"1600,900\" data-comments-opened=\"1\" data-image-meta=\"{&quot;aperture&quot;:&quot;0&quot;,&quot;credit&quot;:&quot;&quot;,&quot;camera&quot;:&quot;&quot;,&quot;caption&quot;:&quot;&quot;,&quot;created_timestamp&quot;:&quot;0&quot;,&quot;copyright&quot;:&quot;&quot;,&quot;focal_length&quot;:&quot;0&quot;,&quot;iso&quot;:&quot;0&quot;,&quot;shutter_speed&quot;:&quot;0&quot;,&quot;title&quot;:&quot;&quot;,&quot;orientation&quot;:&quot;0&quot;}\" data-image-title=\"PHOTO-2025-10-22-21-01-25 14\" data-image-description=\"\" data-medium-file=\"https:\/\/cloud.alqueria.es\/wp-content\/uploads\/sites\/9\/2025\/10\/PHOTO-2025-10-22-21-01-25-14-300x169.jpg\" data-large-file=\"https:\/\/cloud.alqueria.es\/wp-content\/uploads\/sites\/9\/2025\/10\/PHOTO-2025-10-22-21-01-25-14-1024x576.jpg\" src=\"https:\/\/i0.wp.com\/cloud.alqueria.es\/wp-content\/uploads\/sites\/9\/2025\/10\/PHOTO-2025-10-22-21-01-25-14.jpg?w=154&#038;h=154&#038;crop=1&#038;ssl=1\" width=\"154\" height=\"154\" loading=\"lazy\" data-original-width=\"154\" data-original-height=\"154\" itemprop=\"http:\/\/schema.org\/image\" title=\"PHOTO-2025-10-22-21-01-25 14\" alt=\"PHOTO-2025-10-22-21-01-25 14\" style=\"width: 154px; height: 154px;\" \/> <\/a> <\/div> <\/div> <div class=\"gallery-group\" style=\"width: 158px; height: 158px;\" data-original-width=\"158\" data-original-height=\"158\" > <div class=\"tiled-gallery-item \" itemprop=\"associatedMedia\" itemscope itemtype=\"http:\/\/schema.org\/ImageObject\"> <a href=\"https:\/\/www.alqueria.es\/blogs\/alqueriaamarillanaranja\/2025\/10\/22\/yoga-en-la-clase-naranja-2\/photo-2025-10-22-21-01-25-15\/\" border=\"0\" itemprop=\"url\"> <meta itemprop=\"width\" content=\"154\"> <meta itemprop=\"height\" content=\"154\"> <img decoding=\"async\" class=\"\" data-attachment-id=\"78839\" data-orig-file=\"https:\/\/cloud.alqueria.es\/wp-content\/uploads\/sites\/9\/2025\/10\/PHOTO-2025-10-22-21-01-25-15.jpg\" data-orig-size=\"1600,900\" data-comments-opened=\"1\" data-image-meta=\"{&quot;aperture&quot;:&quot;0&quot;,&quot;credit&quot;:&quot;&quot;,&quot;camera&quot;:&quot;&quot;,&quot;caption&quot;:&quot;&quot;,&quot;created_timestamp&quot;:&quot;0&quot;,&quot;copyright&quot;:&quot;&quot;,&quot;focal_length&quot;:&quot;0&quot;,&quot;iso&quot;:&quot;0&quot;,&quot;shutter_speed&quot;:&quot;0&quot;,&quot;title&quot;:&quot;&quot;,&quot;orientation&quot;:&quot;0&quot;}\" data-image-title=\"PHOTO-2025-10-22-21-01-25 15\" data-image-description=\"\" data-medium-file=\"https:\/\/cloud.alqueria.es\/wp-content\/uploads\/sites\/9\/2025\/10\/PHOTO-2025-10-22-21-01-25-15-300x169.jpg\" data-large-file=\"https:\/\/cloud.alqueria.es\/wp-content\/uploads\/sites\/9\/2025\/10\/PHOTO-2025-10-22-21-01-25-15-1024x576.jpg\" src=\"https:\/\/i0.wp.com\/cloud.alqueria.es\/wp-content\/uploads\/sites\/9\/2025\/10\/PHOTO-2025-10-22-21-01-25-15.jpg?w=154&#038;h=154&#038;crop=1&#038;ssl=1\" width=\"154\" height=\"154\" loading=\"lazy\" data-original-width=\"154\" data-original-height=\"154\" itemprop=\"http:\/\/schema.org\/image\" title=\"PHOTO-2025-10-22-21-01-25 15\" alt=\"PHOTO-2025-10-22-21-01-25 15\" style=\"width: 154px; height: 154px;\" \/> <\/a> <\/div> <\/div> <div class=\"gallery-group\" style=\"width: 158px; height: 158px;\" data-original-width=\"158\" data-original-height=\"158\" > <div class=\"tiled-gallery-item \" itemprop=\"associatedMedia\" itemscope itemtype=\"http:\/\/schema.org\/ImageObject\"> <a href=\"https:\/\/www.alqueria.es\/blogs\/alqueriaamarillanaranja\/2025\/10\/22\/yoga-en-la-clase-naranja-2\/photo-2025-10-22-21-01-25-16\/\" border=\"0\" itemprop=\"url\"> <meta itemprop=\"width\" content=\"154\"> <meta itemprop=\"height\" content=\"154\"> <img decoding=\"async\" class=\"\" data-attachment-id=\"78838\" data-orig-file=\"https:\/\/cloud.alqueria.es\/wp-content\/uploads\/sites\/9\/2025\/10\/PHOTO-2025-10-22-21-01-25-16.jpg\" data-orig-size=\"1600,900\" data-comments-opened=\"1\" data-image-meta=\"{&quot;aperture&quot;:&quot;0&quot;,&quot;credit&quot;:&quot;&quot;,&quot;camera&quot;:&quot;&quot;,&quot;caption&quot;:&quot;&quot;,&quot;created_timestamp&quot;:&quot;0&quot;,&quot;copyright&quot;:&quot;&quot;,&quot;focal_length&quot;:&quot;0&quot;,&quot;iso&quot;:&quot;0&quot;,&quot;shutter_speed&quot;:&quot;0&quot;,&quot;title&quot;:&quot;&quot;,&quot;orientation&quot;:&quot;0&quot;}\" data-image-title=\"PHOTO-2025-10-22-21-01-25 16\" data-image-description=\"\" data-medium-file=\"https:\/\/cloud.alqueria.es\/wp-content\/uploads\/sites\/9\/2025\/10\/PHOTO-2025-10-22-21-01-25-16-300x169.jpg\" data-large-file=\"https:\/\/cloud.alqueria.es\/wp-content\/uploads\/sites\/9\/2025\/10\/PHOTO-2025-10-22-21-01-25-16-1024x576.jpg\" src=\"https:\/\/i0.wp.com\/cloud.alqueria.es\/wp-content\/uploads\/sites\/9\/2025\/10\/PHOTO-2025-10-22-21-01-25-16.jpg?w=154&#038;h=154&#038;crop=1&#038;ssl=1\" width=\"154\" height=\"154\" loading=\"lazy\" data-original-width=\"154\" data-original-height=\"154\" itemprop=\"http:\/\/schema.org\/image\" title=\"PHOTO-2025-10-22-21-01-25 16\" alt=\"PHOTO-2025-10-22-21-01-25 16\" style=\"width: 154px; height: 154px;\" \/> <\/a> <\/div> <\/div> <\/div> <div class=\"gallery-row\" style=\"width: 474px; height: 158px;\" data-original-width=\"474\" data-original-height=\"158\" > <div class=\"gallery-group\" style=\"width: 158px; height: 158px;\" data-original-width=\"158\" data-original-height=\"158\" > <div class=\"tiled-gallery-item \" itemprop=\"associatedMedia\" itemscope itemtype=\"http:\/\/schema.org\/ImageObject\"> <a href=\"https:\/\/www.alqueria.es\/blogs\/alqueriaamarillanaranja\/2025\/10\/22\/yoga-en-la-clase-naranja-2\/photo-2025-10-22-21-01-25-17\/\" border=\"0\" itemprop=\"url\"> <meta itemprop=\"width\" content=\"154\"> <meta itemprop=\"height\" content=\"154\"> <img decoding=\"async\" class=\"\" data-attachment-id=\"78837\" data-orig-file=\"https:\/\/cloud.alqueria.es\/wp-content\/uploads\/sites\/9\/2025\/10\/PHOTO-2025-10-22-21-01-25-17.jpg\" data-orig-size=\"1600,900\" data-comments-opened=\"1\" data-image-meta=\"{&quot;aperture&quot;:&quot;0&quot;,&quot;credit&quot;:&quot;&quot;,&quot;camera&quot;:&quot;&quot;,&quot;caption&quot;:&quot;&quot;,&quot;created_timestamp&quot;:&quot;0&quot;,&quot;copyright&quot;:&quot;&quot;,&quot;focal_length&quot;:&quot;0&quot;,&quot;iso&quot;:&quot;0&quot;,&quot;shutter_speed&quot;:&quot;0&quot;,&quot;title&quot;:&quot;&quot;,&quot;orientation&quot;:&quot;0&quot;}\" data-image-title=\"PHOTO-2025-10-22-21-01-25 17\" data-image-description=\"\" data-medium-file=\"https:\/\/cloud.alqueria.es\/wp-content\/uploads\/sites\/9\/2025\/10\/PHOTO-2025-10-22-21-01-25-17-300x169.jpg\" data-large-file=\"https:\/\/cloud.alqueria.es\/wp-content\/uploads\/sites\/9\/2025\/10\/PHOTO-2025-10-22-21-01-25-17-1024x576.jpg\" src=\"https:\/\/i0.wp.com\/cloud.alqueria.es\/wp-content\/uploads\/sites\/9\/2025\/10\/PHOTO-2025-10-22-21-01-25-17.jpg?w=154&#038;h=154&#038;crop=1&#038;ssl=1\" width=\"154\" height=\"154\" loading=\"lazy\" data-original-width=\"154\" data-original-height=\"154\" itemprop=\"http:\/\/schema.org\/image\" title=\"PHOTO-2025-10-22-21-01-25 17\" alt=\"PHOTO-2025-10-22-21-01-25 17\" style=\"width: 154px; height: 154px;\" \/> <\/a> <\/div> <\/div> <div class=\"gallery-group\" style=\"width: 158px; height: 158px;\" data-original-width=\"158\" data-original-height=\"158\" > <div class=\"tiled-gallery-item \" itemprop=\"associatedMedia\" itemscope itemtype=\"http:\/\/schema.org\/ImageObject\"> <a href=\"https:\/\/www.alqueria.es\/blogs\/alqueriaamarillanaranja\/2025\/10\/22\/yoga-en-la-clase-naranja-2\/photo-2025-10-22-21-01-25-18\/\" border=\"0\" itemprop=\"url\"> <meta itemprop=\"width\" content=\"154\"> <meta itemprop=\"height\" content=\"154\"> <img decoding=\"async\" class=\"\" data-attachment-id=\"78836\" data-orig-file=\"https:\/\/cloud.alqueria.es\/wp-content\/uploads\/sites\/9\/2025\/10\/PHOTO-2025-10-22-21-01-25-18.jpg\" data-orig-size=\"1600,900\" data-comments-opened=\"1\" data-image-meta=\"{&quot;aperture&quot;:&quot;0&quot;,&quot;credit&quot;:&quot;&quot;,&quot;camera&quot;:&quot;&quot;,&quot;caption&quot;:&quot;&quot;,&quot;created_timestamp&quot;:&quot;0&quot;,&quot;copyright&quot;:&quot;&quot;,&quot;focal_length&quot;:&quot;0&quot;,&quot;iso&quot;:&quot;0&quot;,&quot;shutter_speed&quot;:&quot;0&quot;,&quot;title&quot;:&quot;&quot;,&quot;orientation&quot;:&quot;0&quot;}\" data-image-title=\"PHOTO-2025-10-22-21-01-25 18\" data-image-description=\"\" data-medium-file=\"https:\/\/cloud.alqueria.es\/wp-content\/uploads\/sites\/9\/2025\/10\/PHOTO-2025-10-22-21-01-25-18-300x169.jpg\" data-large-file=\"https:\/\/cloud.alqueria.es\/wp-content\/uploads\/sites\/9\/2025\/10\/PHOTO-2025-10-22-21-01-25-18-1024x576.jpg\" src=\"https:\/\/i0.wp.com\/cloud.alqueria.es\/wp-content\/uploads\/sites\/9\/2025\/10\/PHOTO-2025-10-22-21-01-25-18.jpg?w=154&#038;h=154&#038;crop=1&#038;ssl=1\" width=\"154\" height=\"154\" loading=\"lazy\" data-original-width=\"154\" data-original-height=\"154\" itemprop=\"http:\/\/schema.org\/image\" title=\"PHOTO-2025-10-22-21-01-25 18\" alt=\"PHOTO-2025-10-22-21-01-25 18\" style=\"width: 154px; height: 154px;\" \/> <\/a> <\/div> <\/div> <div class=\"gallery-group\" style=\"width: 158px; height: 158px;\" data-original-width=\"158\" data-original-height=\"158\" > <div class=\"tiled-gallery-item \" itemprop=\"associatedMedia\" itemscope itemtype=\"http:\/\/schema.org\/ImageObject\"> <a href=\"https:\/\/www.alqueria.es\/blogs\/alqueriaamarillanaranja\/2025\/10\/22\/yoga-en-la-clase-naranja-2\/photo-2025-10-22-21-01-25-23\/\" border=\"0\" itemprop=\"url\"> <meta itemprop=\"width\" content=\"154\"> <meta itemprop=\"height\" content=\"154\"> <img decoding=\"async\" class=\"\" data-attachment-id=\"78831\" data-orig-file=\"https:\/\/cloud.alqueria.es\/wp-content\/uploads\/sites\/9\/2025\/10\/PHOTO-2025-10-22-21-01-25-23.jpg\" data-orig-size=\"1600,1200\" data-comments-opened=\"1\" data-image-meta=\"{&quot;aperture&quot;:&quot;0&quot;,&quot;credit&quot;:&quot;&quot;,&quot;camera&quot;:&quot;&quot;,&quot;caption&quot;:&quot;&quot;,&quot;created_timestamp&quot;:&quot;0&quot;,&quot;copyright&quot;:&quot;&quot;,&quot;focal_length&quot;:&quot;0&quot;,&quot;iso&quot;:&quot;0&quot;,&quot;shutter_speed&quot;:&quot;0&quot;,&quot;title&quot;:&quot;&quot;,&quot;orientation&quot;:&quot;0&quot;}\" data-image-title=\"PHOTO-2025-10-22-21-01-25 23\" data-image-description=\"\" data-medium-file=\"https:\/\/cloud.alqueria.es\/wp-content\/uploads\/sites\/9\/2025\/10\/PHOTO-2025-10-22-21-01-25-23-300x225.jpg\" data-large-file=\"https:\/\/cloud.alqueria.es\/wp-content\/uploads\/sites\/9\/2025\/10\/PHOTO-2025-10-22-21-01-25-23-1024x768.jpg\" src=\"https:\/\/i0.wp.com\/cloud.alqueria.es\/wp-content\/uploads\/sites\/9\/2025\/10\/PHOTO-2025-10-22-21-01-25-23.jpg?w=154&#038;h=154&#038;crop=1&#038;ssl=1\" width=\"154\" height=\"154\" loading=\"lazy\" data-original-width=\"154\" data-original-height=\"154\" itemprop=\"http:\/\/schema.org\/image\" title=\"PHOTO-2025-10-22-21-01-25 23\" alt=\"PHOTO-2025-10-22-21-01-25 23\" style=\"width: 154px; height: 154px;\" \/> <\/a> <\/div> <\/div> <\/div> <\/div>\n<p>Os recordamos que el pr\u00f3ximo martes realizaremos nuestra salida a la Biblioteca Municipal San Francisco Javier. Es importante ser puntuales para aprovechar al m\u00e1ximo la visita.<\/p>\n<p><img decoding=\"async\" data-attachment-id=\"78785\" data-permalink=\"https:\/\/www.alqueria.es\/blogs\/alqueriaamarillanaranja\/2025\/10\/15\/somos-artistas-3\/photo-2025-10-15-19-06-07\/\" data-orig-file=\"https:\/\/cloud.alqueria.es\/wp-content\/uploads\/sites\/9\/2025\/10\/PHOTO-2025-10-15-19-06-07.jpg\" data-orig-size=\"1600,1150\" data-comments-opened=\"1\" data-image-meta=\"{&quot;aperture&quot;:&quot;0&quot;,&quot;credit&quot;:&quot;&quot;,&quot;camera&quot;:&quot;&quot;,&quot;caption&quot;:&quot;&quot;,&quot;created_timestamp&quot;:&quot;0&quot;,&quot;copyright&quot;:&quot;&quot;,&quot;focal_length&quot;:&quot;0&quot;,&quot;iso&quot;:&quot;0&quot;,&quot;shutter_speed&quot;:&quot;0&quot;,&quot;title&quot;:&quot;&quot;,&quot;orientation&quot;:&quot;0&quot;}\" data-image-title=\"PHOTO-2025-10-15-19-06-07\" data-image-description=\"\" data-image-caption=\"\" data-large-file=\"https:\/\/cloud.alqueria.es\/wp-content\/uploads\/sites\/9\/2025\/10\/PHOTO-2025-10-15-19-06-07-1024x736.jpg\" class=\"aligncenter wp-image-78785 size-large\" src=\"https:\/\/cloud.alqueria.es\/wp-content\/uploads\/sites\/9\/2025\/10\/PHOTO-2025-10-15-19-06-07-1024x736.jpg\" alt=\"\" width=\"474\" height=\"341\" srcset=\"https:\/\/cloud.alqueria.es\/wp-content\/uploads\/sites\/9\/2025\/10\/PHOTO-2025-10-15-19-06-07-1024x736.jpg 1024w, https:\/\/cloud.alqueria.es\/wp-content\/uploads\/sites\/9\/2025\/10\/PHOTO-2025-10-15-19-06-07-300x216.jpg 300w, https:\/\/cloud.alqueria.es\/wp-content\/uploads\/sites\/9\/2025\/10\/PHOTO-2025-10-15-19-06-07-768x552.jpg 768w, https:\/\/cloud.alqueria.es\/wp-content\/uploads\/sites\/9\/2025\/10\/PHOTO-2025-10-15-19-06-07-1536x1104.jpg 1536w, https:\/\/cloud.alqueria.es\/wp-content\/uploads\/sites\/9\/2025\/10\/PHOTO-2025-10-15-19-06-07.jpg 1600w\" sizes=\"(max-width: 474px) 100vw, 474px\" \/><\/p>\n<p>Nuestro proyecto de animaci\u00f3n a la lectura est\u00e1 a punto de comenzar. Agradecemos sinceramente las aportaciones de libros: los \u201cnaranjitas\u201d van a disfrutar much\u00edsimo de estas nuevas historias. La lectura compartida en familia es una oportunidad maravillosa para reforzar v\u00ednculos y despertar el amor por los libros.<\/p>\n<p><img decoding=\"async\" data-attachment-id=\"78854\" data-permalink=\"https:\/\/www.alqueria.es\/blogs\/alqueriaamarillanaranja\/2025\/10\/22\/yoga-en-la-clase-naranja-2\/pngwing-com-3\/\" data-orig-file=\"https:\/\/cloud.alqueria.es\/wp-content\/uploads\/sites\/9\/2025\/10\/pngwing.com_.png\" data-orig-size=\"800,465\" data-comments-opened=\"1\" data-image-meta=\"{&quot;aperture&quot;:&quot;0&quot;,&quot;credit&quot;:&quot;&quot;,&quot;camera&quot;:&quot;&quot;,&quot;caption&quot;:&quot;&quot;,&quot;created_timestamp&quot;:&quot;0&quot;,&quot;copyright&quot;:&quot;&quot;,&quot;focal_length&quot;:&quot;0&quot;,&quot;iso&quot;:&quot;0&quot;,&quot;shutter_speed&quot;:&quot;0&quot;,&quot;title&quot;:&quot;&quot;,&quot;orientation&quot;:&quot;0&quot;}\" data-image-title=\"pngwing.com\" data-image-description=\"\" data-image-caption=\"\" data-large-file=\"https:\/\/cloud.alqueria.es\/wp-content\/uploads\/sites\/9\/2025\/10\/pngwing.com_.png\" class=\"size-medium wp-image-78854 aligncenter\" src=\"https:\/\/cloud.alqueria.es\/wp-content\/uploads\/sites\/9\/2025\/10\/pngwing.com_-300x174.png\" alt=\"\" width=\"300\" height=\"174\" srcset=\"https:\/\/cloud.alqueria.es\/wp-content\/uploads\/sites\/9\/2025\/10\/pngwing.com_-300x174.png 300w, https:\/\/cloud.alqueria.es\/wp-content\/uploads\/sites\/9\/2025\/10\/pngwing.com_-768x446.png 768w, https:\/\/cloud.alqueria.es\/wp-content\/uploads\/sites\/9\/2025\/10\/pngwing.com_.png 800w\" sizes=\"(max-width: 300px) 100vw, 300px\" \/><\/p>\n<p><img decoding=\"async\" data-attachment-id=\"78835\" data-permalink=\"https:\/\/www.alqueria.es\/blogs\/alqueriaamarillanaranja\/2025\/10\/22\/yoga-en-la-clase-naranja-2\/photo-2025-10-22-21-01-25-19\/\" data-orig-file=\"https:\/\/cloud.alqueria.es\/wp-content\/uploads\/sites\/9\/2025\/10\/PHOTO-2025-10-22-21-01-25-19.jpg\" data-orig-size=\"1200,1600\" data-comments-opened=\"1\" data-image-meta=\"{&quot;aperture&quot;:&quot;0&quot;,&quot;credit&quot;:&quot;&quot;,&quot;camera&quot;:&quot;&quot;,&quot;caption&quot;:&quot;&quot;,&quot;created_timestamp&quot;:&quot;0&quot;,&quot;copyright&quot;:&quot;&quot;,&quot;focal_length&quot;:&quot;0&quot;,&quot;iso&quot;:&quot;0&quot;,&quot;shutter_speed&quot;:&quot;0&quot;,&quot;title&quot;:&quot;&quot;,&quot;orientation&quot;:&quot;0&quot;}\" data-image-title=\"PHOTO-2025-10-22-21-01-25 19\" data-image-description=\"\" data-image-caption=\"\" data-large-file=\"https:\/\/cloud.alqueria.es\/wp-content\/uploads\/sites\/9\/2025\/10\/PHOTO-2025-10-22-21-01-25-19-768x1024.jpg\" class=\"alignleft size-medium wp-image-78835\" src=\"https:\/\/cloud.alqueria.es\/wp-content\/uploads\/sites\/9\/2025\/10\/PHOTO-2025-10-22-21-01-25-19-225x300.jpg\" alt=\"\" width=\"225\" height=\"300\" srcset=\"https:\/\/cloud.alqueria.es\/wp-content\/uploads\/sites\/9\/2025\/10\/PHOTO-2025-10-22-21-01-25-19-225x300.jpg 225w, https:\/\/cloud.alqueria.es\/wp-content\/uploads\/sites\/9\/2025\/10\/PHOTO-2025-10-22-21-01-25-19-768x1024.jpg 768w, https:\/\/cloud.alqueria.es\/wp-content\/uploads\/sites\/9\/2025\/10\/PHOTO-2025-10-22-21-01-25-19-1152x1536.jpg 1152w, https:\/\/cloud.alqueria.es\/wp-content\/uploads\/sites\/9\/2025\/10\/PHOTO-2025-10-22-21-01-25-19.jpg 1200w\" sizes=\"(max-width: 225px) 100vw, 225px\" \/><\/p>\n<p>Por \u00faltimo, seguimos practicando nuestras l\u00e1minas de estimaci\u00f3n, un divertido ejercicio en el que tienen solo un segundo para observar y responder cu\u00e1ntos elementos aparecen. Poco a poco van desarrollando estrategias mentales de conteo y percepci\u00f3n visual, que ser\u00e1n la base para aprendizajes matem\u00e1ticos m\u00e1s complejos.<\/p>\n<p>&nbsp;<\/p>\n<p>Aprovechamos cada ocasi\u00f3n para recordar y poner en pr\u00e1ctica las normas de convivencia. Aprendemos a compartir, intercambiar y negociar, habilidades que forman parte de un aprendizaje esencial para la vida en comunidad. Sabemos que no siempre resulta f\u00e1cil ni agradable a esta edad, pero cada situaci\u00f3n cotidiana se convierte en una oportunidad para crecer, desarrollar la empat\u00eda y aprender a convivir con los dem\u00e1s.<\/p>\n<p><img decoding=\"async\" data-attachment-id=\"78830\" data-permalink=\"https:\/\/www.alqueria.es\/blogs\/alqueriaamarillanaranja\/2025\/10\/22\/yoga-en-la-clase-naranja-2\/photo-2025-10-22-21-01-25\/\" data-orig-file=\"https:\/\/cloud.alqueria.es\/wp-content\/uploads\/sites\/9\/2025\/10\/PHOTO-2025-10-22-21-01-25.jpg\" data-orig-size=\"1600,900\" data-comments-opened=\"1\" data-image-meta=\"{&quot;aperture&quot;:&quot;0&quot;,&quot;credit&quot;:&quot;&quot;,&quot;camera&quot;:&quot;&quot;,&quot;caption&quot;:&quot;&quot;,&quot;created_timestamp&quot;:&quot;0&quot;,&quot;copyright&quot;:&quot;&quot;,&quot;focal_length&quot;:&quot;0&quot;,&quot;iso&quot;:&quot;0&quot;,&quot;shutter_speed&quot;:&quot;0&quot;,&quot;title&quot;:&quot;&quot;,&quot;orientation&quot;:&quot;0&quot;}\" data-image-title=\"PHOTO-2025-10-22-21-01-25\" data-image-description=\"\" data-image-caption=\"\" data-large-file=\"https:\/\/cloud.alqueria.es\/wp-content\/uploads\/sites\/9\/2025\/10\/PHOTO-2025-10-22-21-01-25-1024x576.jpg\" class=\"aligncenter wp-image-78830 size-large\" src=\"https:\/\/cloud.alqueria.es\/wp-content\/uploads\/sites\/9\/2025\/10\/PHOTO-2025-10-22-21-01-25-1024x576.jpg\" alt=\"\" width=\"474\" height=\"267\" srcset=\"https:\/\/cloud.alqueria.es\/wp-content\/uploads\/sites\/9\/2025\/10\/PHOTO-2025-10-22-21-01-25-1024x576.jpg 1024w, https:\/\/cloud.alqueria.es\/wp-content\/uploads\/sites\/9\/2025\/10\/PHOTO-2025-10-22-21-01-25-300x169.jpg 300w, https:\/\/cloud.alqueria.es\/wp-content\/uploads\/sites\/9\/2025\/10\/PHOTO-2025-10-22-21-01-25-768x432.jpg 768w, https:\/\/cloud.alqueria.es\/wp-content\/uploads\/sites\/9\/2025\/10\/PHOTO-2025-10-22-21-01-25-1536x864.jpg 1536w, https:\/\/cloud.alqueria.es\/wp-content\/uploads\/sites\/9\/2025\/10\/PHOTO-2025-10-22-21-01-25.jpg 1600w\" sizes=\"(max-width: 474px) 100vw, 474px\" \/><\/p>\n<p>Gracias, familias, por acompa\u00f1arnos cada semana en este camino de crecimiento y descubrimiento.<\/p>\n<p>Un abrazo,<\/p>\n<p>Eva Oliva<\/p>\n","protected":false},"excerpt":{"rendered":"<p>Buenas tardes, familias: Esta semana ha sido intensa y muy enriquecedora. Hemos disfrutado de m\u00faltiples experiencias que favorecen el desarrollo integral de nuestros naranjitas, combinando movimiento, cooperaci\u00f3n, juego simb\u00f3lico y contacto con la naturaleza. Iniciamos nuestras sesiones de Yoga con Marta, nuestra maestra especialista. En este primer encuentro, aprendimos las normas b\u00e1sicas: caminar despacio, descalzarnos &hellip; <a href=\"https:\/\/www.alqueria.es\/blogs\/alqueriaamarillanaranja\/2025\/10\/22\/yoga-en-la-clase-naranja-2\/\" class=\"more-link\">Seguir leyendo <span class=\"screen-reader-text\">YOGA EN LA CLASE NARANJA.<\/span> <span class=\"meta-nav\">&rarr;<\/span><\/a><\/p>\n","protected":false},"author":23,"featured_media":0,"comment_status":"open","ping_status":"open","sticky":false,"template":"","format":"standard","meta":{"jetpack_post_was_ever_published":false,"_jetpack_newsletter_access":"","_jetpack_dont_email_post_to_subs":false,"_jetpack_newsletter_tier_id":0,"_jetpack_memberships_contains_paywalled_content":false,"_jetpack_memberships_contains_paid_content":false,"footnotes":"","jetpack_publicize_message":"","jetpack_publicize_feature_enabled":true,"jetpack_social_post_already_shared":true,"jetpack_social_options":{"image_generator_settings":{"template":"highway","default_image_id":0,"font":"","enabled":false},"version":2}},"categories":[7,8,648,1029,746,21,860],"tags":[],"class_list":["post-78827","post","type-post","status-publish","format-standard","hentry","category-clase-naranja","category-diario","category-metodo-de-propuestas","category-taller-artistico","category-taller-yoga","category-talleres-medioambientales","category-tardes-cooperativas"],"jetpack_publicize_connections":[],"jetpack_featured_media_url":"","jetpack_sharing_enabled":true,"jetpack_shortlink":"https:\/\/wp.me\/p4lG08-kvp","jetpack-related-posts":[],"_links":{"self":[{"href":"https:\/\/www.alqueria.es\/blogs\/alqueriaamarillanaranja\/wp-json\/wp\/v2\/posts\/78827","targetHints":{"allow":["GET"]}}],"collection":[{"href":"https:\/\/www.alqueria.es\/blogs\/alqueriaamarillanaranja\/wp-json\/wp\/v2\/posts"}],"about":[{"href":"https:\/\/www.alqueria.es\/blogs\/alqueriaamarillanaranja\/wp-json\/wp\/v2\/types\/post"}],"author":[{"embeddable":true,"href":"https:\/\/www.alqueria.es\/blogs\/alqueriaamarillanaranja\/wp-json\/wp\/v2\/users\/23"}],"replies":[{"embeddable":true,"href":"https:\/\/www.alqueria.es\/blogs\/alqueriaamarillanaranja\/wp-json\/wp\/v2\/comments?post=78827"}],"version-history":[{"count":4,"href":"https:\/\/www.alqueria.es\/blogs\/alqueriaamarillanaranja\/wp-json\/wp\/v2\/posts\/78827\/revisions"}],"predecessor-version":[{"id":78857,"href":"https:\/\/www.alqueria.es\/blogs\/alqueriaamarillanaranja\/wp-json\/wp\/v2\/posts\/78827\/revisions\/78857"}],"wp:attachment":[{"href":"https:\/\/www.alqueria.es\/blogs\/alqueriaamarillanaranja\/wp-json\/wp\/v2\/media?parent=78827"}],"wp:term":[{"taxonomy":"category","embeddable":true,"href":"https:\/\/www.alqueria.es\/blogs\/alqueriaamarillanaranja\/wp-json\/wp\/v2\/categories?post=78827"},{"taxonomy":"post_tag","embeddable":true,"href":"https:\/\/www.alqueria.es\/blogs\/alqueriaamarillanaranja\/wp-json\/wp\/v2\/tags?post=78827"}],"curies":[{"name":"wp","href":"https:\/\/api.w.org\/{rel}","templated":true}]}}