{"id":78872,"date":"2025-10-28T18:33:48","date_gmt":"2025-10-28T17:33:48","guid":{"rendered":"https:\/\/www.alqueria.es\/blogs\/alqueriaamarillanaranja\/?p=78872"},"modified":"2025-10-28T18:33:48","modified_gmt":"2025-10-28T17:33:48","slug":"salida-a-la-biblioteca-municipal-san-francisco-javier","status":"publish","type":"post","link":"https:\/\/www.alqueria.es\/blogs\/alqueriaamarillanaranja\/2025\/10\/28\/salida-a-la-biblioteca-municipal-san-francisco-javier\/","title":{"rendered":"SALIDA A LA BIBLIOTECA MUNICIPAL SAN FRANCISCO JAVIER."},"content":{"rendered":"<p><strong>Buenas tardes familias!<\/strong><\/p>\n<p><strong>Hoy ha sido un d\u00eda muy importante para la clase naranjita.<span class=\"Apple-converted-space\">\u00a0<\/span><\/strong><\/p>\n<p><strong>Desde primera hora de la ma\u00f1ana estaban emocionados con la salida. Despu\u00e9s de pasar por el ba\u00f1o y colocarnos nuestras tarjetas identificativas, recordamos las normas \u00a0y nos marchamos en el autob\u00fas del colegio rumbo a nuestro destino.<\/strong><\/p>\n<p class=\"jetpack-slideshow-noscript robots-nocontent\">El pase de diapositivas requiere JavaScript.<\/p><div id=\"gallery-78872-1-slideshow\" class=\"jetpack-slideshow-window jetpack-slideshow jetpack-slideshow-black\" data-trans=\"fade\" data-autostart=\"1\" data-gallery=\"[{&quot;src&quot;:&quot;https:\\\/\\\/cloud.alqueria.es\\\/wp-content\\\/uploads\\\/sites\\\/9\\\/2025\\\/10\\\/PHOTO-2025-10-28-13-56-17-768x1024.jpg&quot;,&quot;id&quot;:&quot;78893&quot;,&quot;title&quot;:&quot;PHOTO-2025-10-28-13-56-17&quot;,&quot;alt&quot;:&quot;&quot;,&quot;caption&quot;:&quot;&quot;,&quot;itemprop&quot;:&quot;image&quot;},{&quot;src&quot;:&quot;https:\\\/\\\/cloud.alqueria.es\\\/wp-content\\\/uploads\\\/sites\\\/9\\\/2025\\\/10\\\/PHOTO-2025-10-28-13-54-18-2-768x1024.jpg&quot;,&quot;id&quot;:&quot;78882&quot;,&quot;title&quot;:&quot;PHOTO-2025-10-28-13-54-18 2&quot;,&quot;alt&quot;:&quot;&quot;,&quot;caption&quot;:&quot;&quot;,&quot;itemprop&quot;:&quot;image&quot;},{&quot;src&quot;:&quot;https:\\\/\\\/cloud.alqueria.es\\\/wp-content\\\/uploads\\\/sites\\\/9\\\/2025\\\/10\\\/PHOTO-2025-10-28-13-54-18-3-768x1024.jpg&quot;,&quot;id&quot;:&quot;78881&quot;,&quot;title&quot;:&quot;PHOTO-2025-10-28-13-54-18 3&quot;,&quot;alt&quot;:&quot;&quot;,&quot;caption&quot;:&quot;&quot;,&quot;itemprop&quot;:&quot;image&quot;},{&quot;src&quot;:&quot;https:\\\/\\\/cloud.alqueria.es\\\/wp-content\\\/uploads\\\/sites\\\/9\\\/2025\\\/10\\\/PHOTO-2025-10-28-13-54-18-4-768x1024.jpg&quot;,&quot;id&quot;:&quot;78880&quot;,&quot;title&quot;:&quot;PHOTO-2025-10-28-13-54-18 4&quot;,&quot;alt&quot;:&quot;&quot;,&quot;caption&quot;:&quot;&quot;,&quot;itemprop&quot;:&quot;image&quot;},{&quot;src&quot;:&quot;https:\\\/\\\/cloud.alqueria.es\\\/wp-content\\\/uploads\\\/sites\\\/9\\\/2025\\\/10\\\/PHOTO-2025-10-28-13-54-18-5-768x1024.jpg&quot;,&quot;id&quot;:&quot;78879&quot;,&quot;title&quot;:&quot;PHOTO-2025-10-28-13-54-18 5&quot;,&quot;alt&quot;:&quot;&quot;,&quot;caption&quot;:&quot;&quot;,&quot;itemprop&quot;:&quot;image&quot;},{&quot;src&quot;:&quot;https:\\\/\\\/cloud.alqueria.es\\\/wp-content\\\/uploads\\\/sites\\\/9\\\/2025\\\/10\\\/PHOTO-2025-10-28-13-54-18-6-768x1024.jpg&quot;,&quot;id&quot;:&quot;78878&quot;,&quot;title&quot;:&quot;PHOTO-2025-10-28-13-54-18 6&quot;,&quot;alt&quot;:&quot;&quot;,&quot;caption&quot;:&quot;&quot;,&quot;itemprop&quot;:&quot;image&quot;},{&quot;src&quot;:&quot;https:\\\/\\\/cloud.alqueria.es\\\/wp-content\\\/uploads\\\/sites\\\/9\\\/2025\\\/10\\\/PHOTO-2025-10-28-13-54-18-7-768x1024.jpg&quot;,&quot;id&quot;:&quot;78877&quot;,&quot;title&quot;:&quot;PHOTO-2025-10-28-13-54-18 7&quot;,&quot;alt&quot;:&quot;&quot;,&quot;caption&quot;:&quot;&quot;,&quot;itemprop&quot;:&quot;image&quot;},{&quot;src&quot;:&quot;https:\\\/\\\/cloud.alqueria.es\\\/wp-content\\\/uploads\\\/sites\\\/9\\\/2025\\\/10\\\/PHOTO-2025-10-28-13-54-18-9-768x1024.jpg&quot;,&quot;id&quot;:&quot;78875&quot;,&quot;title&quot;:&quot;PHOTO-2025-10-28-13-54-18 9&quot;,&quot;alt&quot;:&quot;&quot;,&quot;caption&quot;:&quot;&quot;,&quot;itemprop&quot;:&quot;image&quot;},{&quot;src&quot;:&quot;https:\\\/\\\/cloud.alqueria.es\\\/wp-content\\\/uploads\\\/sites\\\/9\\\/2025\\\/10\\\/PHOTO-2025-10-28-13-54-18-10-768x1024.jpg&quot;,&quot;id&quot;:&quot;78874&quot;,&quot;title&quot;:&quot;PHOTO-2025-10-28-13-54-18 10&quot;,&quot;alt&quot;:&quot;&quot;,&quot;caption&quot;:&quot;&quot;,&quot;itemprop&quot;:&quot;image&quot;},{&quot;src&quot;:&quot;https:\\\/\\\/cloud.alqueria.es\\\/wp-content\\\/uploads\\\/sites\\\/9\\\/2025\\\/10\\\/PHOTO-2025-10-28-13-54-18-768x1024.jpg&quot;,&quot;id&quot;:&quot;78873&quot;,&quot;title&quot;:&quot;PHOTO-2025-10-28-13-54-18&quot;,&quot;alt&quot;:&quot;&quot;,&quot;caption&quot;:&quot;&quot;,&quot;itemprop&quot;:&quot;image&quot;},{&quot;src&quot;:&quot;https:\\\/\\\/cloud.alqueria.es\\\/wp-content\\\/uploads\\\/sites\\\/9\\\/2025\\\/10\\\/PHOTO-2025-10-28-18-23-05-768x1024.jpg&quot;,&quot;id&quot;:&quot;78904&quot;,&quot;title&quot;:&quot;PHOTO-2025-10-28-18-23-05&quot;,&quot;alt&quot;:&quot;&quot;,&quot;caption&quot;:&quot;&quot;,&quot;itemprop&quot;:&quot;image&quot;}]\" itemscope itemtype=\"https:\/\/schema.org\/ImageGallery\"><\/div>\n<p><strong>A nuestra llegada a la biblioteca, Montse, la bibliotecaria, nos recibe amablemente y nos ense\u00f1a los diferentes espacios. <\/strong><\/p>\n<p><img decoding=\"async\" data-attachment-id=\"78876\" data-permalink=\"https:\/\/www.alqueria.es\/blogs\/alqueriaamarillanaranja\/2025\/10\/28\/salida-a-la-biblioteca-municipal-san-francisco-javier\/photo-2025-10-28-13-54-18-8\/\" data-orig-file=\"https:\/\/cloud.alqueria.es\/wp-content\/uploads\/sites\/9\/2025\/10\/PHOTO-2025-10-28-13-54-18-8.jpg\" data-orig-size=\"1600,1200\" data-comments-opened=\"1\" data-image-meta=\"{&quot;aperture&quot;:&quot;0&quot;,&quot;credit&quot;:&quot;&quot;,&quot;camera&quot;:&quot;&quot;,&quot;caption&quot;:&quot;&quot;,&quot;created_timestamp&quot;:&quot;0&quot;,&quot;copyright&quot;:&quot;&quot;,&quot;focal_length&quot;:&quot;0&quot;,&quot;iso&quot;:&quot;0&quot;,&quot;shutter_speed&quot;:&quot;0&quot;,&quot;title&quot;:&quot;&quot;,&quot;orientation&quot;:&quot;0&quot;}\" data-image-title=\"PHOTO-2025-10-28-13-54-18 8\" data-image-description=\"\" data-image-caption=\"\" data-large-file=\"https:\/\/cloud.alqueria.es\/wp-content\/uploads\/sites\/9\/2025\/10\/PHOTO-2025-10-28-13-54-18-8-1024x768.jpg\" class=\"aligncenter size-full wp-image-78876\" src=\"https:\/\/cloud.alqueria.es\/wp-content\/uploads\/sites\/9\/2025\/10\/PHOTO-2025-10-28-13-54-18-8.jpg\" alt=\"\" width=\"1600\" height=\"1200\" srcset=\"https:\/\/cloud.alqueria.es\/wp-content\/uploads\/sites\/9\/2025\/10\/PHOTO-2025-10-28-13-54-18-8.jpg 1600w, https:\/\/cloud.alqueria.es\/wp-content\/uploads\/sites\/9\/2025\/10\/PHOTO-2025-10-28-13-54-18-8-300x225.jpg 300w, https:\/\/cloud.alqueria.es\/wp-content\/uploads\/sites\/9\/2025\/10\/PHOTO-2025-10-28-13-54-18-8-1024x768.jpg 1024w, https:\/\/cloud.alqueria.es\/wp-content\/uploads\/sites\/9\/2025\/10\/PHOTO-2025-10-28-13-54-18-8-768x576.jpg 768w, https:\/\/cloud.alqueria.es\/wp-content\/uploads\/sites\/9\/2025\/10\/PHOTO-2025-10-28-13-54-18-8-1536x1152.jpg 1536w\" sizes=\"(max-width: 1600px) 100vw, 1600px\" \/><\/p>\n<p><img decoding=\"async\" data-attachment-id=\"78892\" data-permalink=\"https:\/\/www.alqueria.es\/blogs\/alqueriaamarillanaranja\/2025\/10\/28\/salida-a-la-biblioteca-municipal-san-francisco-javier\/photo-2025-10-28-13-57-01\/\" data-orig-file=\"https:\/\/cloud.alqueria.es\/wp-content\/uploads\/sites\/9\/2025\/10\/PHOTO-2025-10-28-13-57-01.jpg\" data-orig-size=\"1200,1600\" data-comments-opened=\"1\" data-image-meta=\"{&quot;aperture&quot;:&quot;0&quot;,&quot;credit&quot;:&quot;&quot;,&quot;camera&quot;:&quot;&quot;,&quot;caption&quot;:&quot;&quot;,&quot;created_timestamp&quot;:&quot;0&quot;,&quot;copyright&quot;:&quot;&quot;,&quot;focal_length&quot;:&quot;0&quot;,&quot;iso&quot;:&quot;0&quot;,&quot;shutter_speed&quot;:&quot;0&quot;,&quot;title&quot;:&quot;&quot;,&quot;orientation&quot;:&quot;0&quot;}\" data-image-title=\"PHOTO-2025-10-28-13-57-01\" data-image-description=\"\" data-image-caption=\"\" data-large-file=\"https:\/\/cloud.alqueria.es\/wp-content\/uploads\/sites\/9\/2025\/10\/PHOTO-2025-10-28-13-57-01-768x1024.jpg\" class=\"aligncenter size-full wp-image-78892\" src=\"https:\/\/cloud.alqueria.es\/wp-content\/uploads\/sites\/9\/2025\/10\/PHOTO-2025-10-28-13-57-01.jpg\" alt=\"\" width=\"1200\" height=\"1600\" srcset=\"https:\/\/cloud.alqueria.es\/wp-content\/uploads\/sites\/9\/2025\/10\/PHOTO-2025-10-28-13-57-01.jpg 1200w, https:\/\/cloud.alqueria.es\/wp-content\/uploads\/sites\/9\/2025\/10\/PHOTO-2025-10-28-13-57-01-225x300.jpg 225w, https:\/\/cloud.alqueria.es\/wp-content\/uploads\/sites\/9\/2025\/10\/PHOTO-2025-10-28-13-57-01-768x1024.jpg 768w, https:\/\/cloud.alqueria.es\/wp-content\/uploads\/sites\/9\/2025\/10\/PHOTO-2025-10-28-13-57-01-1152x1536.jpg 1152w\" sizes=\"(max-width: 1200px) 100vw, 1200px\" \/><\/p>\n<p><strong>Pasamos a una sala muy acogedora, donde Montse<span class=\"Apple-converted-space\">\u00a0 <\/span>nos sorprende con un estupendo \u00a0\u00abcuenta-cuentos\u00bb, los t\u00edtulos han sido:<\/strong><\/p>\n<ul>\n<li><strong>El pollo Pepe<\/strong><\/li>\n<li><strong>El pollo pepe<\/strong><\/li>\n<li><strong>Las 10 gallinas<\/strong><\/li>\n<li><strong>Todo el mundo va<\/strong><\/li>\n<li><strong>Que m\u00e1s quisieras<span class=\"Apple-converted-space\">\u00a0<\/span><\/strong><\/li>\n<li><strong>Los chivos chivones<\/strong><\/li>\n<li><strong>La vaca que puso un huevo<\/strong><\/li>\n<li><strong>\u00a1Uh uh!<\/strong><\/li>\n<li><strong>No hagas cosquillas al fantasma<span class=\"Apple-converted-space\">\u00a0<\/span><\/strong><\/li>\n<li><strong>Cada animal tiene su casita.<\/strong><\/li>\n<\/ul>\n<div class=\"tiled-gallery type-rectangular tiled-gallery-unresized\" data-original-width=\"474\" data-carousel-extra='{&quot;blog_id&quot;:9,&quot;permalink&quot;:&quot;https:\\\/\\\/www.alqueria.es\\\/blogs\\\/alqueriaamarillanaranja\\\/2025\\\/10\\\/28\\\/salida-a-la-biblioteca-municipal-san-francisco-javier\\\/&quot;,&quot;likes_blog_id&quot;:64271688}' itemscope itemtype=\"http:\/\/schema.org\/ImageGallery\" > <div class=\"gallery-row\" style=\"width: 474px; height: 167px;\" data-original-width=\"474\" data-original-height=\"167\" > <div class=\"gallery-group images-1\" style=\"width: 126px; height: 167px;\" data-original-width=\"126\" data-original-height=\"167\" > <div class=\"tiled-gallery-item tiled-gallery-item-small\" itemprop=\"associatedMedia\" itemscope itemtype=\"http:\/\/schema.org\/ImageObject\"> <a href=\"https:\/\/www.alqueria.es\/blogs\/alqueriaamarillanaranja\/2025\/10\/28\/salida-a-la-biblioteca-municipal-san-francisco-javier\/photo-2025-10-28-13-54-18-14\/\" border=\"0\" itemprop=\"url\"> <meta itemprop=\"width\" content=\"122\"> <meta itemprop=\"height\" content=\"163\"> <img decoding=\"async\" class=\"\" data-attachment-id=\"78883\" data-orig-file=\"https:\/\/cloud.alqueria.es\/wp-content\/uploads\/sites\/9\/2025\/10\/PHOTO-2025-10-28-13-54-18-14.jpg\" data-orig-size=\"1200,1600\" data-comments-opened=\"1\" data-image-meta=\"{&quot;aperture&quot;:&quot;0&quot;,&quot;credit&quot;:&quot;&quot;,&quot;camera&quot;:&quot;&quot;,&quot;caption&quot;:&quot;&quot;,&quot;created_timestamp&quot;:&quot;0&quot;,&quot;copyright&quot;:&quot;&quot;,&quot;focal_length&quot;:&quot;0&quot;,&quot;iso&quot;:&quot;0&quot;,&quot;shutter_speed&quot;:&quot;0&quot;,&quot;title&quot;:&quot;&quot;,&quot;orientation&quot;:&quot;0&quot;}\" data-image-title=\"PHOTO-2025-10-28-13-54-18 14\" data-image-description=\"\" data-medium-file=\"https:\/\/cloud.alqueria.es\/wp-content\/uploads\/sites\/9\/2025\/10\/PHOTO-2025-10-28-13-54-18-14-225x300.jpg\" data-large-file=\"https:\/\/cloud.alqueria.es\/wp-content\/uploads\/sites\/9\/2025\/10\/PHOTO-2025-10-28-13-54-18-14-768x1024.jpg\" src=\"https:\/\/i0.wp.com\/cloud.alqueria.es\/wp-content\/uploads\/sites\/9\/2025\/10\/PHOTO-2025-10-28-13-54-18-14.jpg?w=122&#038;h=163&#038;ssl=1\" srcset=\"https:\/\/cloud.alqueria.es\/wp-content\/uploads\/sites\/9\/2025\/10\/PHOTO-2025-10-28-13-54-18-14.jpg 1200w, https:\/\/cloud.alqueria.es\/wp-content\/uploads\/sites\/9\/2025\/10\/PHOTO-2025-10-28-13-54-18-14-225x300.jpg 225w, https:\/\/cloud.alqueria.es\/wp-content\/uploads\/sites\/9\/2025\/10\/PHOTO-2025-10-28-13-54-18-14-768x1024.jpg 768w, https:\/\/cloud.alqueria.es\/wp-content\/uploads\/sites\/9\/2025\/10\/PHOTO-2025-10-28-13-54-18-14-1152x1536.jpg 1152w\" width=\"122\" height=\"163\" loading=\"lazy\" data-original-width=\"122\" data-original-height=\"163\" itemprop=\"http:\/\/schema.org\/image\" title=\"PHOTO-2025-10-28-13-54-18 14\" alt=\"PHOTO-2025-10-28-13-54-18 14\" style=\"width: 122px; height: 163px;\" \/> <\/a> <\/div> <\/div> <!-- close group --> <div class=\"gallery-group images-1\" style=\"width: 222px; height: 167px;\" data-original-width=\"222\" data-original-height=\"167\" > <div class=\"tiled-gallery-item tiled-gallery-item-small\" itemprop=\"associatedMedia\" itemscope itemtype=\"http:\/\/schema.org\/ImageObject\"> <a href=\"https:\/\/www.alqueria.es\/blogs\/alqueriaamarillanaranja\/2025\/10\/28\/salida-a-la-biblioteca-municipal-san-francisco-javier\/photo-2025-10-28-13-57-43\/\" border=\"0\" itemprop=\"url\"> <meta itemprop=\"width\" content=\"218\"> <meta itemprop=\"height\" content=\"163\"> <img decoding=\"async\" class=\"\" data-attachment-id=\"78891\" data-orig-file=\"https:\/\/cloud.alqueria.es\/wp-content\/uploads\/sites\/9\/2025\/10\/PHOTO-2025-10-28-13-57-43.jpg\" data-orig-size=\"1600,1200\" data-comments-opened=\"1\" data-image-meta=\"{&quot;aperture&quot;:&quot;0&quot;,&quot;credit&quot;:&quot;&quot;,&quot;camera&quot;:&quot;&quot;,&quot;caption&quot;:&quot;&quot;,&quot;created_timestamp&quot;:&quot;0&quot;,&quot;copyright&quot;:&quot;&quot;,&quot;focal_length&quot;:&quot;0&quot;,&quot;iso&quot;:&quot;0&quot;,&quot;shutter_speed&quot;:&quot;0&quot;,&quot;title&quot;:&quot;&quot;,&quot;orientation&quot;:&quot;0&quot;}\" data-image-title=\"PHOTO-2025-10-28-13-57-43\" data-image-description=\"\" data-medium-file=\"https:\/\/cloud.alqueria.es\/wp-content\/uploads\/sites\/9\/2025\/10\/PHOTO-2025-10-28-13-57-43-300x225.jpg\" data-large-file=\"https:\/\/cloud.alqueria.es\/wp-content\/uploads\/sites\/9\/2025\/10\/PHOTO-2025-10-28-13-57-43-1024x768.jpg\" src=\"https:\/\/i0.wp.com\/cloud.alqueria.es\/wp-content\/uploads\/sites\/9\/2025\/10\/PHOTO-2025-10-28-13-57-43.jpg?w=218&#038;h=163&#038;ssl=1\" srcset=\"https:\/\/cloud.alqueria.es\/wp-content\/uploads\/sites\/9\/2025\/10\/PHOTO-2025-10-28-13-57-43.jpg 1600w, https:\/\/cloud.alqueria.es\/wp-content\/uploads\/sites\/9\/2025\/10\/PHOTO-2025-10-28-13-57-43-300x225.jpg 300w, https:\/\/cloud.alqueria.es\/wp-content\/uploads\/sites\/9\/2025\/10\/PHOTO-2025-10-28-13-57-43-1024x768.jpg 1024w, https:\/\/cloud.alqueria.es\/wp-content\/uploads\/sites\/9\/2025\/10\/PHOTO-2025-10-28-13-57-43-768x576.jpg 768w, https:\/\/cloud.alqueria.es\/wp-content\/uploads\/sites\/9\/2025\/10\/PHOTO-2025-10-28-13-57-43-1536x1152.jpg 1536w\" width=\"218\" height=\"163\" loading=\"lazy\" data-original-width=\"218\" data-original-height=\"163\" itemprop=\"http:\/\/schema.org\/image\" title=\"PHOTO-2025-10-28-13-57-43\" alt=\"PHOTO-2025-10-28-13-57-43\" style=\"width: 218px; height: 163px;\" \/> <\/a> <\/div> <\/div> <!-- close group --> <div class=\"gallery-group images-1\" style=\"width: 126px; height: 167px;\" data-original-width=\"126\" data-original-height=\"167\" > <div class=\"tiled-gallery-item tiled-gallery-item-small\" itemprop=\"associatedMedia\" itemscope itemtype=\"http:\/\/schema.org\/ImageObject\"> <a href=\"https:\/\/www.alqueria.es\/blogs\/alqueriaamarillanaranja\/2025\/10\/28\/salida-a-la-biblioteca-municipal-san-francisco-javier\/photo-2025-10-28-13-54-18-12\/\" border=\"0\" itemprop=\"url\"> <meta itemprop=\"width\" content=\"122\"> <meta itemprop=\"height\" content=\"163\"> <img decoding=\"async\" class=\"\" data-attachment-id=\"78885\" data-orig-file=\"https:\/\/cloud.alqueria.es\/wp-content\/uploads\/sites\/9\/2025\/10\/PHOTO-2025-10-28-13-54-18-12.jpg\" data-orig-size=\"1200,1600\" data-comments-opened=\"1\" data-image-meta=\"{&quot;aperture&quot;:&quot;0&quot;,&quot;credit&quot;:&quot;&quot;,&quot;camera&quot;:&quot;&quot;,&quot;caption&quot;:&quot;&quot;,&quot;created_timestamp&quot;:&quot;0&quot;,&quot;copyright&quot;:&quot;&quot;,&quot;focal_length&quot;:&quot;0&quot;,&quot;iso&quot;:&quot;0&quot;,&quot;shutter_speed&quot;:&quot;0&quot;,&quot;title&quot;:&quot;&quot;,&quot;orientation&quot;:&quot;0&quot;}\" data-image-title=\"PHOTO-2025-10-28-13-54-18 12\" data-image-description=\"\" data-medium-file=\"https:\/\/cloud.alqueria.es\/wp-content\/uploads\/sites\/9\/2025\/10\/PHOTO-2025-10-28-13-54-18-12-225x300.jpg\" data-large-file=\"https:\/\/cloud.alqueria.es\/wp-content\/uploads\/sites\/9\/2025\/10\/PHOTO-2025-10-28-13-54-18-12-768x1024.jpg\" src=\"https:\/\/i0.wp.com\/cloud.alqueria.es\/wp-content\/uploads\/sites\/9\/2025\/10\/PHOTO-2025-10-28-13-54-18-12.jpg?w=122&#038;h=163&#038;ssl=1\" srcset=\"https:\/\/cloud.alqueria.es\/wp-content\/uploads\/sites\/9\/2025\/10\/PHOTO-2025-10-28-13-54-18-12.jpg 1200w, https:\/\/cloud.alqueria.es\/wp-content\/uploads\/sites\/9\/2025\/10\/PHOTO-2025-10-28-13-54-18-12-225x300.jpg 225w, https:\/\/cloud.alqueria.es\/wp-content\/uploads\/sites\/9\/2025\/10\/PHOTO-2025-10-28-13-54-18-12-768x1024.jpg 768w, https:\/\/cloud.alqueria.es\/wp-content\/uploads\/sites\/9\/2025\/10\/PHOTO-2025-10-28-13-54-18-12-1152x1536.jpg 1152w\" width=\"122\" height=\"163\" loading=\"lazy\" data-original-width=\"122\" data-original-height=\"163\" itemprop=\"http:\/\/schema.org\/image\" title=\"PHOTO-2025-10-28-13-54-18 12\" alt=\"PHOTO-2025-10-28-13-54-18 12\" style=\"width: 122px; height: 163px;\" \/> <\/a> <\/div> <\/div> <!-- close group --> <\/div> <!-- close row --> <div class=\"gallery-row\" style=\"width: 474px; height: 238px;\" data-original-width=\"474\" data-original-height=\"238\" > <div class=\"gallery-group images-1\" style=\"width: 316px; height: 238px;\" data-original-width=\"316\" data-original-height=\"238\" > <div class=\"tiled-gallery-item tiled-gallery-item-large\" itemprop=\"associatedMedia\" itemscope itemtype=\"http:\/\/schema.org\/ImageObject\"> <a href=\"https:\/\/www.alqueria.es\/blogs\/alqueriaamarillanaranja\/2025\/10\/28\/salida-a-la-biblioteca-municipal-san-francisco-javier\/photo-2025-10-28-13-58-37\/\" border=\"0\" itemprop=\"url\"> <meta itemprop=\"width\" content=\"312\"> <meta itemprop=\"height\" content=\"234\"> <img decoding=\"async\" class=\"\" data-attachment-id=\"78890\" data-orig-file=\"https:\/\/cloud.alqueria.es\/wp-content\/uploads\/sites\/9\/2025\/10\/PHOTO-2025-10-28-13-58-37.jpg\" data-orig-size=\"1600,1200\" data-comments-opened=\"1\" data-image-meta=\"{&quot;aperture&quot;:&quot;0&quot;,&quot;credit&quot;:&quot;&quot;,&quot;camera&quot;:&quot;&quot;,&quot;caption&quot;:&quot;&quot;,&quot;created_timestamp&quot;:&quot;0&quot;,&quot;copyright&quot;:&quot;&quot;,&quot;focal_length&quot;:&quot;0&quot;,&quot;iso&quot;:&quot;0&quot;,&quot;shutter_speed&quot;:&quot;0&quot;,&quot;title&quot;:&quot;&quot;,&quot;orientation&quot;:&quot;0&quot;}\" data-image-title=\"PHOTO-2025-10-28-13-58-37\" data-image-description=\"\" data-medium-file=\"https:\/\/cloud.alqueria.es\/wp-content\/uploads\/sites\/9\/2025\/10\/PHOTO-2025-10-28-13-58-37-300x225.jpg\" data-large-file=\"https:\/\/cloud.alqueria.es\/wp-content\/uploads\/sites\/9\/2025\/10\/PHOTO-2025-10-28-13-58-37-1024x768.jpg\" src=\"https:\/\/i0.wp.com\/cloud.alqueria.es\/wp-content\/uploads\/sites\/9\/2025\/10\/PHOTO-2025-10-28-13-58-37.jpg?w=312&#038;h=234&#038;ssl=1\" srcset=\"https:\/\/cloud.alqueria.es\/wp-content\/uploads\/sites\/9\/2025\/10\/PHOTO-2025-10-28-13-58-37.jpg 1600w, https:\/\/cloud.alqueria.es\/wp-content\/uploads\/sites\/9\/2025\/10\/PHOTO-2025-10-28-13-58-37-300x225.jpg 300w, https:\/\/cloud.alqueria.es\/wp-content\/uploads\/sites\/9\/2025\/10\/PHOTO-2025-10-28-13-58-37-1024x768.jpg 1024w, https:\/\/cloud.alqueria.es\/wp-content\/uploads\/sites\/9\/2025\/10\/PHOTO-2025-10-28-13-58-37-768x576.jpg 768w, https:\/\/cloud.alqueria.es\/wp-content\/uploads\/sites\/9\/2025\/10\/PHOTO-2025-10-28-13-58-37-1536x1152.jpg 1536w\" width=\"312\" height=\"234\" loading=\"lazy\" data-original-width=\"312\" data-original-height=\"234\" itemprop=\"http:\/\/schema.org\/image\" title=\"PHOTO-2025-10-28-13-58-37\" alt=\"PHOTO-2025-10-28-13-58-37\" style=\"width: 312px; height: 234px;\" \/> <\/a> <\/div> <\/div> <!-- close group --> <div class=\"gallery-group images-2\" style=\"width: 158px; height: 238px;\" data-original-width=\"158\" data-original-height=\"238\" > <div class=\"tiled-gallery-item tiled-gallery-item-small\" itemprop=\"associatedMedia\" itemscope itemtype=\"http:\/\/schema.org\/ImageObject\"> <a href=\"https:\/\/www.alqueria.es\/blogs\/alqueriaamarillanaranja\/2025\/10\/28\/salida-a-la-biblioteca-municipal-san-francisco-javier\/photo-2025-10-28-13-54-18-13\/\" border=\"0\" itemprop=\"url\"> <meta itemprop=\"width\" content=\"154\"> <meta itemprop=\"height\" content=\"115\"> <img decoding=\"async\" class=\"\" data-attachment-id=\"78884\" data-orig-file=\"https:\/\/cloud.alqueria.es\/wp-content\/uploads\/sites\/9\/2025\/10\/PHOTO-2025-10-28-13-54-18-13.jpg\" data-orig-size=\"1600,1200\" data-comments-opened=\"1\" data-image-meta=\"{&quot;aperture&quot;:&quot;0&quot;,&quot;credit&quot;:&quot;&quot;,&quot;camera&quot;:&quot;&quot;,&quot;caption&quot;:&quot;&quot;,&quot;created_timestamp&quot;:&quot;0&quot;,&quot;copyright&quot;:&quot;&quot;,&quot;focal_length&quot;:&quot;0&quot;,&quot;iso&quot;:&quot;0&quot;,&quot;shutter_speed&quot;:&quot;0&quot;,&quot;title&quot;:&quot;&quot;,&quot;orientation&quot;:&quot;0&quot;}\" data-image-title=\"PHOTO-2025-10-28-13-54-18 13\" data-image-description=\"\" data-medium-file=\"https:\/\/cloud.alqueria.es\/wp-content\/uploads\/sites\/9\/2025\/10\/PHOTO-2025-10-28-13-54-18-13-300x225.jpg\" data-large-file=\"https:\/\/cloud.alqueria.es\/wp-content\/uploads\/sites\/9\/2025\/10\/PHOTO-2025-10-28-13-54-18-13-1024x768.jpg\" src=\"https:\/\/i0.wp.com\/cloud.alqueria.es\/wp-content\/uploads\/sites\/9\/2025\/10\/PHOTO-2025-10-28-13-54-18-13.jpg?w=154&#038;h=115&#038;ssl=1\" srcset=\"https:\/\/cloud.alqueria.es\/wp-content\/uploads\/sites\/9\/2025\/10\/PHOTO-2025-10-28-13-54-18-13.jpg 1600w, https:\/\/cloud.alqueria.es\/wp-content\/uploads\/sites\/9\/2025\/10\/PHOTO-2025-10-28-13-54-18-13-300x225.jpg 300w, https:\/\/cloud.alqueria.es\/wp-content\/uploads\/sites\/9\/2025\/10\/PHOTO-2025-10-28-13-54-18-13-1024x768.jpg 1024w, https:\/\/cloud.alqueria.es\/wp-content\/uploads\/sites\/9\/2025\/10\/PHOTO-2025-10-28-13-54-18-13-768x576.jpg 768w, https:\/\/cloud.alqueria.es\/wp-content\/uploads\/sites\/9\/2025\/10\/PHOTO-2025-10-28-13-54-18-13-1536x1152.jpg 1536w\" width=\"154\" height=\"115\" loading=\"lazy\" data-original-width=\"154\" data-original-height=\"115\" itemprop=\"http:\/\/schema.org\/image\" title=\"PHOTO-2025-10-28-13-54-18 13\" alt=\"PHOTO-2025-10-28-13-54-18 13\" style=\"width: 154px; height: 115px;\" \/> <\/a> <\/div> <div class=\"tiled-gallery-item tiled-gallery-item-small\" itemprop=\"associatedMedia\" itemscope itemtype=\"http:\/\/schema.org\/ImageObject\"> <a href=\"https:\/\/www.alqueria.es\/blogs\/alqueriaamarillanaranja\/2025\/10\/28\/salida-a-la-biblioteca-municipal-san-francisco-javier\/photo-2025-10-28-13-59-23\/\" border=\"0\" itemprop=\"url\"> <meta itemprop=\"width\" content=\"154\"> <meta itemprop=\"height\" content=\"115\"> <img decoding=\"async\" class=\"\" data-attachment-id=\"78889\" data-orig-file=\"https:\/\/cloud.alqueria.es\/wp-content\/uploads\/sites\/9\/2025\/10\/PHOTO-2025-10-28-13-59-23.jpg\" data-orig-size=\"1600,1200\" data-comments-opened=\"1\" data-image-meta=\"{&quot;aperture&quot;:&quot;0&quot;,&quot;credit&quot;:&quot;&quot;,&quot;camera&quot;:&quot;&quot;,&quot;caption&quot;:&quot;&quot;,&quot;created_timestamp&quot;:&quot;0&quot;,&quot;copyright&quot;:&quot;&quot;,&quot;focal_length&quot;:&quot;0&quot;,&quot;iso&quot;:&quot;0&quot;,&quot;shutter_speed&quot;:&quot;0&quot;,&quot;title&quot;:&quot;&quot;,&quot;orientation&quot;:&quot;0&quot;}\" data-image-title=\"PHOTO-2025-10-28-13-59-23\" data-image-description=\"\" data-medium-file=\"https:\/\/cloud.alqueria.es\/wp-content\/uploads\/sites\/9\/2025\/10\/PHOTO-2025-10-28-13-59-23-300x225.jpg\" data-large-file=\"https:\/\/cloud.alqueria.es\/wp-content\/uploads\/sites\/9\/2025\/10\/PHOTO-2025-10-28-13-59-23-1024x768.jpg\" src=\"https:\/\/i0.wp.com\/cloud.alqueria.es\/wp-content\/uploads\/sites\/9\/2025\/10\/PHOTO-2025-10-28-13-59-23.jpg?w=154&#038;h=115&#038;ssl=1\" srcset=\"https:\/\/cloud.alqueria.es\/wp-content\/uploads\/sites\/9\/2025\/10\/PHOTO-2025-10-28-13-59-23.jpg 1600w, https:\/\/cloud.alqueria.es\/wp-content\/uploads\/sites\/9\/2025\/10\/PHOTO-2025-10-28-13-59-23-300x225.jpg 300w, https:\/\/cloud.alqueria.es\/wp-content\/uploads\/sites\/9\/2025\/10\/PHOTO-2025-10-28-13-59-23-1024x768.jpg 1024w, https:\/\/cloud.alqueria.es\/wp-content\/uploads\/sites\/9\/2025\/10\/PHOTO-2025-10-28-13-59-23-768x576.jpg 768w, https:\/\/cloud.alqueria.es\/wp-content\/uploads\/sites\/9\/2025\/10\/PHOTO-2025-10-28-13-59-23-1536x1152.jpg 1536w\" width=\"154\" height=\"115\" loading=\"lazy\" data-original-width=\"154\" data-original-height=\"115\" itemprop=\"http:\/\/schema.org\/image\" title=\"PHOTO-2025-10-28-13-59-23\" alt=\"PHOTO-2025-10-28-13-59-23\" style=\"width: 154px; height: 115px;\" \/> <\/a> <\/div> <\/div> <!-- close group --> <\/div> <!-- close row --> <div class=\"gallery-row\" style=\"width: 474px; height: 179px;\" data-original-width=\"474\" data-original-height=\"179\" > <div class=\"gallery-group images-1\" style=\"width: 237px; height: 179px;\" data-original-width=\"237\" data-original-height=\"179\" > <div class=\"tiled-gallery-item tiled-gallery-item-small\" itemprop=\"associatedMedia\" itemscope itemtype=\"http:\/\/schema.org\/ImageObject\"> <a href=\"https:\/\/www.alqueria.es\/blogs\/alqueriaamarillanaranja\/2025\/10\/28\/salida-a-la-biblioteca-municipal-san-francisco-javier\/photo-2025-10-28-13-54-18-11\/\" border=\"0\" itemprop=\"url\"> <meta itemprop=\"width\" content=\"233\"> <meta itemprop=\"height\" content=\"175\"> <img decoding=\"async\" class=\"\" data-attachment-id=\"78886\" data-orig-file=\"https:\/\/cloud.alqueria.es\/wp-content\/uploads\/sites\/9\/2025\/10\/PHOTO-2025-10-28-13-54-18-11.jpg\" data-orig-size=\"1600,1200\" data-comments-opened=\"1\" data-image-meta=\"{&quot;aperture&quot;:&quot;0&quot;,&quot;credit&quot;:&quot;&quot;,&quot;camera&quot;:&quot;&quot;,&quot;caption&quot;:&quot;&quot;,&quot;created_timestamp&quot;:&quot;0&quot;,&quot;copyright&quot;:&quot;&quot;,&quot;focal_length&quot;:&quot;0&quot;,&quot;iso&quot;:&quot;0&quot;,&quot;shutter_speed&quot;:&quot;0&quot;,&quot;title&quot;:&quot;&quot;,&quot;orientation&quot;:&quot;0&quot;}\" data-image-title=\"PHOTO-2025-10-28-13-54-18 11\" data-image-description=\"\" data-medium-file=\"https:\/\/cloud.alqueria.es\/wp-content\/uploads\/sites\/9\/2025\/10\/PHOTO-2025-10-28-13-54-18-11-300x225.jpg\" data-large-file=\"https:\/\/cloud.alqueria.es\/wp-content\/uploads\/sites\/9\/2025\/10\/PHOTO-2025-10-28-13-54-18-11-1024x768.jpg\" src=\"https:\/\/i0.wp.com\/cloud.alqueria.es\/wp-content\/uploads\/sites\/9\/2025\/10\/PHOTO-2025-10-28-13-54-18-11.jpg?w=233&#038;h=175&#038;ssl=1\" srcset=\"https:\/\/cloud.alqueria.es\/wp-content\/uploads\/sites\/9\/2025\/10\/PHOTO-2025-10-28-13-54-18-11.jpg 1600w, https:\/\/cloud.alqueria.es\/wp-content\/uploads\/sites\/9\/2025\/10\/PHOTO-2025-10-28-13-54-18-11-300x225.jpg 300w, https:\/\/cloud.alqueria.es\/wp-content\/uploads\/sites\/9\/2025\/10\/PHOTO-2025-10-28-13-54-18-11-1024x768.jpg 1024w, https:\/\/cloud.alqueria.es\/wp-content\/uploads\/sites\/9\/2025\/10\/PHOTO-2025-10-28-13-54-18-11-768x576.jpg 768w, https:\/\/cloud.alqueria.es\/wp-content\/uploads\/sites\/9\/2025\/10\/PHOTO-2025-10-28-13-54-18-11-1536x1152.jpg 1536w\" width=\"233\" height=\"175\" loading=\"lazy\" data-original-width=\"233\" data-original-height=\"175\" itemprop=\"http:\/\/schema.org\/image\" title=\"PHOTO-2025-10-28-13-54-18 11\" alt=\"PHOTO-2025-10-28-13-54-18 11\" style=\"width: 233px; height: 175px;\" \/> <\/a> <\/div> <\/div> <!-- close group --> <div class=\"gallery-group images-1\" style=\"width: 237px; height: 179px;\" data-original-width=\"237\" data-original-height=\"179\" > <div class=\"tiled-gallery-item tiled-gallery-item-small\" itemprop=\"associatedMedia\" itemscope itemtype=\"http:\/\/schema.org\/ImageObject\"> <a href=\"https:\/\/www.alqueria.es\/blogs\/alqueriaamarillanaranja\/2025\/10\/28\/salida-a-la-biblioteca-municipal-san-francisco-javier\/photo-2025-10-28-13-59-50\/\" border=\"0\" itemprop=\"url\"> <meta itemprop=\"width\" content=\"233\"> <meta itemprop=\"height\" content=\"175\"> <img decoding=\"async\" class=\"\" data-attachment-id=\"78888\" data-orig-file=\"https:\/\/cloud.alqueria.es\/wp-content\/uploads\/sites\/9\/2025\/10\/PHOTO-2025-10-28-13-59-50.jpg\" data-orig-size=\"1600,1200\" data-comments-opened=\"1\" data-image-meta=\"{&quot;aperture&quot;:&quot;0&quot;,&quot;credit&quot;:&quot;&quot;,&quot;camera&quot;:&quot;&quot;,&quot;caption&quot;:&quot;&quot;,&quot;created_timestamp&quot;:&quot;0&quot;,&quot;copyright&quot;:&quot;&quot;,&quot;focal_length&quot;:&quot;0&quot;,&quot;iso&quot;:&quot;0&quot;,&quot;shutter_speed&quot;:&quot;0&quot;,&quot;title&quot;:&quot;&quot;,&quot;orientation&quot;:&quot;0&quot;}\" data-image-title=\"PHOTO-2025-10-28-13-59-50\" data-image-description=\"\" data-medium-file=\"https:\/\/cloud.alqueria.es\/wp-content\/uploads\/sites\/9\/2025\/10\/PHOTO-2025-10-28-13-59-50-300x225.jpg\" data-large-file=\"https:\/\/cloud.alqueria.es\/wp-content\/uploads\/sites\/9\/2025\/10\/PHOTO-2025-10-28-13-59-50-1024x768.jpg\" src=\"https:\/\/i0.wp.com\/cloud.alqueria.es\/wp-content\/uploads\/sites\/9\/2025\/10\/PHOTO-2025-10-28-13-59-50.jpg?w=233&#038;h=175&#038;ssl=1\" srcset=\"https:\/\/cloud.alqueria.es\/wp-content\/uploads\/sites\/9\/2025\/10\/PHOTO-2025-10-28-13-59-50.jpg 1600w, https:\/\/cloud.alqueria.es\/wp-content\/uploads\/sites\/9\/2025\/10\/PHOTO-2025-10-28-13-59-50-300x225.jpg 300w, https:\/\/cloud.alqueria.es\/wp-content\/uploads\/sites\/9\/2025\/10\/PHOTO-2025-10-28-13-59-50-1024x768.jpg 1024w, https:\/\/cloud.alqueria.es\/wp-content\/uploads\/sites\/9\/2025\/10\/PHOTO-2025-10-28-13-59-50-768x576.jpg 768w, https:\/\/cloud.alqueria.es\/wp-content\/uploads\/sites\/9\/2025\/10\/PHOTO-2025-10-28-13-59-50-1536x1152.jpg 1536w\" width=\"233\" height=\"175\" loading=\"lazy\" data-original-width=\"233\" data-original-height=\"175\" itemprop=\"http:\/\/schema.org\/image\" title=\"PHOTO-2025-10-28-13-59-50\" alt=\"PHOTO-2025-10-28-13-59-50\" style=\"width: 233px; height: 175px;\" \/> <\/a> <\/div> <\/div> <!-- close group --> <\/div> <!-- close row --> <\/div>\n<p><strong>Nosotros le hemos recitado nuestra poes\u00eda del Oto\u00f1o.<\/strong><\/p>\n<p><img decoding=\"async\" data-attachment-id=\"78618\" data-permalink=\"https:\/\/www.alqueria.es\/blogs\/alqueriaamarillanaranja\/2025\/10\/01\/vamos-cogiendo-el-ritmo-en-la-clase-naranja\/photo-2025-10-01-20-39-30-10\/\" data-orig-file=\"https:\/\/cloud.alqueria.es\/wp-content\/uploads\/sites\/9\/2025\/10\/PHOTO-2025-10-01-20-39-30-10.jpg\" data-orig-size=\"1112,1600\" data-comments-opened=\"1\" data-image-meta=\"{&quot;aperture&quot;:&quot;0&quot;,&quot;credit&quot;:&quot;&quot;,&quot;camera&quot;:&quot;&quot;,&quot;caption&quot;:&quot;&quot;,&quot;created_timestamp&quot;:&quot;0&quot;,&quot;copyright&quot;:&quot;&quot;,&quot;focal_length&quot;:&quot;0&quot;,&quot;iso&quot;:&quot;0&quot;,&quot;shutter_speed&quot;:&quot;0&quot;,&quot;title&quot;:&quot;&quot;,&quot;orientation&quot;:&quot;0&quot;}\" data-image-title=\"PHOTO-2025-10-01-20-39-30 10\" data-image-description=\"\" data-image-caption=\"\" data-large-file=\"https:\/\/cloud.alqueria.es\/wp-content\/uploads\/sites\/9\/2025\/10\/PHOTO-2025-10-01-20-39-30-10-712x1024.jpg\" class=\"aligncenter wp-image-78618 size-medium\" src=\"https:\/\/cloud.alqueria.es\/wp-content\/uploads\/sites\/9\/2025\/10\/PHOTO-2025-10-01-20-39-30-10-209x300.jpg\" alt=\"\" width=\"209\" height=\"300\" srcset=\"https:\/\/cloud.alqueria.es\/wp-content\/uploads\/sites\/9\/2025\/10\/PHOTO-2025-10-01-20-39-30-10-209x300.jpg 209w, https:\/\/cloud.alqueria.es\/wp-content\/uploads\/sites\/9\/2025\/10\/PHOTO-2025-10-01-20-39-30-10-712x1024.jpg 712w, https:\/\/cloud.alqueria.es\/wp-content\/uploads\/sites\/9\/2025\/10\/PHOTO-2025-10-01-20-39-30-10-768x1105.jpg 768w, https:\/\/cloud.alqueria.es\/wp-content\/uploads\/sites\/9\/2025\/10\/PHOTO-2025-10-01-20-39-30-10-1068x1536.jpg 1068w, https:\/\/cloud.alqueria.es\/wp-content\/uploads\/sites\/9\/2025\/10\/PHOTO-2025-10-01-20-39-30-10.jpg 1112w\" sizes=\"(max-width: 209px) 100vw, 209px\" \/><\/p>\n<p><strong>Despu\u00e9s\u00a0pasamos a la sala de la biblioteca donde Montse nos indica d\u00f3nde est\u00e1n ubicados los libros adecuados para nuestra edad. Hemos disfrutado de un ratito de lectura cogiendo aquellos cuentos que nos llaman m\u00e1s la atenci\u00f3n. Por \u00faltimo, les narro el cuento: \u00abEl m\u00e1s listo\u00bb.<\/strong><\/p>\n<p><img decoding=\"async\" data-attachment-id=\"78901\" data-permalink=\"https:\/\/www.alqueria.es\/blogs\/alqueriaamarillanaranja\/2025\/10\/28\/salida-a-la-biblioteca-municipal-san-francisco-javier\/photo-2025-10-28-13-54-18-16\/\" data-orig-file=\"https:\/\/cloud.alqueria.es\/wp-content\/uploads\/sites\/9\/2025\/10\/PHOTO-2025-10-28-13-54-18-16.jpg\" data-orig-size=\"1600,1200\" data-comments-opened=\"1\" data-image-meta=\"{&quot;aperture&quot;:&quot;0&quot;,&quot;credit&quot;:&quot;&quot;,&quot;camera&quot;:&quot;&quot;,&quot;caption&quot;:&quot;&quot;,&quot;created_timestamp&quot;:&quot;0&quot;,&quot;copyright&quot;:&quot;&quot;,&quot;focal_length&quot;:&quot;0&quot;,&quot;iso&quot;:&quot;0&quot;,&quot;shutter_speed&quot;:&quot;0&quot;,&quot;title&quot;:&quot;&quot;,&quot;orientation&quot;:&quot;0&quot;}\" data-image-title=\"PHOTO-2025-10-28-13-54-18 16\" data-image-description=\"\" data-image-caption=\"\" data-large-file=\"https:\/\/cloud.alqueria.es\/wp-content\/uploads\/sites\/9\/2025\/10\/PHOTO-2025-10-28-13-54-18-16-1024x768.jpg\" class=\"aligncenter size-full wp-image-78901\" src=\"https:\/\/cloud.alqueria.es\/wp-content\/uploads\/sites\/9\/2025\/10\/PHOTO-2025-10-28-13-54-18-16.jpg\" alt=\"\" width=\"1600\" height=\"1200\" srcset=\"https:\/\/cloud.alqueria.es\/wp-content\/uploads\/sites\/9\/2025\/10\/PHOTO-2025-10-28-13-54-18-16.jpg 1600w, https:\/\/cloud.alqueria.es\/wp-content\/uploads\/sites\/9\/2025\/10\/PHOTO-2025-10-28-13-54-18-16-300x225.jpg 300w, https:\/\/cloud.alqueria.es\/wp-content\/uploads\/sites\/9\/2025\/10\/PHOTO-2025-10-28-13-54-18-16-1024x768.jpg 1024w, https:\/\/cloud.alqueria.es\/wp-content\/uploads\/sites\/9\/2025\/10\/PHOTO-2025-10-28-13-54-18-16-768x576.jpg 768w, https:\/\/cloud.alqueria.es\/wp-content\/uploads\/sites\/9\/2025\/10\/PHOTO-2025-10-28-13-54-18-16-1536x1152.jpg 1536w\" sizes=\"(max-width: 1600px) 100vw, 1600px\" \/><\/p>\n<div class=\"tiled-gallery type-square tiled-gallery-unresized\" data-original-width=\"474\" data-carousel-extra='{&quot;blog_id&quot;:9,&quot;permalink&quot;:&quot;https:\\\/\\\/www.alqueria.es\\\/blogs\\\/alqueriaamarillanaranja\\\/2025\\\/10\\\/28\\\/salida-a-la-biblioteca-municipal-san-francisco-javier\\\/&quot;,&quot;likes_blog_id&quot;:64271688}' itemscope itemtype=\"http:\/\/schema.org\/ImageGallery\" > <div class=\"gallery-row\" style=\"width: 474px; height: 158px;\" data-original-width=\"474\" data-original-height=\"158\" > <div class=\"gallery-group\" style=\"width: 158px; height: 158px;\" data-original-width=\"158\" data-original-height=\"158\" > <div class=\"tiled-gallery-item \" itemprop=\"associatedMedia\" itemscope itemtype=\"http:\/\/schema.org\/ImageObject\"> <a href=\"https:\/\/www.alqueria.es\/blogs\/alqueriaamarillanaranja\/2025\/10\/28\/salida-a-la-biblioteca-municipal-san-francisco-javier\/photo-2025-10-28-13-54-18-17\/\" border=\"0\" itemprop=\"url\"> <meta itemprop=\"width\" content=\"154\"> <meta itemprop=\"height\" content=\"154\"> <img decoding=\"async\" class=\"\" data-attachment-id=\"78900\" data-orig-file=\"https:\/\/cloud.alqueria.es\/wp-content\/uploads\/sites\/9\/2025\/10\/PHOTO-2025-10-28-13-54-18-17.jpg\" data-orig-size=\"1200,1600\" data-comments-opened=\"1\" data-image-meta=\"{&quot;aperture&quot;:&quot;0&quot;,&quot;credit&quot;:&quot;&quot;,&quot;camera&quot;:&quot;&quot;,&quot;caption&quot;:&quot;&quot;,&quot;created_timestamp&quot;:&quot;0&quot;,&quot;copyright&quot;:&quot;&quot;,&quot;focal_length&quot;:&quot;0&quot;,&quot;iso&quot;:&quot;0&quot;,&quot;shutter_speed&quot;:&quot;0&quot;,&quot;title&quot;:&quot;&quot;,&quot;orientation&quot;:&quot;0&quot;}\" data-image-title=\"PHOTO-2025-10-28-13-54-18 17\" data-image-description=\"\" data-medium-file=\"https:\/\/cloud.alqueria.es\/wp-content\/uploads\/sites\/9\/2025\/10\/PHOTO-2025-10-28-13-54-18-17-225x300.jpg\" data-large-file=\"https:\/\/cloud.alqueria.es\/wp-content\/uploads\/sites\/9\/2025\/10\/PHOTO-2025-10-28-13-54-18-17-768x1024.jpg\" src=\"https:\/\/i0.wp.com\/cloud.alqueria.es\/wp-content\/uploads\/sites\/9\/2025\/10\/PHOTO-2025-10-28-13-54-18-17.jpg?w=154&#038;h=154&#038;crop=1&#038;ssl=1\" width=\"154\" height=\"154\" loading=\"lazy\" data-original-width=\"154\" data-original-height=\"154\" itemprop=\"http:\/\/schema.org\/image\" title=\"PHOTO-2025-10-28-13-54-18 17\" alt=\"PHOTO-2025-10-28-13-54-18 17\" style=\"width: 154px; height: 154px;\" \/> <\/a> <\/div> <\/div> <div class=\"gallery-group\" style=\"width: 158px; height: 158px;\" data-original-width=\"158\" data-original-height=\"158\" > <div class=\"tiled-gallery-item \" itemprop=\"associatedMedia\" itemscope itemtype=\"http:\/\/schema.org\/ImageObject\"> <a href=\"https:\/\/www.alqueria.es\/blogs\/alqueriaamarillanaranja\/2025\/10\/28\/salida-a-la-biblioteca-municipal-san-francisco-javier\/photo-2025-10-28-13-54-18-18\/\" border=\"0\" itemprop=\"url\"> <meta itemprop=\"width\" content=\"154\"> <meta itemprop=\"height\" content=\"154\"> <img decoding=\"async\" class=\"\" data-attachment-id=\"78899\" data-orig-file=\"https:\/\/cloud.alqueria.es\/wp-content\/uploads\/sites\/9\/2025\/10\/PHOTO-2025-10-28-13-54-18-18.jpg\" data-orig-size=\"1200,1600\" data-comments-opened=\"1\" data-image-meta=\"{&quot;aperture&quot;:&quot;0&quot;,&quot;credit&quot;:&quot;&quot;,&quot;camera&quot;:&quot;&quot;,&quot;caption&quot;:&quot;&quot;,&quot;created_timestamp&quot;:&quot;0&quot;,&quot;copyright&quot;:&quot;&quot;,&quot;focal_length&quot;:&quot;0&quot;,&quot;iso&quot;:&quot;0&quot;,&quot;shutter_speed&quot;:&quot;0&quot;,&quot;title&quot;:&quot;&quot;,&quot;orientation&quot;:&quot;0&quot;}\" data-image-title=\"PHOTO-2025-10-28-13-54-18 18\" data-image-description=\"\" data-medium-file=\"https:\/\/cloud.alqueria.es\/wp-content\/uploads\/sites\/9\/2025\/10\/PHOTO-2025-10-28-13-54-18-18-225x300.jpg\" data-large-file=\"https:\/\/cloud.alqueria.es\/wp-content\/uploads\/sites\/9\/2025\/10\/PHOTO-2025-10-28-13-54-18-18-768x1024.jpg\" src=\"https:\/\/i0.wp.com\/cloud.alqueria.es\/wp-content\/uploads\/sites\/9\/2025\/10\/PHOTO-2025-10-28-13-54-18-18.jpg?w=154&#038;h=154&#038;crop=1&#038;ssl=1\" width=\"154\" height=\"154\" loading=\"lazy\" data-original-width=\"154\" data-original-height=\"154\" itemprop=\"http:\/\/schema.org\/image\" title=\"PHOTO-2025-10-28-13-54-18 18\" alt=\"PHOTO-2025-10-28-13-54-18 18\" style=\"width: 154px; height: 154px;\" \/> <\/a> <\/div> <\/div> <div class=\"gallery-group\" style=\"width: 158px; height: 158px;\" data-original-width=\"158\" data-original-height=\"158\" > <div class=\"tiled-gallery-item \" itemprop=\"associatedMedia\" itemscope itemtype=\"http:\/\/schema.org\/ImageObject\"> <a href=\"https:\/\/www.alqueria.es\/blogs\/alqueriaamarillanaranja\/2025\/10\/28\/salida-a-la-biblioteca-municipal-san-francisco-javier\/photo-2025-10-28-13-54-18-20\/\" border=\"0\" itemprop=\"url\"> <meta itemprop=\"width\" content=\"154\"> <meta itemprop=\"height\" content=\"154\"> <img decoding=\"async\" class=\"\" data-attachment-id=\"78897\" data-orig-file=\"https:\/\/cloud.alqueria.es\/wp-content\/uploads\/sites\/9\/2025\/10\/PHOTO-2025-10-28-13-54-18-20.jpg\" data-orig-size=\"1200,1600\" data-comments-opened=\"1\" data-image-meta=\"{&quot;aperture&quot;:&quot;0&quot;,&quot;credit&quot;:&quot;&quot;,&quot;camera&quot;:&quot;&quot;,&quot;caption&quot;:&quot;&quot;,&quot;created_timestamp&quot;:&quot;0&quot;,&quot;copyright&quot;:&quot;&quot;,&quot;focal_length&quot;:&quot;0&quot;,&quot;iso&quot;:&quot;0&quot;,&quot;shutter_speed&quot;:&quot;0&quot;,&quot;title&quot;:&quot;&quot;,&quot;orientation&quot;:&quot;0&quot;}\" data-image-title=\"PHOTO-2025-10-28-13-54-18 20\" data-image-description=\"\" data-medium-file=\"https:\/\/cloud.alqueria.es\/wp-content\/uploads\/sites\/9\/2025\/10\/PHOTO-2025-10-28-13-54-18-20-225x300.jpg\" data-large-file=\"https:\/\/cloud.alqueria.es\/wp-content\/uploads\/sites\/9\/2025\/10\/PHOTO-2025-10-28-13-54-18-20-768x1024.jpg\" src=\"https:\/\/i0.wp.com\/cloud.alqueria.es\/wp-content\/uploads\/sites\/9\/2025\/10\/PHOTO-2025-10-28-13-54-18-20.jpg?w=154&#038;h=154&#038;crop=1&#038;ssl=1\" width=\"154\" height=\"154\" loading=\"lazy\" data-original-width=\"154\" data-original-height=\"154\" itemprop=\"http:\/\/schema.org\/image\" title=\"PHOTO-2025-10-28-13-54-18 20\" alt=\"PHOTO-2025-10-28-13-54-18 20\" style=\"width: 154px; height: 154px;\" \/> <\/a> <\/div> <\/div> <\/div> <\/div>\n<p><b>He de decir, que mis chicos y chicas son unos mayores. \u00a1Oz\u00fa que bien, por estos naranjitas! Se han portado requetebi\u00e9n. Ya os he dicho en muchas ocasiones que les fascinan los cuentos.<\/b><\/p>\n<p><img decoding=\"async\" data-attachment-id=\"78887\" data-permalink=\"https:\/\/www.alqueria.es\/blogs\/alqueriaamarillanaranja\/2025\/10\/28\/salida-a-la-biblioteca-municipal-san-francisco-javier\/photo-2025-10-28-14-00-37\/\" data-orig-file=\"https:\/\/cloud.alqueria.es\/wp-content\/uploads\/sites\/9\/2025\/10\/PHOTO-2025-10-28-14-00-37.jpg\" data-orig-size=\"1600,1200\" data-comments-opened=\"1\" data-image-meta=\"{&quot;aperture&quot;:&quot;0&quot;,&quot;credit&quot;:&quot;&quot;,&quot;camera&quot;:&quot;&quot;,&quot;caption&quot;:&quot;&quot;,&quot;created_timestamp&quot;:&quot;0&quot;,&quot;copyright&quot;:&quot;&quot;,&quot;focal_length&quot;:&quot;0&quot;,&quot;iso&quot;:&quot;0&quot;,&quot;shutter_speed&quot;:&quot;0&quot;,&quot;title&quot;:&quot;&quot;,&quot;orientation&quot;:&quot;0&quot;}\" data-image-title=\"PHOTO-2025-10-28-14-00-37\" data-image-description=\"\" data-image-caption=\"\" data-large-file=\"https:\/\/cloud.alqueria.es\/wp-content\/uploads\/sites\/9\/2025\/10\/PHOTO-2025-10-28-14-00-37-1024x768.jpg\" class=\"aligncenter size-full wp-image-78887\" src=\"https:\/\/cloud.alqueria.es\/wp-content\/uploads\/sites\/9\/2025\/10\/PHOTO-2025-10-28-14-00-37.jpg\" alt=\"\" width=\"1600\" height=\"1200\" srcset=\"https:\/\/cloud.alqueria.es\/wp-content\/uploads\/sites\/9\/2025\/10\/PHOTO-2025-10-28-14-00-37.jpg 1600w, https:\/\/cloud.alqueria.es\/wp-content\/uploads\/sites\/9\/2025\/10\/PHOTO-2025-10-28-14-00-37-300x225.jpg 300w, https:\/\/cloud.alqueria.es\/wp-content\/uploads\/sites\/9\/2025\/10\/PHOTO-2025-10-28-14-00-37-1024x768.jpg 1024w, https:\/\/cloud.alqueria.es\/wp-content\/uploads\/sites\/9\/2025\/10\/PHOTO-2025-10-28-14-00-37-768x576.jpg 768w, https:\/\/cloud.alqueria.es\/wp-content\/uploads\/sites\/9\/2025\/10\/PHOTO-2025-10-28-14-00-37-1536x1152.jpg 1536w\" sizes=\"(max-width: 1600px) 100vw, 1600px\" \/><\/p>\n<p><strong>Como veis ha sido una experiencia significativa y gratificante que adem\u00e1s est\u00e1 relacionada con nuestro proyecto de aula: \u201cEl proyecto de lectura\u201d, el cual dio ayer comienzo.<\/strong><\/p>\n<p><strong>Previamente, ayer visitamos la biblioteca de nuestro entorno m\u00e1s cercano, la biblioteca de nuestro cole. Vemos cuantos libros hay y como est\u00e1n distribuidos: los de aprender e investigar, los de los m\u00e1s mayores, y los cuentos adecuados para nosotros. Disfrutamos de un ratito de lectura, recordando las normas para la biblioteca:<\/strong><\/p>\n<ul>\n<li><strong>Hablar bajito<\/strong><\/li>\n<li><strong>Andar despacio<\/strong><\/li>\n<li><strong>Preguntar si puedes coger otro libro.<\/strong><\/li>\n<\/ul>\n<p><strong>Tambi\u00e9n hablamos que en las bibliotecas puedes hacer servicio de pr\u00e9stamo.<\/strong><\/p>\n<div class=\"tiled-gallery type-rectangular tiled-gallery-unresized\" data-original-width=\"474\" data-carousel-extra='{&quot;blog_id&quot;:9,&quot;permalink&quot;:&quot;https:\\\/\\\/www.alqueria.es\\\/blogs\\\/alqueriaamarillanaranja\\\/2025\\\/10\\\/28\\\/salida-a-la-biblioteca-municipal-san-francisco-javier\\\/&quot;,&quot;likes_blog_id&quot;:64271688}' itemscope itemtype=\"http:\/\/schema.org\/ImageGallery\" > <div class=\"gallery-row\" style=\"width: 474px; height: 228px;\" data-original-width=\"474\" data-original-height=\"228\" > <div class=\"gallery-group images-1\" style=\"width: 302px; height: 228px;\" data-original-width=\"302\" data-original-height=\"228\" > <div class=\"tiled-gallery-item tiled-gallery-item-large\" itemprop=\"associatedMedia\" itemscope itemtype=\"http:\/\/schema.org\/ImageObject\"> <a href=\"https:\/\/www.alqueria.es\/blogs\/alqueriaamarillanaranja\/2025\/10\/28\/salida-a-la-biblioteca-municipal-san-francisco-javier\/photo-2025-10-28-13-54-34-2\/\" border=\"0\" itemprop=\"url\"> <meta itemprop=\"width\" content=\"298\"> <meta itemprop=\"height\" content=\"224\"> <img decoding=\"async\" class=\"\" data-attachment-id=\"78896\" data-orig-file=\"https:\/\/cloud.alqueria.es\/wp-content\/uploads\/sites\/9\/2025\/10\/PHOTO-2025-10-28-13-54-34-2.jpg\" data-orig-size=\"1600,1200\" data-comments-opened=\"1\" data-image-meta=\"{&quot;aperture&quot;:&quot;0&quot;,&quot;credit&quot;:&quot;&quot;,&quot;camera&quot;:&quot;&quot;,&quot;caption&quot;:&quot;&quot;,&quot;created_timestamp&quot;:&quot;0&quot;,&quot;copyright&quot;:&quot;&quot;,&quot;focal_length&quot;:&quot;0&quot;,&quot;iso&quot;:&quot;0&quot;,&quot;shutter_speed&quot;:&quot;0&quot;,&quot;title&quot;:&quot;&quot;,&quot;orientation&quot;:&quot;0&quot;}\" data-image-title=\"PHOTO-2025-10-28-13-54-34 2\" data-image-description=\"\" data-medium-file=\"https:\/\/cloud.alqueria.es\/wp-content\/uploads\/sites\/9\/2025\/10\/PHOTO-2025-10-28-13-54-34-2-300x225.jpg\" data-large-file=\"https:\/\/cloud.alqueria.es\/wp-content\/uploads\/sites\/9\/2025\/10\/PHOTO-2025-10-28-13-54-34-2-1024x768.jpg\" src=\"https:\/\/i0.wp.com\/cloud.alqueria.es\/wp-content\/uploads\/sites\/9\/2025\/10\/PHOTO-2025-10-28-13-54-34-2.jpg?w=298&#038;h=224&#038;ssl=1\" srcset=\"https:\/\/cloud.alqueria.es\/wp-content\/uploads\/sites\/9\/2025\/10\/PHOTO-2025-10-28-13-54-34-2.jpg 1600w, https:\/\/cloud.alqueria.es\/wp-content\/uploads\/sites\/9\/2025\/10\/PHOTO-2025-10-28-13-54-34-2-300x225.jpg 300w, https:\/\/cloud.alqueria.es\/wp-content\/uploads\/sites\/9\/2025\/10\/PHOTO-2025-10-28-13-54-34-2-1024x768.jpg 1024w, https:\/\/cloud.alqueria.es\/wp-content\/uploads\/sites\/9\/2025\/10\/PHOTO-2025-10-28-13-54-34-2-768x576.jpg 768w, https:\/\/cloud.alqueria.es\/wp-content\/uploads\/sites\/9\/2025\/10\/PHOTO-2025-10-28-13-54-34-2-1536x1152.jpg 1536w\" width=\"298\" height=\"224\" loading=\"lazy\" data-original-width=\"298\" data-original-height=\"224\" itemprop=\"http:\/\/schema.org\/image\" title=\"PHOTO-2025-10-28-13-54-34 2\" alt=\"PHOTO-2025-10-28-13-54-34 2\" style=\"width: 298px; height: 224px;\" \/> <\/a> <\/div> <\/div> <!-- close group --> <div class=\"gallery-group images-1\" style=\"width: 172px; height: 228px;\" data-original-width=\"172\" data-original-height=\"228\" > <div class=\"tiled-gallery-item tiled-gallery-item-small\" itemprop=\"associatedMedia\" itemscope itemtype=\"http:\/\/schema.org\/ImageObject\"> <a href=\"https:\/\/www.alqueria.es\/blogs\/alqueriaamarillanaranja\/2025\/10\/28\/salida-a-la-biblioteca-municipal-san-francisco-javier\/photo-2025-10-28-13-54-34-3\/\" border=\"0\" itemprop=\"url\"> <meta itemprop=\"width\" content=\"168\"> <meta itemprop=\"height\" content=\"224\"> <img decoding=\"async\" class=\"\" data-attachment-id=\"78895\" data-orig-file=\"https:\/\/cloud.alqueria.es\/wp-content\/uploads\/sites\/9\/2025\/10\/PHOTO-2025-10-28-13-54-34-3.jpg\" data-orig-size=\"1200,1600\" data-comments-opened=\"1\" data-image-meta=\"{&quot;aperture&quot;:&quot;0&quot;,&quot;credit&quot;:&quot;&quot;,&quot;camera&quot;:&quot;&quot;,&quot;caption&quot;:&quot;&quot;,&quot;created_timestamp&quot;:&quot;0&quot;,&quot;copyright&quot;:&quot;&quot;,&quot;focal_length&quot;:&quot;0&quot;,&quot;iso&quot;:&quot;0&quot;,&quot;shutter_speed&quot;:&quot;0&quot;,&quot;title&quot;:&quot;&quot;,&quot;orientation&quot;:&quot;0&quot;}\" data-image-title=\"PHOTO-2025-10-28-13-54-34 3\" data-image-description=\"\" data-medium-file=\"https:\/\/cloud.alqueria.es\/wp-content\/uploads\/sites\/9\/2025\/10\/PHOTO-2025-10-28-13-54-34-3-225x300.jpg\" data-large-file=\"https:\/\/cloud.alqueria.es\/wp-content\/uploads\/sites\/9\/2025\/10\/PHOTO-2025-10-28-13-54-34-3-768x1024.jpg\" src=\"https:\/\/i0.wp.com\/cloud.alqueria.es\/wp-content\/uploads\/sites\/9\/2025\/10\/PHOTO-2025-10-28-13-54-34-3.jpg?w=168&#038;h=224&#038;ssl=1\" srcset=\"https:\/\/cloud.alqueria.es\/wp-content\/uploads\/sites\/9\/2025\/10\/PHOTO-2025-10-28-13-54-34-3.jpg 1200w, https:\/\/cloud.alqueria.es\/wp-content\/uploads\/sites\/9\/2025\/10\/PHOTO-2025-10-28-13-54-34-3-225x300.jpg 225w, https:\/\/cloud.alqueria.es\/wp-content\/uploads\/sites\/9\/2025\/10\/PHOTO-2025-10-28-13-54-34-3-768x1024.jpg 768w, https:\/\/cloud.alqueria.es\/wp-content\/uploads\/sites\/9\/2025\/10\/PHOTO-2025-10-28-13-54-34-3-1152x1536.jpg 1152w\" width=\"168\" height=\"224\" loading=\"lazy\" data-original-width=\"168\" data-original-height=\"224\" itemprop=\"http:\/\/schema.org\/image\" title=\"PHOTO-2025-10-28-13-54-34 3\" alt=\"PHOTO-2025-10-28-13-54-34 3\" style=\"width: 168px; height: 224px;\" \/> <\/a> <\/div> <\/div> <!-- close group --> <\/div> <!-- close row --> <div class=\"gallery-row\" style=\"width: 474px; height: 631px;\" data-original-width=\"474\" data-original-height=\"631\" > <div class=\"gallery-group images-1\" style=\"width: 474px; height: 631px;\" data-original-width=\"474\" data-original-height=\"631\" > <div class=\"tiled-gallery-item tiled-gallery-item-large\" itemprop=\"associatedMedia\" itemscope itemtype=\"http:\/\/schema.org\/ImageObject\"> <a href=\"https:\/\/www.alqueria.es\/blogs\/alqueriaamarillanaranja\/2025\/10\/28\/salida-a-la-biblioteca-municipal-san-francisco-javier\/photo-2025-10-28-13-54-34\/\" border=\"0\" itemprop=\"url\"> <meta itemprop=\"width\" content=\"470\"> <meta itemprop=\"height\" content=\"627\"> <img decoding=\"async\" class=\"\" data-attachment-id=\"78894\" data-orig-file=\"https:\/\/cloud.alqueria.es\/wp-content\/uploads\/sites\/9\/2025\/10\/PHOTO-2025-10-28-13-54-34.jpg\" data-orig-size=\"1200,1600\" data-comments-opened=\"1\" data-image-meta=\"{&quot;aperture&quot;:&quot;0&quot;,&quot;credit&quot;:&quot;&quot;,&quot;camera&quot;:&quot;&quot;,&quot;caption&quot;:&quot;&quot;,&quot;created_timestamp&quot;:&quot;0&quot;,&quot;copyright&quot;:&quot;&quot;,&quot;focal_length&quot;:&quot;0&quot;,&quot;iso&quot;:&quot;0&quot;,&quot;shutter_speed&quot;:&quot;0&quot;,&quot;title&quot;:&quot;&quot;,&quot;orientation&quot;:&quot;0&quot;}\" data-image-title=\"PHOTO-2025-10-28-13-54-34\" data-image-description=\"\" data-medium-file=\"https:\/\/cloud.alqueria.es\/wp-content\/uploads\/sites\/9\/2025\/10\/PHOTO-2025-10-28-13-54-34-225x300.jpg\" data-large-file=\"https:\/\/cloud.alqueria.es\/wp-content\/uploads\/sites\/9\/2025\/10\/PHOTO-2025-10-28-13-54-34-768x1024.jpg\" src=\"https:\/\/i0.wp.com\/cloud.alqueria.es\/wp-content\/uploads\/sites\/9\/2025\/10\/PHOTO-2025-10-28-13-54-34.jpg?w=470&#038;h=627&#038;ssl=1\" srcset=\"https:\/\/cloud.alqueria.es\/wp-content\/uploads\/sites\/9\/2025\/10\/PHOTO-2025-10-28-13-54-34.jpg 1200w, https:\/\/cloud.alqueria.es\/wp-content\/uploads\/sites\/9\/2025\/10\/PHOTO-2025-10-28-13-54-34-225x300.jpg 225w, https:\/\/cloud.alqueria.es\/wp-content\/uploads\/sites\/9\/2025\/10\/PHOTO-2025-10-28-13-54-34-768x1024.jpg 768w, https:\/\/cloud.alqueria.es\/wp-content\/uploads\/sites\/9\/2025\/10\/PHOTO-2025-10-28-13-54-34-1152x1536.jpg 1152w\" width=\"470\" height=\"627\" loading=\"lazy\" data-original-width=\"470\" data-original-height=\"627\" itemprop=\"http:\/\/schema.org\/image\" title=\"PHOTO-2025-10-28-13-54-34\" alt=\"PHOTO-2025-10-28-13-54-34\" style=\"width: 470px; height: 627px;\" \/> <\/a> <\/div> <\/div> <!-- close group --> <\/div> <!-- close row --> <\/div>\n<p><strong>Hace unos d\u00edas elaboramos nuestro cartel anunciador de la salida para vosotros y vosotras, d\u00e1ndole ese car\u00e1cter informativo y el cual nos sirvi\u00f3 para trabajar art\u00edsticamente con un material distinto: cart\u00f3n.<\/strong><\/p>\n<p><img decoding=\"async\" data-attachment-id=\"78785\" data-permalink=\"https:\/\/www.alqueria.es\/blogs\/alqueriaamarillanaranja\/2025\/10\/15\/somos-artistas-3\/photo-2025-10-15-19-06-07\/\" data-orig-file=\"https:\/\/cloud.alqueria.es\/wp-content\/uploads\/sites\/9\/2025\/10\/PHOTO-2025-10-15-19-06-07.jpg\" data-orig-size=\"1600,1150\" data-comments-opened=\"1\" data-image-meta=\"{&quot;aperture&quot;:&quot;0&quot;,&quot;credit&quot;:&quot;&quot;,&quot;camera&quot;:&quot;&quot;,&quot;caption&quot;:&quot;&quot;,&quot;created_timestamp&quot;:&quot;0&quot;,&quot;copyright&quot;:&quot;&quot;,&quot;focal_length&quot;:&quot;0&quot;,&quot;iso&quot;:&quot;0&quot;,&quot;shutter_speed&quot;:&quot;0&quot;,&quot;title&quot;:&quot;&quot;,&quot;orientation&quot;:&quot;0&quot;}\" data-image-title=\"PHOTO-2025-10-15-19-06-07\" data-image-description=\"\" data-image-caption=\"\" data-large-file=\"https:\/\/cloud.alqueria.es\/wp-content\/uploads\/sites\/9\/2025\/10\/PHOTO-2025-10-15-19-06-07-1024x736.jpg\" class=\"aligncenter size-full wp-image-78785\" src=\"https:\/\/cloud.alqueria.es\/wp-content\/uploads\/sites\/9\/2025\/10\/PHOTO-2025-10-15-19-06-07.jpg\" alt=\"\" width=\"1600\" height=\"1150\" srcset=\"https:\/\/cloud.alqueria.es\/wp-content\/uploads\/sites\/9\/2025\/10\/PHOTO-2025-10-15-19-06-07.jpg 1600w, https:\/\/cloud.alqueria.es\/wp-content\/uploads\/sites\/9\/2025\/10\/PHOTO-2025-10-15-19-06-07-300x216.jpg 300w, https:\/\/cloud.alqueria.es\/wp-content\/uploads\/sites\/9\/2025\/10\/PHOTO-2025-10-15-19-06-07-1024x736.jpg 1024w, https:\/\/cloud.alqueria.es\/wp-content\/uploads\/sites\/9\/2025\/10\/PHOTO-2025-10-15-19-06-07-768x552.jpg 768w, https:\/\/cloud.alqueria.es\/wp-content\/uploads\/sites\/9\/2025\/10\/PHOTO-2025-10-15-19-06-07-1536x1104.jpg 1536w\" sizes=\"(max-width: 1600px) 100vw, 1600px\" \/><\/p>\n<p><strong>C\u00f3mo veis siempre intentamos relacionar aquello que estamos viviendo en el aula con las distintas \u00e1reas de aprendizaje.<\/strong><\/p>\n<p><strong>Espero que esta entrada en el blog os acerque a la realidad vivida hoy como grupo y os anim\u00e9is a dejar alg\u00fan comentario.<\/strong><\/p>\n<p><strong>Un abrazo,<span class=\"Apple-converted-space\">\u00a0<\/span><\/strong><\/p>\n<p><strong>Eva Oliva<\/strong><\/p>\n","protected":false},"excerpt":{"rendered":"<p>Buenas tardes familias! Hoy ha sido un d\u00eda muy importante para la clase naranjita.\u00a0 Desde primera hora de la ma\u00f1ana estaban emocionados con la salida. Despu\u00e9s de pasar por el ba\u00f1o y colocarnos nuestras tarjetas identificativas, recordamos las normas \u00a0y nos marchamos en el autob\u00fas del colegio rumbo a nuestro destino. A nuestra llegada a &hellip; <a href=\"https:\/\/www.alqueria.es\/blogs\/alqueriaamarillanaranja\/2025\/10\/28\/salida-a-la-biblioteca-municipal-san-francisco-javier\/\" class=\"more-link\">Seguir leyendo <span class=\"screen-reader-text\">SALIDA A LA BIBLIOTECA MUNICIPAL SAN FRANCISCO JAVIER.<\/span> <span class=\"meta-nav\">&rarr;<\/span><\/a><\/p>\n","protected":false},"author":23,"featured_media":0,"comment_status":"open","ping_status":"open","sticky":false,"template":"","format":"standard","meta":{"jetpack_post_was_ever_published":false,"_jetpack_newsletter_access":"","_jetpack_dont_email_post_to_subs":false,"_jetpack_newsletter_tier_id":0,"_jetpack_memberships_contains_paywalled_content":false,"_jetpack_memberships_contains_paid_content":false,"footnotes":"","jetpack_publicize_message":"","jetpack_publicize_feature_enabled":true,"jetpack_social_post_already_shared":true,"jetpack_social_options":{"image_generator_settings":{"template":"highway","default_image_id":0,"font":"","enabled":false},"version":2}},"categories":[861,7,8,710,694],"tags":[],"class_list":["post-78872","post","type-post","status-publish","format-standard","hentry","category-biblioteca","category-clase-naranja","category-diario","category-proyecto-de-lectura","category-salidas-clase-naranja"],"jetpack_publicize_connections":[],"jetpack_featured_media_url":"","jetpack_sharing_enabled":true,"jetpack_shortlink":"https:\/\/wp.me\/p4lG08-kw8","jetpack-related-posts":[],"_links":{"self":[{"href":"https:\/\/www.alqueria.es\/blogs\/alqueriaamarillanaranja\/wp-json\/wp\/v2\/posts\/78872","targetHints":{"allow":["GET"]}}],"collection":[{"href":"https:\/\/www.alqueria.es\/blogs\/alqueriaamarillanaranja\/wp-json\/wp\/v2\/posts"}],"about":[{"href":"https:\/\/www.alqueria.es\/blogs\/alqueriaamarillanaranja\/wp-json\/wp\/v2\/types\/post"}],"author":[{"embeddable":true,"href":"https:\/\/www.alqueria.es\/blogs\/alqueriaamarillanaranja\/wp-json\/wp\/v2\/users\/23"}],"replies":[{"embeddable":true,"href":"https:\/\/www.alqueria.es\/blogs\/alqueriaamarillanaranja\/wp-json\/wp\/v2\/comments?post=78872"}],"version-history":[{"count":2,"href":"https:\/\/www.alqueria.es\/blogs\/alqueriaamarillanaranja\/wp-json\/wp\/v2\/posts\/78872\/revisions"}],"predecessor-version":[{"id":78905,"href":"https:\/\/www.alqueria.es\/blogs\/alqueriaamarillanaranja\/wp-json\/wp\/v2\/posts\/78872\/revisions\/78905"}],"wp:attachment":[{"href":"https:\/\/www.alqueria.es\/blogs\/alqueriaamarillanaranja\/wp-json\/wp\/v2\/media?parent=78872"}],"wp:term":[{"taxonomy":"category","embeddable":true,"href":"https:\/\/www.alqueria.es\/blogs\/alqueriaamarillanaranja\/wp-json\/wp\/v2\/categories?post=78872"},{"taxonomy":"post_tag","embeddable":true,"href":"https:\/\/www.alqueria.es\/blogs\/alqueriaamarillanaranja\/wp-json\/wp\/v2\/tags?post=78872"}],"curies":[{"name":"wp","href":"https:\/\/api.w.org\/{rel}","templated":true}]}}