{"id":78935,"date":"2025-10-30T17:30:41","date_gmt":"2025-10-30T16:30:41","guid":{"rendered":"https:\/\/www.alqueria.es\/blogs\/alqueriaamarillanaranja\/?p=78935"},"modified":"2025-10-30T17:30:41","modified_gmt":"2025-10-30T16:30:41","slug":"inauguramos-las-salidas-a-la-vega-de-granada","status":"publish","type":"post","link":"https:\/\/www.alqueria.es\/blogs\/alqueriaamarillanaranja\/2025\/10\/30\/inauguramos-las-salidas-a-la-vega-de-granada\/","title":{"rendered":"INAUGURAMOS LAS SALIDAS A LA VEGA DE GRANADA."},"content":{"rendered":"<p>El pasado lunes dimos comienzo a nuestro <b>Proyecto de Animaci\u00f3n a la Lectura<\/b>, una iniciativa muy especial que busca despertar en nuestros peque\u00f1os <i>naranjitas<\/i> el gusto por los cuentos y los libros. Cada ni\u00f1o y ni\u00f1a ha elegido el ejemplar que m\u00e1s le ha gustado para disfrutarlo junto a su familia en casa. Despu\u00e9s de la lectura, deber\u00e1n realizar un dibujo relacionado con la historia.<br \/>\nOs recordamos que, debido al festivo del lunes, esta semana los libros y dibujos se traer\u00e1n el <b>martes<\/b>.<\/p>\n<p><img decoding=\"async\" data-attachment-id=\"78938\" data-permalink=\"https:\/\/www.alqueria.es\/blogs\/alqueriaamarillanaranja\/2025\/10\/30\/inauguramos-las-salidas-a-la-vega-de-granada\/photo-2025-10-30-15-49-10\/\" data-orig-file=\"https:\/\/cloud.alqueria.es\/wp-content\/uploads\/sites\/9\/2025\/10\/PHOTO-2025-10-30-15-49-10.jpg\" data-orig-size=\"1600,1200\" data-comments-opened=\"1\" data-image-meta=\"{&quot;aperture&quot;:&quot;0&quot;,&quot;credit&quot;:&quot;&quot;,&quot;camera&quot;:&quot;&quot;,&quot;caption&quot;:&quot;&quot;,&quot;created_timestamp&quot;:&quot;0&quot;,&quot;copyright&quot;:&quot;&quot;,&quot;focal_length&quot;:&quot;0&quot;,&quot;iso&quot;:&quot;0&quot;,&quot;shutter_speed&quot;:&quot;0&quot;,&quot;title&quot;:&quot;&quot;,&quot;orientation&quot;:&quot;0&quot;}\" data-image-title=\"PHOTO-2025-10-30-15-49-10\" data-image-description=\"\" data-image-caption=\"\" data-large-file=\"https:\/\/cloud.alqueria.es\/wp-content\/uploads\/sites\/9\/2025\/10\/PHOTO-2025-10-30-15-49-10-1024x768.jpg\" class=\"aligncenter size-full wp-image-78938\" src=\"https:\/\/cloud.alqueria.es\/wp-content\/uploads\/sites\/9\/2025\/10\/PHOTO-2025-10-30-15-49-10.jpg\" alt=\"\" width=\"1600\" height=\"1200\" srcset=\"https:\/\/cloud.alqueria.es\/wp-content\/uploads\/sites\/9\/2025\/10\/PHOTO-2025-10-30-15-49-10.jpg 1600w, https:\/\/cloud.alqueria.es\/wp-content\/uploads\/sites\/9\/2025\/10\/PHOTO-2025-10-30-15-49-10-300x225.jpg 300w, https:\/\/cloud.alqueria.es\/wp-content\/uploads\/sites\/9\/2025\/10\/PHOTO-2025-10-30-15-49-10-1024x768.jpg 1024w, https:\/\/cloud.alqueria.es\/wp-content\/uploads\/sites\/9\/2025\/10\/PHOTO-2025-10-30-15-49-10-768x576.jpg 768w, https:\/\/cloud.alqueria.es\/wp-content\/uploads\/sites\/9\/2025\/10\/PHOTO-2025-10-30-15-49-10-1536x1152.jpg 1536w\" sizes=\"(max-width: 1600px) 100vw, 1600px\" \/><\/p>\n<p>Hoy tambi\u00e9n hemos dado comienzo a nuestras <b>salidas a la Vega de Granada<\/b>, una actividad que nos permite descubrir y observar el entorno natural m\u00e1s cercano, despertando la curiosidad y el respeto por la naturaleza. En esta primera excursi\u00f3n nos han acompa\u00f1ado los alumnos y alumnas mayores del colegio, de quinto y sexto de Primaria, quienes con su ayuda y entusiasmo han hecho que la caminata fuera mucho m\u00e1s amena y divertida.<\/p>\n<p><img decoding=\"async\" data-attachment-id=\"78937\" data-permalink=\"https:\/\/www.alqueria.es\/blogs\/alqueriaamarillanaranja\/2025\/10\/30\/inauguramos-las-salidas-a-la-vega-de-granada\/photo-2025-10-30-15-50-38\/\" data-orig-file=\"https:\/\/cloud.alqueria.es\/wp-content\/uploads\/sites\/9\/2025\/10\/PHOTO-2025-10-30-15-50-38.jpg\" data-orig-size=\"1600,1200\" data-comments-opened=\"1\" data-image-meta=\"{&quot;aperture&quot;:&quot;0&quot;,&quot;credit&quot;:&quot;&quot;,&quot;camera&quot;:&quot;&quot;,&quot;caption&quot;:&quot;&quot;,&quot;created_timestamp&quot;:&quot;0&quot;,&quot;copyright&quot;:&quot;&quot;,&quot;focal_length&quot;:&quot;0&quot;,&quot;iso&quot;:&quot;0&quot;,&quot;shutter_speed&quot;:&quot;0&quot;,&quot;title&quot;:&quot;&quot;,&quot;orientation&quot;:&quot;0&quot;}\" data-image-title=\"PHOTO-2025-10-30-15-50-38\" data-image-description=\"\" data-image-caption=\"\" data-large-file=\"https:\/\/cloud.alqueria.es\/wp-content\/uploads\/sites\/9\/2025\/10\/PHOTO-2025-10-30-15-50-38-1024x768.jpg\" class=\"aligncenter size-full wp-image-78937\" src=\"https:\/\/cloud.alqueria.es\/wp-content\/uploads\/sites\/9\/2025\/10\/PHOTO-2025-10-30-15-50-38.jpg\" alt=\"\" width=\"1600\" height=\"1200\" srcset=\"https:\/\/cloud.alqueria.es\/wp-content\/uploads\/sites\/9\/2025\/10\/PHOTO-2025-10-30-15-50-38.jpg 1600w, https:\/\/cloud.alqueria.es\/wp-content\/uploads\/sites\/9\/2025\/10\/PHOTO-2025-10-30-15-50-38-300x225.jpg 300w, https:\/\/cloud.alqueria.es\/wp-content\/uploads\/sites\/9\/2025\/10\/PHOTO-2025-10-30-15-50-38-1024x768.jpg 1024w, https:\/\/cloud.alqueria.es\/wp-content\/uploads\/sites\/9\/2025\/10\/PHOTO-2025-10-30-15-50-38-768x576.jpg 768w, https:\/\/cloud.alqueria.es\/wp-content\/uploads\/sites\/9\/2025\/10\/PHOTO-2025-10-30-15-50-38-1536x1152.jpg 1536w\" sizes=\"(max-width: 1600px) 100vw, 1600px\" \/><\/p>\n<p>Hemos disfrutado de un <b>precioso d\u00eda soleado<\/b> \u2014\u00a1qui\u00e9n lo dir\u00eda despu\u00e9s del diluvio de ayer!\u2014 y, aunque el terreno estaba a\u00fan h\u00famedo, realizamos nuestro recorrido por la zona asfaltada para mayor comodidad y seguridad de todos.<br \/>\nDurante el recorrido, observamos los campos cercanos, la acequia, el \u00e1rbol del duende de los cumplea\u00f1os y llegamos hasta el punto donde confluyen los r\u00edos Beiro y Genil. \u00a1Fue toda una experiencia llena de descubrimientos!<\/p>\n<div class=\"tiled-gallery type-square tiled-gallery-unresized\" data-original-width=\"474\" data-carousel-extra='{&quot;blog_id&quot;:9,&quot;permalink&quot;:&quot;https:\\\/\\\/www.alqueria.es\\\/blogs\\\/alqueriaamarillanaranja\\\/2025\\\/10\\\/30\\\/inauguramos-las-salidas-a-la-vega-de-granada\\\/&quot;,&quot;likes_blog_id&quot;:64271688}' itemscope itemtype=\"http:\/\/schema.org\/ImageGallery\" > <div class=\"gallery-row\" style=\"width: 474px; height: 158px;\" data-original-width=\"474\" data-original-height=\"158\" > <div class=\"gallery-group\" style=\"width: 158px; height: 158px;\" data-original-width=\"158\" data-original-height=\"158\" > <div class=\"tiled-gallery-item \" itemprop=\"associatedMedia\" itemscope itemtype=\"http:\/\/schema.org\/ImageObject\"> <a href=\"https:\/\/www.alqueria.es\/blogs\/alqueriaamarillanaranja\/2025\/10\/30\/inauguramos-las-salidas-a-la-vega-de-granada\/photo-2025-10-30-15-48-13-2\/\" border=\"0\" itemprop=\"url\"> <meta itemprop=\"width\" content=\"154\"> <meta itemprop=\"height\" content=\"154\"> <img decoding=\"async\" class=\"\" data-attachment-id=\"78947\" data-orig-file=\"https:\/\/cloud.alqueria.es\/wp-content\/uploads\/sites\/9\/2025\/10\/PHOTO-2025-10-30-15-48-13-2.jpg\" data-orig-size=\"1200,1600\" data-comments-opened=\"1\" data-image-meta=\"{&quot;aperture&quot;:&quot;0&quot;,&quot;credit&quot;:&quot;&quot;,&quot;camera&quot;:&quot;&quot;,&quot;caption&quot;:&quot;&quot;,&quot;created_timestamp&quot;:&quot;0&quot;,&quot;copyright&quot;:&quot;&quot;,&quot;focal_length&quot;:&quot;0&quot;,&quot;iso&quot;:&quot;0&quot;,&quot;shutter_speed&quot;:&quot;0&quot;,&quot;title&quot;:&quot;&quot;,&quot;orientation&quot;:&quot;0&quot;}\" data-image-title=\"PHOTO-2025-10-30-15-48-13 2\" data-image-description=\"\" data-medium-file=\"https:\/\/cloud.alqueria.es\/wp-content\/uploads\/sites\/9\/2025\/10\/PHOTO-2025-10-30-15-48-13-2-225x300.jpg\" data-large-file=\"https:\/\/cloud.alqueria.es\/wp-content\/uploads\/sites\/9\/2025\/10\/PHOTO-2025-10-30-15-48-13-2-768x1024.jpg\" src=\"https:\/\/i0.wp.com\/cloud.alqueria.es\/wp-content\/uploads\/sites\/9\/2025\/10\/PHOTO-2025-10-30-15-48-13-2.jpg?w=154&#038;h=154&#038;crop=1&#038;ssl=1\" width=\"154\" height=\"154\" loading=\"lazy\" data-original-width=\"154\" data-original-height=\"154\" itemprop=\"http:\/\/schema.org\/image\" title=\"PHOTO-2025-10-30-15-48-13 2\" alt=\"PHOTO-2025-10-30-15-48-13 2\" style=\"width: 154px; height: 154px;\" \/> <\/a> <\/div> <\/div> <div class=\"gallery-group\" style=\"width: 158px; height: 158px;\" data-original-width=\"158\" data-original-height=\"158\" > <div class=\"tiled-gallery-item \" itemprop=\"associatedMedia\" itemscope itemtype=\"http:\/\/schema.org\/ImageObject\"> <a href=\"https:\/\/www.alqueria.es\/blogs\/alqueriaamarillanaranja\/2025\/10\/30\/inauguramos-las-salidas-a-la-vega-de-granada\/photo-2025-10-30-15-48-13-3\/\" border=\"0\" itemprop=\"url\"> <meta itemprop=\"width\" content=\"154\"> <meta itemprop=\"height\" content=\"154\"> <img decoding=\"async\" class=\"\" data-attachment-id=\"78946\" data-orig-file=\"https:\/\/cloud.alqueria.es\/wp-content\/uploads\/sites\/9\/2025\/10\/PHOTO-2025-10-30-15-48-13-3.jpg\" data-orig-size=\"1600,1200\" data-comments-opened=\"1\" data-image-meta=\"{&quot;aperture&quot;:&quot;0&quot;,&quot;credit&quot;:&quot;&quot;,&quot;camera&quot;:&quot;&quot;,&quot;caption&quot;:&quot;&quot;,&quot;created_timestamp&quot;:&quot;0&quot;,&quot;copyright&quot;:&quot;&quot;,&quot;focal_length&quot;:&quot;0&quot;,&quot;iso&quot;:&quot;0&quot;,&quot;shutter_speed&quot;:&quot;0&quot;,&quot;title&quot;:&quot;&quot;,&quot;orientation&quot;:&quot;0&quot;}\" data-image-title=\"PHOTO-2025-10-30-15-48-13 3\" data-image-description=\"\" data-medium-file=\"https:\/\/cloud.alqueria.es\/wp-content\/uploads\/sites\/9\/2025\/10\/PHOTO-2025-10-30-15-48-13-3-300x225.jpg\" data-large-file=\"https:\/\/cloud.alqueria.es\/wp-content\/uploads\/sites\/9\/2025\/10\/PHOTO-2025-10-30-15-48-13-3-1024x768.jpg\" src=\"https:\/\/i0.wp.com\/cloud.alqueria.es\/wp-content\/uploads\/sites\/9\/2025\/10\/PHOTO-2025-10-30-15-48-13-3.jpg?w=154&#038;h=154&#038;crop=1&#038;ssl=1\" width=\"154\" height=\"154\" loading=\"lazy\" data-original-width=\"154\" data-original-height=\"154\" itemprop=\"http:\/\/schema.org\/image\" title=\"PHOTO-2025-10-30-15-48-13 3\" alt=\"PHOTO-2025-10-30-15-48-13 3\" style=\"width: 154px; height: 154px;\" \/> <\/a> <\/div> <\/div> <div class=\"gallery-group\" style=\"width: 158px; height: 158px;\" data-original-width=\"158\" data-original-height=\"158\" > <div class=\"tiled-gallery-item \" itemprop=\"associatedMedia\" itemscope itemtype=\"http:\/\/schema.org\/ImageObject\"> <a href=\"https:\/\/www.alqueria.es\/blogs\/alqueriaamarillanaranja\/2025\/10\/30\/inauguramos-las-salidas-a-la-vega-de-granada\/photo-2025-10-30-15-48-13-7\/\" border=\"0\" itemprop=\"url\"> <meta itemprop=\"width\" content=\"154\"> <meta itemprop=\"height\" content=\"154\"> <img decoding=\"async\" class=\"\" data-attachment-id=\"78942\" data-orig-file=\"https:\/\/cloud.alqueria.es\/wp-content\/uploads\/sites\/9\/2025\/10\/PHOTO-2025-10-30-15-48-13-7.jpg\" data-orig-size=\"1200,1600\" data-comments-opened=\"1\" data-image-meta=\"{&quot;aperture&quot;:&quot;0&quot;,&quot;credit&quot;:&quot;&quot;,&quot;camera&quot;:&quot;&quot;,&quot;caption&quot;:&quot;&quot;,&quot;created_timestamp&quot;:&quot;0&quot;,&quot;copyright&quot;:&quot;&quot;,&quot;focal_length&quot;:&quot;0&quot;,&quot;iso&quot;:&quot;0&quot;,&quot;shutter_speed&quot;:&quot;0&quot;,&quot;title&quot;:&quot;&quot;,&quot;orientation&quot;:&quot;0&quot;}\" data-image-title=\"PHOTO-2025-10-30-15-48-13 7\" data-image-description=\"\" data-medium-file=\"https:\/\/cloud.alqueria.es\/wp-content\/uploads\/sites\/9\/2025\/10\/PHOTO-2025-10-30-15-48-13-7-225x300.jpg\" data-large-file=\"https:\/\/cloud.alqueria.es\/wp-content\/uploads\/sites\/9\/2025\/10\/PHOTO-2025-10-30-15-48-13-7-768x1024.jpg\" src=\"https:\/\/i0.wp.com\/cloud.alqueria.es\/wp-content\/uploads\/sites\/9\/2025\/10\/PHOTO-2025-10-30-15-48-13-7.jpg?w=154&#038;h=154&#038;crop=1&#038;ssl=1\" width=\"154\" height=\"154\" loading=\"lazy\" data-original-width=\"154\" data-original-height=\"154\" itemprop=\"http:\/\/schema.org\/image\" title=\"PHOTO-2025-10-30-15-48-13 7\" alt=\"PHOTO-2025-10-30-15-48-13 7\" style=\"width: 154px; height: 154px;\" \/> <\/a> <\/div> <\/div> <\/div> <div class=\"gallery-row\" style=\"width: 474px; height: 158px;\" data-original-width=\"474\" data-original-height=\"158\" > <div class=\"gallery-group\" style=\"width: 158px; height: 158px;\" data-original-width=\"158\" data-original-height=\"158\" > <div class=\"tiled-gallery-item \" itemprop=\"associatedMedia\" itemscope itemtype=\"http:\/\/schema.org\/ImageObject\"> <a href=\"https:\/\/www.alqueria.es\/blogs\/alqueriaamarillanaranja\/2025\/10\/30\/inauguramos-las-salidas-a-la-vega-de-granada\/photo-2025-10-30-15-48-13-4\/\" border=\"0\" itemprop=\"url\"> <meta itemprop=\"width\" content=\"154\"> <meta itemprop=\"height\" content=\"154\"> <img decoding=\"async\" class=\"\" data-attachment-id=\"78945\" data-orig-file=\"https:\/\/cloud.alqueria.es\/wp-content\/uploads\/sites\/9\/2025\/10\/PHOTO-2025-10-30-15-48-13-4.jpg\" data-orig-size=\"1600,1200\" data-comments-opened=\"1\" data-image-meta=\"{&quot;aperture&quot;:&quot;0&quot;,&quot;credit&quot;:&quot;&quot;,&quot;camera&quot;:&quot;&quot;,&quot;caption&quot;:&quot;&quot;,&quot;created_timestamp&quot;:&quot;0&quot;,&quot;copyright&quot;:&quot;&quot;,&quot;focal_length&quot;:&quot;0&quot;,&quot;iso&quot;:&quot;0&quot;,&quot;shutter_speed&quot;:&quot;0&quot;,&quot;title&quot;:&quot;&quot;,&quot;orientation&quot;:&quot;0&quot;}\" data-image-title=\"PHOTO-2025-10-30-15-48-13 4\" data-image-description=\"\" data-medium-file=\"https:\/\/cloud.alqueria.es\/wp-content\/uploads\/sites\/9\/2025\/10\/PHOTO-2025-10-30-15-48-13-4-300x225.jpg\" data-large-file=\"https:\/\/cloud.alqueria.es\/wp-content\/uploads\/sites\/9\/2025\/10\/PHOTO-2025-10-30-15-48-13-4-1024x768.jpg\" src=\"https:\/\/i0.wp.com\/cloud.alqueria.es\/wp-content\/uploads\/sites\/9\/2025\/10\/PHOTO-2025-10-30-15-48-13-4.jpg?w=154&#038;h=154&#038;crop=1&#038;ssl=1\" width=\"154\" height=\"154\" loading=\"lazy\" data-original-width=\"154\" data-original-height=\"154\" itemprop=\"http:\/\/schema.org\/image\" title=\"PHOTO-2025-10-30-15-48-13 4\" alt=\"PHOTO-2025-10-30-15-48-13 4\" style=\"width: 154px; height: 154px;\" \/> <\/a> <\/div> <\/div> <div class=\"gallery-group\" style=\"width: 158px; height: 158px;\" data-original-width=\"158\" data-original-height=\"158\" > <div class=\"tiled-gallery-item \" itemprop=\"associatedMedia\" itemscope itemtype=\"http:\/\/schema.org\/ImageObject\"> <a href=\"https:\/\/www.alqueria.es\/blogs\/alqueriaamarillanaranja\/2025\/10\/30\/inauguramos-las-salidas-a-la-vega-de-granada\/photo-2025-10-30-15-48-13-5\/\" border=\"0\" itemprop=\"url\"> <meta itemprop=\"width\" content=\"154\"> <meta itemprop=\"height\" content=\"154\"> <img decoding=\"async\" class=\"\" data-attachment-id=\"78944\" data-orig-file=\"https:\/\/cloud.alqueria.es\/wp-content\/uploads\/sites\/9\/2025\/10\/PHOTO-2025-10-30-15-48-13-5.jpg\" data-orig-size=\"1600,1200\" data-comments-opened=\"1\" data-image-meta=\"{&quot;aperture&quot;:&quot;0&quot;,&quot;credit&quot;:&quot;&quot;,&quot;camera&quot;:&quot;&quot;,&quot;caption&quot;:&quot;&quot;,&quot;created_timestamp&quot;:&quot;0&quot;,&quot;copyright&quot;:&quot;&quot;,&quot;focal_length&quot;:&quot;0&quot;,&quot;iso&quot;:&quot;0&quot;,&quot;shutter_speed&quot;:&quot;0&quot;,&quot;title&quot;:&quot;&quot;,&quot;orientation&quot;:&quot;0&quot;}\" data-image-title=\"PHOTO-2025-10-30-15-48-13 5\" data-image-description=\"\" data-medium-file=\"https:\/\/cloud.alqueria.es\/wp-content\/uploads\/sites\/9\/2025\/10\/PHOTO-2025-10-30-15-48-13-5-300x225.jpg\" data-large-file=\"https:\/\/cloud.alqueria.es\/wp-content\/uploads\/sites\/9\/2025\/10\/PHOTO-2025-10-30-15-48-13-5-1024x768.jpg\" src=\"https:\/\/i0.wp.com\/cloud.alqueria.es\/wp-content\/uploads\/sites\/9\/2025\/10\/PHOTO-2025-10-30-15-48-13-5.jpg?w=154&#038;h=154&#038;crop=1&#038;ssl=1\" width=\"154\" height=\"154\" loading=\"lazy\" data-original-width=\"154\" data-original-height=\"154\" itemprop=\"http:\/\/schema.org\/image\" title=\"PHOTO-2025-10-30-15-48-13 5\" alt=\"PHOTO-2025-10-30-15-48-13 5\" style=\"width: 154px; height: 154px;\" \/> <\/a> <\/div> <\/div> <div class=\"gallery-group\" style=\"width: 158px; height: 158px;\" data-original-width=\"158\" data-original-height=\"158\" > <div class=\"tiled-gallery-item \" itemprop=\"associatedMedia\" itemscope itemtype=\"http:\/\/schema.org\/ImageObject\"> <a href=\"https:\/\/www.alqueria.es\/blogs\/alqueriaamarillanaranja\/2025\/10\/30\/inauguramos-las-salidas-a-la-vega-de-granada\/photo-2025-10-30-15-48-13-6\/\" border=\"0\" itemprop=\"url\"> <meta itemprop=\"width\" content=\"154\"> <meta itemprop=\"height\" content=\"154\"> <img decoding=\"async\" class=\"\" data-attachment-id=\"78943\" data-orig-file=\"https:\/\/cloud.alqueria.es\/wp-content\/uploads\/sites\/9\/2025\/10\/PHOTO-2025-10-30-15-48-13-6.jpg\" data-orig-size=\"1200,1600\" data-comments-opened=\"1\" data-image-meta=\"{&quot;aperture&quot;:&quot;0&quot;,&quot;credit&quot;:&quot;&quot;,&quot;camera&quot;:&quot;&quot;,&quot;caption&quot;:&quot;&quot;,&quot;created_timestamp&quot;:&quot;0&quot;,&quot;copyright&quot;:&quot;&quot;,&quot;focal_length&quot;:&quot;0&quot;,&quot;iso&quot;:&quot;0&quot;,&quot;shutter_speed&quot;:&quot;0&quot;,&quot;title&quot;:&quot;&quot;,&quot;orientation&quot;:&quot;0&quot;}\" data-image-title=\"PHOTO-2025-10-30-15-48-13 6\" data-image-description=\"\" data-medium-file=\"https:\/\/cloud.alqueria.es\/wp-content\/uploads\/sites\/9\/2025\/10\/PHOTO-2025-10-30-15-48-13-6-225x300.jpg\" data-large-file=\"https:\/\/cloud.alqueria.es\/wp-content\/uploads\/sites\/9\/2025\/10\/PHOTO-2025-10-30-15-48-13-6-768x1024.jpg\" src=\"https:\/\/i0.wp.com\/cloud.alqueria.es\/wp-content\/uploads\/sites\/9\/2025\/10\/PHOTO-2025-10-30-15-48-13-6.jpg?w=154&#038;h=154&#038;crop=1&#038;ssl=1\" width=\"154\" height=\"154\" loading=\"lazy\" data-original-width=\"154\" data-original-height=\"154\" itemprop=\"http:\/\/schema.org\/image\" title=\"PHOTO-2025-10-30-15-48-13 6\" alt=\"PHOTO-2025-10-30-15-48-13 6\" style=\"width: 154px; height: 154px;\" \/> <\/a> <\/div> <\/div> <\/div> <\/div>\n<p>Adem\u00e1s, hemos comenzado con los preparativos de nuestra <b>Fiesta del Oto\u00f1o<\/b>, que celebraremos el pr\u00f3ximo <b>7 de noviembre<\/b>. Con ayuda de brochas y rodillos, dimos color al que ser\u00e1 el cartel anunciador de la fiesta. Tambi\u00e9n estamos recogiendo hojas de \u00a0nuestro jard\u00edn, para que ese d\u00eda nuestro colegio luzca muy bonito.<\/p>\n<p><img decoding=\"async\" data-attachment-id=\"78949\" data-permalink=\"https:\/\/www.alqueria.es\/blogs\/alqueriaamarillanaranja\/2025\/10\/30\/inauguramos-las-salidas-a-la-vega-de-granada\/photo-2025-10-30-15-55-38\/\" data-orig-file=\"https:\/\/cloud.alqueria.es\/wp-content\/uploads\/sites\/9\/2025\/10\/PHOTO-2025-10-30-15-55-38.jpg\" data-orig-size=\"1600,1200\" data-comments-opened=\"1\" data-image-meta=\"{&quot;aperture&quot;:&quot;0&quot;,&quot;credit&quot;:&quot;&quot;,&quot;camera&quot;:&quot;&quot;,&quot;caption&quot;:&quot;&quot;,&quot;created_timestamp&quot;:&quot;0&quot;,&quot;copyright&quot;:&quot;&quot;,&quot;focal_length&quot;:&quot;0&quot;,&quot;iso&quot;:&quot;0&quot;,&quot;shutter_speed&quot;:&quot;0&quot;,&quot;title&quot;:&quot;&quot;,&quot;orientation&quot;:&quot;0&quot;}\" data-image-title=\"PHOTO-2025-10-30-15-55-38\" data-image-description=\"\" data-image-caption=\"\" data-large-file=\"https:\/\/cloud.alqueria.es\/wp-content\/uploads\/sites\/9\/2025\/10\/PHOTO-2025-10-30-15-55-38-1024x768.jpg\" class=\"aligncenter size-full wp-image-78949\" src=\"https:\/\/cloud.alqueria.es\/wp-content\/uploads\/sites\/9\/2025\/10\/PHOTO-2025-10-30-15-55-38.jpg\" alt=\"\" width=\"1600\" height=\"1200\" srcset=\"https:\/\/cloud.alqueria.es\/wp-content\/uploads\/sites\/9\/2025\/10\/PHOTO-2025-10-30-15-55-38.jpg 1600w, https:\/\/cloud.alqueria.es\/wp-content\/uploads\/sites\/9\/2025\/10\/PHOTO-2025-10-30-15-55-38-300x225.jpg 300w, https:\/\/cloud.alqueria.es\/wp-content\/uploads\/sites\/9\/2025\/10\/PHOTO-2025-10-30-15-55-38-1024x768.jpg 1024w, https:\/\/cloud.alqueria.es\/wp-content\/uploads\/sites\/9\/2025\/10\/PHOTO-2025-10-30-15-55-38-768x576.jpg 768w, https:\/\/cloud.alqueria.es\/wp-content\/uploads\/sites\/9\/2025\/10\/PHOTO-2025-10-30-15-55-38-1536x1152.jpg 1536w\" sizes=\"(max-width: 1600px) 100vw, 1600px\" \/><\/p>\n<p><img decoding=\"async\" data-attachment-id=\"78950\" data-permalink=\"https:\/\/www.alqueria.es\/blogs\/alqueriaamarillanaranja\/2025\/10\/30\/inauguramos-las-salidas-a-la-vega-de-granada\/photo-2025-10-30-15-57-00\/\" data-orig-file=\"https:\/\/cloud.alqueria.es\/wp-content\/uploads\/sites\/9\/2025\/10\/PHOTO-2025-10-30-15-57-00.jpg\" data-orig-size=\"1600,1200\" data-comments-opened=\"1\" data-image-meta=\"{&quot;aperture&quot;:&quot;0&quot;,&quot;credit&quot;:&quot;&quot;,&quot;camera&quot;:&quot;&quot;,&quot;caption&quot;:&quot;&quot;,&quot;created_timestamp&quot;:&quot;0&quot;,&quot;copyright&quot;:&quot;&quot;,&quot;focal_length&quot;:&quot;0&quot;,&quot;iso&quot;:&quot;0&quot;,&quot;shutter_speed&quot;:&quot;0&quot;,&quot;title&quot;:&quot;&quot;,&quot;orientation&quot;:&quot;0&quot;}\" data-image-title=\"PHOTO-2025-10-30-15-57-00\" data-image-description=\"\" data-image-caption=\"\" data-large-file=\"https:\/\/cloud.alqueria.es\/wp-content\/uploads\/sites\/9\/2025\/10\/PHOTO-2025-10-30-15-57-00-1024x768.jpg\" class=\"aligncenter size-full wp-image-78950\" src=\"https:\/\/cloud.alqueria.es\/wp-content\/uploads\/sites\/9\/2025\/10\/PHOTO-2025-10-30-15-57-00.jpg\" alt=\"\" width=\"1600\" height=\"1200\" srcset=\"https:\/\/cloud.alqueria.es\/wp-content\/uploads\/sites\/9\/2025\/10\/PHOTO-2025-10-30-15-57-00.jpg 1600w, https:\/\/cloud.alqueria.es\/wp-content\/uploads\/sites\/9\/2025\/10\/PHOTO-2025-10-30-15-57-00-300x225.jpg 300w, https:\/\/cloud.alqueria.es\/wp-content\/uploads\/sites\/9\/2025\/10\/PHOTO-2025-10-30-15-57-00-1024x768.jpg 1024w, https:\/\/cloud.alqueria.es\/wp-content\/uploads\/sites\/9\/2025\/10\/PHOTO-2025-10-30-15-57-00-768x576.jpg 768w, https:\/\/cloud.alqueria.es\/wp-content\/uploads\/sites\/9\/2025\/10\/PHOTO-2025-10-30-15-57-00-1536x1152.jpg 1536w\" sizes=\"(max-width: 1600px) 100vw, 1600px\" \/><\/p>\n<p>En el \u00e1mbito de <b>alfabetizaci\u00f3n<\/b>, seguimos potenciando la <b>expresi\u00f3n oral<\/b> de nuestros naranjitas. Trabajamos nuevo vocabulario, clasificamos palabras por categor\u00edas sem\u00e1nticas, recitamos poes\u00edas, cantamos canciones y jugamos con las rimas, favoreciendo as\u00ed el desarrollo del lenguaje de manera l\u00fadica y significativa.<\/p>\n<p><img decoding=\"async\" data-attachment-id=\"78940\" data-permalink=\"https:\/\/www.alqueria.es\/blogs\/alqueriaamarillanaranja\/2025\/10\/30\/inauguramos-las-salidas-a-la-vega-de-granada\/photo-2025-10-30-15-49-10-2\/\" data-orig-file=\"https:\/\/cloud.alqueria.es\/wp-content\/uploads\/sites\/9\/2025\/10\/PHOTO-2025-10-30-15-49-10-2.jpg\" data-orig-size=\"1199,1600\" data-comments-opened=\"1\" data-image-meta=\"{&quot;aperture&quot;:&quot;0&quot;,&quot;credit&quot;:&quot;&quot;,&quot;camera&quot;:&quot;&quot;,&quot;caption&quot;:&quot;&quot;,&quot;created_timestamp&quot;:&quot;0&quot;,&quot;copyright&quot;:&quot;&quot;,&quot;focal_length&quot;:&quot;0&quot;,&quot;iso&quot;:&quot;0&quot;,&quot;shutter_speed&quot;:&quot;0&quot;,&quot;title&quot;:&quot;&quot;,&quot;orientation&quot;:&quot;0&quot;}\" data-image-title=\"PHOTO-2025-10-30-15-49-10 2\" data-image-description=\"\" data-image-caption=\"\" data-large-file=\"https:\/\/cloud.alqueria.es\/wp-content\/uploads\/sites\/9\/2025\/10\/PHOTO-2025-10-30-15-49-10-2-767x1024.jpg\" class=\"aligncenter wp-image-78940 size-medium\" src=\"https:\/\/cloud.alqueria.es\/wp-content\/uploads\/sites\/9\/2025\/10\/PHOTO-2025-10-30-15-49-10-2-225x300.jpg\" alt=\"\" width=\"225\" height=\"300\" srcset=\"https:\/\/cloud.alqueria.es\/wp-content\/uploads\/sites\/9\/2025\/10\/PHOTO-2025-10-30-15-49-10-2-225x300.jpg 225w, https:\/\/cloud.alqueria.es\/wp-content\/uploads\/sites\/9\/2025\/10\/PHOTO-2025-10-30-15-49-10-2-767x1024.jpg 767w, https:\/\/cloud.alqueria.es\/wp-content\/uploads\/sites\/9\/2025\/10\/PHOTO-2025-10-30-15-49-10-2-768x1025.jpg 768w, https:\/\/cloud.alqueria.es\/wp-content\/uploads\/sites\/9\/2025\/10\/PHOTO-2025-10-30-15-49-10-2-1151x1536.jpg 1151w, https:\/\/cloud.alqueria.es\/wp-content\/uploads\/sites\/9\/2025\/10\/PHOTO-2025-10-30-15-49-10-2.jpg 1199w\" sizes=\"(max-width: 225px) 100vw, 225px\" \/><\/p>\n<p>Como veis, ha sido una <b>semana llena de experiencias enriquecedoras<\/b>, que tambi\u00e9n incluy\u00f3 nuestra visita a la <b>Biblioteca Municipal San Francisco Javier<\/b> el pasado martes, una actividad que los ni\u00f1os y ni\u00f1as representaron despu\u00e9s de forma gr\u00e1fica en papel.<\/p>\n<p><img decoding=\"async\" data-attachment-id=\"78951\" data-permalink=\"https:\/\/www.alqueria.es\/blogs\/alqueriaamarillanaranja\/2025\/10\/30\/inauguramos-las-salidas-a-la-vega-de-granada\/photo-2025-10-30-15-58-56\/\" data-orig-file=\"https:\/\/cloud.alqueria.es\/wp-content\/uploads\/sites\/9\/2025\/10\/PHOTO-2025-10-30-15-58-56.jpg\" data-orig-size=\"1600,885\" data-comments-opened=\"1\" data-image-meta=\"{&quot;aperture&quot;:&quot;0&quot;,&quot;credit&quot;:&quot;&quot;,&quot;camera&quot;:&quot;&quot;,&quot;caption&quot;:&quot;&quot;,&quot;created_timestamp&quot;:&quot;0&quot;,&quot;copyright&quot;:&quot;&quot;,&quot;focal_length&quot;:&quot;0&quot;,&quot;iso&quot;:&quot;0&quot;,&quot;shutter_speed&quot;:&quot;0&quot;,&quot;title&quot;:&quot;&quot;,&quot;orientation&quot;:&quot;0&quot;}\" data-image-title=\"PHOTO-2025-10-30-15-58-56\" data-image-description=\"\" data-image-caption=\"\" data-large-file=\"https:\/\/cloud.alqueria.es\/wp-content\/uploads\/sites\/9\/2025\/10\/PHOTO-2025-10-30-15-58-56-1024x566.jpg\" class=\"aligncenter size-full wp-image-78951\" src=\"https:\/\/cloud.alqueria.es\/wp-content\/uploads\/sites\/9\/2025\/10\/PHOTO-2025-10-30-15-58-56.jpg\" alt=\"\" width=\"1600\" height=\"885\" srcset=\"https:\/\/cloud.alqueria.es\/wp-content\/uploads\/sites\/9\/2025\/10\/PHOTO-2025-10-30-15-58-56.jpg 1600w, https:\/\/cloud.alqueria.es\/wp-content\/uploads\/sites\/9\/2025\/10\/PHOTO-2025-10-30-15-58-56-300x166.jpg 300w, https:\/\/cloud.alqueria.es\/wp-content\/uploads\/sites\/9\/2025\/10\/PHOTO-2025-10-30-15-58-56-1024x566.jpg 1024w, https:\/\/cloud.alqueria.es\/wp-content\/uploads\/sites\/9\/2025\/10\/PHOTO-2025-10-30-15-58-56-768x425.jpg 768w, https:\/\/cloud.alqueria.es\/wp-content\/uploads\/sites\/9\/2025\/10\/PHOTO-2025-10-30-15-58-56-1536x850.jpg 1536w, https:\/\/cloud.alqueria.es\/wp-content\/uploads\/sites\/9\/2025\/10\/PHOTO-2025-10-30-15-58-56-672x372.jpg 672w\" sizes=\"(max-width: 1600px) 100vw, 1600px\" \/><\/p>\n<p>\u00a1Seguimos aprendiendo y disfrutando juntos cada d\u00eda!<\/p>\n<p>Un saludo,<\/p>\n<p>Eva Oliva.<\/p>\n","protected":false},"excerpt":{"rendered":"<p>El pasado lunes dimos comienzo a nuestro Proyecto de Animaci\u00f3n a la Lectura, una iniciativa muy especial que busca despertar en nuestros peque\u00f1os naranjitas el gusto por los cuentos y los libros. Cada ni\u00f1o y ni\u00f1a ha elegido el ejemplar que m\u00e1s le ha gustado para disfrutarlo junto a su familia en casa. Despu\u00e9s de &hellip; <a href=\"https:\/\/www.alqueria.es\/blogs\/alqueriaamarillanaranja\/2025\/10\/30\/inauguramos-las-salidas-a-la-vega-de-granada\/\" class=\"more-link\">Seguir leyendo <span class=\"screen-reader-text\">INAUGURAMOS LAS SALIDAS A LA VEGA DE GRANADA.<\/span> <span class=\"meta-nav\">&rarr;<\/span><\/a><\/p>\n","protected":false},"author":23,"featured_media":0,"comment_status":"open","ping_status":"open","sticky":false,"template":"","format":"standard","meta":{"jetpack_post_was_ever_published":false,"_jetpack_newsletter_access":"","_jetpack_dont_email_post_to_subs":false,"_jetpack_newsletter_tier_id":0,"_jetpack_memberships_contains_paywalled_content":false,"_jetpack_memberships_contains_paid_content":false,"footnotes":"","jetpack_publicize_message":"","jetpack_publicize_feature_enabled":true,"jetpack_social_post_already_shared":true,"jetpack_social_options":{"image_generator_settings":{"template":"highway","default_image_id":0,"font":"","enabled":false},"version":2}},"categories":[7,8,11,710,869,1029],"tags":[],"class_list":["post-78935","post","type-post","status-publish","format-standard","hentry","category-clase-naranja","category-diario","category-excursiones","category-proyecto-de-lectura","category-salida-a-la-vega","category-taller-artistico"],"jetpack_publicize_connections":[],"jetpack_featured_media_url":"","jetpack_sharing_enabled":true,"jetpack_shortlink":"https:\/\/wp.me\/p4lG08-kx9","jetpack-related-posts":[],"_links":{"self":[{"href":"https:\/\/www.alqueria.es\/blogs\/alqueriaamarillanaranja\/wp-json\/wp\/v2\/posts\/78935","targetHints":{"allow":["GET"]}}],"collection":[{"href":"https:\/\/www.alqueria.es\/blogs\/alqueriaamarillanaranja\/wp-json\/wp\/v2\/posts"}],"about":[{"href":"https:\/\/www.alqueria.es\/blogs\/alqueriaamarillanaranja\/wp-json\/wp\/v2\/types\/post"}],"author":[{"embeddable":true,"href":"https:\/\/www.alqueria.es\/blogs\/alqueriaamarillanaranja\/wp-json\/wp\/v2\/users\/23"}],"replies":[{"embeddable":true,"href":"https:\/\/www.alqueria.es\/blogs\/alqueriaamarillanaranja\/wp-json\/wp\/v2\/comments?post=78935"}],"version-history":[{"count":3,"href":"https:\/\/www.alqueria.es\/blogs\/alqueriaamarillanaranja\/wp-json\/wp\/v2\/posts\/78935\/revisions"}],"predecessor-version":[{"id":78952,"href":"https:\/\/www.alqueria.es\/blogs\/alqueriaamarillanaranja\/wp-json\/wp\/v2\/posts\/78935\/revisions\/78952"}],"wp:attachment":[{"href":"https:\/\/www.alqueria.es\/blogs\/alqueriaamarillanaranja\/wp-json\/wp\/v2\/media?parent=78935"}],"wp:term":[{"taxonomy":"category","embeddable":true,"href":"https:\/\/www.alqueria.es\/blogs\/alqueriaamarillanaranja\/wp-json\/wp\/v2\/categories?post=78935"},{"taxonomy":"post_tag","embeddable":true,"href":"https:\/\/www.alqueria.es\/blogs\/alqueriaamarillanaranja\/wp-json\/wp\/v2\/tags?post=78935"}],"curies":[{"name":"wp","href":"https:\/\/api.w.org\/{rel}","templated":true}]}}