{"id":79335,"date":"2025-12-11T16:22:52","date_gmt":"2025-12-11T15:22:52","guid":{"rendered":"https:\/\/www.alqueria.es\/blogs\/alqueriaamarillanaranja\/?p=79335"},"modified":"2025-12-11T16:22:52","modified_gmt":"2025-12-11T15:22:52","slug":"la-musica-motor-para-el-desarrollo-en-2-3-anos","status":"publish","type":"post","link":"https:\/\/www.alqueria.es\/blogs\/alqueriaamarillanaranja\/2025\/12\/11\/la-musica-motor-para-el-desarrollo-en-2-3-anos\/","title":{"rendered":"LA M\u00daSICA: MOTOR PARA EL DESARROLLO EN 2-3 A\u00d1OS"},"content":{"rendered":"<p data-start=\"262\" data-end=\"578\"><strong>Hola familias,<\/strong><\/p>\n<p data-start=\"262\" data-end=\"578\"><strong>Quiero dedicar esta entrada a hablar de lo importante que es la m\u00fasica en nuestro d\u00eda a d\u00eda y el por qu\u00e9 de llevar a cabo diferentes propuestas y actividades relacionadas con la m\u00fasica.<\/strong><\/p>\n<p data-start=\"262\" data-end=\"578\"><strong>En nuestra clase, la m\u00fasica no es solo un momento divertido: es una herramienta poderosa que acompa\u00f1a a los peques en su desarrollo integral. Cada vez que cantamos, bailamos, escuchamos diferentes estilos musicales o exploramos instrumentos, estamos favoreciendo aprendizajes fundamentales para su crecimiento.<\/strong><\/p>\n<div class=\"tiled-gallery type-rectangular tiled-gallery-unresized\" data-original-width=\"474\" data-carousel-extra='{&quot;blog_id&quot;:9,&quot;permalink&quot;:&quot;https:\\\/\\\/www.alqueria.es\\\/blogs\\\/alqueriaamarillanaranja\\\/2025\\\/12\\\/11\\\/la-musica-motor-para-el-desarrollo-en-2-3-anos\\\/&quot;,&quot;likes_blog_id&quot;:64271688}' itemscope itemtype=\"http:\/\/schema.org\/ImageGallery\" > <div class=\"gallery-row\" style=\"width: 474px; height: 109px;\" data-original-width=\"474\" data-original-height=\"109\" > <div class=\"gallery-group images-2\" style=\"width: 94px; height: 109px;\" data-original-width=\"94\" data-original-height=\"109\" > <div class=\"tiled-gallery-item tiled-gallery-item-small\" itemprop=\"associatedMedia\" itemscope itemtype=\"http:\/\/schema.org\/ImageObject\"> <a href=\"https:\/\/www.alqueria.es\/blogs\/alqueriaamarillanaranja\/2025\/12\/11\/la-musica-motor-para-el-desarrollo-en-2-3-anos\/20251205_102103\/\" border=\"0\" itemprop=\"url\"> <meta itemprop=\"width\" content=\"90\"> <meta itemprop=\"height\" content=\"51\"> <img decoding=\"async\" class=\"\" data-attachment-id=\"79393\" data-orig-file=\"https:\/\/cloud.alqueria.es\/wp-content\/uploads\/sites\/9\/2025\/12\/20251205_102103.jpg\" data-orig-size=\"1632,918\" data-comments-opened=\"1\" data-image-meta=\"{&quot;aperture&quot;:&quot;1.8&quot;,&quot;credit&quot;:&quot;&quot;,&quot;camera&quot;:&quot;Galaxy A15&quot;,&quot;caption&quot;:&quot;&quot;,&quot;created_timestamp&quot;:&quot;1764930064&quot;,&quot;copyright&quot;:&quot;&quot;,&quot;focal_length&quot;:&quot;3.98&quot;,&quot;iso&quot;:&quot;64&quot;,&quot;shutter_speed&quot;:&quot;0.0199&quot;,&quot;title&quot;:&quot;&quot;,&quot;orientation&quot;:&quot;1&quot;}\" data-image-title=\"20251205_102103\" data-image-description=\"\" data-medium-file=\"https:\/\/cloud.alqueria.es\/wp-content\/uploads\/sites\/9\/2025\/12\/20251205_102103-300x169.jpg\" data-large-file=\"https:\/\/cloud.alqueria.es\/wp-content\/uploads\/sites\/9\/2025\/12\/20251205_102103-1024x576.jpg\" src=\"https:\/\/i0.wp.com\/cloud.alqueria.es\/wp-content\/uploads\/sites\/9\/2025\/12\/20251205_102103.jpg?w=90&#038;h=51&#038;ssl=1\" srcset=\"https:\/\/cloud.alqueria.es\/wp-content\/uploads\/sites\/9\/2025\/12\/20251205_102103.jpg 1632w, https:\/\/cloud.alqueria.es\/wp-content\/uploads\/sites\/9\/2025\/12\/20251205_102103-300x169.jpg 300w, https:\/\/cloud.alqueria.es\/wp-content\/uploads\/sites\/9\/2025\/12\/20251205_102103-1024x576.jpg 1024w, https:\/\/cloud.alqueria.es\/wp-content\/uploads\/sites\/9\/2025\/12\/20251205_102103-768x432.jpg 768w, https:\/\/cloud.alqueria.es\/wp-content\/uploads\/sites\/9\/2025\/12\/20251205_102103-1536x864.jpg 1536w, https:\/\/cloud.alqueria.es\/wp-content\/uploads\/sites\/9\/2025\/12\/20251205_102103-672x372.jpg 672w, https:\/\/cloud.alqueria.es\/wp-content\/uploads\/sites\/9\/2025\/12\/20251205_102103-1038x576.jpg 1038w\" width=\"90\" height=\"51\" loading=\"lazy\" data-original-width=\"90\" data-original-height=\"51\" itemprop=\"http:\/\/schema.org\/image\" title=\"20251205_102103\" alt=\"20251205_102103\" style=\"width: 90px; height: 51px;\" \/> <\/a> <\/div> <div class=\"tiled-gallery-item tiled-gallery-item-small\" itemprop=\"associatedMedia\" itemscope itemtype=\"http:\/\/schema.org\/ImageObject\"> <a href=\"https:\/\/www.alqueria.es\/blogs\/alqueriaamarillanaranja\/2025\/12\/11\/la-musica-motor-para-el-desarrollo-en-2-3-anos\/20251205_101743\/\" border=\"0\" itemprop=\"url\"> <meta itemprop=\"width\" content=\"90\"> <meta itemprop=\"height\" content=\"50\"> <img decoding=\"async\" class=\"\" data-attachment-id=\"79394\" data-orig-file=\"https:\/\/cloud.alqueria.es\/wp-content\/uploads\/sites\/9\/2025\/12\/20251205_101743.jpg\" data-orig-size=\"1632,918\" data-comments-opened=\"1\" data-image-meta=\"{&quot;aperture&quot;:&quot;1.8&quot;,&quot;credit&quot;:&quot;&quot;,&quot;camera&quot;:&quot;Galaxy A15&quot;,&quot;caption&quot;:&quot;&quot;,&quot;created_timestamp&quot;:&quot;1764929863&quot;,&quot;copyright&quot;:&quot;&quot;,&quot;focal_length&quot;:&quot;3.98&quot;,&quot;iso&quot;:&quot;40&quot;,&quot;shutter_speed&quot;:&quot;0.0199&quot;,&quot;title&quot;:&quot;&quot;,&quot;orientation&quot;:&quot;1&quot;}\" data-image-title=\"20251205_101743\" data-image-description=\"\" data-medium-file=\"https:\/\/cloud.alqueria.es\/wp-content\/uploads\/sites\/9\/2025\/12\/20251205_101743-300x169.jpg\" data-large-file=\"https:\/\/cloud.alqueria.es\/wp-content\/uploads\/sites\/9\/2025\/12\/20251205_101743-1024x576.jpg\" src=\"https:\/\/i0.wp.com\/cloud.alqueria.es\/wp-content\/uploads\/sites\/9\/2025\/12\/20251205_101743.jpg?w=90&#038;h=50&#038;ssl=1\" srcset=\"https:\/\/cloud.alqueria.es\/wp-content\/uploads\/sites\/9\/2025\/12\/20251205_101743.jpg 1632w, https:\/\/cloud.alqueria.es\/wp-content\/uploads\/sites\/9\/2025\/12\/20251205_101743-300x169.jpg 300w, https:\/\/cloud.alqueria.es\/wp-content\/uploads\/sites\/9\/2025\/12\/20251205_101743-1024x576.jpg 1024w, https:\/\/cloud.alqueria.es\/wp-content\/uploads\/sites\/9\/2025\/12\/20251205_101743-768x432.jpg 768w, https:\/\/cloud.alqueria.es\/wp-content\/uploads\/sites\/9\/2025\/12\/20251205_101743-1536x864.jpg 1536w, https:\/\/cloud.alqueria.es\/wp-content\/uploads\/sites\/9\/2025\/12\/20251205_101743-672x372.jpg 672w, https:\/\/cloud.alqueria.es\/wp-content\/uploads\/sites\/9\/2025\/12\/20251205_101743-1038x576.jpg 1038w\" width=\"90\" height=\"50\" loading=\"lazy\" data-original-width=\"90\" data-original-height=\"50\" itemprop=\"http:\/\/schema.org\/image\" title=\"20251205_101743\" alt=\"20251205_101743\" style=\"width: 90px; height: 50px;\" \/> <\/a> <\/div> <\/div> <!-- close group --> <div class=\"gallery-group images-1\" style=\"width: 190px; height: 109px;\" data-original-width=\"190\" data-original-height=\"109\" > <div class=\"tiled-gallery-item tiled-gallery-item-small\" itemprop=\"associatedMedia\" itemscope itemtype=\"http:\/\/schema.org\/ImageObject\"> <a href=\"https:\/\/www.alqueria.es\/blogs\/alqueriaamarillanaranja\/2025\/12\/11\/la-musica-motor-para-el-desarrollo-en-2-3-anos\/20251205_101729\/\" border=\"0\" itemprop=\"url\"> <meta itemprop=\"width\" content=\"186\"> <meta itemprop=\"height\" content=\"105\"> <img decoding=\"async\" class=\"\" data-attachment-id=\"79395\" data-orig-file=\"https:\/\/cloud.alqueria.es\/wp-content\/uploads\/sites\/9\/2025\/12\/20251205_101729.jpg\" data-orig-size=\"1632,918\" data-comments-opened=\"1\" data-image-meta=\"{&quot;aperture&quot;:&quot;1.8&quot;,&quot;credit&quot;:&quot;&quot;,&quot;camera&quot;:&quot;Galaxy A15&quot;,&quot;caption&quot;:&quot;&quot;,&quot;created_timestamp&quot;:&quot;1764929850&quot;,&quot;copyright&quot;:&quot;&quot;,&quot;focal_length&quot;:&quot;3.98&quot;,&quot;iso&quot;:&quot;100&quot;,&quot;shutter_speed&quot;:&quot;0.0199&quot;,&quot;title&quot;:&quot;&quot;,&quot;orientation&quot;:&quot;1&quot;}\" data-image-title=\"20251205_101729\" data-image-description=\"\" data-medium-file=\"https:\/\/cloud.alqueria.es\/wp-content\/uploads\/sites\/9\/2025\/12\/20251205_101729-300x169.jpg\" data-large-file=\"https:\/\/cloud.alqueria.es\/wp-content\/uploads\/sites\/9\/2025\/12\/20251205_101729-1024x576.jpg\" src=\"https:\/\/i0.wp.com\/cloud.alqueria.es\/wp-content\/uploads\/sites\/9\/2025\/12\/20251205_101729.jpg?w=186&#038;h=105&#038;ssl=1\" srcset=\"https:\/\/cloud.alqueria.es\/wp-content\/uploads\/sites\/9\/2025\/12\/20251205_101729.jpg 1632w, https:\/\/cloud.alqueria.es\/wp-content\/uploads\/sites\/9\/2025\/12\/20251205_101729-300x169.jpg 300w, https:\/\/cloud.alqueria.es\/wp-content\/uploads\/sites\/9\/2025\/12\/20251205_101729-1024x576.jpg 1024w, https:\/\/cloud.alqueria.es\/wp-content\/uploads\/sites\/9\/2025\/12\/20251205_101729-768x432.jpg 768w, https:\/\/cloud.alqueria.es\/wp-content\/uploads\/sites\/9\/2025\/12\/20251205_101729-1536x864.jpg 1536w\" width=\"186\" height=\"105\" loading=\"lazy\" data-original-width=\"186\" data-original-height=\"105\" itemprop=\"http:\/\/schema.org\/image\" title=\"20251205_101729\" alt=\"20251205_101729\" style=\"width: 186px; height: 105px;\" \/> <\/a> <\/div> <\/div> <!-- close group --> <div class=\"gallery-group images-1\" style=\"width: 190px; height: 109px;\" data-original-width=\"190\" data-original-height=\"109\" > <div class=\"tiled-gallery-item tiled-gallery-item-small\" itemprop=\"associatedMedia\" itemscope itemtype=\"http:\/\/schema.org\/ImageObject\"> <a href=\"https:\/\/www.alqueria.es\/blogs\/alqueriaamarillanaranja\/2025\/12\/11\/la-musica-motor-para-el-desarrollo-en-2-3-anos\/20251205_101715\/\" border=\"0\" itemprop=\"url\"> <meta itemprop=\"width\" content=\"186\"> <meta itemprop=\"height\" content=\"105\"> <img decoding=\"async\" class=\"\" data-attachment-id=\"79396\" data-orig-file=\"https:\/\/cloud.alqueria.es\/wp-content\/uploads\/sites\/9\/2025\/12\/20251205_101715.jpg\" data-orig-size=\"1632,918\" data-comments-opened=\"1\" data-image-meta=\"{&quot;aperture&quot;:&quot;1.8&quot;,&quot;credit&quot;:&quot;&quot;,&quot;camera&quot;:&quot;Galaxy A15&quot;,&quot;caption&quot;:&quot;&quot;,&quot;created_timestamp&quot;:&quot;1764929835&quot;,&quot;copyright&quot;:&quot;&quot;,&quot;focal_length&quot;:&quot;3.98&quot;,&quot;iso&quot;:&quot;50&quot;,&quot;shutter_speed&quot;:&quot;0.0199&quot;,&quot;title&quot;:&quot;&quot;,&quot;orientation&quot;:&quot;1&quot;}\" data-image-title=\"20251205_101715\" data-image-description=\"\" data-medium-file=\"https:\/\/cloud.alqueria.es\/wp-content\/uploads\/sites\/9\/2025\/12\/20251205_101715-300x169.jpg\" data-large-file=\"https:\/\/cloud.alqueria.es\/wp-content\/uploads\/sites\/9\/2025\/12\/20251205_101715-1024x576.jpg\" src=\"https:\/\/i0.wp.com\/cloud.alqueria.es\/wp-content\/uploads\/sites\/9\/2025\/12\/20251205_101715.jpg?w=186&#038;h=105&#038;ssl=1\" srcset=\"https:\/\/cloud.alqueria.es\/wp-content\/uploads\/sites\/9\/2025\/12\/20251205_101715.jpg 1632w, https:\/\/cloud.alqueria.es\/wp-content\/uploads\/sites\/9\/2025\/12\/20251205_101715-300x169.jpg 300w, https:\/\/cloud.alqueria.es\/wp-content\/uploads\/sites\/9\/2025\/12\/20251205_101715-1024x576.jpg 1024w, https:\/\/cloud.alqueria.es\/wp-content\/uploads\/sites\/9\/2025\/12\/20251205_101715-768x432.jpg 768w, https:\/\/cloud.alqueria.es\/wp-content\/uploads\/sites\/9\/2025\/12\/20251205_101715-1536x864.jpg 1536w\" width=\"186\" height=\"105\" loading=\"lazy\" data-original-width=\"186\" data-original-height=\"105\" itemprop=\"http:\/\/schema.org\/image\" title=\"20251205_101715\" alt=\"20251205_101715\" style=\"width: 186px; height: 105px;\" \/> <\/a> <\/div> <\/div> <!-- close group --> <\/div> <!-- close row --> <\/div>\n<p data-start=\"580\" data-end=\"610\"><strong data-start=\"580\" data-end=\"610\">\u00a0La m\u00fasica contribuye a a favorecer:<\/strong><\/p>\n<ul>\n<li data-start=\"612\" data-end=\"858\"><strong data-start=\"612\" data-end=\"642\"><span style=\"color: #ff6600\">El desarrollo cognitivo:<\/span> Las canciones ayudan a ampliar vocabulario, mejorar la memoria y fomentar la atenci\u00f3n. Repetir ritmos y melod\u00edas estimula conexiones cerebrales que m\u00e1s tarde apoyar\u00e1n el aprendizaje del lenguaje y las matem\u00e1ticas.<\/strong><\/li>\n<li data-start=\"860\" data-end=\"1060\"><strong>\u00a0<span style=\"color: #ff6600\">La motricidad:<\/span> mover el cuerpo al ritmo de la m\u00fasica mejora la coordinaci\u00f3n y la conciencia corporal. Tocar instrumentos \u2014aunque sea a modo de experimentaci\u00f3n\u2014 fortalece la motricidad fina.<\/strong><\/li>\n<li data-start=\"1062\" data-end=\"1257\"><strong>\u00a0<span style=\"color: #ff6600\">La expresi\u00f3n emocional:<\/span> la\u00a0m\u00fasica ofrece un canal natural para expresar alegr\u00eda, calma o curiosidad. A trav\u00e9s de canciones y sonidos, los ni\u00f1os aprenden a reconocer y gestionar emociones.<\/strong><\/li>\n<li data-start=\"1259\" data-end=\"1440\"><strong><span style=\"color: #ff6600\">\u00a0La socializaci\u00f3n:<\/span> cantar en grupo favorece el sentido de pertenencia. Los peques aprenden a esperar turnos, a imitar, a participar y a disfrutar de experiencias compartidas.<\/strong><\/li>\n<li data-start=\"1442\" data-end=\"1585\"><strong>\u00a0<span style=\"color: #ff6600\">La creatividad:<\/span> improvisar ritmos, inventar gestos, explorar sonidos nuevos\u2026 Todo esto potencia la imaginaci\u00f3n y la capacidad de crear.<\/strong><\/li>\n<li data-start=\"1442\" data-end=\"1585\"><strong><span style=\"color: #ff6600\">Funciones ejecutivas:<\/span> con estas actividades tambi\u00e9n estimulamos habilidades esenciales del pensamiento:<\/strong>\n<ul data-start=\"1932\" data-end=\"2224\">\n<li data-start=\"1932\" data-end=\"2031\">\n<p data-start=\"1934\" data-end=\"2031\"><strong><em>Atenci\u00f3n sostenida<\/em>: los peques deben escuchar, anticipar y responder a est\u00edmulos musicales.<\/strong><\/p>\n<\/li>\n<li data-start=\"2032\" data-end=\"2117\">\n<p data-start=\"2034\" data-end=\"2117\"><strong><em>Control inhibitorio:<\/em> aprender a parar una acci\u00f3n cuando se da una indicaci\u00f3n.<\/strong><\/p>\n<\/li>\n<li data-start=\"2118\" data-end=\"2224\">\n<p data-start=\"2120\" data-end=\"2224\"><strong><em>Flexibilidad cognitiva:<\/em> adaptarse a cambios en el ritmo, en las consignas o en el tipo de actividad.<\/strong><\/p>\n<\/li>\n<\/ul>\n<p style=\"text-align: left\" data-start=\"2226\" data-end=\"2586\"><strong>Un ejemplo muy significativo es nuestro juego de \u201c\u00a1Stop!\u201d:<\/strong><br data-start=\"2288\" data-end=\"2291\" \/><strong>Tocamos instrumentos libremente, pero cuando escuchan la palabra m\u00e1gica <em data-start=\"2363\" data-end=\"2373\">\u201c\u00a1Stop!\u201d<\/em> todos deben levantar las manos y dejar de tocar. Este sencillo juego, que a ellos les encanta, les ayuda a regular su conducta, centrar la atenci\u00f3n y responder a normas claras de una manera l\u00fadica y positiva.<\/strong><\/p>\n<\/li>\n<\/ul>\n<p><div class=\"a25-CTUOC-hidding-box\" data-original-content=\"&lt;iframe loading=&quot;lazy&quot; title=&quot;JUGAMOS CON LA M\u00daSICA. Grupo 2-3 a\u00f1os&quot; src=&quot;https:\/\/player.vimeo.com\/video\/1145640904?dnt=1&amp;amp;app_id=122963&quot; width=&quot;474&quot; height=&quot;267&quot; frameborder=&quot;0&quot; allow=&quot;autoplay; fullscreen; picture-in-picture; clipboard-write; encrypted-media; web-share&quot; referrerpolicy=&quot;strict-origin-when-cross-origin&quot;&gt;&lt;\/iframe&gt;\">Esta p\u00e1gina incluye contenido multimedia que requiere aceptar todas las cookies. Pulse aqu\u00ed para abrir la configuraci\u00f3n de cookies.<\/div><\/p>\n<p data-start=\"1587\" data-end=\"1795\"><strong>En definitiva, la m\u00fasica forma parte de nuestro d\u00eda a d\u00eda porque acompa\u00f1a a los ni\u00f1os a crecer por dentro y por fuera. Por eso cantamos, bailamos, escuchamos, experimentamos y sobre todo\u2026 \u00a1disfrutamos mucho!<\/strong><\/p>\n<p data-start=\"1587\" data-end=\"1795\"><strong>Estos d\u00edas estamos ambientando la clase y los espacios comunes con motivos de invierno y de Navidad, tambi\u00e9n llevamos a cabo la primera fase de elaboraci\u00f3n de la tarjeta de felicitaci\u00f3n y seguimos con nuestras actividades programadas de motricidad, juego heur\u00edstico y juego tanto en el aula como en el exterior. Disfrutamos visitando nuestra peque\u00f1a granja, viendo como crecen las habas y conociendo al Espantap\u00e1jaros que han fabricado los compa\u00f1eros y compa\u00f1eras del ciclo 3-6 a\u00f1os \u00a1\u00a1Nos ha encantado!!<\/strong><\/p>\n<p class=\"jetpack-slideshow-noscript robots-nocontent\">El pase de diapositivas requiere JavaScript.<\/p><div id=\"gallery-79335-1-slideshow\" class=\"jetpack-slideshow-window jetpack-slideshow jetpack-slideshow-black\" data-trans=\"fade\" data-autostart=\"1\" data-gallery=\"[{&quot;src&quot;:&quot;https:\\\/\\\/cloud.alqueria.es\\\/wp-content\\\/uploads\\\/sites\\\/9\\\/2025\\\/12\\\/20251210_101208.jpg&quot;,&quot;id&quot;:&quot;79401&quot;,&quot;title&quot;:&quot;20251210_101208&quot;,&quot;alt&quot;:&quot;&quot;,&quot;caption&quot;:&quot;Decoramos c\\u00edrculos&quot;,&quot;itemprop&quot;:&quot;image&quot;},{&quot;src&quot;:&quot;https:\\\/\\\/cloud.alqueria.es\\\/wp-content\\\/uploads\\\/sites\\\/9\\\/2025\\\/12\\\/20251210_101204.jpg&quot;,&quot;id&quot;:&quot;79400&quot;,&quot;title&quot;:&quot;20251210_101204&quot;,&quot;alt&quot;:&quot;&quot;,&quot;caption&quot;:&quot;con los dedos&quot;,&quot;itemprop&quot;:&quot;image&quot;},{&quot;src&quot;:&quot;https:\\\/\\\/cloud.alqueria.es\\\/wp-content\\\/uploads\\\/sites\\\/9\\\/2025\\\/12\\\/20251210_100400.jpg&quot;,&quot;id&quot;:&quot;79399&quot;,&quot;title&quot;:&quot;20251210_100400&quot;,&quot;alt&quot;:&quot;&quot;,&quot;caption&quot;:&quot;y echamos purpurina&quot;,&quot;itemprop&quot;:&quot;image&quot;},{&quot;src&quot;:&quot;https:\\\/\\\/cloud.alqueria.es\\\/wp-content\\\/uploads\\\/sites\\\/9\\\/2025\\\/12\\\/20251210_105934.jpg&quot;,&quot;id&quot;:&quot;79398&quot;,&quot;title&quot;:&quot;20251210_105934&quot;,&quot;alt&quot;:&quot;&quot;,&quot;caption&quot;:&quot;Conocemos al Espantap\\u00e1jaros&quot;,&quot;itemprop&quot;:&quot;image&quot;},{&quot;src&quot;:&quot;https:\\\/\\\/cloud.alqueria.es\\\/wp-content\\\/uploads\\\/sites\\\/9\\\/2025\\\/12\\\/20251205_112942.jpg&quot;,&quot;id&quot;:&quot;79397&quot;,&quot;title&quot;:&quot;20251205_112942&quot;,&quot;alt&quot;:&quot;&quot;,&quot;caption&quot;:&quot;Visitamos nuestra granja&quot;,&quot;itemprop&quot;:&quot;image&quot;},{&quot;src&quot;:&quot;https:\\\/\\\/cloud.alqueria.es\\\/wp-content\\\/uploads\\\/sites\\\/9\\\/2025\\\/12\\\/20251209_095525.jpg&quot;,&quot;id&quot;:&quot;79406&quot;,&quot;title&quot;:&quot;20251209_095525&quot;,&quot;alt&quot;:&quot;&quot;,&quot;caption&quot;:&quot;Ayudamos a recoger a Alberto&quot;,&quot;itemprop&quot;:&quot;image&quot;},{&quot;src&quot;:&quot;https:\\\/\\\/cloud.alqueria.es\\\/wp-content\\\/uploads\\\/sites\\\/9\\\/2025\\\/12\\\/20251209_095820.jpg&quot;,&quot;id&quot;:&quot;79407&quot;,&quot;title&quot;:&quot;20251209_095820&quot;,&quot;alt&quot;:&quot;&quot;,&quot;caption&quot;:&quot;Equilibrio&quot;,&quot;itemprop&quot;:&quot;image&quot;},{&quot;src&quot;:&quot;https:\\\/\\\/cloud.alqueria.es\\\/wp-content\\\/uploads\\\/sites\\\/9\\\/2025\\\/12\\\/20251209_095827.jpg&quot;,&quot;id&quot;:&quot;79408&quot;,&quot;title&quot;:&quot;20251209_095827&quot;,&quot;alt&quot;:&quot;&quot;,&quot;caption&quot;:&quot;&quot;,&quot;itemprop&quot;:&quot;image&quot;},{&quot;src&quot;:&quot;https:\\\/\\\/cloud.alqueria.es\\\/wp-content\\\/uploads\\\/sites\\\/9\\\/2025\\\/12\\\/20251209_100239.jpg&quot;,&quot;id&quot;:&quot;79409&quot;,&quot;title&quot;:&quot;20251209_100239&quot;,&quot;alt&quot;:&quot;&quot;,&quot;caption&quot;:&quot;Diferentes desplazamientos&quot;,&quot;itemprop&quot;:&quot;image&quot;},{&quot;src&quot;:&quot;https:\\\/\\\/cloud.alqueria.es\\\/wp-content\\\/uploads\\\/sites\\\/9\\\/2025\\\/12\\\/20251209_100345.jpg&quot;,&quot;id&quot;:&quot;79410&quot;,&quot;title&quot;:&quot;20251209_100345&quot;,&quot;alt&quot;:&quot;&quot;,&quot;caption&quot;:&quot;&quot;,&quot;itemprop&quot;:&quot;image&quot;},{&quot;src&quot;:&quot;https:\\\/\\\/cloud.alqueria.es\\\/wp-content\\\/uploads\\\/sites\\\/9\\\/2025\\\/12\\\/20251202_152856.jpg&quot;,&quot;id&quot;:&quot;79411&quot;,&quot;title&quot;:&quot;20251202_152856&quot;,&quot;alt&quot;:&quot;&quot;,&quot;caption&quot;:&quot;Psicomotricidad fina&quot;,&quot;itemprop&quot;:&quot;image&quot;}]\" itemscope itemtype=\"https:\/\/schema.org\/ImageGallery\"><\/div>\n<p><strong>La semana pr\u00f3xima finalizamos este trimestre y os cuento las actividades m\u00e1s significativas para que lo teng\u00e1is en cuenta:<\/strong><\/p>\n<ul>\n<li><strong><span style=\"color: #ff00ff\">Lunes:<\/span>\u00a0Exponemos Tarjetas de Felicitaci\u00f3n.<\/strong><\/li>\n<li><strong><span style=\"color: #ff00ff\">Jueves:<\/span> Taller de cocina y \u00abComida Especial de Navidad\u00bb ( pueden venir elegantes para la ocasi\u00f3n).<\/strong><strong> Hacemos entrega de las carpetas trimestrales.<\/strong><\/li>\n<li><strong><span style=\"color: #ff00ff\">Viernes:<\/span> D\u00eda de Significaci\u00f3n Especial, \u00abCelebramos la llegada del Invierno y Fin de Trimestre\u00bb ( Sorpresa para el ciclo 0-3 a\u00f1os en el aula amarilla). Este d\u00eda cerramos a las 15:00 h.<\/strong><\/li>\n<\/ul>\n<p><span style=\"color: #ff00ff\">No olvid\u00e9is las panderetas para acompa\u00f1ar la m\u00fasica de villancicos tradicionales y las decoraciones que faltan para decoraci\u00f3n.<\/span><\/p>\n<p><strong>Un abrazo, Carmen<\/strong><\/p>\n","protected":false},"excerpt":{"rendered":"<p>Hola familias, Quiero dedicar esta entrada a hablar de lo importante que es la m\u00fasica en nuestro d\u00eda a d\u00eda y el por qu\u00e9 de llevar a cabo diferentes propuestas y actividades relacionadas con la m\u00fasica. En nuestra clase, la m\u00fasica no es solo un momento divertido: es una herramienta poderosa que acompa\u00f1a a los &hellip; <a href=\"https:\/\/www.alqueria.es\/blogs\/alqueriaamarillanaranja\/2025\/12\/11\/la-musica-motor-para-el-desarrollo-en-2-3-anos\/\" class=\"more-link\">Seguir leyendo <span class=\"screen-reader-text\">LA M\u00daSICA: MOTOR PARA EL DESARROLLO EN 2-3 A\u00d1OS<\/span> <span class=\"meta-nav\">&rarr;<\/span><\/a><\/p>\n","protected":false},"author":23,"featured_media":0,"comment_status":"open","ping_status":"open","sticky":false,"template":"","format":"standard","meta":{"jetpack_post_was_ever_published":false,"_jetpack_newsletter_access":"","_jetpack_dont_email_post_to_subs":false,"_jetpack_newsletter_tier_id":0,"_jetpack_memberships_contains_paywalled_content":false,"_jetpack_memberships_contains_paid_content":false,"footnotes":"","jetpack_publicize_message":"","jetpack_publicize_feature_enabled":true,"jetpack_social_post_already_shared":true,"jetpack_social_options":{"image_generator_settings":{"template":"highway","default_image_id":0,"font":"","enabled":false},"version":2}},"categories":[6,9],"tags":[145,200],"class_list":["post-79335","post","type-post","status-publish","format-standard","hentry","category-clase-amarilla","category-diario-clase-amarilla","tag-actividades-musicales","tag-instrumentos-musicales"],"jetpack_publicize_connections":[],"jetpack_featured_media_url":"","jetpack_sharing_enabled":true,"jetpack_shortlink":"https:\/\/wp.me\/p4lG08-kDB","jetpack-related-posts":[],"_links":{"self":[{"href":"https:\/\/www.alqueria.es\/blogs\/alqueriaamarillanaranja\/wp-json\/wp\/v2\/posts\/79335","targetHints":{"allow":["GET"]}}],"collection":[{"href":"https:\/\/www.alqueria.es\/blogs\/alqueriaamarillanaranja\/wp-json\/wp\/v2\/posts"}],"about":[{"href":"https:\/\/www.alqueria.es\/blogs\/alqueriaamarillanaranja\/wp-json\/wp\/v2\/types\/post"}],"author":[{"embeddable":true,"href":"https:\/\/www.alqueria.es\/blogs\/alqueriaamarillanaranja\/wp-json\/wp\/v2\/users\/23"}],"replies":[{"embeddable":true,"href":"https:\/\/www.alqueria.es\/blogs\/alqueriaamarillanaranja\/wp-json\/wp\/v2\/comments?post=79335"}],"version-history":[{"count":6,"href":"https:\/\/www.alqueria.es\/blogs\/alqueriaamarillanaranja\/wp-json\/wp\/v2\/posts\/79335\/revisions"}],"predecessor-version":[{"id":79412,"href":"https:\/\/www.alqueria.es\/blogs\/alqueriaamarillanaranja\/wp-json\/wp\/v2\/posts\/79335\/revisions\/79412"}],"wp:attachment":[{"href":"https:\/\/www.alqueria.es\/blogs\/alqueriaamarillanaranja\/wp-json\/wp\/v2\/media?parent=79335"}],"wp:term":[{"taxonomy":"category","embeddable":true,"href":"https:\/\/www.alqueria.es\/blogs\/alqueriaamarillanaranja\/wp-json\/wp\/v2\/categories?post=79335"},{"taxonomy":"post_tag","embeddable":true,"href":"https:\/\/www.alqueria.es\/blogs\/alqueriaamarillanaranja\/wp-json\/wp\/v2\/tags?post=79335"}],"curies":[{"name":"wp","href":"https:\/\/api.w.org\/{rel}","templated":true}]}}