{"id":8176,"date":"2014-01-28T16:00:00","date_gmt":"2014-01-28T15:00:00","guid":{"rendered":"http:\/\/alqueriaamarillanaranja.wordpress.com\/?p=8176"},"modified":"2014-01-28T16:00:00","modified_gmt":"2014-01-28T15:00:00","slug":"proyecto-de-lectura-9","status":"publish","type":"post","link":"https:\/\/www.alqueria.es\/blogs\/alqueriaamarillanaranja\/2014\/01\/28\/proyecto-de-lectura-9\/","title":{"rendered":"PROYECTO DE LECTURA"},"content":{"rendered":"<p style=\"text-align:justify\"><span style=\"color:#333399\"><a href=\"https:\/\/cloud.alqueria.es\/wp-content\/uploads\/sites\/9\/2014\/01\/images3fkblr2e.jpg\"><img decoding=\"async\" data-attachment-id=\"8177\" data-permalink=\"https:\/\/www.alqueria.es\/blogs\/alqueriaamarillanaranja\/2014\/01\/28\/proyecto-de-lectura-9\/images3fkblr2e\/\" data-orig-file=\"https:\/\/www.alqueria.es\/blogs\/alqueriaamarillanaranja\/wp-content\/uploads\/sites\/9\/2014\/01\/images3fkblr2e.jpg\" data-orig-size=\"208,243\" data-comments-opened=\"1\" data-image-meta=\"{&quot;aperture&quot;:&quot;0&quot;,&quot;credit&quot;:&quot;&quot;,&quot;camera&quot;:&quot;&quot;,&quot;caption&quot;:&quot;&quot;,&quot;created_timestamp&quot;:&quot;0&quot;,&quot;copyright&quot;:&quot;&quot;,&quot;focal_length&quot;:&quot;0&quot;,&quot;iso&quot;:&quot;0&quot;,&quot;shutter_speed&quot;:&quot;0&quot;,&quot;title&quot;:&quot;&quot;}\" data-image-title=\"images3FKBLR2E\" data-image-description=\"\" data-image-caption=\"\" data-large-file=\"https:\/\/www.alqueria.es\/blogs\/alqueriaamarillanaranja\/wp-content\/uploads\/sites\/9\/2014\/01\/images3fkblr2e.jpg\" class=\"alignleft size-thumbnail wp-image-8177\" alt=\"images3FKBLR2E\" src=\"https:\/\/cloud.alqueria.es\/wp-content\/uploads\/sites\/9\/2014\/01\/images3fkblr2e.jpg?w=128\" width=\"128\" height=\"150\" \/><\/a>Seguimos con algunos\/as compa\u00f1eros\/as que est\u00e1n malitos. Estamos con los resfriados del invierno, esperemos que se recuperen muy pronto.<\/span><\/p>\n<p style=\"text-align:justify\"><span style=\"color:#333399\">En la Asamblea han surgido temas a tratar, algunos enfados en las despedidas ( peque\u00f1as llamadas de atenci\u00f3n sin importancia) pero que es importante trabajar con ellos para que aprendan a controlar sus sentimientos y rabietas. Todos colaboran en este tema y como apoyo me piden que les lea el cuento de \u00abCuando estoy Triste\u00bb.<\/span><\/p>\n<p style=\"text-align:justify\"><span style=\"color:#333399\">Como propuestas de juego surgen: <strong>BEB\u00c9S, COCHES Y DISFRACES<\/strong>. A partir de estos juegos ellos\/as van organizando el espacio y ahora les gusta mucho hacerse sus propias caba\u00f1as debajo de las mesas, escondites&#8230;.<\/span><\/p>\n<p style=\"text-align:justify\"><span style=\"color:#333399\">Continuamos con el registro de los cuentos que\u00a0han le\u00eddo esta semana\u00a0y nos encontramos con algunos cuentos que no pueden ser elegidos pues no los han tra\u00eddo los compa\u00f1eros que est\u00e1n malitos, pero ellos se adaptan a todo y logramos solucionarlo.<\/span><\/p>\n<p style=\"text-align:justify\"><span style=\"color:#333399\">Pasamos una ma\u00f1ana tranquilos, despu\u00e9s de la asamblea de la fruta tienen <strong>Ingles<\/strong>. Seguidamente un ratito de patio antes de comer.<\/span><\/p>\n<p style=\"text-align:justify\"><span style=\"color:#333399\">Por la tarde, trabajamos el modelado con plastilina y palitos&#8230;.. damos libertad a sus creaciones.<\/span><\/p>\n<p style=\"text-align:justify\"><span style=\"color:#333399\">CARMEN JIM\u00c9NEZ<\/span><\/p>\n","protected":false},"excerpt":{"rendered":"<p>Seguimos con algunos\/as compa\u00f1eros\/as que est\u00e1n malitos. Estamos con los resfriados del invierno, esperemos que se recuperen muy pronto. En la Asamblea han surgido temas a tratar, algunos enfados en las despedidas ( peque\u00f1as llamadas de atenci\u00f3n sin importancia) pero que es importante trabajar con ellos para que aprendan a controlar sus sentimientos y rabietas. &hellip; <a href=\"https:\/\/www.alqueria.es\/blogs\/alqueriaamarillanaranja\/2014\/01\/28\/proyecto-de-lectura-9\/\" class=\"more-link\">Seguir leyendo <span class=\"screen-reader-text\">PROYECTO DE LECTURA<\/span> <span class=\"meta-nav\">&rarr;<\/span><\/a><\/p>\n","protected":false},"author":23,"featured_media":0,"comment_status":"open","ping_status":"open","sticky":false,"template":"","format":"standard","meta":{"jetpack_post_was_ever_published":false,"_jetpack_newsletter_access":"","_jetpack_dont_email_post_to_subs":false,"_jetpack_newsletter_tier_id":0,"_jetpack_memberships_contains_paywalled_content":false,"_jetpack_memberships_contains_paid_content":false,"footnotes":"","jetpack_publicize_message":"","jetpack_publicize_feature_enabled":true,"jetpack_social_post_already_shared":true,"jetpack_social_options":{"image_generator_settings":{"template":"highway","default_image_id":0,"font":"","enabled":false},"version":2}},"categories":[7,8],"tags":[103],"class_list":["post-8176","post","type-post","status-publish","format-standard","hentry","category-clase-naranja","category-diario","tag-proyecto-de-lectura"],"jetpack_publicize_connections":[],"jetpack_featured_media_url":"","jetpack_sharing_enabled":true,"jetpack_shortlink":"https:\/\/wp.me\/p4lG08-27S","jetpack-related-posts":[],"_links":{"self":[{"href":"https:\/\/www.alqueria.es\/blogs\/alqueriaamarillanaranja\/wp-json\/wp\/v2\/posts\/8176","targetHints":{"allow":["GET"]}}],"collection":[{"href":"https:\/\/www.alqueria.es\/blogs\/alqueriaamarillanaranja\/wp-json\/wp\/v2\/posts"}],"about":[{"href":"https:\/\/www.alqueria.es\/blogs\/alqueriaamarillanaranja\/wp-json\/wp\/v2\/types\/post"}],"author":[{"embeddable":true,"href":"https:\/\/www.alqueria.es\/blogs\/alqueriaamarillanaranja\/wp-json\/wp\/v2\/users\/23"}],"replies":[{"embeddable":true,"href":"https:\/\/www.alqueria.es\/blogs\/alqueriaamarillanaranja\/wp-json\/wp\/v2\/comments?post=8176"}],"version-history":[{"count":0,"href":"https:\/\/www.alqueria.es\/blogs\/alqueriaamarillanaranja\/wp-json\/wp\/v2\/posts\/8176\/revisions"}],"wp:attachment":[{"href":"https:\/\/www.alqueria.es\/blogs\/alqueriaamarillanaranja\/wp-json\/wp\/v2\/media?parent=8176"}],"wp:term":[{"taxonomy":"category","embeddable":true,"href":"https:\/\/www.alqueria.es\/blogs\/alqueriaamarillanaranja\/wp-json\/wp\/v2\/categories?post=8176"},{"taxonomy":"post_tag","embeddable":true,"href":"https:\/\/www.alqueria.es\/blogs\/alqueriaamarillanaranja\/wp-json\/wp\/v2\/tags?post=8176"}],"curies":[{"name":"wp","href":"https:\/\/api.w.org\/{rel}","templated":true}]}}