{"id":8205,"date":"2014-01-30T22:35:55","date_gmt":"2014-01-30T21:35:55","guid":{"rendered":"http:\/\/alqueriaamarillanaranja.wordpress.com\/?p=8205"},"modified":"2014-01-30T22:35:55","modified_gmt":"2014-01-30T21:35:55","slug":"dia-de-la-paz-y-cumpleanos-de-lara","status":"publish","type":"post","link":"https:\/\/www.alqueria.es\/blogs\/alqueriaamarillanaranja\/2014\/01\/30\/dia-de-la-paz-y-cumpleanos-de-lara\/","title":{"rendered":"D\u00cdA DE LA PAZ Y CUMPLEA\u00d1OS DE LARA"},"content":{"rendered":"<p style=\"text-align:justify\">Hoy celebramos el d\u00eda de <span style=\"color:#ff0000\">La Paz y No Violencia<\/span> con el lema <span style=\"color:#800080\">\u00abPATHWAY TO\u00a0PEACE\u00bb<\/span> (\u00a0los pasos que tenemos que ir dando todos para llegar a la paz)\u00a0y desde la Comisi\u00f3n de Convivencia hemos organizado una actividad en la que participa todo el colegio. Hemos hecho grupos de trabajo, en los que los m\u00e1s mayores ayudan a los peque\u00f1os y en un principio les hablan de las cosas positivas que ya hacen y de las cosas que deber\u00edan\u00a0cambiar para vivir en una mejor\u00a0convivencia. Despu\u00e9s vemos un corto titulado \u00abO Xigante\u00bb y lo debatimos entre todos\/as para sacar unas conclusiones del tema: Qu\u00e9 han entendido del video,\u00a0 c\u00f3mo a trav\u00e9s de lo que observamos y vemos en los dem\u00e1s nos puede influir, c\u00f3mo los peque\u00f1os y no tan peque\u00f1os aprendemos por imitaci\u00f3n&#8230;.. Os lo colgar\u00e9 en el blog para que lo pod\u00e1is ver.<\/p>\n<p style=\"text-align:justify\">Por \u00faltimo bajamos por grupos y vamos pegando nuestras huellas con los mensajes en un gran mural. Ha sido una experiencia muy positiva y los\u00a0 mayores han cuidado en todo momentos a los peque\u00f1os.<\/p>\n<p class=\"jetpack-slideshow-noscript robots-nocontent\">El pase de diapositivas requiere JavaScript.<\/p><div id=\"gallery-8205-1-slideshow\" class=\"jetpack-slideshow-window jetpack-slideshow jetpack-slideshow-black\" data-trans=\"fade\" data-autostart=\"1\" data-gallery=\"[{&quot;src&quot;:&quot;https:\\\/\\\/www.alqueria.es\\\/blogs\\\/alqueriaamarillanaranja\\\/wp-content\\\/uploads\\\/sites\\\/9\\\/2014\\\/01\\\/foto3746.jpg&quot;,&quot;id&quot;:&quot;8206&quot;,&quot;title&quot;:&quot;Foto3746&quot;,&quot;alt&quot;:&quot;&quot;,&quot;caption&quot;:&quot;&quot;,&quot;itemprop&quot;:&quot;image&quot;},{&quot;src&quot;:&quot;https:\\\/\\\/www.alqueria.es\\\/blogs\\\/alqueriaamarillanaranja\\\/wp-content\\\/uploads\\\/sites\\\/9\\\/2014\\\/01\\\/foto3729.jpg&quot;,&quot;id&quot;:&quot;8207&quot;,&quot;title&quot;:&quot;Foto3729&quot;,&quot;alt&quot;:&quot;&quot;,&quot;caption&quot;:&quot;&quot;,&quot;itemprop&quot;:&quot;image&quot;},{&quot;src&quot;:&quot;https:\\\/\\\/www.alqueria.es\\\/blogs\\\/alqueriaamarillanaranja\\\/wp-content\\\/uploads\\\/sites\\\/9\\\/2014\\\/01\\\/foto3730.jpg&quot;,&quot;id&quot;:&quot;8208&quot;,&quot;title&quot;:&quot;Foto3730&quot;,&quot;alt&quot;:&quot;&quot;,&quot;caption&quot;:&quot;&quot;,&quot;itemprop&quot;:&quot;image&quot;},{&quot;src&quot;:&quot;https:\\\/\\\/www.alqueria.es\\\/blogs\\\/alqueriaamarillanaranja\\\/wp-content\\\/uploads\\\/sites\\\/9\\\/2014\\\/01\\\/foto3731.jpg&quot;,&quot;id&quot;:&quot;8209&quot;,&quot;title&quot;:&quot;Foto3731&quot;,&quot;alt&quot;:&quot;&quot;,&quot;caption&quot;:&quot;&quot;,&quot;itemprop&quot;:&quot;image&quot;},{&quot;src&quot;:&quot;https:\\\/\\\/www.alqueria.es\\\/blogs\\\/alqueriaamarillanaranja\\\/wp-content\\\/uploads\\\/sites\\\/9\\\/2014\\\/01\\\/foto3732.jpg&quot;,&quot;id&quot;:&quot;8210&quot;,&quot;title&quot;:&quot;Foto3732&quot;,&quot;alt&quot;:&quot;&quot;,&quot;caption&quot;:&quot;&quot;,&quot;itemprop&quot;:&quot;image&quot;},{&quot;src&quot;:&quot;https:\\\/\\\/www.alqueria.es\\\/blogs\\\/alqueriaamarillanaranja\\\/wp-content\\\/uploads\\\/sites\\\/9\\\/2014\\\/01\\\/foto3733.jpg&quot;,&quot;id&quot;:&quot;8211&quot;,&quot;title&quot;:&quot;Foto3733&quot;,&quot;alt&quot;:&quot;&quot;,&quot;caption&quot;:&quot;&quot;,&quot;itemprop&quot;:&quot;image&quot;},{&quot;src&quot;:&quot;https:\\\/\\\/www.alqueria.es\\\/blogs\\\/alqueriaamarillanaranja\\\/wp-content\\\/uploads\\\/sites\\\/9\\\/2014\\\/01\\\/foto3734.jpg&quot;,&quot;id&quot;:&quot;8212&quot;,&quot;title&quot;:&quot;Foto3734&quot;,&quot;alt&quot;:&quot;&quot;,&quot;caption&quot;:&quot;&quot;,&quot;itemprop&quot;:&quot;image&quot;},{&quot;src&quot;:&quot;https:\\\/\\\/www.alqueria.es\\\/blogs\\\/alqueriaamarillanaranja\\\/wp-content\\\/uploads\\\/sites\\\/9\\\/2014\\\/01\\\/foto3735.jpg&quot;,&quot;id&quot;:&quot;8213&quot;,&quot;title&quot;:&quot;Foto3735&quot;,&quot;alt&quot;:&quot;&quot;,&quot;caption&quot;:&quot;&quot;,&quot;itemprop&quot;:&quot;image&quot;},{&quot;src&quot;:&quot;https:\\\/\\\/www.alqueria.es\\\/blogs\\\/alqueriaamarillanaranja\\\/wp-content\\\/uploads\\\/sites\\\/9\\\/2014\\\/01\\\/foto3737.jpg&quot;,&quot;id&quot;:&quot;8214&quot;,&quot;title&quot;:&quot;Foto3737&quot;,&quot;alt&quot;:&quot;&quot;,&quot;caption&quot;:&quot;&quot;,&quot;itemprop&quot;:&quot;image&quot;},{&quot;src&quot;:&quot;https:\\\/\\\/www.alqueria.es\\\/blogs\\\/alqueriaamarillanaranja\\\/wp-content\\\/uploads\\\/sites\\\/9\\\/2014\\\/01\\\/foto3738.jpg&quot;,&quot;id&quot;:&quot;8215&quot;,&quot;title&quot;:&quot;Foto3738&quot;,&quot;alt&quot;:&quot;&quot;,&quot;caption&quot;:&quot;&quot;,&quot;itemprop&quot;:&quot;image&quot;},{&quot;src&quot;:&quot;https:\\\/\\\/www.alqueria.es\\\/blogs\\\/alqueriaamarillanaranja\\\/wp-content\\\/uploads\\\/sites\\\/9\\\/2014\\\/01\\\/foto3739.jpg&quot;,&quot;id&quot;:&quot;8216&quot;,&quot;title&quot;:&quot;Foto3739&quot;,&quot;alt&quot;:&quot;&quot;,&quot;caption&quot;:&quot;&quot;,&quot;itemprop&quot;:&quot;image&quot;},{&quot;src&quot;:&quot;https:\\\/\\\/www.alqueria.es\\\/blogs\\\/alqueriaamarillanaranja\\\/wp-content\\\/uploads\\\/sites\\\/9\\\/2014\\\/01\\\/foto3740.jpg&quot;,&quot;id&quot;:&quot;8217&quot;,&quot;title&quot;:&quot;Foto3740&quot;,&quot;alt&quot;:&quot;&quot;,&quot;caption&quot;:&quot;&quot;,&quot;itemprop&quot;:&quot;image&quot;},{&quot;src&quot;:&quot;https:\\\/\\\/www.alqueria.es\\\/blogs\\\/alqueriaamarillanaranja\\\/wp-content\\\/uploads\\\/sites\\\/9\\\/2014\\\/01\\\/foto3742.jpg&quot;,&quot;id&quot;:&quot;8218&quot;,&quot;title&quot;:&quot;Foto3742&quot;,&quot;alt&quot;:&quot;&quot;,&quot;caption&quot;:&quot;&quot;,&quot;itemprop&quot;:&quot;image&quot;},{&quot;src&quot;:&quot;https:\\\/\\\/www.alqueria.es\\\/blogs\\\/alqueriaamarillanaranja\\\/wp-content\\\/uploads\\\/sites\\\/9\\\/2014\\\/01\\\/foto3743.jpg&quot;,&quot;id&quot;:&quot;8219&quot;,&quot;title&quot;:&quot;Foto3743&quot;,&quot;alt&quot;:&quot;&quot;,&quot;caption&quot;:&quot;&quot;,&quot;itemprop&quot;:&quot;image&quot;},{&quot;src&quot;:&quot;https:\\\/\\\/www.alqueria.es\\\/blogs\\\/alqueriaamarillanaranja\\\/wp-content\\\/uploads\\\/sites\\\/9\\\/2014\\\/01\\\/foto3745.jpg&quot;,&quot;id&quot;:&quot;8220&quot;,&quot;title&quot;:&quot;Foto3745&quot;,&quot;alt&quot;:&quot;&quot;,&quot;caption&quot;:&quot;&quot;,&quot;itemprop&quot;:&quot;image&quot;}]\" itemscope itemtype=\"https:\/\/schema.org\/ImageGallery\"><\/div>\n<p style=\"text-align:justify\">Por la tarde celebramos el cumplea\u00f1os de <span style=\"color:#ff0000\">LARA<\/span>, que ya tiene cuatro a\u00f1os. Le hacemos un dibujo muy bonito y despu\u00e9s de soplar las velas junto a sus hermanos, reparte un rico bizcocho para merendar.<a href=\"https:\/\/cloud.alqueria.es\/wp-content\/uploads\/sites\/9\/2014\/01\/foto3750.jpg\"><img decoding=\"async\" data-attachment-id=\"8254\" data-permalink=\"https:\/\/www.alqueria.es\/blogs\/alqueriaamarillanaranja\/2014\/01\/30\/dia-de-la-paz-y-cumpleanos-de-lara\/foto3750\/\" data-orig-file=\"https:\/\/www.alqueria.es\/blogs\/alqueriaamarillanaranja\/wp-content\/uploads\/sites\/9\/2014\/01\/foto3750.jpg\" data-orig-size=\"768,1024\" data-comments-opened=\"1\" data-image-meta=\"{&quot;aperture&quot;:&quot;0&quot;,&quot;credit&quot;:&quot;&quot;,&quot;camera&quot;:&quot;&quot;,&quot;caption&quot;:&quot;&quot;,&quot;created_timestamp&quot;:&quot;0&quot;,&quot;copyright&quot;:&quot;&quot;,&quot;focal_length&quot;:&quot;0&quot;,&quot;iso&quot;:&quot;0&quot;,&quot;shutter_speed&quot;:&quot;0&quot;,&quot;title&quot;:&quot;&quot;}\" data-image-title=\"Foto3750\" data-image-description=\"\" data-image-caption=\"\" data-large-file=\"https:\/\/www.alqueria.es\/blogs\/alqueriaamarillanaranja\/wp-content\/uploads\/sites\/9\/2014\/01\/foto3750-768x1024.jpg\" class=\"alignright size-thumbnail wp-image-8254\" alt=\"Foto3750\" src=\"https:\/\/cloud.alqueria.es\/wp-content\/uploads\/sites\/9\/2014\/01\/foto3750.jpg?w=112\" width=\"112\" height=\"150\" srcset=\"https:\/\/www.alqueria.es\/blogs\/alqueriaamarillanaranja\/wp-content\/uploads\/sites\/9\/2014\/01\/foto3750.jpg 768w, https:\/\/www.alqueria.es\/blogs\/alqueriaamarillanaranja\/wp-content\/uploads\/sites\/9\/2014\/01\/foto3750-225x300.jpg 225w\" sizes=\"(max-width: 112px) 100vw, 112px\" \/><\/a><\/p>\n<p style=\"text-align:center\">\u00a1\u00a1FELICIDADES LARA!!<\/p>\n<p style=\"text-align:justify\"><a href=\"https:\/\/cloud.alqueria.es\/wp-content\/uploads\/sites\/9\/2014\/01\/foto3749.jpg\"><img decoding=\"async\" data-attachment-id=\"8253\" data-permalink=\"https:\/\/www.alqueria.es\/blogs\/alqueriaamarillanaranja\/2014\/01\/30\/dia-de-la-paz-y-cumpleanos-de-lara\/foto3749\/\" data-orig-file=\"https:\/\/www.alqueria.es\/blogs\/alqueriaamarillanaranja\/wp-content\/uploads\/sites\/9\/2014\/01\/foto3749.jpg\" data-orig-size=\"768,1024\" data-comments-opened=\"1\" data-image-meta=\"{&quot;aperture&quot;:&quot;0&quot;,&quot;credit&quot;:&quot;&quot;,&quot;camera&quot;:&quot;&quot;,&quot;caption&quot;:&quot;&quot;,&quot;created_timestamp&quot;:&quot;0&quot;,&quot;copyright&quot;:&quot;&quot;,&quot;focal_length&quot;:&quot;0&quot;,&quot;iso&quot;:&quot;0&quot;,&quot;shutter_speed&quot;:&quot;0&quot;,&quot;title&quot;:&quot;&quot;}\" data-image-title=\"Foto3749\" data-image-description=\"\" data-image-caption=\"\" data-large-file=\"https:\/\/www.alqueria.es\/blogs\/alqueriaamarillanaranja\/wp-content\/uploads\/sites\/9\/2014\/01\/foto3749-768x1024.jpg\" class=\"aligncenter size-medium wp-image-8253\" alt=\"Foto3749\" src=\"https:\/\/cloud.alqueria.es\/wp-content\/uploads\/sites\/9\/2014\/01\/foto3749.jpg?w=225\" width=\"225\" height=\"300\" srcset=\"https:\/\/www.alqueria.es\/blogs\/alqueriaamarillanaranja\/wp-content\/uploads\/sites\/9\/2014\/01\/foto3749.jpg 768w, https:\/\/www.alqueria.es\/blogs\/alqueriaamarillanaranja\/wp-content\/uploads\/sites\/9\/2014\/01\/foto3749-225x300.jpg 225w\" sizes=\"(max-width: 225px) 100vw, 225px\" \/><\/a>\u00a0CARMEN JIM\u00c9NEZ<\/p>\n","protected":false},"excerpt":{"rendered":"<p>Hoy celebramos el d\u00eda de La Paz y No Violencia con el lema \u00abPATHWAY TO\u00a0PEACE\u00bb (\u00a0los pasos que tenemos que ir dando todos para llegar a la paz)\u00a0y desde la Comisi\u00f3n de Convivencia hemos organizado una actividad en la que participa todo el colegio. Hemos hecho grupos de trabajo, en los que los m\u00e1s mayores &hellip; <a href=\"https:\/\/www.alqueria.es\/blogs\/alqueriaamarillanaranja\/2014\/01\/30\/dia-de-la-paz-y-cumpleanos-de-lara\/\" class=\"more-link\">Seguir leyendo <span class=\"screen-reader-text\">D\u00cdA DE LA PAZ Y CUMPLEA\u00d1OS DE LARA<\/span> <span class=\"meta-nav\">&rarr;<\/span><\/a><\/p>\n","protected":false},"author":23,"featured_media":0,"comment_status":"open","ping_status":"open","sticky":false,"template":"","format":"standard","meta":{"jetpack_post_was_ever_published":false,"_jetpack_newsletter_access":"","_jetpack_dont_email_post_to_subs":false,"_jetpack_newsletter_tier_id":0,"_jetpack_memberships_contains_paywalled_content":false,"_jetpack_memberships_contains_paid_content":false,"footnotes":"","jetpack_publicize_message":"","jetpack_publicize_feature_enabled":true,"jetpack_social_post_already_shared":true,"jetpack_social_options":{"image_generator_settings":{"template":"highway","default_image_id":0,"font":"","enabled":false},"version":2}},"categories":[7,8,13],"tags":[42,44],"class_list":["post-8205","post","type-post","status-publish","format-standard","hentry","category-clase-naranja","category-diario","category-fiestas-y-dias-de-significacion-especial","tag-cumpleanos","tag-dia-de-la-paz"],"jetpack_publicize_connections":[],"jetpack_featured_media_url":"","jetpack_sharing_enabled":true,"jetpack_shortlink":"https:\/\/wp.me\/p4lG08-28l","jetpack-related-posts":[],"_links":{"self":[{"href":"https:\/\/www.alqueria.es\/blogs\/alqueriaamarillanaranja\/wp-json\/wp\/v2\/posts\/8205","targetHints":{"allow":["GET"]}}],"collection":[{"href":"https:\/\/www.alqueria.es\/blogs\/alqueriaamarillanaranja\/wp-json\/wp\/v2\/posts"}],"about":[{"href":"https:\/\/www.alqueria.es\/blogs\/alqueriaamarillanaranja\/wp-json\/wp\/v2\/types\/post"}],"author":[{"embeddable":true,"href":"https:\/\/www.alqueria.es\/blogs\/alqueriaamarillanaranja\/wp-json\/wp\/v2\/users\/23"}],"replies":[{"embeddable":true,"href":"https:\/\/www.alqueria.es\/blogs\/alqueriaamarillanaranja\/wp-json\/wp\/v2\/comments?post=8205"}],"version-history":[{"count":0,"href":"https:\/\/www.alqueria.es\/blogs\/alqueriaamarillanaranja\/wp-json\/wp\/v2\/posts\/8205\/revisions"}],"wp:attachment":[{"href":"https:\/\/www.alqueria.es\/blogs\/alqueriaamarillanaranja\/wp-json\/wp\/v2\/media?parent=8205"}],"wp:term":[{"taxonomy":"category","embeddable":true,"href":"https:\/\/www.alqueria.es\/blogs\/alqueriaamarillanaranja\/wp-json\/wp\/v2\/categories?post=8205"},{"taxonomy":"post_tag","embeddable":true,"href":"https:\/\/www.alqueria.es\/blogs\/alqueriaamarillanaranja\/wp-json\/wp\/v2\/tags?post=8205"}],"curies":[{"name":"wp","href":"https:\/\/api.w.org\/{rel}","templated":true}]}}