{"id":8316,"date":"2014-02-04T16:21:27","date_gmt":"2014-02-04T15:21:27","guid":{"rendered":"http:\/\/alqueriaamarillanaranja.wordpress.com\/?p=8316"},"modified":"2014-02-04T16:21:27","modified_gmt":"2014-02-04T15:21:27","slug":"proyecto-de-lectura-y-cumpleanos-de-candela-2","status":"publish","type":"post","link":"https:\/\/www.alqueria.es\/blogs\/alqueriaamarillanaranja\/2014\/02\/04\/proyecto-de-lectura-y-cumpleanos-de-candela-2\/","title":{"rendered":"PROYECTO DE LECTURA Y CUMPLEA\u00d1OS DE CANDELA"},"content":{"rendered":"<p style=\"text-align:justify\"><span style=\"color:#993300\">Empieza un nuevo d\u00eda en la<strong> clase naranja<\/strong> y en nuestra asamblea vemos las fotos que ha tra\u00eddo M\u00f3nica de la sierra y cosas para los disfraces ( gorros, pa\u00f1uelos, bolso&#8230;.), elegimos al s\u00faper y pasamos lista. En un momento organizamos el juego con los disfraces, coches y beb\u00e9s. Al mismo tiempo de uno en uno vamos haciendo el registro de los cuentos le\u00eddos en casa y elegimos nuevos. Os pido que no se os olviden en casa ya que para m\u00ed es complicado despu\u00e9s hacer el intercambio.<\/span><\/p>\n<p style=\"text-align:justify\"><span style=\"color:#993300\">La ma\u00f1ana se pasa r\u00e1pido ya que tambi\u00e9n\u00a0tienen <strong>ingl\u00e9s<\/strong>, por lo que el cumplea\u00f1os de <strong>CANDELA<\/strong>\u00a0 <strong>ROM\u00c1N <\/strong>lo hacemos por la tarde para la merienda. Todos\/as los compa\u00f1eros\/as le hacen un dibujo, le cantamos cumplea\u00f1os feliz para que sople la vela\u00a0 junto a su hermana Alba y ella nos reparte un rico bizcocho.<\/span><\/p>\n<div class=\"tiled-gallery type-rectangular tiled-gallery-unresized\" data-original-width=\"474\" data-carousel-extra='{&quot;blog_id&quot;:9,&quot;permalink&quot;:&quot;https:\\\/\\\/www.alqueria.es\\\/blogs\\\/alqueriaamarillanaranja\\\/2014\\\/02\\\/04\\\/proyecto-de-lectura-y-cumpleanos-de-candela-2\\\/&quot;,&quot;likes_blog_id&quot;:64271688}' itemscope itemtype=\"http:\/\/schema.org\/ImageGallery\" > <div class=\"gallery-row\" style=\"width: 474px; height: 315px;\" data-original-width=\"474\" data-original-height=\"315\" > <div class=\"gallery-group images-1\" style=\"width: 237px; height: 315px;\" data-original-width=\"237\" data-original-height=\"315\" > <div class=\"tiled-gallery-item tiled-gallery-item-small\" itemprop=\"associatedMedia\" itemscope itemtype=\"http:\/\/schema.org\/ImageObject\"> <a href=\"https:\/\/www.alqueria.es\/blogs\/alqueriaamarillanaranja\/2014\/02\/04\/proyecto-de-lectura-y-cumpleanos-de-candela-2\/foto3778\/\" border=\"0\" itemprop=\"url\"> <meta itemprop=\"width\" content=\"233\"> <meta itemprop=\"height\" content=\"311\"> <img decoding=\"async\" class=\"\" data-attachment-id=\"8334\" data-orig-file=\"https:\/\/www.alqueria.es\/blogs\/alqueriaamarillanaranja\/wp-content\/uploads\/sites\/9\/2014\/02\/foto3778.jpg\" data-orig-size=\"768,1024\" data-comments-opened=\"1\" data-image-meta=\"{&quot;aperture&quot;:&quot;0&quot;,&quot;credit&quot;:&quot;&quot;,&quot;camera&quot;:&quot;&quot;,&quot;caption&quot;:&quot;&quot;,&quot;created_timestamp&quot;:&quot;0&quot;,&quot;copyright&quot;:&quot;&quot;,&quot;focal_length&quot;:&quot;0&quot;,&quot;iso&quot;:&quot;0&quot;,&quot;shutter_speed&quot;:&quot;0&quot;,&quot;title&quot;:&quot;&quot;}\" data-image-title=\"Foto3778\" data-image-description=\"\" data-medium-file=\"https:\/\/www.alqueria.es\/blogs\/alqueriaamarillanaranja\/wp-content\/uploads\/sites\/9\/2014\/02\/foto3778-225x300.jpg\" data-large-file=\"https:\/\/www.alqueria.es\/blogs\/alqueriaamarillanaranja\/wp-content\/uploads\/sites\/9\/2014\/02\/foto3778-768x1024.jpg\" src=\"https:\/\/i0.wp.com\/www.alqueria.es\/blogs\/alqueriaamarillanaranja\/wp-content\/uploads\/sites\/9\/2014\/02\/foto3778.jpg?w=233&#038;h=311&#038;ssl=1\" srcset=\"https:\/\/www.alqueria.es\/blogs\/alqueriaamarillanaranja\/wp-content\/uploads\/sites\/9\/2014\/02\/foto3778.jpg 768w, https:\/\/www.alqueria.es\/blogs\/alqueriaamarillanaranja\/wp-content\/uploads\/sites\/9\/2014\/02\/foto3778-225x300.jpg 225w\" width=\"233\" height=\"311\" loading=\"lazy\" data-original-width=\"233\" data-original-height=\"311\" itemprop=\"http:\/\/schema.org\/image\" title=\"Foto3778\" alt=\"Foto3778\" style=\"width: 233px; height: 311px;\" \/> <\/a> <\/div> <\/div> <!-- close group --> <div class=\"gallery-group images-1\" style=\"width: 237px; height: 315px;\" data-original-width=\"237\" data-original-height=\"315\" > <div class=\"tiled-gallery-item tiled-gallery-item-small\" itemprop=\"associatedMedia\" itemscope itemtype=\"http:\/\/schema.org\/ImageObject\"> <a href=\"https:\/\/www.alqueria.es\/blogs\/alqueriaamarillanaranja\/2014\/02\/04\/proyecto-de-lectura-y-cumpleanos-de-candela-2\/foto3781\/\" border=\"0\" itemprop=\"url\"> <meta itemprop=\"width\" content=\"233\"> <meta itemprop=\"height\" content=\"311\"> <img decoding=\"async\" class=\"\" data-attachment-id=\"8335\" data-orig-file=\"https:\/\/www.alqueria.es\/blogs\/alqueriaamarillanaranja\/wp-content\/uploads\/sites\/9\/2014\/02\/foto3781.jpg\" data-orig-size=\"768,1024\" data-comments-opened=\"1\" data-image-meta=\"{&quot;aperture&quot;:&quot;0&quot;,&quot;credit&quot;:&quot;&quot;,&quot;camera&quot;:&quot;&quot;,&quot;caption&quot;:&quot;&quot;,&quot;created_timestamp&quot;:&quot;0&quot;,&quot;copyright&quot;:&quot;&quot;,&quot;focal_length&quot;:&quot;0&quot;,&quot;iso&quot;:&quot;0&quot;,&quot;shutter_speed&quot;:&quot;0&quot;,&quot;title&quot;:&quot;&quot;}\" data-image-title=\"Foto3781\" data-image-description=\"\" data-medium-file=\"https:\/\/www.alqueria.es\/blogs\/alqueriaamarillanaranja\/wp-content\/uploads\/sites\/9\/2014\/02\/foto3781-225x300.jpg\" data-large-file=\"https:\/\/www.alqueria.es\/blogs\/alqueriaamarillanaranja\/wp-content\/uploads\/sites\/9\/2014\/02\/foto3781-768x1024.jpg\" src=\"https:\/\/i0.wp.com\/www.alqueria.es\/blogs\/alqueriaamarillanaranja\/wp-content\/uploads\/sites\/9\/2014\/02\/foto3781.jpg?w=233&#038;h=311&#038;ssl=1\" srcset=\"https:\/\/www.alqueria.es\/blogs\/alqueriaamarillanaranja\/wp-content\/uploads\/sites\/9\/2014\/02\/foto3781.jpg 768w, https:\/\/www.alqueria.es\/blogs\/alqueriaamarillanaranja\/wp-content\/uploads\/sites\/9\/2014\/02\/foto3781-225x300.jpg 225w\" width=\"233\" height=\"311\" loading=\"lazy\" data-original-width=\"233\" data-original-height=\"311\" itemprop=\"http:\/\/schema.org\/image\" title=\"Foto3781\" alt=\"Foto3781\" style=\"width: 233px; height: 311px;\" \/> <\/a> <\/div> <\/div> <!-- close group --> <\/div> <!-- close row --> <\/div>\n<p style=\"text-align:center\"><span style=\"color:#993300\">\u00a1\u00a1FELICIDADES CANDELA ROM\u00c1N!!<\/span><\/p>\n<p><span style=\"color:#993300\">Aprovechando que podemos salir al patio, por equipos vamos plantando<\/span> <span style=\"color:#993300\">en los tetrabrik.<\/span><\/p>\n<p><span style=\"color:#993300\">Muchas gracias a todos\/as por vuestra colaboraci\u00f3n en los envases y plantas.<\/span><\/p>\n","protected":false},"excerpt":{"rendered":"<p>Empieza un nuevo d\u00eda en la clase naranja y en nuestra asamblea vemos las fotos que ha tra\u00eddo M\u00f3nica de la sierra y cosas para los disfraces ( gorros, pa\u00f1uelos, bolso&#8230;.), elegimos al s\u00faper y pasamos lista. En un momento organizamos el juego con los disfraces, coches y beb\u00e9s. Al mismo tiempo de uno en &hellip; <a href=\"https:\/\/www.alqueria.es\/blogs\/alqueriaamarillanaranja\/2014\/02\/04\/proyecto-de-lectura-y-cumpleanos-de-candela-2\/\" class=\"more-link\">Seguir leyendo <span class=\"screen-reader-text\">PROYECTO DE LECTURA Y CUMPLEA\u00d1OS DE CANDELA<\/span> <span class=\"meta-nav\">&rarr;<\/span><\/a><\/p>\n","protected":false},"author":23,"featured_media":0,"comment_status":"open","ping_status":"open","sticky":false,"template":"","format":"standard","meta":{"jetpack_post_was_ever_published":false,"_jetpack_newsletter_access":"","_jetpack_dont_email_post_to_subs":false,"_jetpack_newsletter_tier_id":0,"_jetpack_memberships_contains_paywalled_content":false,"_jetpack_memberships_contains_paid_content":false,"footnotes":"","jetpack_publicize_message":"","jetpack_publicize_feature_enabled":true,"jetpack_social_post_already_shared":true,"jetpack_social_options":{"image_generator_settings":{"template":"highway","default_image_id":0,"font":"","enabled":false},"version":2}},"categories":[7,8,13],"tags":[285,42,103],"class_list":["post-8316","post","type-post","status-publish","format-standard","hentry","category-clase-naranja","category-diario","category-fiestas-y-dias-de-significacion-especial","tag-alfabetizacion","tag-cumpleanos","tag-proyecto-de-lectura"],"jetpack_publicize_connections":[],"jetpack_featured_media_url":"","jetpack_sharing_enabled":true,"jetpack_shortlink":"https:\/\/wp.me\/p4lG08-2a8","jetpack-related-posts":[],"_links":{"self":[{"href":"https:\/\/www.alqueria.es\/blogs\/alqueriaamarillanaranja\/wp-json\/wp\/v2\/posts\/8316","targetHints":{"allow":["GET"]}}],"collection":[{"href":"https:\/\/www.alqueria.es\/blogs\/alqueriaamarillanaranja\/wp-json\/wp\/v2\/posts"}],"about":[{"href":"https:\/\/www.alqueria.es\/blogs\/alqueriaamarillanaranja\/wp-json\/wp\/v2\/types\/post"}],"author":[{"embeddable":true,"href":"https:\/\/www.alqueria.es\/blogs\/alqueriaamarillanaranja\/wp-json\/wp\/v2\/users\/23"}],"replies":[{"embeddable":true,"href":"https:\/\/www.alqueria.es\/blogs\/alqueriaamarillanaranja\/wp-json\/wp\/v2\/comments?post=8316"}],"version-history":[{"count":0,"href":"https:\/\/www.alqueria.es\/blogs\/alqueriaamarillanaranja\/wp-json\/wp\/v2\/posts\/8316\/revisions"}],"wp:attachment":[{"href":"https:\/\/www.alqueria.es\/blogs\/alqueriaamarillanaranja\/wp-json\/wp\/v2\/media?parent=8316"}],"wp:term":[{"taxonomy":"category","embeddable":true,"href":"https:\/\/www.alqueria.es\/blogs\/alqueriaamarillanaranja\/wp-json\/wp\/v2\/categories?post=8316"},{"taxonomy":"post_tag","embeddable":true,"href":"https:\/\/www.alqueria.es\/blogs\/alqueriaamarillanaranja\/wp-json\/wp\/v2\/tags?post=8316"}],"curies":[{"name":"wp","href":"https:\/\/api.w.org\/{rel}","templated":true}]}}