{"id":86,"date":"2012-04-23T16:00:58","date_gmt":"2012-04-23T16:00:58","guid":{"rendered":"http:\/\/alqueriaamarillanaranja.wordpress.com\/?p=86"},"modified":"2014-02-24T12:36:38","modified_gmt":"2014-02-24T12:36:38","slug":"inauguracion-de-la-seman-de-la-lectura","status":"publish","type":"post","link":"https:\/\/www.alqueria.es\/blogs\/alqueriaamarillanaranja\/2012\/04\/23\/inauguracion-de-la-seman-de-la-lectura\/","title":{"rendered":"INAUGURACI\u00d3N DE LA SEMANA DE LA LECTURA"},"content":{"rendered":"<p><span style=\"color:#000000\">Comenzamos la semana con la representaci\u00f3n teatral de \u00abEl flautista de Hamel\u00edn\u00bb a cargo de las tutoras del ciclo 3-6 de infantil y la colaboraci\u00f3n especial de la directora del \u00abcole\u00bb. Asisten todos los ni\u00f1os y ni\u00f1as de infantil ensimismados, y cuando acaba la representaci\u00f3n nos regalan un gran aplauso. Nosotras por nuestra parte repartimos entre todos la recompensa que \u00abla alcaldesa\u00bb no quiso pagar al flautista: una bolsa llena de monedas (de chocolate).<\/span><\/p>\n<p>&nbsp;<\/p>\n<p style=\"text-align:right\"><span style=\"color:#000000\">Loli G\u00e1lvez<\/span><\/p>\n<p><span style=\"color:#000000\"><img decoding=\"async\" data-attachment-id=\"87\" data-permalink=\"https:\/\/www.alqueria.es\/blogs\/alqueriaamarillanaranja\/images\/\" data-orig-file=\"https:\/\/www.alqueria.es\/blogs\/alqueriaamarillanaranja\/wp-content\/uploads\/sites\/9\/2012\/04\/images.jpg\" data-orig-size=\"205,246\" data-comments-opened=\"1\" data-image-meta=\"{&quot;aperture&quot;:&quot;0&quot;,&quot;credit&quot;:&quot;&quot;,&quot;camera&quot;:&quot;&quot;,&quot;caption&quot;:&quot;&quot;,&quot;created_timestamp&quot;:&quot;0&quot;,&quot;copyright&quot;:&quot;&quot;,&quot;focal_length&quot;:&quot;0&quot;,&quot;iso&quot;:&quot;0&quot;,&quot;shutter_speed&quot;:&quot;0&quot;,&quot;title&quot;:&quot;&quot;}\" data-image-title=\"flautista\" data-image-description=\"\" data-image-caption=\"\" data-large-file=\"https:\/\/www.alqueria.es\/blogs\/alqueriaamarillanaranja\/wp-content\/uploads\/sites\/9\/2012\/04\/images.jpg\" class=\"aligncenter size-full wp-image-87\" title=\"flautista\" src=\"https:\/\/cloud.alqueria.es\/wp-content\/uploads\/sites\/9\/2012\/04\/images1.jpg\" alt=\"\" width=\"205\" height=\"246\" \/><\/span><\/p>\n","protected":false},"excerpt":{"rendered":"<p>Comenzamos la semana con la representaci\u00f3n teatral de \u00abEl flautista de Hamel\u00edn\u00bb a cargo de las tutoras del ciclo 3-6 de infantil y la colaboraci\u00f3n especial de la directora del \u00abcole\u00bb. Asisten todos los ni\u00f1os y ni\u00f1as de infantil ensimismados, y cuando acaba la representaci\u00f3n nos regalan un gran aplauso. Nosotras por nuestra parte repartimos &hellip; <a href=\"https:\/\/www.alqueria.es\/blogs\/alqueriaamarillanaranja\/2012\/04\/23\/inauguracion-de-la-seman-de-la-lectura\/\" class=\"more-link\">Seguir leyendo <span class=\"screen-reader-text\">INAUGURACI\u00d3N DE LA SEMANA DE LA LECTURA<\/span> <span class=\"meta-nav\">&rarr;<\/span><\/a><\/p>\n","protected":false},"author":20,"featured_media":0,"comment_status":"open","ping_status":"open","sticky":false,"template":"","format":"standard","meta":{"jetpack_post_was_ever_published":false,"_jetpack_newsletter_access":"","_jetpack_dont_email_post_to_subs":false,"_jetpack_newsletter_tier_id":0,"_jetpack_memberships_contains_paywalled_content":false,"_jetpack_memberships_contains_paid_content":false,"footnotes":"","jetpack_publicize_message":"","jetpack_publicize_feature_enabled":true,"jetpack_social_post_already_shared":true,"jetpack_social_options":{"image_generator_settings":{"template":"highway","default_image_id":0,"font":"","enabled":false},"version":2}},"categories":[6],"tags":[],"class_list":["post-86","post","type-post","status-publish","format-standard","hentry","category-clase-amarilla"],"jetpack_publicize_connections":[],"jetpack_featured_media_url":"","jetpack_sharing_enabled":true,"jetpack_shortlink":"https:\/\/wp.me\/p4lG08-1o","jetpack-related-posts":[],"_links":{"self":[{"href":"https:\/\/www.alqueria.es\/blogs\/alqueriaamarillanaranja\/wp-json\/wp\/v2\/posts\/86","targetHints":{"allow":["GET"]}}],"collection":[{"href":"https:\/\/www.alqueria.es\/blogs\/alqueriaamarillanaranja\/wp-json\/wp\/v2\/posts"}],"about":[{"href":"https:\/\/www.alqueria.es\/blogs\/alqueriaamarillanaranja\/wp-json\/wp\/v2\/types\/post"}],"author":[{"embeddable":true,"href":"https:\/\/www.alqueria.es\/blogs\/alqueriaamarillanaranja\/wp-json\/wp\/v2\/users\/20"}],"replies":[{"embeddable":true,"href":"https:\/\/www.alqueria.es\/blogs\/alqueriaamarillanaranja\/wp-json\/wp\/v2\/comments?post=86"}],"version-history":[{"count":0,"href":"https:\/\/www.alqueria.es\/blogs\/alqueriaamarillanaranja\/wp-json\/wp\/v2\/posts\/86\/revisions"}],"wp:attachment":[{"href":"https:\/\/www.alqueria.es\/blogs\/alqueriaamarillanaranja\/wp-json\/wp\/v2\/media?parent=86"}],"wp:term":[{"taxonomy":"category","embeddable":true,"href":"https:\/\/www.alqueria.es\/blogs\/alqueriaamarillanaranja\/wp-json\/wp\/v2\/categories?post=86"},{"taxonomy":"post_tag","embeddable":true,"href":"https:\/\/www.alqueria.es\/blogs\/alqueriaamarillanaranja\/wp-json\/wp\/v2\/tags?post=86"}],"curies":[{"name":"wp","href":"https:\/\/api.w.org\/{rel}","templated":true}]}}